
{"id":10219,"date":"2020-05-06T17:33:56","date_gmt":"2020-05-06T22:33:56","guid":{"rendered":"https:\/\/amnistia.org.mx\/contenido\/?p=10219"},"modified":"2023-05-22T17:20:29","modified_gmt":"2023-05-22T22:20:29","slug":"carta-abierta-a-andres-manuel-lopez-obrador-presidente-de-los-estados-unidos-mexicanos-y-a-olga-sanchez-cordero-secretaria-de-gobernacion","status":"publish","type":"post","link":"https:\/\/amnistia.org.mx\/contenido\/index.php\/carta-abierta-a-andres-manuel-lopez-obrador-presidente-de-los-estados-unidos-mexicanos-y-a-olga-sanchez-cordero-secretaria-de-gobernacion\/","title":{"rendered":"Carta abierta a Andr\u00e9s Manuel L\u00f3pez Obrador, Presidente de los Estados Unidos Mexicanos y a Olga S\u00e1nchez Cordero, Secretaria de Gobernaci\u00f3n"},"content":{"rendered":"\n<p><strong>Asunto: Presupuesto para la atenci\u00f3n de mujeres que viven violencia durante la \u201cJornada de Sana Distancia\u201d<\/strong><\/p>\n\n\n\n<p>Distinguido Sr. Presidente de la Rep\u00fablica,<\/p>\n\n\n\n<p>Distinguida Sra. Secretaria de Gobernaci\u00f3n,<\/p>\n\n\n\n<p>Quienes suscribimos la presente, nos dirigimos a ustedes, en su calidad de representantes de la poblaci\u00f3n mexicana, para externar las incertidumbres que nos provocan las medidas de austeridad publicadas en el Diario Oficial de la Federaci\u00f3n el 23 de abril de 2020. Consideramos que las medidas de austeridad mencionadas podr\u00edan tener implicaciones en los programas orientados a garantizar los derechos humanos de las mujeres, particularmente aquellos destinados a la atenci\u00f3n y prevenci\u00f3n de las violencias.<\/p>\n\n\n\n<p>Tal como la Secretaria de Gobernaci\u00f3n ha reconocido, las violencias contra las mujeres han aumentado durante la \u201cJornada de Sana Distancia\u201d. La informaci\u00f3n publicada por el Secretariado Ejecutivo del Sistema Nacional de Seguridad P\u00fablica (SESNSP) confirma que durante el mes de marzo el n\u00famero telef\u00f3nico 911 registr\u00f3 115,614 llamadas de emergencia de mujeres a nivel nacional, cifra que representa un incremento del 22.31% con respecto a febrero. Es decir, en el mes de marzo el 911 recibi\u00f3 en promedio 155 llamadas cada hora diariamente.<\/p>\n\n\n\n<p>Cabe recordar que, de acuerdo a las cifras del Secretariado Ejecutivo del Sistema Nacional de Seguridad P\u00fablica<a href=\"#_ftn1\"><sup>[1]<\/sup><\/a>, en los primeros tres meses de 2020 fueron <strong>asesinadas 960 mujeres<\/strong> <strong>y ni\u00f1as<\/strong>, 240 de estos asesinatos est\u00e1n siendo investigados como feminicidios.<\/p>\n\n\n\n<p>Recientemente, el Secretario General de las Naciones Unidas, Ant\u00f3nio Guterres, reconoci\u00f3 un incremento alarmante de las violencias en contra de las mujeres a nivel global, al estar confinadas con parejas abusivas y agresoras. Por eso, enfatiz\u00f3 la importancia de que los Estados cuenten con servicios de atenci\u00f3n y recursos adecuados y suficientes para ellas.<\/p>\n\n\n\n<p>Cabe se\u00f1alar que, desde el 2019, se ha reducido el presupuesto para programas sociales con enfoque de g\u00e9nero, entre los cuales se encuentran el programa de Estancias Infantiles para Apoyar a Madres Trabajadoras, el programa Salud materna, sexual y reproductiva, el programa para Promover la atenci\u00f3n y prevenci\u00f3n de la violencia contra las mujeres, entre otros.<\/p>\n\n\n\n<p>A la fecha, de acuerdo con la Red Nacional de Refugios, A.C., los 69 espacios de prevenci\u00f3n, atenci\u00f3n y protecci\u00f3n con los que cuenta se encuentran al 80 o hasta el 100 por ciento de su capacidad y no se cuenta con recursos extraordinarios para que los Refugios hagan frente a la contingencia sanitaria, como lo son las Casas de Emergencia, que permitir\u00edan mitigar la propagaci\u00f3n del coronavirus dentro de los Refugios, as\u00ed como las Casas de Transici\u00f3n para aquellas mujeres que al finalizar su proceso no cuentan con opciones de vivienda, y ahora menos ante el impacto econ\u00f3mico que el COVID-19 representa para las mujeres.<\/p>\n\n\n\n<p>Asimismo, preocupa que, el 3 de abril, el Instituto Nacional de los Pueblos Ind\u00edgenas (INPI) public\u00f3 que se suspende la entrega del recurso presupuestado en el PEF2020 para las Casas de las Mujeres Ind\u00edgenas (CAMIS), con el argumento de que \u201cno hay condiciones para los proyectos y para proteger a las beneficiarias\u201d, lo cual es alarmante ya que las violencias contra las mujeres tambi\u00e9n afectan en las regiones ind\u00edgenas.<\/p>\n\n\n\n<p>Ante este panorama de considerable aumento de las violencias contra las mujeres durante las medidas de aislamiento social, es vital que las instituciones que les atienden se vean reforzadas para poder hacer frente al incremento de casos a los que se enfrentan. Siendo de suma importancia que estas tengan certeza en relaci\u00f3n al presupuesto que tienen disponible para continuar operando, misma que no se ve reflejada en la redacci\u00f3n presentada en el decreto emitido el 23 de abril del 2020.<\/p>\n\n\n\n<p>Del mismo modo, es de suma importancia que las medidas se\u00f1aladas como programas prioritarios, en la fracci\u00f3n V del decreto en cuesti\u00f3n, sean gestionadas con la perspectiva de g\u00e9nero debida. Por lo mismo, dichos programas deben incluir en su ejecuci\u00f3n una visi\u00f3n de las afectaciones diferenciadas a las que hacen frente las mujeres durante la contingencia sanitaria. El enfoque de g\u00e9nero no debe ser excluido de estos esfuerzos, presentar soluciones gen\u00e9ricas a situaciones de violencias y desigualdad exacerbadas por la situaci\u00f3n actual ser\u00eda inaceptable.<\/p>\n\n\n\n<p>Por todo lo anterior, las organizaciones firmantes solicitamos:<\/p>\n\n\n\n<ol type=\"1\"><li>Detallar qu\u00e9 programas presupuestarios est\u00e1n incluidos en el punto 38 del inciso V, del decreto emitido el 23 de abril 2020.<\/li><\/ol>\n\n\n\n<p>Particularmente, nos interesa saber si se incluyen programas orientados a la prevenci\u00f3n y atenci\u00f3n de las violencias contra las mujeres; si cuentan con el presupuesto necesario para seguir su operaci\u00f3n durante la contingencia sanitaria, y a\u00fan despu\u00e9s de \u00e9sta, dado que el decreto est\u00e1 vigente hasta el 31 de diciembre de 2020. En caso de que no sea as\u00ed, informarnos cu\u00e1les son las previsiones de recursos extraordinarios para garantizar el acceso de las mujeres a una vida libre de violencia durante esta pandemia.<\/p>\n\n\n\n<ol type=\"1\" start=\"2\"><li>Claridad y transparencia sobre el monto y los mecanismos a trav\u00e9s de los cuales se van a ejercer los recursos destinados a atender las violencias contra las mujeres durante y despu\u00e9s de la contingencia sanitaria.<\/li><\/ol>\n\n\n\n<p><a href=\"#_ftnref1\"><sup>[1]<\/sup><\/a> <a href=\"https:\/\/drive.google.com\/file\/d\/1jew7rwBA09ub6dgROme4uFaOwYaF6hHv\/edit\">https:\/\/drive.google.com\/file\/d\/1jew7rwBA09ub6dgROme4uFaOwYaF6hHv\/edit<\/a><\/p>\n\n\n\n<p>Affidamento e Interacci\u00f3n Social A.C.<\/p>\n\n\n\n<p>AJAGI, A.C.<\/p>\n\n\n\n<p>Amnist\u00eda Internacional M\u00e9xico<\/p>\n\n\n\n<p>APIS A.C.<\/p>\n\n\n\n<p>Apis Sureste Fundaci\u00f3n para la Equidad A. C.<\/p>\n\n\n\n<p>Asamblea Nacional Pol\u00edtica de Mujeres Ind\u00edgenas<\/p>\n\n\n\n<p>Asociaci\u00f3n de Mediadores Biling\u00fces Interculturales A.C<\/p>\n\n\n\n<p>AtentaMente Consultores AC<\/p>\n\n\n\n<p>Balance Promoci\u00f3n para el Desarrollo y Juventud AC<\/p>\n\n\n\n<p>Brujas Silvestres<\/p>\n\n\n\n<p>CAFIS A.C<\/p>\n\n\n\n<p>CAMI&nbsp; Zit\u00e1cuaro, Michoac\u00e1n<\/p>\n\n\n\n<p>CAMI Chalchihuitan, Chiapas.<\/p>\n\n\n\n<p>CAMI Coyomeapan<\/p>\n\n\n\n<p>CAMI de Acatepec, Guerreo<\/p>\n\n\n\n<p>CAMI de Toliman, Quer\u00e9taro<\/p>\n\n\n\n<p>CAMI Donaji, Tijuana<\/p>\n\n\n\n<p>CAMI Huejutla, Hidalgo<\/p>\n\n\n\n<p>CAMI La Paloma, Sonora&nbsp;<\/p>\n\n\n\n<p>CAMI Metlatonoc<\/p>\n\n\n\n<p>CAMI Naaxwiin, Mat\u00edas Romero<\/p>\n\n\n\n<p>CAMI Nelys Palomo,&nbsp; SAN Luis Acatl\u00e1n, Guerrero<\/p>\n\n\n\n<p>CAMI Ometepec, Guerrero<\/p>\n\n\n\n<p>CAMI P\u00e1tzcuaro, Michoac\u00e1n.<\/p>\n\n\n\n<p>CAMI San Mateo del Mar, Oaxaca<\/p>\n\n\n\n<p>CAMI San Quint\u00edn, Baja California<\/p>\n\n\n\n<p>CAMI Si-Ho, Yucat\u00e1n<\/p>\n\n\n\n<p>CAMI Zihuachikahuac, Chilapa, Guerrero<\/p>\n\n\n\n<p>CAMI Zihuakali, Monterrey<\/p>\n\n\n\n<p>CAMI Zongolica, Veracruz<\/p>\n\n\n\n<p>Cat\u00f3licas por el Derecho a Decidir<\/p>\n\n\n\n<p>Centro Alternativo para el Desarrollo Integral Ind\u00edgena AC<\/p>\n\n\n\n<p>Centro de Acci\u00f3n para el Desarrollo C\u00d3DICE A. C.<\/p>\n\n\n\n<p>Centro de Apoyo Opciones Dignas AC<\/p>\n\n\n\n<p>Centro de Apoyo Solidario, Documentaci\u00f3n y Estudio, A. C.<\/p>\n\n\n\n<p>Centro de Apoyo y Atenci\u00f3n a la Mujer Istme\u00f1a \u201cRosario Ibarra\u201d<\/p>\n\n\n\n<p>Centro de Derechos Humanos de las Mujeres<\/p>\n\n\n\n<p>Centro de Derechos Humanos Fray Francisco de Vitoria O.P A.C<\/p>\n\n\n\n<p>Centro de Derechos Humanos Toaltepeyolo AC<\/p>\n\n\n\n<p>Centro de Derechos Humanos Victoria D\u00edez A. C.<\/p>\n\n\n\n<p>Centro Feminista de Investigaci\u00f3n Social<\/p>\n\n\n\n<p>Centro Integral de Atenci\u00f3n a las Mujeres CIAM Canc\u00fan A.C.<\/p>\n\n\n\n<p>Centro Mujeres AC<\/p>\n\n\n\n<p>Centro Profesional Ind\u00edgena de Asesor\u00eda Defensa y Traducci\u00f3n A.C.<\/p>\n\n\n\n<p>Ciencia Social Alternativa AC \/ kookay<\/p>\n\n\n\n<p>Colectiva Feminista Interseccional<\/p>\n\n\n\n<p>Colectiva Feminista MAPAS<\/p>\n\n\n\n<p>Colectiva Juntas<\/p>\n\n\n\n<p>Colectiva la Musculosa<\/p>\n\n\n\n<p>Colectiva P\u00farpura Mx<\/p>\n\n\n\n<p>Colectiva Tiamat Ku&#8217;vi<\/p>\n\n\n\n<p>Colectiva Vulva Sapiens<\/p>\n\n\n\n<p>Colectivo Acci\u00f3n Sorora<\/p>\n\n\n\n<p>Colectivo Amoxpoani<\/p>\n\n\n\n<p>Colectivo Feminista Casa de Apoyo a la Mujer Ixim Antsetic A.C.<\/p>\n\n\n\n<p>Colectivo Sesi Irekani<\/p>\n\n\n\n<p>ColectivoBCS Sin Ellos No<\/p>\n\n\n\n<p>Colectivo Todos Somos Jorge y Javier<\/p>\n\n\n\n<p>Comisi\u00f3n Antropolog\u00eda Feminista (CEAS)<\/p>\n\n\n\n<p>Comisi\u00f3n Ciudadana de Derechos Humanos del Noroeste, AC<\/p>\n\n\n\n<p>Comisi\u00f3n Mexicana de Defensa y Promoci\u00f3n de Derechos Humanos<\/p>\n\n\n\n<p>Comunicaci\u00f3n e Informaci\u00f3n de la Mujer A.C.<\/p>\n\n\n\n<p>Comunicaci\u00f3n y Educaci\u00f3n Ambiental SC<\/p>\n\n\n\n<p>Con Decisi\u00f3n Mujeres por Morelos AC<\/p>\n\n\n\n<p>Convergencia de Organismos Civiles, A.C.<\/p>\n\n\n\n<p>Convivencia Joven AC<\/p>\n\n\n\n<p>Creativeria Social AC<\/p>\n\n\n\n<p>DDESER&nbsp; Puebla<\/p>\n\n\n\n<p>DDESER Ikoots<\/p>\n\n\n\n<p>El D\u00eda Despu\u00e9s<\/p>\n\n\n\n<p>Elementa DDHH A.C.<\/p>\n\n\n\n<p>Ellas en Escena AC<\/p>\n\n\n\n<p>En Familia Rompamos el Silencio AC<\/p>\n\n\n\n<p>EQUIS Justicia para las Mujeres<\/p>\n\n\n\n<p>Espacio Mujeres para una Vida Digna Libre de Violencia AC<\/p>\n\n\n\n<p>Espacio Siembra Ideas Construye Esperanzas, A.C.<\/p>\n\n\n\n<p>Fondo Semillas<\/p>\n\n\n\n<p>Fortaleza, Centro de Atenci\u00f3n Integral a la Mujer IAP<\/p>\n\n\n\n<p>Fundaci\u00f3n Arco\u00edris por el respeto a la diversidad sexual A.C.<\/p>\n\n\n\n<p>Fundaci\u00f3n de Servicio Social de Apizaco, A. C.<\/p>\n\n\n\n<p>Fundaci\u00f3n Mauan A.C.<\/p>\n\n\n\n<p>Fundaci\u00f3n Mexicana para la Planeaci\u00f3n familiar AC&nbsp; MEXFAM<\/p>\n\n\n\n<p>Fundaci\u00f3n M\u00e9xico Vivo<\/p>\n\n\n\n<p>Fundar, Centro de An\u00e1lisis e Investigaci\u00f3n A.C.<\/p>\n\n\n\n<p>GENDES A.C.<\/p>\n\n\n\n<p>Geochicas<\/p>\n\n\n\n<p>Grupo de Informaci\u00f3n en Reproducci\u00f3n Elegida, GIRE<\/p>\n\n\n\n<p>Grupo de mujeres 8 de Marzo AC<\/p>\n\n\n\n<p>INCMNSZ<\/p>\n\n\n\n<p>Indignaci\u00f3n, Promoci\u00f3n y Defensa de los Derechos Humanos, A.C<\/p>\n\n\n\n<p>Infancia Com\u00fan A.C.<\/p>\n\n\n\n<p>Instituto de Estudios Transgeneracionales<\/p>\n\n\n\n<p>Instituto de Liderazgo Simone de Beauvoir A.C.<\/p>\n\n\n\n<p>Instituto Mexicano Para El Desarrollo Comunitario, A.C. (IMDEC)<\/p>\n\n\n\n<p>La Sand\u00eda Digital<\/p>\n\n\n\n<p>Labris Colectiva Feminista<\/p>\n\n\n\n<p>Las Borders<\/p>\n\n\n\n<p>Las HHH<\/p>\n\n\n\n<p>Luchadoras Mx<\/p>\n\n\n\n<p>Madres en Resistencia<\/p>\n\n\n\n<p>Mano Amiga de la Costa Chica<\/p>\n\n\n\n<p>M\u00e9todo Lis\u00edstrata<\/p>\n\n\n\n<p>Mexicanos en Leipzig (Alemania)<\/p>\n\n\n\n<p>Movimiento por la Paz con Justicia y Dignidad<\/p>\n\n\n\n<p>Mujer Contempor\u00e1nea AC<\/p>\n\n\n\n<p>Mujer y Medio Ambiente, A.C.<\/p>\n\n\n\n<p>Mujeres Construyendo<\/p>\n\n\n\n<p>Mujeres de la Sal<\/p>\n\n\n\n<p>Mujeres del Tule<\/p>\n\n\n\n<p>Mujeres en Alianza j\u00e4jt\u00e4kp A. C.<\/p>\n\n\n\n<p>Mujeres y Ma\u00edz<\/p>\n\n\n\n<p>Mujeres y Punto, AC<\/p>\n\n\n\n<p>Mujeres, Organizaci\u00f3n y Territorios MOOTS AC<\/p>\n\n\n\n<p>Mujeres+Mujeres<\/p>\n\n\n\n<p>MYSU Mujer y Salud en Uruguay<\/p>\n\n\n\n<p>Nuevas Opciones de Vida AC<\/p>\n\n\n\n<p>Observatorio ciudadano Nacional de Violencia A.C.<\/p>\n\n\n\n<p>Observatorio Ciudadano Nacional del Feminicidio<\/p>\n\n\n\n<p>Observatorio de Justicia y Derechos Humanos de Mujeres y Ni\u00f1as AC<\/p>\n\n\n\n<p>Otromexico,SC<\/p>\n\n\n\n<p>Otros Dreams en Acci\u00f3n (ODA)<\/p>\n\n\n\n<p>Oxfam M\u00e9xico<\/p>\n\n\n\n<p>Por la Superaci\u00f3n de la Mujer AC<\/p>\n\n\n\n<p>Proyecto sobre Organizaci\u00f3n, Desarrollo, Educaci\u00f3n e investigaci\u00f3n (PODER)<\/p>\n\n\n\n<p>Radio Cultural Stipa Gunaa 96.9 FM<\/p>\n\n\n\n<p>RED ASALEAS<\/p>\n\n\n\n<p>Red de Feminismos Descoloniales<\/p>\n\n\n\n<p>Red de G\u00e9nero, Derechos Humanos y Empoderamiento A.C.<\/p>\n\n\n\n<p>Red de Investigadorxs\/es Independientes en Ciencias Sociales<\/p>\n\n\n\n<p>Red de Mujeres en Plural<\/p>\n\n\n\n<p>Red de Mujeres Ind\u00edgenas para Prevenir la Violencia de G\u00e9nero en el Estado de M\u00e9xico<\/p>\n\n\n\n<p>Red Interinstitucional para la Prevenci\u00f3n y Atenci\u00f3n a Casos de Violencia Familiar y sexual en la regi\u00f3n del Istmo<\/p>\n\n\n\n<p>Red Mesa de Mujeres de Cd Ju\u00e1rez A.C<\/p>\n\n\n\n<p>Red Nacional de Casas de la Mujer Ind\u00edgena (CAMI \u0308S)<\/p>\n\n\n\n<p>Red Nacional de Juventudes Afromexicanas<\/p>\n\n\n\n<p>Red Nacional de Promotoras y Asesoras Rurales<\/p>\n\n\n\n<p>Red Nacional de Refugios, A.C.<\/p>\n\n\n\n<p>Red Seguridad, Justicia y Paz para Todas las Mujeres<\/p>\n\n\n\n<p>Red Solidaria de Derechos Humanos. Michoac\u00e1n<\/p>\n\n\n\n<p>REDefine Michoac\u00e1n<\/p>\n\n\n\n<p>REDefine Puebla<\/p>\n\n\n\n<p>RedPAR<\/p>\n\n\n\n<p>Repara Lumea contra la violencia de g\u00e9nero A.C.<\/p>\n\n\n\n<p>RESILIENTXS<\/p>\n\n\n\n<p>Revive Mexico AC<\/p>\n\n\n\n<p>Siemprevivas: Red de Acompa\u00f1amiento para Mujeres<\/p>\n\n\n\n<p>Sin Violencia, AC<\/p>\n\n\n\n<p>Terapiarte<\/p>\n\n\n\n<p>The Hunger Project M\u00e9xico<\/p>\n\n\n\n<p>Tiamat&#8217; Kuvi<\/p>\n\n\n\n<p>UADY Sin Acoso<\/p>\n\n\n\n<p>Una Puerta a la Esperanza AC<\/p>\n\n\n\n<p>Unidad de Atenci\u00f3n Sicol\u00f3gica, Sexol\u00f3gica y Educativa para el Crecimiento Personal, A.C. (UNASSE)<\/p>\n\n\n\n<p>Verde Aquelarre<\/p>\n\n\n\n<p>Vida Integral para la Mujer AC<\/p>\n\n\n\n<hr class=\"wp-block-separator\"\/>\n\n\n\n<p>Vida Reavivida, AC<\/p>\n\n\n\n<p>Yo quiero Yo puedo, Instituto Mexicano de Investigaci\u00f3n de Familia y Poblaci\u00f3n (IMIFAP)<\/p>\n\n\n\n<p>Descargar audio de la conferencia:<\/p>\n\n\n\n<div class=\"wp-block-file\"><a href=\"https:\/\/amnistia.org.mx\/documentos\/videos\/conf_Amnistia_equis_rnr.mp3\" class=\"wp-block-file__button\" download=\"\">Descarga<\/a><\/div>\n\n\n\n<p>Descargar video de la conferencia:<\/p>\n\n\n\n<div class=\"wp-block-file\"><a href=\"https:\/\/amnistia.org.mx\/documentos\/videos\/Conferencia_de_medios_Amnistia_Internacional_EQUIS_RNR.mp4\" target=\"_otra\" class=\"wp-block-file__button\" download=\"\" rel=\"noopener noreferrer\">Descarga<\/a><\/div>\n","protected":false},"excerpt":{"rendered":"<p>Asunto: Presupuesto para la atenci\u00f3n de mujeres que viven violencia durante la \u201cJornada de Sana Distancia\u201d Distinguido Sr. Presidente de la Rep\u00fablica, Distinguida Sra. Secretaria de Gobernaci\u00f3n, Quienes suscribimos la &hellip;<\/p>\n<p class=\"read-more\"> <a class=\"\" href=\"https:\/\/amnistia.org.mx\/contenido\/index.php\/carta-abierta-a-andres-manuel-lopez-obrador-presidente-de-los-estados-unidos-mexicanos-y-a-olga-sanchez-cordero-secretaria-de-gobernacion\/\"> <span class=\"screen-reader-text\">Carta abierta a Andr\u00e9s Manuel L\u00f3pez Obrador, Presidente de los Estados Unidos Mexicanos y a Olga S\u00e1nchez Cordero, Secretaria de Gobernaci\u00f3n<\/span> Leer m\u00e1s &raquo;<\/a><\/p>\n","protected":false},"author":4,"featured_media":2225,"comment_status":"open","ping_status":"open","sticky":false,"template":"","format":"standard","meta":{"_uf_show_specific_survey":0,"_uf_disable_surveys":false,"site-sidebar-layout":"default","site-content-layout":"default","ast-global-header-display":"","ast-main-header-display":"","ast-hfb-above-header-display":"","ast-hfb-below-header-display":"","ast-hfb-mobile-header-display":"","site-post-title":"","ast-breadcrumbs-content":"","ast-featured-img":"","footer-sml-layout":"","theme-transparent-header-meta":"default","adv-header-id-meta":"","stick-header-meta":"","header-above-stick-meta":"","header-main-stick-meta":"","header-below-stick-meta":""},"categories":[20],"tags":[161],"acf":[],"aioseo_notices":[],"yoast_head":"<!-- This site is optimized with the Yoast SEO plugin v14.5 - https:\/\/yoast.com\/wordpress\/plugins\/seo\/ -->\n<title>Carta abierta a Andr\u00e9s Manuel L\u00f3pez Obrador, Presidente de los Estados Unidos Mexicanos y a Olga S\u00e1nchez Cordero, Secretaria de Gobernaci\u00f3n - amnistia.org.mx<\/title>\n<meta name=\"robots\" content=\"index, follow\" \/>\n<meta name=\"googlebot\" content=\"index, follow, max-snippet:-1, max-image-preview:large, max-video-preview:-1\" \/>\n<meta name=\"bingbot\" content=\"index, follow, max-snippet:-1, max-image-preview:large, max-video-preview:-1\" \/>\n<link rel=\"canonical\" href=\"https:\/\/amnistia.org.mx\/contenido\/index.php\/carta-abierta-a-andres-manuel-lopez-obrador-presidente-de-los-estados-unidos-mexicanos-y-a-olga-sanchez-cordero-secretaria-de-gobernacion\/\" \/>\n<meta property=\"og:locale\" content=\"es_MX\" \/>\n<meta property=\"og:type\" content=\"article\" \/>\n<meta property=\"og:title\" content=\"Carta abierta a Andr\u00e9s Manuel L\u00f3pez Obrador, Presidente de los Estados Unidos Mexicanos y a Olga S\u00e1nchez Cordero, Secretaria de Gobernaci\u00f3n - amnistia.org.mx\" \/>\n<meta property=\"og:description\" content=\"Asunto: Presupuesto para la atenci\u00f3n de mujeres que viven violencia durante la \u201cJornada de Sana Distancia\u201d Distinguido Sr. Presidente de la Rep\u00fablica, Distinguida Sra. Secretaria de Gobernaci\u00f3n, Quienes suscribimos la &hellip; Carta abierta a Andr\u00e9s Manuel L\u00f3pez Obrador, Presidente de los Estados Unidos Mexicanos y a Olga S\u00e1nchez Cordero, Secretaria de Gobernaci\u00f3n Leer m\u00e1s &raquo;\" \/>\n<meta property=\"og:url\" content=\"https:\/\/amnistia.org.mx\/contenido\/index.php\/carta-abierta-a-andres-manuel-lopez-obrador-presidente-de-los-estados-unidos-mexicanos-y-a-olga-sanchez-cordero-secretaria-de-gobernacion\/\" \/>\n<meta property=\"og:site_name\" content=\"amnistia.org.mx\" \/>\n<meta property=\"article:published_time\" content=\"2020-05-06T22:33:56+00:00\" \/>\n<meta property=\"article:modified_time\" content=\"2023-05-22T22:20:29+00:00\" \/>\n<meta property=\"og:image\" content=\"https:\/\/amnistia.org.mx\/contenido\/wp-content\/uploads\/2020\/01\/Prensa-scaled.jpg\" \/>\n\t<meta property=\"og:image:width\" content=\"2560\" \/>\n\t<meta property=\"og:image:height\" content=\"1707\" \/>\n<meta name=\"twitter:card\" content=\"summary_large_image\" \/>\n<script type=\"application\/ld+json\" class=\"yoast-schema-graph\">{\"@context\":\"https:\/\/schema.org\",\"@graph\":[{\"@type\":\"WebSite\",\"@id\":\"https:\/\/amnistia.org.mx\/contenido\/#website\",\"url\":\"https:\/\/amnistia.org.mx\/contenido\/\",\"name\":\"amnistia.org.mx\",\"description\":\"Nueva p\\u00e1gina de Amnist\\u00eda\",\"potentialAction\":[{\"@type\":\"SearchAction\",\"target\":\"https:\/\/amnistia.org.mx\/contenido\/?s={search_term_string}\",\"query-input\":\"required name=search_term_string\"}],\"inLanguage\":\"es-MX\"},{\"@type\":\"ImageObject\",\"@id\":\"https:\/\/amnistia.org.mx\/contenido\/index.php\/carta-abierta-a-andres-manuel-lopez-obrador-presidente-de-los-estados-unidos-mexicanos-y-a-olga-sanchez-cordero-secretaria-de-gobernacion\/#primaryimage\",\"inLanguage\":\"es-MX\",\"url\":\"https:\/\/amnistia.org.mx\/contenido\/wp-content\/uploads\/2020\/01\/Prensa-scaled.jpg\",\"width\":2560,\"height\":1707},{\"@type\":\"WebPage\",\"@id\":\"https:\/\/amnistia.org.mx\/contenido\/index.php\/carta-abierta-a-andres-manuel-lopez-obrador-presidente-de-los-estados-unidos-mexicanos-y-a-olga-sanchez-cordero-secretaria-de-gobernacion\/#webpage\",\"url\":\"https:\/\/amnistia.org.mx\/contenido\/index.php\/carta-abierta-a-andres-manuel-lopez-obrador-presidente-de-los-estados-unidos-mexicanos-y-a-olga-sanchez-cordero-secretaria-de-gobernacion\/\",\"name\":\"Carta abierta a Andr\\u00e9s Manuel L\\u00f3pez Obrador, Presidente de los Estados Unidos Mexicanos y a Olga S\\u00e1nchez Cordero, Secretaria de Gobernaci\\u00f3n - amnistia.org.mx\",\"isPartOf\":{\"@id\":\"https:\/\/amnistia.org.mx\/contenido\/#website\"},\"primaryImageOfPage\":{\"@id\":\"https:\/\/amnistia.org.mx\/contenido\/index.php\/carta-abierta-a-andres-manuel-lopez-obrador-presidente-de-los-estados-unidos-mexicanos-y-a-olga-sanchez-cordero-secretaria-de-gobernacion\/#primaryimage\"},\"datePublished\":\"2020-05-06T22:33:56+00:00\",\"dateModified\":\"2023-05-22T22:20:29+00:00\",\"author\":{\"@id\":\"https:\/\/amnistia.org.mx\/contenido\/#\/schema\/person\/7db421c495688267ce8ede4625c17fa5\"},\"breadcrumb\":{\"@id\":\"https:\/\/amnistia.org.mx\/contenido\/index.php\/carta-abierta-a-andres-manuel-lopez-obrador-presidente-de-los-estados-unidos-mexicanos-y-a-olga-sanchez-cordero-secretaria-de-gobernacion\/#breadcrumb\"},\"inLanguage\":\"es-MX\",\"potentialAction\":[{\"@type\":\"ReadAction\",\"target\":[\"https:\/\/amnistia.org.mx\/contenido\/index.php\/carta-abierta-a-andres-manuel-lopez-obrador-presidente-de-los-estados-unidos-mexicanos-y-a-olga-sanchez-cordero-secretaria-de-gobernacion\/\"]}]},{\"@type\":\"BreadcrumbList\",\"@id\":\"https:\/\/amnistia.org.mx\/contenido\/index.php\/carta-abierta-a-andres-manuel-lopez-obrador-presidente-de-los-estados-unidos-mexicanos-y-a-olga-sanchez-cordero-secretaria-de-gobernacion\/#breadcrumb\",\"itemListElement\":[{\"@type\":\"ListItem\",\"position\":1,\"item\":{\"@type\":\"WebPage\",\"@id\":\"https:\/\/amnistia.org.mx\/contenido\/\",\"url\":\"https:\/\/amnistia.org.mx\/contenido\/\",\"name\":\"Home\"}},{\"@type\":\"ListItem\",\"position\":2,\"item\":{\"@type\":\"WebPage\",\"@id\":\"https:\/\/amnistia.org.mx\/contenido\/index.php\/carta-abierta-a-andres-manuel-lopez-obrador-presidente-de-los-estados-unidos-mexicanos-y-a-olga-sanchez-cordero-secretaria-de-gobernacion\/\",\"url\":\"https:\/\/amnistia.org.mx\/contenido\/index.php\/carta-abierta-a-andres-manuel-lopez-obrador-presidente-de-los-estados-unidos-mexicanos-y-a-olga-sanchez-cordero-secretaria-de-gobernacion\/\",\"name\":\"Carta abierta a Andr\\u00e9s Manuel L\\u00f3pez Obrador, Presidente de los Estados Unidos Mexicanos y a Olga S\\u00e1nchez Cordero, Secretaria de Gobernaci\\u00f3n\"}}]},{\"@type\":[\"Person\"],\"@id\":\"https:\/\/amnistia.org.mx\/contenido\/#\/schema\/person\/7db421c495688267ce8ede4625c17fa5\",\"name\":\"Alejandro Ju\\u00e1rez Gamero\",\"image\":{\"@type\":\"ImageObject\",\"@id\":\"https:\/\/amnistia.org.mx\/contenido\/#personlogo\",\"inLanguage\":\"es-MX\",\"url\":\"https:\/\/secure.gravatar.com\/avatar\/e312d5566d1c3ffb56f86415d6f0e606?s=96&d=mm&r=g\",\"caption\":\"Alejandro Ju\\u00e1rez Gamero\"}}]}<\/script>\n<!-- \/ Yoast SEO plugin. -->","_links":{"self":[{"href":"https:\/\/amnistia.org.mx\/contenido\/index.php\/wp-json\/wp\/v2\/posts\/10219"}],"collection":[{"href":"https:\/\/amnistia.org.mx\/contenido\/index.php\/wp-json\/wp\/v2\/posts"}],"about":[{"href":"https:\/\/amnistia.org.mx\/contenido\/index.php\/wp-json\/wp\/v2\/types\/post"}],"author":[{"embeddable":true,"href":"https:\/\/amnistia.org.mx\/contenido\/index.php\/wp-json\/wp\/v2\/users\/4"}],"replies":[{"embeddable":true,"href":"https:\/\/amnistia.org.mx\/contenido\/index.php\/wp-json\/wp\/v2\/comments?post=10219"}],"version-history":[{"count":13,"href":"https:\/\/amnistia.org.mx\/contenido\/index.php\/wp-json\/wp\/v2\/posts\/10219\/revisions"}],"predecessor-version":[{"id":10274,"href":"https:\/\/amnistia.org.mx\/contenido\/index.php\/wp-json\/wp\/v2\/posts\/10219\/revisions\/10274"}],"wp:featuredmedia":[{"embeddable":true,"href":"https:\/\/amnistia.org.mx\/contenido\/index.php\/wp-json\/wp\/v2\/media\/2225"}],"wp:attachment":[{"href":"https:\/\/amnistia.org.mx\/contenido\/index.php\/wp-json\/wp\/v2\/media?parent=10219"}],"wp:term":[{"taxonomy":"category","embeddable":true,"href":"https:\/\/amnistia.org.mx\/contenido\/index.php\/wp-json\/wp\/v2\/categories?post=10219"},{"taxonomy":"post_tag","embeddable":true,"href":"https:\/\/amnistia.org.mx\/contenido\/index.php\/wp-json\/wp\/v2\/tags?post=10219"}],"curies":[{"name":"wp","href":"https:\/\/api.w.org\/{rel}","templated":true}]}}