
{"id":10306,"date":"2020-05-14T17:27:42","date_gmt":"2020-05-14T17:27:42","guid":{"rendered":"https:\/\/amnistia.org.mx\/contenido\/?p=10306"},"modified":"2020-05-14T17:34:01","modified_gmt":"2020-05-14T17:34:01","slug":"descarga-el-fanzine-resiliencia-y-autocuidado-hecho-por-y-para-jovenes-de-todas-las-americas","status":"publish","type":"post","link":"https:\/\/amnistia.org.mx\/contenido\/index.php\/descarga-el-fanzine-resiliencia-y-autocuidado-hecho-por-y-para-jovenes-de-todas-las-americas\/","title":{"rendered":"Descarga el fanzine \u201cResiliencia y Autocuidado\u201d hecho por y para j\u00f3venes de todas las Am\u00e9ricas"},"content":{"rendered":"\n<p><strong>\u00a1Las personas que se dedican al activismo y que son voluntarias de Amnist\u00eda Internacional son algunas de las personas m\u00e1s apasionadas del planeta!<\/strong><\/p>\n\n\n\n<p>Eso hace que el activismo con Amnist\u00eda sea tan empoderador y tan divertido: trabajar con otras personas que tienen los mismos sue\u00f1os y el mismo empuje que t\u00fa, que quieren proteger y hacer respetar los derechos humanos en todo el mundo. Pero tambi\u00e9n hay un lado m\u00e1s oscuro del activismo. Mientras intentas hacer del mundo un mejor lugar puede ser que veas lo peor de \u00e9l.<\/p>\n\n\n\n<p>Es por eso que j\u00f3venes de todas las Am\u00e9ricas nos unimos y hablamos del agotamiento que todes hemos estado sintiendo. Nuestres activistas y voluntaries son fundamentales para nuestro movimiento; sin elles, no podr\u00eda funcionar. As\u00ed que quer\u00edamos producir algo que te ayude a evitar las di\ufb01cultades m\u00e1s comunes de ser un activista, y al mismo tiempo que te ayude a luchar por los derechos humanos de una manera que no te bajonee. Algo que te ayude a mantenerte sane, feliz e inspirade para seguir luchando por hacer del mundo un lugar mejor. Porque puedes hacer ambas cosas: ser un activista y tener una vida. <\/p>\n\n\n\n<div class=\"wp-block-file aligncenter\"><a href=\" https:\/\/amnistia.org.mx\/contenido\/wp-content\/uploads\/2020\/05\/Resiliencia-y-Auto-Cuidado-Salvar-al-Mundo-y-No-Morir-en-el-Intento-.pdf\" class=\"wp-block-file__button\" download>Descarga<\/a><\/div>\n\n\n\n<p>Este fanzine est\u00e1 dise\u00f1ado para darte algunas herramientas e ideas para hacer eso. Esperamos que te sea \u00fatil y que te recuerde que t\u00fa, como persona y como activista, eres tan importante como las personas por las que luchas.<\/p>\n\n\n\n<div class=\"wp-block-image\"><figure class=\"aligncenter size-large\"><img decoding=\"async\" loading=\"lazy\" width=\"1024\" height=\"1024\" src=\" https:\/\/amnistia.org.mx\/contenido\/wp-content\/uploads\/2020\/05\/tapa-2-1024x1024.jpg\" alt=\"\" class=\"wp-image-10309\"\/><\/figure><\/div>\n","protected":false},"excerpt":{"rendered":"<p>\u00a1Las personas que se dedican al activismo y que son voluntarias de Amnist\u00eda Internacional son algunas de las personas m\u00e1s apasionadas del planeta! Eso hace que el activismo con Amnist\u00eda &hellip;<\/p>\n<p class=\"read-more\"> <a class=\"\" href=\"https:\/\/amnistia.org.mx\/contenido\/index.php\/descarga-el-fanzine-resiliencia-y-autocuidado-hecho-por-y-para-jovenes-de-todas-las-americas\/\"> <span class=\"screen-reader-text\">Descarga el fanzine \u201cResiliencia y Autocuidado\u201d hecho por y para j\u00f3venes de todas las Am\u00e9ricas<\/span> Leer m\u00e1s &raquo;<\/a><\/p>\n","protected":false},"author":5,"featured_media":10307,"comment_status":"open","ping_status":"open","sticky":false,"template":"","format":"standard","meta":{"_uf_show_specific_survey":0,"_uf_disable_surveys":false,"site-sidebar-layout":"default","site-content-layout":"default","ast-global-header-display":"","ast-main-header-display":"","ast-hfb-above-header-display":"","ast-hfb-below-header-display":"","ast-hfb-mobile-header-display":"","site-post-title":"","ast-breadcrumbs-content":"","ast-featured-img":"","footer-sml-layout":"","theme-transparent-header-meta":"default","adv-header-id-meta":"","stick-header-meta":"","header-above-stick-meta":"","header-main-stick-meta":"","header-below-stick-meta":""},"categories":[9],"tags":[25],"acf":[],"aioseo_notices":[],"yoast_head":"<!-- This site is optimized with the Yoast SEO plugin v14.5 - https:\/\/yoast.com\/wordpress\/plugins\/seo\/ -->\n<title>Descarga el fanzine \u201cResiliencia y Autocuidado\u201d hecho por y para j\u00f3venes de todas las Am\u00e9ricas - amnistia.org.mx<\/title>\n<meta name=\"robots\" content=\"index, follow\" \/>\n<meta name=\"googlebot\" content=\"index, follow, max-snippet:-1, max-image-preview:large, max-video-preview:-1\" \/>\n<meta name=\"bingbot\" content=\"index, follow, max-snippet:-1, max-image-preview:large, max-video-preview:-1\" \/>\n<link rel=\"canonical\" href=\"https:\/\/amnistia.org.mx\/contenido\/index.php\/descarga-el-fanzine-resiliencia-y-autocuidado-hecho-por-y-para-jovenes-de-todas-las-americas\/\" \/>\n<meta property=\"og:locale\" content=\"es_MX\" \/>\n<meta property=\"og:type\" content=\"article\" \/>\n<meta property=\"og:title\" content=\"Descarga el fanzine \u201cResiliencia y Autocuidado\u201d hecho por y para j\u00f3venes de todas las Am\u00e9ricas - amnistia.org.mx\" \/>\n<meta property=\"og:description\" content=\"\u00a1Las personas que se dedican al activismo y que son voluntarias de Amnist\u00eda Internacional son algunas de las personas m\u00e1s apasionadas del planeta! Eso hace que el activismo con Amnist\u00eda &hellip; Descarga el fanzine \u201cResiliencia y Autocuidado\u201d hecho por y para j\u00f3venes de todas las Am\u00e9ricas Leer m\u00e1s &raquo;\" \/>\n<meta property=\"og:url\" content=\"https:\/\/amnistia.org.mx\/contenido\/index.php\/descarga-el-fanzine-resiliencia-y-autocuidado-hecho-por-y-para-jovenes-de-todas-las-americas\/\" \/>\n<meta property=\"og:site_name\" content=\"amnistia.org.mx\" \/>\n<meta property=\"article:published_time\" content=\"2020-05-14T17:27:42+00:00\" \/>\n<meta property=\"article:modified_time\" content=\"2020-05-14T17:34:01+00:00\" \/>\n<meta property=\"og:image\" content=\"https:\/\/amnistia.org.mx\/contenido\/wp-content\/uploads\/2020\/05\/Destacado-1.png\" \/>\n\t<meta property=\"og:image:width\" content=\"1600\" \/>\n\t<meta property=\"og:image:height\" content=\"900\" \/>\n<meta name=\"twitter:card\" content=\"summary_large_image\" \/>\n<script type=\"application\/ld+json\" class=\"yoast-schema-graph\">{\"@context\":\"https:\/\/schema.org\",\"@graph\":[{\"@type\":\"WebSite\",\"@id\":\"https:\/\/amnistia.org.mx\/contenido\/#website\",\"url\":\"https:\/\/amnistia.org.mx\/contenido\/\",\"name\":\"amnistia.org.mx\",\"description\":\"Nueva p\\u00e1gina de Amnist\\u00eda\",\"potentialAction\":[{\"@type\":\"SearchAction\",\"target\":\"https:\/\/amnistia.org.mx\/contenido\/?s={search_term_string}\",\"query-input\":\"required name=search_term_string\"}],\"inLanguage\":\"es-MX\"},{\"@type\":\"ImageObject\",\"@id\":\"https:\/\/amnistia.org.mx\/contenido\/index.php\/descarga-el-fanzine-resiliencia-y-autocuidado-hecho-por-y-para-jovenes-de-todas-las-americas\/#primaryimage\",\"inLanguage\":\"es-MX\",\"url\":\"https:\/\/amnistia.org.mx\/contenido\/wp-content\/uploads\/2020\/05\/Destacado-1.png\",\"width\":1600,\"height\":900},{\"@type\":\"WebPage\",\"@id\":\"https:\/\/amnistia.org.mx\/contenido\/index.php\/descarga-el-fanzine-resiliencia-y-autocuidado-hecho-por-y-para-jovenes-de-todas-las-americas\/#webpage\",\"url\":\"https:\/\/amnistia.org.mx\/contenido\/index.php\/descarga-el-fanzine-resiliencia-y-autocuidado-hecho-por-y-para-jovenes-de-todas-las-americas\/\",\"name\":\"Descarga el fanzine \\u201cResiliencia y Autocuidado\\u201d hecho por y para j\\u00f3venes de todas las Am\\u00e9ricas - amnistia.org.mx\",\"isPartOf\":{\"@id\":\"https:\/\/amnistia.org.mx\/contenido\/#website\"},\"primaryImageOfPage\":{\"@id\":\"https:\/\/amnistia.org.mx\/contenido\/index.php\/descarga-el-fanzine-resiliencia-y-autocuidado-hecho-por-y-para-jovenes-de-todas-las-americas\/#primaryimage\"},\"datePublished\":\"2020-05-14T17:27:42+00:00\",\"dateModified\":\"2020-05-14T17:34:01+00:00\",\"author\":{\"@id\":\"https:\/\/amnistia.org.mx\/contenido\/#\/schema\/person\/3936b1aa68bc541b6b24363d8660d450\"},\"breadcrumb\":{\"@id\":\"https:\/\/amnistia.org.mx\/contenido\/index.php\/descarga-el-fanzine-resiliencia-y-autocuidado-hecho-por-y-para-jovenes-de-todas-las-americas\/#breadcrumb\"},\"inLanguage\":\"es-MX\",\"potentialAction\":[{\"@type\":\"ReadAction\",\"target\":[\"https:\/\/amnistia.org.mx\/contenido\/index.php\/descarga-el-fanzine-resiliencia-y-autocuidado-hecho-por-y-para-jovenes-de-todas-las-americas\/\"]}]},{\"@type\":\"BreadcrumbList\",\"@id\":\"https:\/\/amnistia.org.mx\/contenido\/index.php\/descarga-el-fanzine-resiliencia-y-autocuidado-hecho-por-y-para-jovenes-de-todas-las-americas\/#breadcrumb\",\"itemListElement\":[{\"@type\":\"ListItem\",\"position\":1,\"item\":{\"@type\":\"WebPage\",\"@id\":\"https:\/\/amnistia.org.mx\/contenido\/\",\"url\":\"https:\/\/amnistia.org.mx\/contenido\/\",\"name\":\"Home\"}},{\"@type\":\"ListItem\",\"position\":2,\"item\":{\"@type\":\"WebPage\",\"@id\":\"https:\/\/amnistia.org.mx\/contenido\/index.php\/descarga-el-fanzine-resiliencia-y-autocuidado-hecho-por-y-para-jovenes-de-todas-las-americas\/\",\"url\":\"https:\/\/amnistia.org.mx\/contenido\/index.php\/descarga-el-fanzine-resiliencia-y-autocuidado-hecho-por-y-para-jovenes-de-todas-las-americas\/\",\"name\":\"Descarga el fanzine \\u201cResiliencia y Autocuidado\\u201d hecho por y para j\\u00f3venes de todas las Am\\u00e9ricas\"}}]},{\"@type\":[\"Person\"],\"@id\":\"https:\/\/amnistia.org.mx\/contenido\/#\/schema\/person\/3936b1aa68bc541b6b24363d8660d450\",\"name\":\"ana.suarez\",\"image\":{\"@type\":\"ImageObject\",\"@id\":\"https:\/\/amnistia.org.mx\/contenido\/#personlogo\",\"inLanguage\":\"es-MX\",\"url\":\"https:\/\/secure.gravatar.com\/avatar\/fc20f29d5667e5d044f428d0c4f49a87?s=96&d=mm&r=g\",\"caption\":\"ana.suarez\"}}]}<\/script>\n<!-- \/ Yoast SEO plugin. -->","_links":{"self":[{"href":"https:\/\/amnistia.org.mx\/contenido\/index.php\/wp-json\/wp\/v2\/posts\/10306"}],"collection":[{"href":"https:\/\/amnistia.org.mx\/contenido\/index.php\/wp-json\/wp\/v2\/posts"}],"about":[{"href":"https:\/\/amnistia.org.mx\/contenido\/index.php\/wp-json\/wp\/v2\/types\/post"}],"author":[{"embeddable":true,"href":"https:\/\/amnistia.org.mx\/contenido\/index.php\/wp-json\/wp\/v2\/users\/5"}],"replies":[{"embeddable":true,"href":"https:\/\/amnistia.org.mx\/contenido\/index.php\/wp-json\/wp\/v2\/comments?post=10306"}],"version-history":[{"count":4,"href":"https:\/\/amnistia.org.mx\/contenido\/index.php\/wp-json\/wp\/v2\/posts\/10306\/revisions"}],"predecessor-version":[{"id":10312,"href":"https:\/\/amnistia.org.mx\/contenido\/index.php\/wp-json\/wp\/v2\/posts\/10306\/revisions\/10312"}],"wp:featuredmedia":[{"embeddable":true,"href":"https:\/\/amnistia.org.mx\/contenido\/index.php\/wp-json\/wp\/v2\/media\/10307"}],"wp:attachment":[{"href":"https:\/\/amnistia.org.mx\/contenido\/index.php\/wp-json\/wp\/v2\/media?parent=10306"}],"wp:term":[{"taxonomy":"category","embeddable":true,"href":"https:\/\/amnistia.org.mx\/contenido\/index.php\/wp-json\/wp\/v2\/categories?post=10306"},{"taxonomy":"post_tag","embeddable":true,"href":"https:\/\/amnistia.org.mx\/contenido\/index.php\/wp-json\/wp\/v2\/tags?post=10306"}],"curies":[{"name":"wp","href":"https:\/\/api.w.org\/{rel}","templated":true}]}}