
{"id":10477,"date":"2020-05-29T18:54:29","date_gmt":"2020-05-29T18:54:29","guid":{"rendered":"https:\/\/amnistia.org.mx\/contenido\/?p=10477"},"modified":"2020-05-29T19:01:16","modified_gmt":"2020-05-29T19:01:16","slug":"agente-de-policia-de-minneapolis-debe-rendir-cuentas-del-uso-de-medios-letales","status":"publish","type":"post","link":"https:\/\/amnistia.org.mx\/contenido\/index.php\/agente-de-policia-de-minneapolis-debe-rendir-cuentas-del-uso-de-medios-letales\/","title":{"rendered":"Agente de polic\u00eda de Minneapolis debe rendir cuentas del uso de medios letales"},"content":{"rendered":"\n<p>Ante el v\u00eddeo del 25 de mayo que muestra a un agente de polic\u00eda de Minneapolis que sujeta contra el suelo a un hombre poni\u00e9ndole la rodilla en el cuello hasta que la v\u00edctima deja de respirar, Kristina Roth, responsable superior de Programas de Justicia Penal de Amnist\u00eda Internacional Estados Unidos, declar\u00f3 lo siguiente:<\/p>\n\n\n\n<p>\u201cNadie deber\u00eda levantarse por la ma\u00f1ana pregunt\u00e1ndose si ese ser\u00e1 el d\u00eda en que un polic\u00eda acabe con su vida, pero las personas negras de todo el pa\u00eds viven con esa dolorosa y traum\u00e1tica realidad. Los actos de este polic\u00eda de Minneapolis han aterrorizado a unas personas que ya han perdido mucho.<\/p>\n\n\n\n<p>\u201cNos indigna que, casi seis a\u00f1os despu\u00e9s de que Eric Garner murmurase \u2018no puedo respirar\u2019, cuando mor\u00eda a manos del Departamento de Polic\u00eda de Nueva York, los agentes de polic\u00eda sigan aparentemente sin haber aprendido a escuchar la petici\u00f3n de ayuda de una persona. La vida de este hombre importaba, como importaban las de Eric Garner, Michael Brown, Akai Gurley, Tamir Rice, Breonna Taylor y demasiadas personas m\u00e1s. Se supone que la polic\u00eda ha de proteger la vida y ese principio es ignorado por polic\u00edas que niegan la humanidad de las personas negras. La polic\u00eda debe rendir cuentas de este uso de medios letales que podr\u00eda constituir, adem\u00e1s, una violaci\u00f3n de las propias normas del Departamento\u201d.<\/p>\n\n\n\n<p>Amnist\u00eda Internacional Estados Unidos se congratula de ver que la Oficina Federal de Investigaci\u00f3n ya est\u00e1 interviniendo en este caso y pide una investigaci\u00f3n inmediata, exhaustiva y transparente, y que se mantenga al tanto a la familia de la v\u00edctima de su desarrollo y resultados. Adem\u00e1s, Amnist\u00eda Internacional Estados Unidos insta al Congreso a que trabaje para aprobar la Ley PEACE para limitar el uso de medios letales, que s\u00f3lo deber\u00edan emplearse como \u00faltimo recurso.<\/p>\n\n\n\n<p>Encontrar\u00e1n m\u00e1s informaci\u00f3n sobre rendici\u00f3n de cuentas de la polic\u00eda y medios letales <a href=\"https:\/\/www.amnestyusa.org\/issues\/deadly-force-police-accountability\/\" target=\"_blank\" rel=\"noreferrer noopener\">aqu\u00ed<\/a>.<\/p>\n\n\n\n<p><strong>CONTACTO:<\/strong> Mariya Parodi,&nbsp;<a href=\"mailto:media@aiusa.org\" target=\"_blank\" rel=\"noreferrer noopener\">media@aiusa.org<\/a><\/p>\n","protected":false},"excerpt":{"rendered":"<p>Ante el v\u00eddeo del 25 de mayo que muestra a un agente de polic\u00eda de Minneapolis que sujeta contra el suelo a un hombre poni\u00e9ndole la rodilla en el cuello &hellip;<\/p>\n<p class=\"read-more\"> <a class=\"\" href=\"https:\/\/amnistia.org.mx\/contenido\/index.php\/agente-de-policia-de-minneapolis-debe-rendir-cuentas-del-uso-de-medios-letales\/\"> <span class=\"screen-reader-text\">Agente de polic\u00eda de Minneapolis debe rendir cuentas del uso de medios letales<\/span> Leer m\u00e1s &raquo;<\/a><\/p>\n","protected":false},"author":4,"featured_media":10480,"comment_status":"open","ping_status":"open","sticky":false,"template":"","format":"standard","meta":{"_uf_show_specific_survey":0,"_uf_disable_surveys":false,"site-sidebar-layout":"default","site-content-layout":"default","ast-global-header-display":"","ast-main-header-display":"","ast-hfb-above-header-display":"","ast-hfb-below-header-display":"","ast-hfb-mobile-header-display":"","site-post-title":"","ast-breadcrumbs-content":"","ast-featured-img":"","footer-sml-layout":"","theme-transparent-header-meta":"default","adv-header-id-meta":"","stick-header-meta":"","header-above-stick-meta":"","header-main-stick-meta":"","header-below-stick-meta":""},"categories":[9],"tags":[40],"acf":[],"aioseo_notices":[],"yoast_head":"<!-- This site is optimized with the Yoast SEO plugin v14.5 - https:\/\/yoast.com\/wordpress\/plugins\/seo\/ -->\n<title>Agente de polic\u00eda de Minneapolis debe rendir cuentas del uso de medios letales - amnistia.org.mx<\/title>\n<meta name=\"robots\" content=\"index, follow\" \/>\n<meta name=\"googlebot\" content=\"index, follow, max-snippet:-1, max-image-preview:large, max-video-preview:-1\" \/>\n<meta name=\"bingbot\" content=\"index, follow, max-snippet:-1, max-image-preview:large, max-video-preview:-1\" \/>\n<link rel=\"canonical\" href=\"https:\/\/amnistia.org.mx\/contenido\/index.php\/agente-de-policia-de-minneapolis-debe-rendir-cuentas-del-uso-de-medios-letales\/\" \/>\n<meta property=\"og:locale\" content=\"es_MX\" \/>\n<meta property=\"og:type\" content=\"article\" \/>\n<meta property=\"og:title\" content=\"Agente de polic\u00eda de Minneapolis debe rendir cuentas del uso de medios letales - amnistia.org.mx\" \/>\n<meta property=\"og:description\" content=\"Ante el v\u00eddeo del 25 de mayo que muestra a un agente de polic\u00eda de Minneapolis que sujeta contra el suelo a un hombre poni\u00e9ndole la rodilla en el cuello &hellip; Agente de polic\u00eda de Minneapolis debe rendir cuentas del uso de medios letales Leer m\u00e1s &raquo;\" \/>\n<meta property=\"og:url\" content=\"https:\/\/amnistia.org.mx\/contenido\/index.php\/agente-de-policia-de-minneapolis-debe-rendir-cuentas-del-uso-de-medios-letales\/\" \/>\n<meta property=\"og:site_name\" content=\"amnistia.org.mx\" \/>\n<meta property=\"article:published_time\" content=\"2020-05-29T18:54:29+00:00\" \/>\n<meta property=\"article:modified_time\" content=\"2020-05-29T19:01:16+00:00\" \/>\n<meta property=\"og:image\" content=\"https:\/\/amnistia.org.mx\/contenido\/wp-content\/uploads\/2020\/05\/No-puedo-respirar-1.png\" \/>\n\t<meta property=\"og:image:width\" content=\"800\" \/>\n\t<meta property=\"og:image:height\" content=\"450\" \/>\n<meta name=\"twitter:card\" content=\"summary_large_image\" \/>\n<script type=\"application\/ld+json\" class=\"yoast-schema-graph\">{\"@context\":\"https:\/\/schema.org\",\"@graph\":[{\"@type\":\"WebSite\",\"@id\":\"https:\/\/amnistia.org.mx\/contenido\/#website\",\"url\":\"https:\/\/amnistia.org.mx\/contenido\/\",\"name\":\"amnistia.org.mx\",\"description\":\"Nueva p\\u00e1gina de Amnist\\u00eda\",\"potentialAction\":[{\"@type\":\"SearchAction\",\"target\":\"https:\/\/amnistia.org.mx\/contenido\/?s={search_term_string}\",\"query-input\":\"required name=search_term_string\"}],\"inLanguage\":\"es-MX\"},{\"@type\":\"ImageObject\",\"@id\":\"https:\/\/amnistia.org.mx\/contenido\/index.php\/agente-de-policia-de-minneapolis-debe-rendir-cuentas-del-uso-de-medios-letales\/#primaryimage\",\"inLanguage\":\"es-MX\",\"url\":\"https:\/\/amnistia.org.mx\/contenido\/wp-content\/uploads\/2020\/05\/No-puedo-respirar-1.png\",\"width\":800,\"height\":450},{\"@type\":\"WebPage\",\"@id\":\"https:\/\/amnistia.org.mx\/contenido\/index.php\/agente-de-policia-de-minneapolis-debe-rendir-cuentas-del-uso-de-medios-letales\/#webpage\",\"url\":\"https:\/\/amnistia.org.mx\/contenido\/index.php\/agente-de-policia-de-minneapolis-debe-rendir-cuentas-del-uso-de-medios-letales\/\",\"name\":\"Agente de polic\\u00eda de Minneapolis debe rendir cuentas del uso de medios letales - amnistia.org.mx\",\"isPartOf\":{\"@id\":\"https:\/\/amnistia.org.mx\/contenido\/#website\"},\"primaryImageOfPage\":{\"@id\":\"https:\/\/amnistia.org.mx\/contenido\/index.php\/agente-de-policia-de-minneapolis-debe-rendir-cuentas-del-uso-de-medios-letales\/#primaryimage\"},\"datePublished\":\"2020-05-29T18:54:29+00:00\",\"dateModified\":\"2020-05-29T19:01:16+00:00\",\"author\":{\"@id\":\"https:\/\/amnistia.org.mx\/contenido\/#\/schema\/person\/7db421c495688267ce8ede4625c17fa5\"},\"breadcrumb\":{\"@id\":\"https:\/\/amnistia.org.mx\/contenido\/index.php\/agente-de-policia-de-minneapolis-debe-rendir-cuentas-del-uso-de-medios-letales\/#breadcrumb\"},\"inLanguage\":\"es-MX\",\"potentialAction\":[{\"@type\":\"ReadAction\",\"target\":[\"https:\/\/amnistia.org.mx\/contenido\/index.php\/agente-de-policia-de-minneapolis-debe-rendir-cuentas-del-uso-de-medios-letales\/\"]}]},{\"@type\":\"BreadcrumbList\",\"@id\":\"https:\/\/amnistia.org.mx\/contenido\/index.php\/agente-de-policia-de-minneapolis-debe-rendir-cuentas-del-uso-de-medios-letales\/#breadcrumb\",\"itemListElement\":[{\"@type\":\"ListItem\",\"position\":1,\"item\":{\"@type\":\"WebPage\",\"@id\":\"https:\/\/amnistia.org.mx\/contenido\/\",\"url\":\"https:\/\/amnistia.org.mx\/contenido\/\",\"name\":\"Home\"}},{\"@type\":\"ListItem\",\"position\":2,\"item\":{\"@type\":\"WebPage\",\"@id\":\"https:\/\/amnistia.org.mx\/contenido\/index.php\/agente-de-policia-de-minneapolis-debe-rendir-cuentas-del-uso-de-medios-letales\/\",\"url\":\"https:\/\/amnistia.org.mx\/contenido\/index.php\/agente-de-policia-de-minneapolis-debe-rendir-cuentas-del-uso-de-medios-letales\/\",\"name\":\"Agente de polic\\u00eda de Minneapolis debe rendir cuentas del uso de medios letales\"}}]},{\"@type\":[\"Person\"],\"@id\":\"https:\/\/amnistia.org.mx\/contenido\/#\/schema\/person\/7db421c495688267ce8ede4625c17fa5\",\"name\":\"Alejandro Ju\\u00e1rez Gamero\",\"image\":{\"@type\":\"ImageObject\",\"@id\":\"https:\/\/amnistia.org.mx\/contenido\/#personlogo\",\"inLanguage\":\"es-MX\",\"url\":\"https:\/\/secure.gravatar.com\/avatar\/e312d5566d1c3ffb56f86415d6f0e606?s=96&d=mm&r=g\",\"caption\":\"Alejandro Ju\\u00e1rez Gamero\"}}]}<\/script>\n<!-- \/ Yoast SEO plugin. -->","_links":{"self":[{"href":"https:\/\/amnistia.org.mx\/contenido\/index.php\/wp-json\/wp\/v2\/posts\/10477"}],"collection":[{"href":"https:\/\/amnistia.org.mx\/contenido\/index.php\/wp-json\/wp\/v2\/posts"}],"about":[{"href":"https:\/\/amnistia.org.mx\/contenido\/index.php\/wp-json\/wp\/v2\/types\/post"}],"author":[{"embeddable":true,"href":"https:\/\/amnistia.org.mx\/contenido\/index.php\/wp-json\/wp\/v2\/users\/4"}],"replies":[{"embeddable":true,"href":"https:\/\/amnistia.org.mx\/contenido\/index.php\/wp-json\/wp\/v2\/comments?post=10477"}],"version-history":[{"count":4,"href":"https:\/\/amnistia.org.mx\/contenido\/index.php\/wp-json\/wp\/v2\/posts\/10477\/revisions"}],"predecessor-version":[{"id":10485,"href":"https:\/\/amnistia.org.mx\/contenido\/index.php\/wp-json\/wp\/v2\/posts\/10477\/revisions\/10485"}],"wp:featuredmedia":[{"embeddable":true,"href":"https:\/\/amnistia.org.mx\/contenido\/index.php\/wp-json\/wp\/v2\/media\/10480"}],"wp:attachment":[{"href":"https:\/\/amnistia.org.mx\/contenido\/index.php\/wp-json\/wp\/v2\/media?parent=10477"}],"wp:term":[{"taxonomy":"category","embeddable":true,"href":"https:\/\/amnistia.org.mx\/contenido\/index.php\/wp-json\/wp\/v2\/categories?post=10477"},{"taxonomy":"post_tag","embeddable":true,"href":"https:\/\/amnistia.org.mx\/contenido\/index.php\/wp-json\/wp\/v2\/tags?post=10477"}],"curies":[{"name":"wp","href":"https:\/\/api.w.org\/{rel}","templated":true}]}}