
{"id":10496,"date":"2020-06-01T20:59:16","date_gmt":"2020-06-01T20:59:16","guid":{"rendered":"https:\/\/amnistia.org.mx\/contenido\/?p=10496"},"modified":"2020-06-01T20:59:18","modified_gmt":"2020-06-01T20:59:18","slug":"eeuu-la-policia-pone-vidas-en-peligro-al-no-garantizar-el-derecho-de-protesta","status":"publish","type":"post","link":"https:\/\/amnistia.org.mx\/contenido\/index.php\/eeuu-la-policia-pone-vidas-en-peligro-al-no-garantizar-el-derecho-de-protesta\/","title":{"rendered":"EEUU: La polic\u00eda pone vidas en peligro al no garantizar el derecho de protesta"},"content":{"rendered":"\n<p>Rachel Ward, directora de Investigaci\u00f3n Nacional de Amnist\u00eda Internacional Estados Unidos, ha hecho la siguiente declaraci\u00f3n sobre la respuesta policial a las protestas de este fin de semana en ciudades de todo el pa\u00eds:<\/p>\n\n\n\n<p><strong>\u201cEn todo Estados Unidos, las fuerzas policiales est\u00e1n incumpliendo sus obligaciones en virtud del derecho internacional de respetar y facilitar el derecho a la protesta pac\u00edfica, y con ello est\u00e1n agravando la tensa situaci\u00f3n existente y poniendo en peligro la vida de manifestantes<\/strong>. En una ciudad tras otra estamos viendo actos que pueden calificarse de uso innecesario o excesivo de la fuerza. Pedimos que semejante uso de la fuerza acabe de inmediato y que los cuerpos encargados de hacer cumplir la ley garanticen y protejan el leg\u00edtimo derecho a protestar.<\/p>\n\n\n\n<p>Utilizar material pesado antidisturbios, as\u00ed como equipos y armas de uso militar, para controlar manifestaciones en gran medida pac\u00edficas, puede intimidar a quienes ejercen su derecho de reuni\u00f3n pac\u00edfica participando en ellas. Estas t\u00e1cticas pueden incluso dar lugar a una escalada de la violencia<strong>. Dotar a los agentes de un equipamiento m\u00e1s propio del campo de batalla puede inducirles a pensar que el enfrentamiento y el conflicto son inevitables<\/strong>. La polic\u00eda debe contribuir a rebajar la tensi\u00f3n antes de que la situaci\u00f3n empeore. Deben desmilitarizar su enfoque y entablar di\u00e1logo con los organizadores de la protesta para rebajar la tensi\u00f3n e impedir que estalle la violencia, o pararla en cuanto estalle, a fin de proteger el derecho de reuni\u00f3n pac\u00edfica.<\/p>\n\n\n\n<p>Todo uso innecesario o excesivo de la fuerza debe cesar de inmediato, todos los casos de posible uso innecesario o excesivo de la fuerza contra manifestantes deben ser investigados y todos los funcionarios que hayan incumplido la ley deben ser obligados a rendir cuentas.<\/p>\n\n\n\n<p>Adem\u00e1s, pedimos al gobierno federal y a los estados y ciudades del pa\u00eds que act\u00faen de forma r\u00e1pida y significativa para abordar las causas fundamentales de estas protestas y <strong>tomen medidas inmediatas para acabar con los homicidios ileg\u00edtimos de personas negras, entre otras, a manos de la polic\u00eda<\/strong>. Se debe procesar a agentes, todos los estados de la naci\u00f3n deben aprobar leyes que limiten el uso de medios letales como medida de \u00faltimo recurso para evitar un peligro inminente para la vida, y el Congreso deber\u00eda aprobar la Ley PEACE para sentar una norma federal e incentivar la reforma en los estados.<\/p>\n\n\n\n<p>El racismo y el supremacismo blanco fomentan estos homicidios y la respuesta policial a las protestas. El gobierno federal deber\u00eda establecer una comisi\u00f3n nacional para abordar todos los aspectos de esta crisis, incluidos los homicidios cometidos por la polic\u00eda, el derecho de protesta y poner fin a la discriminaci\u00f3n. El presidente Trump debe poner fin a sus discursos y pol\u00edticas violentas y discriminatorias.<\/p>\n\n\n\n<p>El gobierno de Estados Unidos, en todos sus niveles, debe garantizar el derecho a la protesta consagrado en el derecho internacional.\u201d<\/p>\n\n\n\n<p><strong>Informaci\u00f3n complementaria<\/strong><\/p>\n\n\n\n<p>En los siguientes enlaces encontrar\u00e1n m\u00e1s investigaci\u00f3n y declaraciones de Amnist\u00eda Internacional Estados Unidos acerca de la actuaci\u00f3n policial, el derecho de protesta y los \u00faltimos acontecimientos en Mine\u00e1polis:<\/p>\n\n\n\n<ul><li>Documento: <a href=\"https:\/\/www.amnestyusa.org\/files\/pdfs\/good_practice_for_law_enforcement_for_policing_demonstrations.pdf\" target=\"_blank\" rel=\"noreferrer noopener\">Good Practice for Law Enforcement Officials Policing Demonstrations<\/a><\/li><li>Informe: <a href=\"https:\/\/www.amnestyusa.org\/wp-content\/uploads\/2015\/06\/aiusa_deadlyforcereportjune2015-1.pdf\" target=\"_blank\" rel=\"noreferrer noopener\">Deadly Force: Police Use of Lethal Force in the United States<\/a><\/li><li>Comunicado de prensa: <a href=\"https:\/\/www.amnestyusa.org\/press-releases\/minneapolis-police-should-be-accountable\/\" target=\"_blank\" rel=\"noreferrer noopener\">Minneapolis Police Officer Must be Held Accountable for Use of Deadly Force<\/a><\/li><li>Informe: <a href=\"https:\/\/www.amnestyusa.org\/wp-content\/uploads\/2017\/04\/onthestreetsofamericaamnestyinternational.pdf\" target=\"_blank\" rel=\"noreferrer noopener\">On the Streets of America: Human Rights Abuses in Ferguson<\/a><\/li><\/ul>\n\n\n\n<p><strong>Contacto:<\/strong> Andr\u00e9 Ory, <a href=\"mailto:aiusa@fenton.com\" target=\"_blank\" rel=\"noreferrer noopener\">aiusa@fenton.com<\/a><\/p>\n","protected":false},"excerpt":{"rendered":"<p>Rachel Ward, directora de Investigaci\u00f3n Nacional de Amnist\u00eda Internacional Estados Unidos, ha hecho la siguiente declaraci\u00f3n sobre la respuesta policial a las protestas de este fin de semana en ciudades &hellip;<\/p>\n<p class=\"read-more\"> <a class=\"\" href=\"https:\/\/amnistia.org.mx\/contenido\/index.php\/eeuu-la-policia-pone-vidas-en-peligro-al-no-garantizar-el-derecho-de-protesta\/\"> <span class=\"screen-reader-text\">EEUU: La polic\u00eda pone vidas en peligro al no garantizar el derecho de protesta<\/span> Leer m\u00e1s &raquo;<\/a><\/p>\n","protected":false},"author":4,"featured_media":10499,"comment_status":"open","ping_status":"open","sticky":false,"template":"","format":"standard","meta":{"_uf_show_specific_survey":0,"_uf_disable_surveys":false,"site-sidebar-layout":"default","site-content-layout":"default","ast-global-header-display":"","ast-main-header-display":"","ast-hfb-above-header-display":"","ast-hfb-below-header-display":"","ast-hfb-mobile-header-display":"","site-post-title":"","ast-breadcrumbs-content":"","ast-featured-img":"","footer-sml-layout":"","theme-transparent-header-meta":"default","adv-header-id-meta":"","stick-header-meta":"","header-above-stick-meta":"","header-main-stick-meta":"","header-below-stick-meta":""},"categories":[9],"tags":[40],"acf":[],"aioseo_notices":[],"yoast_head":"<!-- This site is optimized with the Yoast SEO plugin v14.5 - https:\/\/yoast.com\/wordpress\/plugins\/seo\/ -->\n<title>EEUU: La polic\u00eda pone vidas en peligro al no garantizar el derecho de protesta - amnistia.org.mx<\/title>\n<meta name=\"robots\" content=\"index, follow\" \/>\n<meta name=\"googlebot\" content=\"index, follow, max-snippet:-1, max-image-preview:large, max-video-preview:-1\" \/>\n<meta name=\"bingbot\" content=\"index, follow, max-snippet:-1, max-image-preview:large, max-video-preview:-1\" \/>\n<link rel=\"canonical\" href=\"https:\/\/amnistia.org.mx\/contenido\/index.php\/eeuu-la-policia-pone-vidas-en-peligro-al-no-garantizar-el-derecho-de-protesta\/\" \/>\n<meta property=\"og:locale\" content=\"es_MX\" \/>\n<meta property=\"og:type\" content=\"article\" \/>\n<meta property=\"og:title\" content=\"EEUU: La polic\u00eda pone vidas en peligro al no garantizar el derecho de protesta - amnistia.org.mx\" \/>\n<meta property=\"og:description\" content=\"Rachel Ward, directora de Investigaci\u00f3n Nacional de Amnist\u00eda Internacional Estados Unidos, ha hecho la siguiente declaraci\u00f3n sobre la respuesta policial a las protestas de este fin de semana en ciudades &hellip; EEUU: La polic\u00eda pone vidas en peligro al no garantizar el derecho de protesta Leer m\u00e1s &raquo;\" \/>\n<meta property=\"og:url\" content=\"https:\/\/amnistia.org.mx\/contenido\/index.php\/eeuu-la-policia-pone-vidas-en-peligro-al-no-garantizar-el-derecho-de-protesta\/\" \/>\n<meta property=\"og:site_name\" content=\"amnistia.org.mx\" \/>\n<meta property=\"article:published_time\" content=\"2020-06-01T20:59:16+00:00\" \/>\n<meta property=\"article:modified_time\" content=\"2020-06-01T20:59:18+00:00\" \/>\n<meta property=\"og:image\" content=\"https:\/\/amnistia.org.mx\/contenido\/wp-content\/uploads\/2020\/06\/172917-1.jpg\" \/>\n\t<meta property=\"og:image:width\" content=\"826\" \/>\n\t<meta property=\"og:image:height\" content=\"550\" \/>\n<meta name=\"twitter:card\" content=\"summary_large_image\" \/>\n<script type=\"application\/ld+json\" class=\"yoast-schema-graph\">{\"@context\":\"https:\/\/schema.org\",\"@graph\":[{\"@type\":\"WebSite\",\"@id\":\"https:\/\/amnistia.org.mx\/contenido\/#website\",\"url\":\"https:\/\/amnistia.org.mx\/contenido\/\",\"name\":\"amnistia.org.mx\",\"description\":\"Nueva p\\u00e1gina de Amnist\\u00eda\",\"potentialAction\":[{\"@type\":\"SearchAction\",\"target\":\"https:\/\/amnistia.org.mx\/contenido\/?s={search_term_string}\",\"query-input\":\"required name=search_term_string\"}],\"inLanguage\":\"es-MX\"},{\"@type\":\"ImageObject\",\"@id\":\"https:\/\/amnistia.org.mx\/contenido\/index.php\/eeuu-la-policia-pone-vidas-en-peligro-al-no-garantizar-el-derecho-de-protesta\/#primaryimage\",\"inLanguage\":\"es-MX\",\"url\":\"https:\/\/amnistia.org.mx\/contenido\/wp-content\/uploads\/2020\/06\/172917-1.jpg\",\"width\":826,\"height\":550,\"caption\":\"ATT Press Conference on 18th March at USA embassy. Placard reads 'no arms for atrocities'\"},{\"@type\":\"WebPage\",\"@id\":\"https:\/\/amnistia.org.mx\/contenido\/index.php\/eeuu-la-policia-pone-vidas-en-peligro-al-no-garantizar-el-derecho-de-protesta\/#webpage\",\"url\":\"https:\/\/amnistia.org.mx\/contenido\/index.php\/eeuu-la-policia-pone-vidas-en-peligro-al-no-garantizar-el-derecho-de-protesta\/\",\"name\":\"EEUU: La polic\\u00eda pone vidas en peligro al no garantizar el derecho de protesta - amnistia.org.mx\",\"isPartOf\":{\"@id\":\"https:\/\/amnistia.org.mx\/contenido\/#website\"},\"primaryImageOfPage\":{\"@id\":\"https:\/\/amnistia.org.mx\/contenido\/index.php\/eeuu-la-policia-pone-vidas-en-peligro-al-no-garantizar-el-derecho-de-protesta\/#primaryimage\"},\"datePublished\":\"2020-06-01T20:59:16+00:00\",\"dateModified\":\"2020-06-01T20:59:18+00:00\",\"author\":{\"@id\":\"https:\/\/amnistia.org.mx\/contenido\/#\/schema\/person\/7db421c495688267ce8ede4625c17fa5\"},\"breadcrumb\":{\"@id\":\"https:\/\/amnistia.org.mx\/contenido\/index.php\/eeuu-la-policia-pone-vidas-en-peligro-al-no-garantizar-el-derecho-de-protesta\/#breadcrumb\"},\"inLanguage\":\"es-MX\",\"potentialAction\":[{\"@type\":\"ReadAction\",\"target\":[\"https:\/\/amnistia.org.mx\/contenido\/index.php\/eeuu-la-policia-pone-vidas-en-peligro-al-no-garantizar-el-derecho-de-protesta\/\"]}]},{\"@type\":\"BreadcrumbList\",\"@id\":\"https:\/\/amnistia.org.mx\/contenido\/index.php\/eeuu-la-policia-pone-vidas-en-peligro-al-no-garantizar-el-derecho-de-protesta\/#breadcrumb\",\"itemListElement\":[{\"@type\":\"ListItem\",\"position\":1,\"item\":{\"@type\":\"WebPage\",\"@id\":\"https:\/\/amnistia.org.mx\/contenido\/\",\"url\":\"https:\/\/amnistia.org.mx\/contenido\/\",\"name\":\"Home\"}},{\"@type\":\"ListItem\",\"position\":2,\"item\":{\"@type\":\"WebPage\",\"@id\":\"https:\/\/amnistia.org.mx\/contenido\/index.php\/eeuu-la-policia-pone-vidas-en-peligro-al-no-garantizar-el-derecho-de-protesta\/\",\"url\":\"https:\/\/amnistia.org.mx\/contenido\/index.php\/eeuu-la-policia-pone-vidas-en-peligro-al-no-garantizar-el-derecho-de-protesta\/\",\"name\":\"EEUU: La polic\\u00eda pone vidas en peligro al no garantizar el derecho de protesta\"}}]},{\"@type\":[\"Person\"],\"@id\":\"https:\/\/amnistia.org.mx\/contenido\/#\/schema\/person\/7db421c495688267ce8ede4625c17fa5\",\"name\":\"Alejandro Ju\\u00e1rez Gamero\",\"image\":{\"@type\":\"ImageObject\",\"@id\":\"https:\/\/amnistia.org.mx\/contenido\/#personlogo\",\"inLanguage\":\"es-MX\",\"url\":\"https:\/\/secure.gravatar.com\/avatar\/e312d5566d1c3ffb56f86415d6f0e606?s=96&d=mm&r=g\",\"caption\":\"Alejandro Ju\\u00e1rez Gamero\"}}]}<\/script>\n<!-- \/ Yoast SEO plugin. -->","_links":{"self":[{"href":"https:\/\/amnistia.org.mx\/contenido\/index.php\/wp-json\/wp\/v2\/posts\/10496"}],"collection":[{"href":"https:\/\/amnistia.org.mx\/contenido\/index.php\/wp-json\/wp\/v2\/posts"}],"about":[{"href":"https:\/\/amnistia.org.mx\/contenido\/index.php\/wp-json\/wp\/v2\/types\/post"}],"author":[{"embeddable":true,"href":"https:\/\/amnistia.org.mx\/contenido\/index.php\/wp-json\/wp\/v2\/users\/4"}],"replies":[{"embeddable":true,"href":"https:\/\/amnistia.org.mx\/contenido\/index.php\/wp-json\/wp\/v2\/comments?post=10496"}],"version-history":[{"count":4,"href":"https:\/\/amnistia.org.mx\/contenido\/index.php\/wp-json\/wp\/v2\/posts\/10496\/revisions"}],"predecessor-version":[{"id":10503,"href":"https:\/\/amnistia.org.mx\/contenido\/index.php\/wp-json\/wp\/v2\/posts\/10496\/revisions\/10503"}],"wp:featuredmedia":[{"embeddable":true,"href":"https:\/\/amnistia.org.mx\/contenido\/index.php\/wp-json\/wp\/v2\/media\/10499"}],"wp:attachment":[{"href":"https:\/\/amnistia.org.mx\/contenido\/index.php\/wp-json\/wp\/v2\/media?parent=10496"}],"wp:term":[{"taxonomy":"category","embeddable":true,"href":"https:\/\/amnistia.org.mx\/contenido\/index.php\/wp-json\/wp\/v2\/categories?post=10496"},{"taxonomy":"post_tag","embeddable":true,"href":"https:\/\/amnistia.org.mx\/contenido\/index.php\/wp-json\/wp\/v2\/tags?post=10496"}],"curies":[{"name":"wp","href":"https:\/\/api.w.org\/{rel}","templated":true}]}}