
{"id":10817,"date":"2020-06-24T17:49:04","date_gmt":"2020-06-24T17:49:04","guid":{"rendered":"https:\/\/amnistia.org.mx\/contenido\/?p=10817"},"modified":"2020-06-24T17:50:30","modified_gmt":"2020-06-24T17:50:30","slug":"unete-a-la-xlii-edicion-de-la-marcha-del-orgullo-lgbttti","status":"publish","type":"post","link":"https:\/\/amnistia.org.mx\/contenido\/index.php\/unete-a-la-xlii-edicion-de-la-marcha-del-orgullo-lgbttti\/","title":{"rendered":"\u00danete a la XLII Edici\u00f3n de la Marcha del Orgullo LGBTTTI+"},"content":{"rendered":"\n<p>Por primera vez en la historia y a ra\u00edz de la contingencia sanitaria por COVID-19 que estamos viviendo actualmente, la XLII Edici\u00f3n de la Marcha del Orgullo LGBTTTI+ ser\u00e1 100% digital.<\/p>\n\n\n\n<p>Como recordar\u00e1s, el movimiento de la comunidad LGBTI+ en M\u00e9xico tuvo sus inicios en 1978. A lo largo de 42 a\u00f1os, la marcha ha ido agarrando fuerza y cada vez m\u00e1s personas se suman para brindar su apoyo y visibilizar las exigencias para el respeto de los derechos humanos para toda la comunidad.<\/p>\n\n\n\n<p>En esta ocasi\u00f3n, el evento programado para el pr\u00f3ximo s\u00e1bado 27 de junio de 2020 se llevar\u00e1 a cabo de manera in\u00e9dita sin salir a las calles a manifestarse, Sin embargo, toda la acci\u00f3n se podr\u00e1 seguir a trav\u00e9s de los canales digitales.<\/p>\n\n\n\n<p>Las actividades virtuales iniciar\u00e1n a partir de las 12:00 horas donde, como todos los a\u00f1os, personalidades del medio art\u00edstico, comit\u00e9s organizadores, y diversas organizaciones participar\u00e1n.<\/p>\n\n\n\n<p>Tal es el caso de Amnist\u00eda Internacional que, como todos los a\u00f1os, se sumar\u00e1 al evento a trav\u00e9s de redes sociales mediante la din\u00e1mica de crear desde casa un arco\u00edris de forma creativa. Te invitamos a sumarte a esta acci\u00f3n Digital subiendo a redes una foto de tu arco\u00edris, etiquet\u00e1ndonos y usando los hashtags #ElOrgulloPermanece y #Pride2020<\/p>\n\n\n\n<p>En <a href=\"https:\/\/www.instagram.com\/aimexico\/\">nuestra cuenta de Instagram<\/a> puedes encontrar algunas ideas para sumarte a nuestra din\u00e1mica y alzar la voz para valer los derechos de toda la comunidad LGBTI+.<\/p>\n","protected":false},"excerpt":{"rendered":"<p>Por primera vez en la historia y a ra\u00edz de la contingencia sanitaria por COVID-19 que estamos viviendo actualmente, la XLII Edici\u00f3n de la Marcha del Orgullo LGBTTTI+ ser\u00e1 100% &hellip;<\/p>\n<p class=\"read-more\"> <a class=\"\" href=\"https:\/\/amnistia.org.mx\/contenido\/index.php\/unete-a-la-xlii-edicion-de-la-marcha-del-orgullo-lgbttti\/\"> <span class=\"screen-reader-text\">\u00danete a la XLII Edici\u00f3n de la Marcha del Orgullo LGBTTTI+<\/span> Leer m\u00e1s &raquo;<\/a><\/p>\n","protected":false},"author":5,"featured_media":10820,"comment_status":"open","ping_status":"open","sticky":false,"template":"","format":"standard","meta":{"_uf_show_specific_survey":0,"_uf_disable_surveys":false,"site-sidebar-layout":"default","site-content-layout":"default","ast-global-header-display":"","ast-main-header-display":"","ast-hfb-above-header-display":"","ast-hfb-below-header-display":"","ast-hfb-mobile-header-display":"","site-post-title":"","ast-breadcrumbs-content":"","ast-featured-img":"","footer-sml-layout":"","theme-transparent-header-meta":"default","adv-header-id-meta":"","stick-header-meta":"","header-above-stick-meta":"","header-main-stick-meta":"","header-below-stick-meta":""},"categories":[9],"tags":[25],"acf":[],"aioseo_notices":[],"yoast_head":"<!-- This site is optimized with the Yoast SEO plugin v14.5 - https:\/\/yoast.com\/wordpress\/plugins\/seo\/ -->\n<title>\u00danete a la XLII Edici\u00f3n de la Marcha del Orgullo LGBTTTI+ - amnistia.org.mx<\/title>\n<meta name=\"robots\" content=\"index, follow\" \/>\n<meta name=\"googlebot\" content=\"index, follow, max-snippet:-1, max-image-preview:large, max-video-preview:-1\" \/>\n<meta name=\"bingbot\" content=\"index, follow, max-snippet:-1, max-image-preview:large, max-video-preview:-1\" \/>\n<link rel=\"canonical\" href=\"https:\/\/amnistia.org.mx\/contenido\/index.php\/unete-a-la-xlii-edicion-de-la-marcha-del-orgullo-lgbttti\/\" \/>\n<meta property=\"og:locale\" content=\"es_MX\" \/>\n<meta property=\"og:type\" content=\"article\" \/>\n<meta property=\"og:title\" content=\"\u00danete a la XLII Edici\u00f3n de la Marcha del Orgullo LGBTTTI+ - amnistia.org.mx\" \/>\n<meta property=\"og:description\" content=\"Por primera vez en la historia y a ra\u00edz de la contingencia sanitaria por COVID-19 que estamos viviendo actualmente, la XLII Edici\u00f3n de la Marcha del Orgullo LGBTTTI+ ser\u00e1 100% &hellip; \u00danete a la XLII Edici\u00f3n de la Marcha del Orgullo LGBTTTI+ Leer m\u00e1s &raquo;\" \/>\n<meta property=\"og:url\" content=\"https:\/\/amnistia.org.mx\/contenido\/index.php\/unete-a-la-xlii-edicion-de-la-marcha-del-orgullo-lgbttti\/\" \/>\n<meta property=\"og:site_name\" content=\"amnistia.org.mx\" \/>\n<meta property=\"article:published_time\" content=\"2020-06-24T17:49:04+00:00\" \/>\n<meta property=\"article:modified_time\" content=\"2020-06-24T17:50:30+00:00\" \/>\n<meta property=\"og:image\" content=\"https:\/\/amnistia.org.mx\/contenido\/wp-content\/uploads\/2020\/06\/Destacado-noticia-1.png\" \/>\n\t<meta property=\"og:image:width\" content=\"1600\" \/>\n\t<meta property=\"og:image:height\" content=\"900\" \/>\n<meta name=\"twitter:card\" content=\"summary_large_image\" \/>\n<script type=\"application\/ld+json\" class=\"yoast-schema-graph\">{\"@context\":\"https:\/\/schema.org\",\"@graph\":[{\"@type\":\"WebSite\",\"@id\":\"https:\/\/amnistia.org.mx\/contenido\/#website\",\"url\":\"https:\/\/amnistia.org.mx\/contenido\/\",\"name\":\"amnistia.org.mx\",\"description\":\"Nueva p\\u00e1gina de Amnist\\u00eda\",\"potentialAction\":[{\"@type\":\"SearchAction\",\"target\":\"https:\/\/amnistia.org.mx\/contenido\/?s={search_term_string}\",\"query-input\":\"required name=search_term_string\"}],\"inLanguage\":\"es-MX\"},{\"@type\":\"ImageObject\",\"@id\":\"https:\/\/amnistia.org.mx\/contenido\/index.php\/unete-a-la-xlii-edicion-de-la-marcha-del-orgullo-lgbttti\/#primaryimage\",\"inLanguage\":\"es-MX\",\"url\":\"https:\/\/amnistia.org.mx\/contenido\/wp-content\/uploads\/2020\/06\/Destacado-noticia-1.png\",\"width\":1600,\"height\":900},{\"@type\":\"WebPage\",\"@id\":\"https:\/\/amnistia.org.mx\/contenido\/index.php\/unete-a-la-xlii-edicion-de-la-marcha-del-orgullo-lgbttti\/#webpage\",\"url\":\"https:\/\/amnistia.org.mx\/contenido\/index.php\/unete-a-la-xlii-edicion-de-la-marcha-del-orgullo-lgbttti\/\",\"name\":\"\\u00danete a la XLII Edici\\u00f3n de la Marcha del Orgullo LGBTTTI+ - amnistia.org.mx\",\"isPartOf\":{\"@id\":\"https:\/\/amnistia.org.mx\/contenido\/#website\"},\"primaryImageOfPage\":{\"@id\":\"https:\/\/amnistia.org.mx\/contenido\/index.php\/unete-a-la-xlii-edicion-de-la-marcha-del-orgullo-lgbttti\/#primaryimage\"},\"datePublished\":\"2020-06-24T17:49:04+00:00\",\"dateModified\":\"2020-06-24T17:50:30+00:00\",\"author\":{\"@id\":\"https:\/\/amnistia.org.mx\/contenido\/#\/schema\/person\/3936b1aa68bc541b6b24363d8660d450\"},\"breadcrumb\":{\"@id\":\"https:\/\/amnistia.org.mx\/contenido\/index.php\/unete-a-la-xlii-edicion-de-la-marcha-del-orgullo-lgbttti\/#breadcrumb\"},\"inLanguage\":\"es-MX\",\"potentialAction\":[{\"@type\":\"ReadAction\",\"target\":[\"https:\/\/amnistia.org.mx\/contenido\/index.php\/unete-a-la-xlii-edicion-de-la-marcha-del-orgullo-lgbttti\/\"]}]},{\"@type\":\"BreadcrumbList\",\"@id\":\"https:\/\/amnistia.org.mx\/contenido\/index.php\/unete-a-la-xlii-edicion-de-la-marcha-del-orgullo-lgbttti\/#breadcrumb\",\"itemListElement\":[{\"@type\":\"ListItem\",\"position\":1,\"item\":{\"@type\":\"WebPage\",\"@id\":\"https:\/\/amnistia.org.mx\/contenido\/\",\"url\":\"https:\/\/amnistia.org.mx\/contenido\/\",\"name\":\"Home\"}},{\"@type\":\"ListItem\",\"position\":2,\"item\":{\"@type\":\"WebPage\",\"@id\":\"https:\/\/amnistia.org.mx\/contenido\/index.php\/unete-a-la-xlii-edicion-de-la-marcha-del-orgullo-lgbttti\/\",\"url\":\"https:\/\/amnistia.org.mx\/contenido\/index.php\/unete-a-la-xlii-edicion-de-la-marcha-del-orgullo-lgbttti\/\",\"name\":\"\\u00danete a la XLII Edici\\u00f3n de la Marcha del Orgullo LGBTTTI+\"}}]},{\"@type\":[\"Person\"],\"@id\":\"https:\/\/amnistia.org.mx\/contenido\/#\/schema\/person\/3936b1aa68bc541b6b24363d8660d450\",\"name\":\"ana.suarez\",\"image\":{\"@type\":\"ImageObject\",\"@id\":\"https:\/\/amnistia.org.mx\/contenido\/#personlogo\",\"inLanguage\":\"es-MX\",\"url\":\"https:\/\/secure.gravatar.com\/avatar\/fc20f29d5667e5d044f428d0c4f49a87?s=96&d=mm&r=g\",\"caption\":\"ana.suarez\"}}]}<\/script>\n<!-- \/ Yoast SEO plugin. -->","_links":{"self":[{"href":"https:\/\/amnistia.org.mx\/contenido\/index.php\/wp-json\/wp\/v2\/posts\/10817"}],"collection":[{"href":"https:\/\/amnistia.org.mx\/contenido\/index.php\/wp-json\/wp\/v2\/posts"}],"about":[{"href":"https:\/\/amnistia.org.mx\/contenido\/index.php\/wp-json\/wp\/v2\/types\/post"}],"author":[{"embeddable":true,"href":"https:\/\/amnistia.org.mx\/contenido\/index.php\/wp-json\/wp\/v2\/users\/5"}],"replies":[{"embeddable":true,"href":"https:\/\/amnistia.org.mx\/contenido\/index.php\/wp-json\/wp\/v2\/comments?post=10817"}],"version-history":[{"count":1,"href":"https:\/\/amnistia.org.mx\/contenido\/index.php\/wp-json\/wp\/v2\/posts\/10817\/revisions"}],"predecessor-version":[{"id":10819,"href":"https:\/\/amnistia.org.mx\/contenido\/index.php\/wp-json\/wp\/v2\/posts\/10817\/revisions\/10819"}],"wp:featuredmedia":[{"embeddable":true,"href":"https:\/\/amnistia.org.mx\/contenido\/index.php\/wp-json\/wp\/v2\/media\/10820"}],"wp:attachment":[{"href":"https:\/\/amnistia.org.mx\/contenido\/index.php\/wp-json\/wp\/v2\/media?parent=10817"}],"wp:term":[{"taxonomy":"category","embeddable":true,"href":"https:\/\/amnistia.org.mx\/contenido\/index.php\/wp-json\/wp\/v2\/categories?post=10817"},{"taxonomy":"post_tag","embeddable":true,"href":"https:\/\/amnistia.org.mx\/contenido\/index.php\/wp-json\/wp\/v2\/tags?post=10817"}],"curies":[{"name":"wp","href":"https:\/\/api.w.org\/{rel}","templated":true}]}}