
{"id":10957,"date":"2020-07-06T18:51:22","date_gmt":"2020-07-06T18:51:22","guid":{"rendered":"https:\/\/amnistia.org.mx\/contenido\/?p=10957"},"modified":"2020-07-06T18:51:23","modified_gmt":"2020-07-06T18:51:23","slug":"marruecos-y-sahara-occidental-la-campana-de-desprestigio-contra-amnistia-internacional-demuestra-que-el-gobierno-no-tolera-el-escrutinio","status":"publish","type":"post","link":"https:\/\/amnistia.org.mx\/contenido\/index.php\/marruecos-y-sahara-occidental-la-campana-de-desprestigio-contra-amnistia-internacional-demuestra-que-el-gobierno-no-tolera-el-escrutinio\/","title":{"rendered":"Marruecos y S\u00e1hara Occidental: La campa\u00f1a de desprestigio contra Amnist\u00eda Internacional demuestra que el gobierno no tolera el escrutinio"},"content":{"rendered":"\n<p>Los ataques de las autoridades marroqu\u00edes a la credibilidad de Amnist\u00eda Internacional, y la campa\u00f1a orquestada de desprestigio contra la oficina de Amnist\u00eda Marruecos en Rabat, demuestran hasta qu\u00e9 punto no toleran el escrutinio ni las cr\u00edticas leg\u00edtimas a su historial en materia de derechos humanos, expres\u00f3 el movimiento.<\/p>\n\n\n\n<p>La respuesta del gobierno llega poco m\u00e1s de una semana despu\u00e9s de que la organizaci\u00f3n publicara un <a href=\"https:\/\/www.amnesty.org\/en\/latest\/research\/2020\/06\/moroccan-journalist-targeted-with-network-injection-attacks-using-nso-groups-tools\/\" target=\"_blank\" rel=\"noreferrer noopener\">informe<\/a>, el 22 de junio, donde revela que las autoridades utilizaron software esp\u00eda de NSO Group para someter al periodista independiente Omar Radi, a vigilancia ilegal. Amnist\u00eda Internacional envi\u00f3 al gobierno marroqu\u00ed una <a href=\"https:\/\/www.amnesty.org\/en\/documents\/mde29\/2652\/2020\/en\/\" target=\"_blank\" rel=\"noreferrer noopener\">carta,<\/a> el 3 de julio, con las conclusiones de su investigaci\u00f3n y m\u00e1s detalles de la metodolog\u00eda utilizada en ella.<\/p>\n\n\n\n<p>&#8220;Esta campa\u00f1a difamatoria y las falsedades vertidas contra Amnist\u00eda Internacional, son un intento de desacreditar una s\u00f3lida investigaci\u00f3n sobre los derechos humanos, que ha sacado a la luz una serie de casos de vigilancia il\u00edcita con productos de la empresa NSO Group. En vez de hacer un uso constructivo de las conclusiones de nuestro informe, las autoridades han optado por pasar al ataque contra el mensajero&#8221;, declar\u00f3 Heba Morayef, directora de Amnist\u00eda Internacional para Oriente Medio y el Norte de \u00c1frica.<\/p>\n\n\n\n<p>\u201cNo es la primera vez que se intenta menoscabar el trabajo de Amnist\u00eda, y en esta ocasi\u00f3n coincide con una intensa represi\u00f3n ejercida dentro del pa\u00eds. Hay decenas de activistas de los derechos humanos, periodistas independientes y manifestantes en prisi\u00f3n actualmente, y en los \u00faltimos meses las autoridades han aprovechado la pandemia de COVID-19 para <a href=\"https:\/\/www.amnesty.org\/en\/latest\/news\/2020\/06\/morocco-and-western-sahara-end-prosecution-of-activists-under-new-health-emergency-law\/\" target=\"_blank\" rel=\"noreferrer noopener\">perseguir judicialmente<\/a> a un n\u00famero mayor a\u00fan de personas que se muestran cr\u00edticas\u201d.<\/p>\n\n\n\n<p>El gobierno marroqu\u00ed ha acusado falsamente a Amnist\u00eda Internacional de no concederle el derecho de r\u00e9plica sobre las conclusiones del informe y de inventar datos y no presentar pruebas de lo que se afirma en \u00e9l. Fuentes gubernamentales no identificadas han dicho a los <a href=\"https:\/\/www.goud.ma\/%d8%ae%d8%a7%d8%b5-%d9%88%d8%a7%d8%b4-%d8%a8%d9%88%d8%b1%d9%8a%d8%b7%d8%a9-%d8%ba%d8%a7%d8%af%d9%8a-%d9%8a%d8%b9%d9%84%d9%86-%d8%a7%d9%84%d9%8a%d9%88%d9%85-%d9%82%d8%b1%d8%a7%d8%b1-%d8%a5%d8%ba-564595\/\" target=\"_blank\" rel=\"noreferrer noopener\">medios de comunicaci\u00f3n<\/a> marroqu\u00edes que el gobierno se propone cerrar la oficina de Amnist\u00eda Marruecos en Rabat.<\/p>\n\n\n\n<p>Sin embargo, el 9 de junio, dos semanas antes de la publicaci\u00f3n del informe, Amnist\u00eda Internacional notific\u00f3 oficialmente a las autoridades marroqu\u00edes, por medio de una carta enviada por correo electr\u00f3nico a cinco funcionarios del Ministerio de Derechos Humanos, su intenci\u00f3n de publicarlo. En la misma carta se invitaba al gobierno a aportar comentarios para incluirlos en el informe. No se recibi\u00f3 ninguna respuesta.<\/p>\n\n\n\n<p>Los datos recabados por Amnist\u00eda Internacional son el resultado de un an\u00e1lisis t\u00e9cnico del IPhone del periodista marroqu\u00ed Omar Radi, que encontr\u00f3 rastros de ataques de \u201cinyecci\u00f3n de red\u201d. Este descubrimiento coincid\u00eda con una <a href=\"https:\/\/www.amnesty.org\/en\/latest\/research\/2019\/10\/Morocco-Human-Rights-Defenders-Targeted-with-NSO-Groups-Spyware\/\" target=\"_blank\" rel=\"noreferrer noopener\">investigaci\u00f3n<\/a> de Amnist\u00eda Internacional, de octubre de 2019, en la que se detallaban acciones contra los defensores de los derechos humanos Maati Monjib, mediante ataques de inyecci\u00f3n de red, entre otros m\u00e9todos, y Abdessadak El Bouchattaoui, con el software esp\u00eda Pegasus, tecnolog\u00eda de vigilancia producida por le empresa NSO Group.<\/p>\n\n\n\n<p>NSO Group vend\u00e9 su software esp\u00eda Pegasus \u00fanicamente a agencias gubernamentales y organismos encargados de hacer cumplir la ley. Adem\u00e1s, los datos t\u00e9cnicos extra\u00eddos del tel\u00e9fono de Omar Radi, por el equipo de investigaci\u00f3n de la organizaci\u00f3n, indican claramente que Pegasus se instal\u00f3 mediante una forma concreta de ataque digital identificada en nuestros informes como \u201cinyecci\u00f3n de red\u201d, para la que es necesario influir en los operadores de telefon\u00eda m\u00f3vil del pa\u00eds a fin de intervenir la conexi\u00f3n m\u00f3vil a Internet de Omar, algo que s\u00f3lo un gobierno puede autorizar.<\/p>\n\n\n\n<p>Las conclusiones de Amnist\u00eda Internacional coinciden con las de otras organizaciones, como Privacy International y Citizen Lab, que han <a href=\"https:\/\/privacyinternational.org\/blog\/1394\/facing-truth-hacking-team-leak-confirms-moroccan-government-use-spyware\" target=\"_blank\" rel=\"noreferrer noopener\">documentado<\/a> la adquisici\u00f3n y uso il\u00edcito de tecnolog\u00eda de vigilancia por el gobierno marroqu\u00ed.<\/p>\n\n\n\n<p><strong>Omar Radi, investigado tras la publicaci\u00f3n del informe<\/strong><\/p>\n\n\n\n<p>Adem\u00e1s de la campa\u00f1a de desprestigio contra Amnist\u00eda Internacional, el 24 de junio, Omar Radi, el periodista mencionado en el informe de la organizaci\u00f3n como objeto de la vigilancia il\u00edcita de las autoridades marroqu\u00edes, recibi\u00f3 un citatorio para que se presentara en la Brigada Nacional de la Polic\u00eda Judicial. El 2 de julio lo citaron por segunda vez.<\/p>\n\n\n\n<p>Omar Radi es un valiente periodista que ha trabajado para varios medios de comunicaci\u00f3n nacionales e internacionales, entre ellos Atlantic Radio y TelQuel. En su trabajo ha investigado los v\u00ednculos entre los intereses empresariales y pol\u00edticos de Marruecos y ha tratado asuntos de corrupci\u00f3n y otros abusos contra los derechos humanos cometidos en el pa\u00eds. En marzo, un tribunal lo conden\u00f3 al pago de una multa y le impuso una condena de prisi\u00f3n condicional por un tuit en el que hab\u00eda criticado la sentencia condenatoria dictada contra activistas del movimiento Hirak.<\/p>\n\n\n\n<p><strong>Obstrucci\u00f3n gubernamental del trabajo de derechos humanos de Amnist\u00eda Internacional<\/strong><\/p>\n\n\n\n<p>Esta no es la primera vez que se obstaculiza el trabajo de Amnist\u00eda Internacional en Marruecos. En junio de 2015, dos miembros de los equipos de investigaci\u00f3n de la organizaci\u00f3n que estaban examinando la situaci\u00f3n de las personas migrantes y refugiadas fueron expulsados del pa\u00eds, pese a el gobierno hab\u00eda garantizado a Amnist\u00eda Internacional que pod\u00eda realizar visitas al pa\u00eds simplemente notific\u00e1ndolo.<\/p>\n\n\n\n<p>Las autoridades incluyeron tambi\u00e9n en una lista negra a un miembro del personal de Amnist\u00eda Internacional que hab\u00eda firmado un informe de 2014 sobre la tortura en el pa\u00eds; le prohibieron viajar a Marruecos tanto para hacer trabajo de investigaci\u00f3n sobre el terreno, como a t\u00edtulo personal. En septiembre del mismo a\u00f1o, prohibieron un campamento juvenil de Amnist\u00eda Internacional.<\/p>\n\n\n\n<p>\u201cLas autoridades marroqu\u00edes tienen antecedentes de adopci\u00f3n de medidas punitivas para desviar la atenci\u00f3n de su lamentable historial en materia de derechos humanos. Lo ir\u00f3nico es que, al hacerlo, confirman precisamente lo que la investigaci\u00f3n de Amnist\u00eda Internacional de los \u00faltimos meses ha revelado: la falta absoluta de tolerancia gubernamental de la libertad de expresi\u00f3n\u201d, manifest\u00f3 Heba Morayef.<\/p>\n","protected":false},"excerpt":{"rendered":"<p>Los ataques de las autoridades marroqu\u00edes a la credibilidad de Amnist\u00eda Internacional, y la campa\u00f1a orquestada de desprestigio contra la oficina de Amnist\u00eda Marruecos en Rabat, demuestran hasta qu\u00e9 punto &hellip;<\/p>\n<p class=\"read-more\"> <a class=\"\" href=\"https:\/\/amnistia.org.mx\/contenido\/index.php\/marruecos-y-sahara-occidental-la-campana-de-desprestigio-contra-amnistia-internacional-demuestra-que-el-gobierno-no-tolera-el-escrutinio\/\"> <span class=\"screen-reader-text\">Marruecos y S\u00e1hara Occidental: La campa\u00f1a de desprestigio contra Amnist\u00eda Internacional demuestra que el gobierno no tolera el escrutinio<\/span> Leer m\u00e1s &raquo;<\/a><\/p>\n","protected":false},"author":4,"featured_media":10959,"comment_status":"open","ping_status":"open","sticky":false,"template":"","format":"standard","meta":{"_uf_show_specific_survey":0,"_uf_disable_surveys":false,"site-sidebar-layout":"default","site-content-layout":"default","ast-global-header-display":"","ast-main-header-display":"","ast-hfb-above-header-display":"","ast-hfb-below-header-display":"","ast-hfb-mobile-header-display":"","site-post-title":"","ast-breadcrumbs-content":"","ast-featured-img":"","footer-sml-layout":"","theme-transparent-header-meta":"default","adv-header-id-meta":"","stick-header-meta":"","header-above-stick-meta":"","header-main-stick-meta":"","header-below-stick-meta":""},"categories":[9],"tags":[40],"acf":[],"aioseo_notices":[],"yoast_head":"<!-- This site is optimized with the Yoast SEO plugin v14.5 - https:\/\/yoast.com\/wordpress\/plugins\/seo\/ -->\n<title>Marruecos y S\u00e1hara Occidental: La campa\u00f1a de desprestigio contra Amnist\u00eda Internacional demuestra que el gobierno no tolera el escrutinio - amnistia.org.mx<\/title>\n<meta name=\"robots\" content=\"index, follow\" \/>\n<meta name=\"googlebot\" content=\"index, follow, max-snippet:-1, max-image-preview:large, max-video-preview:-1\" \/>\n<meta name=\"bingbot\" content=\"index, follow, max-snippet:-1, max-image-preview:large, max-video-preview:-1\" \/>\n<link rel=\"canonical\" href=\"https:\/\/amnistia.org.mx\/contenido\/index.php\/marruecos-y-sahara-occidental-la-campana-de-desprestigio-contra-amnistia-internacional-demuestra-que-el-gobierno-no-tolera-el-escrutinio\/\" \/>\n<meta property=\"og:locale\" content=\"es_MX\" \/>\n<meta property=\"og:type\" content=\"article\" \/>\n<meta property=\"og:title\" content=\"Marruecos y S\u00e1hara Occidental: La campa\u00f1a de desprestigio contra Amnist\u00eda Internacional demuestra que el gobierno no tolera el escrutinio - amnistia.org.mx\" \/>\n<meta property=\"og:description\" content=\"Los ataques de las autoridades marroqu\u00edes a la credibilidad de Amnist\u00eda Internacional, y la campa\u00f1a orquestada de desprestigio contra la oficina de Amnist\u00eda Marruecos en Rabat, demuestran hasta qu\u00e9 punto &hellip; Marruecos y S\u00e1hara Occidental: La campa\u00f1a de desprestigio contra Amnist\u00eda Internacional demuestra que el gobierno no tolera el escrutinio Leer m\u00e1s &raquo;\" \/>\n<meta property=\"og:url\" content=\"https:\/\/amnistia.org.mx\/contenido\/index.php\/marruecos-y-sahara-occidental-la-campana-de-desprestigio-contra-amnistia-internacional-demuestra-que-el-gobierno-no-tolera-el-escrutinio\/\" \/>\n<meta property=\"og:site_name\" content=\"amnistia.org.mx\" \/>\n<meta property=\"article:published_time\" content=\"2020-07-06T18:51:22+00:00\" \/>\n<meta property=\"article:modified_time\" content=\"2020-07-06T18:51:23+00:00\" \/>\n<meta property=\"og:image\" content=\"https:\/\/amnistia.org.mx\/contenido\/wp-content\/uploads\/2020\/07\/marruecos_6_julio_20.jpg\" \/>\n\t<meta property=\"og:image:width\" content=\"566\" \/>\n\t<meta property=\"og:image:height\" content=\"479\" \/>\n<meta name=\"twitter:card\" content=\"summary_large_image\" \/>\n<script type=\"application\/ld+json\" class=\"yoast-schema-graph\">{\"@context\":\"https:\/\/schema.org\",\"@graph\":[{\"@type\":\"WebSite\",\"@id\":\"https:\/\/amnistia.org.mx\/contenido\/#website\",\"url\":\"https:\/\/amnistia.org.mx\/contenido\/\",\"name\":\"amnistia.org.mx\",\"description\":\"Nueva p\\u00e1gina de Amnist\\u00eda\",\"potentialAction\":[{\"@type\":\"SearchAction\",\"target\":\"https:\/\/amnistia.org.mx\/contenido\/?s={search_term_string}\",\"query-input\":\"required name=search_term_string\"}],\"inLanguage\":\"es-MX\"},{\"@type\":\"ImageObject\",\"@id\":\"https:\/\/amnistia.org.mx\/contenido\/index.php\/marruecos-y-sahara-occidental-la-campana-de-desprestigio-contra-amnistia-internacional-demuestra-que-el-gobierno-no-tolera-el-escrutinio\/#primaryimage\",\"inLanguage\":\"es-MX\",\"url\":\"https:\/\/amnistia.org.mx\/contenido\/wp-content\/uploads\/2020\/07\/marruecos_6_julio_20.jpg\",\"width\":566,\"height\":479,\"caption\":\"These explainer infographics were made to accompany Amnesty Tech's 22 June 2020 report on the unlawful targeting of a Moroccan HRD by the Moroccan government using NSO Group's Pegasus spyware.\"},{\"@type\":\"WebPage\",\"@id\":\"https:\/\/amnistia.org.mx\/contenido\/index.php\/marruecos-y-sahara-occidental-la-campana-de-desprestigio-contra-amnistia-internacional-demuestra-que-el-gobierno-no-tolera-el-escrutinio\/#webpage\",\"url\":\"https:\/\/amnistia.org.mx\/contenido\/index.php\/marruecos-y-sahara-occidental-la-campana-de-desprestigio-contra-amnistia-internacional-demuestra-que-el-gobierno-no-tolera-el-escrutinio\/\",\"name\":\"Marruecos y S\\u00e1hara Occidental: La campa\\u00f1a de desprestigio contra Amnist\\u00eda Internacional demuestra que el gobierno no tolera el escrutinio - amnistia.org.mx\",\"isPartOf\":{\"@id\":\"https:\/\/amnistia.org.mx\/contenido\/#website\"},\"primaryImageOfPage\":{\"@id\":\"https:\/\/amnistia.org.mx\/contenido\/index.php\/marruecos-y-sahara-occidental-la-campana-de-desprestigio-contra-amnistia-internacional-demuestra-que-el-gobierno-no-tolera-el-escrutinio\/#primaryimage\"},\"datePublished\":\"2020-07-06T18:51:22+00:00\",\"dateModified\":\"2020-07-06T18:51:23+00:00\",\"author\":{\"@id\":\"https:\/\/amnistia.org.mx\/contenido\/#\/schema\/person\/7db421c495688267ce8ede4625c17fa5\"},\"breadcrumb\":{\"@id\":\"https:\/\/amnistia.org.mx\/contenido\/index.php\/marruecos-y-sahara-occidental-la-campana-de-desprestigio-contra-amnistia-internacional-demuestra-que-el-gobierno-no-tolera-el-escrutinio\/#breadcrumb\"},\"inLanguage\":\"es-MX\",\"potentialAction\":[{\"@type\":\"ReadAction\",\"target\":[\"https:\/\/amnistia.org.mx\/contenido\/index.php\/marruecos-y-sahara-occidental-la-campana-de-desprestigio-contra-amnistia-internacional-demuestra-que-el-gobierno-no-tolera-el-escrutinio\/\"]}]},{\"@type\":\"BreadcrumbList\",\"@id\":\"https:\/\/amnistia.org.mx\/contenido\/index.php\/marruecos-y-sahara-occidental-la-campana-de-desprestigio-contra-amnistia-internacional-demuestra-que-el-gobierno-no-tolera-el-escrutinio\/#breadcrumb\",\"itemListElement\":[{\"@type\":\"ListItem\",\"position\":1,\"item\":{\"@type\":\"WebPage\",\"@id\":\"https:\/\/amnistia.org.mx\/contenido\/\",\"url\":\"https:\/\/amnistia.org.mx\/contenido\/\",\"name\":\"Home\"}},{\"@type\":\"ListItem\",\"position\":2,\"item\":{\"@type\":\"WebPage\",\"@id\":\"https:\/\/amnistia.org.mx\/contenido\/index.php\/marruecos-y-sahara-occidental-la-campana-de-desprestigio-contra-amnistia-internacional-demuestra-que-el-gobierno-no-tolera-el-escrutinio\/\",\"url\":\"https:\/\/amnistia.org.mx\/contenido\/index.php\/marruecos-y-sahara-occidental-la-campana-de-desprestigio-contra-amnistia-internacional-demuestra-que-el-gobierno-no-tolera-el-escrutinio\/\",\"name\":\"Marruecos y S\\u00e1hara Occidental: La campa\\u00f1a de desprestigio contra Amnist\\u00eda Internacional demuestra que el gobierno no tolera el escrutinio\"}}]},{\"@type\":[\"Person\"],\"@id\":\"https:\/\/amnistia.org.mx\/contenido\/#\/schema\/person\/7db421c495688267ce8ede4625c17fa5\",\"name\":\"Alejandro Ju\\u00e1rez Gamero\",\"image\":{\"@type\":\"ImageObject\",\"@id\":\"https:\/\/amnistia.org.mx\/contenido\/#personlogo\",\"inLanguage\":\"es-MX\",\"url\":\"https:\/\/secure.gravatar.com\/avatar\/e312d5566d1c3ffb56f86415d6f0e606?s=96&d=mm&r=g\",\"caption\":\"Alejandro Ju\\u00e1rez Gamero\"}}]}<\/script>\n<!-- \/ Yoast SEO plugin. -->","_links":{"self":[{"href":"https:\/\/amnistia.org.mx\/contenido\/index.php\/wp-json\/wp\/v2\/posts\/10957"}],"collection":[{"href":"https:\/\/amnistia.org.mx\/contenido\/index.php\/wp-json\/wp\/v2\/posts"}],"about":[{"href":"https:\/\/amnistia.org.mx\/contenido\/index.php\/wp-json\/wp\/v2\/types\/post"}],"author":[{"embeddable":true,"href":"https:\/\/amnistia.org.mx\/contenido\/index.php\/wp-json\/wp\/v2\/users\/4"}],"replies":[{"embeddable":true,"href":"https:\/\/amnistia.org.mx\/contenido\/index.php\/wp-json\/wp\/v2\/comments?post=10957"}],"version-history":[{"count":1,"href":"https:\/\/amnistia.org.mx\/contenido\/index.php\/wp-json\/wp\/v2\/posts\/10957\/revisions"}],"predecessor-version":[{"id":10958,"href":"https:\/\/amnistia.org.mx\/contenido\/index.php\/wp-json\/wp\/v2\/posts\/10957\/revisions\/10958"}],"wp:featuredmedia":[{"embeddable":true,"href":"https:\/\/amnistia.org.mx\/contenido\/index.php\/wp-json\/wp\/v2\/media\/10959"}],"wp:attachment":[{"href":"https:\/\/amnistia.org.mx\/contenido\/index.php\/wp-json\/wp\/v2\/media?parent=10957"}],"wp:term":[{"taxonomy":"category","embeddable":true,"href":"https:\/\/amnistia.org.mx\/contenido\/index.php\/wp-json\/wp\/v2\/categories?post=10957"},{"taxonomy":"post_tag","embeddable":true,"href":"https:\/\/amnistia.org.mx\/contenido\/index.php\/wp-json\/wp\/v2\/tags?post=10957"}],"curies":[{"name":"wp","href":"https:\/\/api.w.org\/{rel}","templated":true}]}}