
{"id":11005,"date":"2020-07-08T16:00:56","date_gmt":"2020-07-08T16:00:56","guid":{"rendered":"https:\/\/amnistia.org.mx\/contenido\/?p=11005"},"modified":"2020-07-08T16:13:15","modified_gmt":"2020-07-08T16:13:15","slug":"comunicado-para-medios-2","status":"publish","type":"post","link":"https:\/\/amnistia.org.mx\/contenido\/index.php\/comunicado-para-medios-2\/","title":{"rendered":"COMUNICADO PARA MEDIOS"},"content":{"rendered":"\n<figure class=\"wp-block-image size-large\"><img decoding=\"async\" loading=\"lazy\" width=\"653\" height=\"98\" src=\" https:\/\/amnistia.org.mx\/contenido\/wp-content\/uploads\/2020\/05\/logos_conf_25_05_2020.png\" alt=\"\" class=\"wp-image-10360\"\/><\/figure>\n\n\n\n<p><\/p>\n\n\n\n<p><strong>Amnist\u00eda Internacional impulsa Acci\u00f3n Urgente para que el Estado mexicano garantice recursos a programas que atienden violencia contra las mujeres<\/strong><\/p>\n\n\n\n<ul><li>La medida es apoyada por Equis Justicia para las Mujeres, la Red Nacional de Refugios (RNR) y la Red Nacional de Casas de la Mujer Ind\u00edgena y Afroamericana (CAMIs)<\/li><\/ul>\n\n\n\n<ul><li>La Acci\u00f3n Urgente ser\u00e1 impulsada por las personas activistas de Amnist\u00eda Internacional en todo el mundo<\/li><\/ul>\n\n\n\n<p>Debido a la falta de claridad sobre la forma en que los recortes presupuestales afectar\u00e1n programas destinados a brindar servicios de atenci\u00f3n a las mujeres que viven violencia, y ante la reducci\u00f3n de presupuesto para las Casas de Atenci\u00f3n a la Mujer Ind\u00edgena y Afrodescendiente (CAMIs), las cuales son espacios de primer acceso y escucha de las mujeres ind\u00edgenas, Amnist\u00eda Internacional impulsa una Acci\u00f3n Urgente a nivel mundial, en la que activistas pedir\u00e1n al gobierno mexicano garantizar que todos los programas que atienden a las mujeres violentadas sigan teniendo los recursos que les permitan continuar con su labor fundamental.<\/p>\n\n\n\n<p>La Acci\u00f3n Urgente cuenta con el apoyo de Equis Justicia para las Mujeres (EQUIS), la Red Nacional de Refugios (RNR) y la Red Nacional de Casas de la Mujer Ind\u00edgena y Afroamericana (CAMIs). El llamado ser\u00e1 impulsado en todo el mundo gracias a la red de activistas de Amnist\u00eda Internacional.<\/p>\n\n\n\n<p><strong>Antecedentes<\/strong><\/p>\n\n\n\n<p>La Acci\u00f3n Urgente est\u00e1 precedida de una Carta Abierta que Amnist\u00eda Internacional, EQUIS y la RNR \u2212apoyadas por 163 organizaciones de la sociedad civil\u2212, dirigieron al Presidente de la Rep\u00fablica, Andr\u00e9s Manuel L\u00f3pez Obrador y a la Secretaria de Gobernaci\u00f3n, Olga S\u00e1nchez Cordero, el 6 de mayo de 2020.<\/p>\n\n\n\n<p>En el documento se les solicit\u00f3 detallar \u00bfqu\u00e9 programas presupuestarios est\u00e1n incluidos en el punto 38 del inciso V, del decreto de austeridad publicado en el Diario Oficial de la Federaci\u00f3n el 23 de abril 2020?, y si \u00e9stos cuentan con el presupuesto necesario para seguir su operaci\u00f3n durante la contingencia sanitaria, y a\u00fan despu\u00e9s de \u00e9sta, dado que el decreto est\u00e1 vigente hasta el 31 de diciembre de 2020.<\/p>\n\n\n\n<p><strong>Sin claridad sobre el tema<\/strong><\/p>\n\n\n\n<p>Como resultado de la Carta Abierta, Amnist\u00eda Internacional, Equis Justicia para las Mujeres, la Red Nacional de Refugios y la Red Nacional de Casas de la Mujer Ind\u00edgena y Afroamericana, tuvieron una reuni\u00f3n con la Secretaria de Gobierno, Olga S\u00e1nchez Cordero, el 22 de mayo de 2020. En la reuni\u00f3n estuvieron presentes las titulares de las dependencias gubernamentales a cargo de la atenci\u00f3n a la violencia contra las mujeres.<\/p>\n\n\n\n<p>Sin embargo, en el encuentro no hubo respuesta clara a la pregunta planteada en la Carta Abierta. Al d\u00eda de hoy, el Instituto Nacional de los Pueblos Ind\u00edgenas (INPI) destin\u00f3 la cantidad de 8.5 millones de pesos, de un total de 30 millones que se requieren para que las 35 CAMIs, existentes en regiones ind\u00edgenas, puedan dar respuesta a la demanda creciente de las mujeres ind\u00edgenas que enfrentan violencia de g\u00e9nero, acceso a la salud sexual y reproductiva, y especialmente atenci\u00f3n a mujeres embarazadas.<\/p>\n\n\n\n<p>A la fecha, no ha sido posible tener otra reuni\u00f3n con las autoridades de la Secretar\u00eda de Gobernaci\u00f3n, pese a que en el encuentro con su titular, del 22 de mayo de 2020, se acord\u00f3 hacer reuniones mensuales para dar seguimiento al tema.<\/p>\n\n\n\n<p>Por medio de la acci\u00f3n urgente miles de personas en todo el mundo, podr\u00e1n enviar cartas y mensajes de correo electr\u00f3nico a la Secretar\u00eda de Gobernaci\u00f3n, solicitando que se d\u00e9 prioridad a la protecci\u00f3n de los derechos de las mujeres, se garanticen recursos para las CAMIs y otros programas destinados a atender a las mujeres que viven violencia durante la pandemia y a lo largo de todo el a\u00f1o 2020.<\/p>\n\n\n\n<p><strong>Usted puede conocer la Acci\u00f3n Urgente en la siguiente liga:<\/strong> <a href=\"https:\/\/amnistia.org.mx\/contenido\/index.php\/proteccion-de-los-derechos-de-las-mujeres-en-peligro\/\">Protecci\u00f3n de los Derechos de las Mujeres en Peligro<\/a><\/p>\n\n\n\n<p><strong>Informaci\u00f3n adicional:<\/strong><\/p>\n\n\n\n<p><strong>Carta abierta dirigida al Presidente Andr\u00e9s Manuel L\u00f3pez Obrador y a la Secretaria de Gobernaci\u00f3n, Olga S\u00e1nchez Cordero:<\/strong> <a href=\"https:\/\/amnistia.org.mx\/contenido\/index.php\/carta-abierta-a-andres-manuel-lopez-obrador-presidente-de-los-estados-unidos-mexicanos-y-a-olga-sanchez-cordero-secretaria-de-gobernacion\/\">Carta abierta a Andr\u00e9s Manuel L\u00f3pez Obrador, Presidente de los Estados Unidos Mexicanos y a Olga S\u00e1nchez Cordero, Secretaria de Gobernaci\u00f3n<\/a><\/p>\n\n\n\n<p><strong>Resultado de la reuni\u00f3n sostenida con la Secretaria de Gobernaci\u00f3n, Olga S\u00e1nchez Cordero<\/strong>: <a href=\"https:\/\/amnistia.org.mx\/contenido\/index.php\/comunicado-para-medios\/\">COMUNICADO PARA MEDIOS<\/a><\/p>\n\n\n\n<p><strong>Contacto para medios de comunicaci\u00f3n:<\/strong><\/p>\n\n\n\n<p>Daniela Razo, Red Nacional de Refugios: +52 1 55 5506 7774<\/p>\n\n\n\n<p>Giovanna Salazar, Equis Justicia para las Mujeres: +52 1 55 4515 9129<\/p>\n\n\n\n<p>Alejandro Ju\u00e1rez: Amnist\u00eda Internacional M\u00e9xico: +52 1 55 3121 9146<\/p>\n","protected":false},"excerpt":{"rendered":"<p>Amnist\u00eda Internacional impulsa Acci\u00f3n Urgente para que el Estado mexicano garantice recursos a programas que atienden violencia contra las mujeres La medida es apoyada por Equis Justicia para las Mujeres, &hellip;<\/p>\n<p class=\"read-more\"> <a class=\"\" href=\"https:\/\/amnistia.org.mx\/contenido\/index.php\/comunicado-para-medios-2\/\"> <span class=\"screen-reader-text\">COMUNICADO PARA MEDIOS<\/span> Leer m\u00e1s &raquo;<\/a><\/p>\n","protected":false},"author":4,"featured_media":2225,"comment_status":"open","ping_status":"open","sticky":false,"template":"","format":"standard","meta":{"_uf_show_specific_survey":0,"_uf_disable_surveys":false,"site-sidebar-layout":"default","site-content-layout":"default","ast-global-header-display":"","ast-main-header-display":"","ast-hfb-above-header-display":"","ast-hfb-below-header-display":"","ast-hfb-mobile-header-display":"","site-post-title":"","ast-breadcrumbs-content":"","ast-featured-img":"","footer-sml-layout":"","theme-transparent-header-meta":"default","adv-header-id-meta":"","stick-header-meta":"","header-above-stick-meta":"","header-main-stick-meta":"","header-below-stick-meta":""},"categories":[20],"tags":[28],"acf":[],"aioseo_notices":[],"yoast_head":"<!-- This site is optimized with the Yoast SEO plugin v14.5 - https:\/\/yoast.com\/wordpress\/plugins\/seo\/ -->\n<title>COMUNICADO PARA MEDIOS - amnistia.org.mx<\/title>\n<meta name=\"robots\" content=\"index, follow\" \/>\n<meta name=\"googlebot\" content=\"index, follow, max-snippet:-1, max-image-preview:large, max-video-preview:-1\" \/>\n<meta name=\"bingbot\" content=\"index, follow, max-snippet:-1, max-image-preview:large, max-video-preview:-1\" \/>\n<link rel=\"canonical\" href=\"https:\/\/amnistia.org.mx\/contenido\/index.php\/comunicado-para-medios-2\/\" \/>\n<meta property=\"og:locale\" content=\"es_MX\" \/>\n<meta property=\"og:type\" content=\"article\" \/>\n<meta property=\"og:title\" content=\"COMUNICADO PARA MEDIOS - amnistia.org.mx\" \/>\n<meta property=\"og:description\" content=\"Amnist\u00eda Internacional impulsa Acci\u00f3n Urgente para que el Estado mexicano garantice recursos a programas que atienden violencia contra las mujeres La medida es apoyada por Equis Justicia para las Mujeres, &hellip; COMUNICADO PARA MEDIOS Leer m\u00e1s &raquo;\" \/>\n<meta property=\"og:url\" content=\"https:\/\/amnistia.org.mx\/contenido\/index.php\/comunicado-para-medios-2\/\" \/>\n<meta property=\"og:site_name\" content=\"amnistia.org.mx\" \/>\n<meta property=\"article:published_time\" content=\"2020-07-08T16:00:56+00:00\" \/>\n<meta property=\"article:modified_time\" content=\"2020-07-08T16:13:15+00:00\" \/>\n<meta property=\"og:image\" content=\"https:\/\/amnistia.org.mx\/contenido\/wp-content\/uploads\/2020\/01\/Prensa-scaled.jpg\" \/>\n\t<meta property=\"og:image:width\" content=\"2560\" \/>\n\t<meta property=\"og:image:height\" content=\"1707\" \/>\n<meta name=\"twitter:card\" content=\"summary_large_image\" \/>\n<script type=\"application\/ld+json\" class=\"yoast-schema-graph\">{\"@context\":\"https:\/\/schema.org\",\"@graph\":[{\"@type\":\"WebSite\",\"@id\":\"https:\/\/amnistia.org.mx\/contenido\/#website\",\"url\":\"https:\/\/amnistia.org.mx\/contenido\/\",\"name\":\"amnistia.org.mx\",\"description\":\"Nueva p\\u00e1gina de Amnist\\u00eda\",\"potentialAction\":[{\"@type\":\"SearchAction\",\"target\":\"https:\/\/amnistia.org.mx\/contenido\/?s={search_term_string}\",\"query-input\":\"required name=search_term_string\"}],\"inLanguage\":\"es-MX\"},{\"@type\":\"ImageObject\",\"@id\":\"https:\/\/amnistia.org.mx\/contenido\/index.php\/comunicado-para-medios-2\/#primaryimage\",\"inLanguage\":\"es-MX\",\"url\":\"https:\/\/amnistia.org.mx\/contenido\/wp-content\/uploads\/2020\/01\/Prensa-scaled.jpg\",\"width\":2560,\"height\":1707},{\"@type\":\"WebPage\",\"@id\":\"https:\/\/amnistia.org.mx\/contenido\/index.php\/comunicado-para-medios-2\/#webpage\",\"url\":\"https:\/\/amnistia.org.mx\/contenido\/index.php\/comunicado-para-medios-2\/\",\"name\":\"COMUNICADO PARA MEDIOS - amnistia.org.mx\",\"isPartOf\":{\"@id\":\"https:\/\/amnistia.org.mx\/contenido\/#website\"},\"primaryImageOfPage\":{\"@id\":\"https:\/\/amnistia.org.mx\/contenido\/index.php\/comunicado-para-medios-2\/#primaryimage\"},\"datePublished\":\"2020-07-08T16:00:56+00:00\",\"dateModified\":\"2020-07-08T16:13:15+00:00\",\"author\":{\"@id\":\"https:\/\/amnistia.org.mx\/contenido\/#\/schema\/person\/7db421c495688267ce8ede4625c17fa5\"},\"breadcrumb\":{\"@id\":\"https:\/\/amnistia.org.mx\/contenido\/index.php\/comunicado-para-medios-2\/#breadcrumb\"},\"inLanguage\":\"es-MX\",\"potentialAction\":[{\"@type\":\"ReadAction\",\"target\":[\"https:\/\/amnistia.org.mx\/contenido\/index.php\/comunicado-para-medios-2\/\"]}]},{\"@type\":\"BreadcrumbList\",\"@id\":\"https:\/\/amnistia.org.mx\/contenido\/index.php\/comunicado-para-medios-2\/#breadcrumb\",\"itemListElement\":[{\"@type\":\"ListItem\",\"position\":1,\"item\":{\"@type\":\"WebPage\",\"@id\":\"https:\/\/amnistia.org.mx\/contenido\/\",\"url\":\"https:\/\/amnistia.org.mx\/contenido\/\",\"name\":\"Home\"}},{\"@type\":\"ListItem\",\"position\":2,\"item\":{\"@type\":\"WebPage\",\"@id\":\"https:\/\/amnistia.org.mx\/contenido\/index.php\/comunicado-para-medios-2\/\",\"url\":\"https:\/\/amnistia.org.mx\/contenido\/index.php\/comunicado-para-medios-2\/\",\"name\":\"COMUNICADO PARA MEDIOS\"}}]},{\"@type\":[\"Person\"],\"@id\":\"https:\/\/amnistia.org.mx\/contenido\/#\/schema\/person\/7db421c495688267ce8ede4625c17fa5\",\"name\":\"Alejandro Ju\\u00e1rez Gamero\",\"image\":{\"@type\":\"ImageObject\",\"@id\":\"https:\/\/amnistia.org.mx\/contenido\/#personlogo\",\"inLanguage\":\"es-MX\",\"url\":\"https:\/\/secure.gravatar.com\/avatar\/e312d5566d1c3ffb56f86415d6f0e606?s=96&d=mm&r=g\",\"caption\":\"Alejandro Ju\\u00e1rez Gamero\"}}]}<\/script>\n<!-- \/ Yoast SEO plugin. -->","_links":{"self":[{"href":"https:\/\/amnistia.org.mx\/contenido\/index.php\/wp-json\/wp\/v2\/posts\/11005"}],"collection":[{"href":"https:\/\/amnistia.org.mx\/contenido\/index.php\/wp-json\/wp\/v2\/posts"}],"about":[{"href":"https:\/\/amnistia.org.mx\/contenido\/index.php\/wp-json\/wp\/v2\/types\/post"}],"author":[{"embeddable":true,"href":"https:\/\/amnistia.org.mx\/contenido\/index.php\/wp-json\/wp\/v2\/users\/4"}],"replies":[{"embeddable":true,"href":"https:\/\/amnistia.org.mx\/contenido\/index.php\/wp-json\/wp\/v2\/comments?post=11005"}],"version-history":[{"count":5,"href":"https:\/\/amnistia.org.mx\/contenido\/index.php\/wp-json\/wp\/v2\/posts\/11005\/revisions"}],"predecessor-version":[{"id":11016,"href":"https:\/\/amnistia.org.mx\/contenido\/index.php\/wp-json\/wp\/v2\/posts\/11005\/revisions\/11016"}],"wp:featuredmedia":[{"embeddable":true,"href":"https:\/\/amnistia.org.mx\/contenido\/index.php\/wp-json\/wp\/v2\/media\/2225"}],"wp:attachment":[{"href":"https:\/\/amnistia.org.mx\/contenido\/index.php\/wp-json\/wp\/v2\/media?parent=11005"}],"wp:term":[{"taxonomy":"category","embeddable":true,"href":"https:\/\/amnistia.org.mx\/contenido\/index.php\/wp-json\/wp\/v2\/categories?post=11005"},{"taxonomy":"post_tag","embeddable":true,"href":"https:\/\/amnistia.org.mx\/contenido\/index.php\/wp-json\/wp\/v2\/tags?post=11005"}],"curies":[{"name":"wp","href":"https:\/\/api.w.org\/{rel}","templated":true}]}}