
{"id":11087,"date":"2020-07-13T11:00:17","date_gmt":"2020-07-13T11:00:17","guid":{"rendered":"https:\/\/amnistia.org.mx\/contenido\/?p=11087"},"modified":"2020-07-13T16:32:13","modified_gmt":"2020-07-13T16:32:13","slug":"global-trabajadores-de-la-salud-silenciados-expuestos-y-atacados","status":"publish","type":"post","link":"https:\/\/amnistia.org.mx\/contenido\/index.php\/global-trabajadores-de-la-salud-silenciados-expuestos-y-atacados\/","title":{"rendered":"Global: Trabajadores de la salud silenciados, expuestos y atacados"},"content":{"rendered":"\n<p>Los gobiernos deben rendir cuentas por las muertes de las personas trabajadoras de la salud y de servicios esenciales a quienes no han protegido de contagios por COVID-19, declar\u00f3 hoy Amnist\u00eda Internacional, al publicar el informe <a href=\"https:\/\/amnistia.org.mx\/contenido\/index.php\/deficiencias-en-la-proteccion-del-personal-sanitario-y-que-realiza-labores-esenciales-durante-la-pandemia-de-covid-19\/\">Expuesto, acallado y atacado<\/a>, que documenta las experiencias de las personas trabajadoras de la salud en todo el mundo.<\/p>\n\n\n\n<p>El an\u00e1lisis de los datos disponibles, efectuado por el movimiento, revela que m\u00e1s de 3,000 personas trabajadoras de la salud han muerto a causa de COVID-19 en todo el mundo, cifra que podr\u00eda implicar una subestimaci\u00f3n significativa.<\/p>\n\n\n\n<p>La situaci\u00f3n es alarmante. Amnist\u00eda Internacional document\u00f3 casos de personal de salud que denunci\u00f3 problemas en las medidas de seguridad tomadas en el contexto de la respuesta al COVID-19, y que fue objeto de represalias, que van desde el arresto y la detenci\u00f3n, hasta las amenazas y el despido.<\/p>\n\n\n\n<p>&#8220;Con la pandemia de Covid-19 aceler\u00e1ndose en todo el mundo, urgimos a los gobiernos a que tomen en serio la salud y la vida de las personas trabajadoras de la salud y de servicios esenciales. Los pa\u00edses que a\u00fan no han visto lo peor de la pandemia no deben repetir los errores de los gobiernos cuya falta de protecci\u00f3n de los derechos de esas personas ha tenido consecuencias devastadoras&#8221;, declar\u00f3 Sanhita Ambast, investigadora y asesora de Amnist\u00eda Internacional sobre derechos econ\u00f3micos, sociales y culturales.<\/p>\n\n\n\n<p>&#8220;Es especialmente preocupante ver que algunos gobiernos est\u00e1n castigando a las personas trabajadoras de la salud y de servicios esenciales que expresan su preocupaci\u00f3n por las condiciones de trabajo que pueden amenazar sus vidas. Las personas trabajadoras de la salud que est\u00e1n en la l\u00ednea del frente son las primeros en saber si la pol\u00edtica gubernamental no funciona, y las autoridades que los silencian no pueden afirmar seriamente que est\u00e1n dando prioridad a la salud p\u00fablica&#8221;.<\/p>\n\n\n\n<p><strong>Miles de personas han perdido sus vidas<\/strong><\/p>\n\n\n\n<p>Actualmente, no existe un seguimiento mundial sistem\u00e1tico de cu\u00e1ntas personas trabajadoras de la salud y de servicios esenciales han muerto despu\u00e9s de contraer COVID-19.<\/p>\n\n\n\n<p>Sin embargo, Amnist\u00eda Internacional ha recopilado y analizado una amplia gama de datos disponibles, de acuerdo con los cuales m\u00e1s de 3,000 personas trabajadoras de la salud han muerto despu\u00e9s de contraer COVID-19 en 79 pa\u00edses de todo el mundo.<\/p>\n\n\n\n<p>De acuerdo con el monitoreo de Amnist\u00eda Internacional, los pa\u00edses con el mayor n\u00famero de muertes de personas trabajadoras de la salud, a la fecha, son: Estados Unidos (507), Rusia (545), Reino Unido (540, incluidos 262 trabajadoras (res) sociales), Brasil (351), M\u00e9xico (248), Italia (188), Egipto (111), Ir\u00e1n (91), Ecuador (82) y Espa\u00f1a (63).<\/p>\n\n\n\n<p>Es probable que en la cifra global haya una subestimaci\u00f3n significativa, debido al subregistro, mientras que las comparaciones precisas entre pa\u00edses son dif\u00edciles debido a las diferencias en el recuento. Por ejemplo, Francia ha reunido datos s\u00f3lo de algunos de sus hospitales y centros de salud, en tanto que, las cifras de personal sanitario fallecido, proporcionadas por las asociaciones de salud de Egipto y Rusia, han sido impugnadas por sus gobiernos.<\/p>\n\n\n\n<p><strong>Escasez de equipo de protecci\u00f3n para salvar vidas<\/strong><\/p>\n\n\n\n<p>Las personas trabajadoras de la salud y de servicios esenciales informaron de una grave escasez de Equipo de Protecci\u00f3n Personal (EPP), en casi todos los 63 pa\u00edses y territorios estudiados por Amnist\u00eda Internacional.<\/p>\n\n\n\n<p>Esto incluye pa\u00edses que a\u00fan deben pasar lo peor de la pandemia, como India y Brasil y varios pa\u00edses de \u00c1frica. Un m\u00e9dico que trabaja en Ciudad de M\u00e9xico dijo a Amnist\u00eda Internacional que las y los m\u00e9dicos gastaban alrededor del 12 por ciento de su salario mensual en la compra de su propio EPP.<\/p>\n\n\n\n<p>Adem\u00e1s de la escasez mundial de suministros, las restricciones comerciales pueden haber agravado este problema. En junio de 2020, 56 pa\u00edses y dos bloques comerciales (la Uni\u00f3n Europea y la Uni\u00f3n Econ\u00f3mica Euroasi\u00e1tica), hab\u00edan establecido medidas para prohibir o restringir la exportaci\u00f3n de algunas o todas las formas de EPP o sus componentes.<\/p>\n\n\n\n<p>&#8220;Si bien los Estados deben garantizar que haya suficientes EPP para las y los trabajadores dentro de sus territorios, las restricciones comerciales contribuyen a exacerbar la escasez en los pa\u00edses que dependen de las importaciones&#8221;, declar\u00f3 Sanhita Ambast.<\/p>\n\n\n\n<p>&#8220;La pandemia de COVID-19 es un problema mundial que requiere una cooperaci\u00f3n mundial&#8221;.<\/p>\n\n\n<figure><img decoding=\"async\" loading=\"lazy\" class=\"aligncenter\" src=\" https:\/\/amnistia.org.mx\/contenido\/wp-content\/uploads\/2020\/07\/Foto-2_PAKISTAN.jpg\" alt=\"\" width=\"590\" height=\"590\"><\/figure>\n\n\n<p><strong>Represalias<\/strong><\/p>\n\n\n\n<p>En al menos 31 de los pa\u00edses estudiados por Amnist\u00eda Internacional, las y los investigadores registraron informes de huelgas, amenazas de huelga o protestas de las personas trabajadoras de la salud y de servicios esenciales, como resultado de condiciones de trabajo inseguras. En muchos pa\u00edses, esas acciones fueron objeto de represalias por parte de las autoridades.<\/p>\n\n\n\n<p>En Egipto, por ejemplo, Amnist\u00eda document\u00f3 los casos de nueve personas trabajadoras de la salud que fueron detenidas arbitrariamente entre marzo y junio, bajo acusaciones vagas y demasiado amplias de &#8220;difusi\u00f3n de noticias falsas&#8221; y &#8220;terrorismo&#8221;. Las personas detenidas manifestaron preocupaci\u00f3n por su seguridad o criticaron el manejo de la pandemia por parte del gobierno.<\/p>\n\n\n\n<p>Un m\u00e9dico egipcio dijo a Amnist\u00eda Internacional que las o los doctores que denuncian son objeto de amenazas e interrogatorios por parte de la Agencia de Seguridad Nacional (NSA), son cuestionados administrativamente y sancionados. El doctor declar\u00f3: &#8220;muchos [m\u00e9dicos o doctoras] prefieren pagar su propio equipo personal para evitar este agotador ir y venir. [Las autoridades] est\u00e1n obligando a las y los m\u00e9dicos a elegir entre la muerte y la c\u00e1rcel&#8221;.<\/p>\n\n\n\n<p>En algunos casos, las huelgas y las protestas han sido respondidas con mano dura.<\/p>\n\n\n\n<p>En Malasia, por ejemplo, la polic\u00eda dispers\u00f3 un grupo que se manifestaba de manera pac\u00edfica contra una empresa de servicios de limpieza de un hospital. Las personas se quejaban por lo que consideraban un trato injusto dado a los miembros del sindicato, por parte de la empresa, as\u00ed como por la falta de protecci\u00f3n suficiente para las personas encargadas de la limpieza en los hospitales. La polic\u00eda arrest\u00f3, detuvo y acus\u00f3 a cinco personas trabajadoras de la salud por &#8220;reuni\u00f3n no autorizada&#8221;, en violaci\u00f3n de sus derechos a la libertad de asociaci\u00f3n y reuni\u00f3n.<\/p>\n\n\n\n<p>&#8220;Las personas trabajadoras de la salud y esenciales tienen derecho a alzar su voz contra el trato injusto&#8221;, declar\u00f3 Sanhita Ambast.<\/p>\n\n\n\n<p>&#8220;Las personas trabajadoras de la salud pueden ayudar a los gobiernos a mejorar su respuesta a la pandemia y a mantener a todo el mundo seguro, pero no pueden hacerlo si est\u00e1n en prisi\u00f3n, y no pueden hacerlo si tienen miedo de hablar&#8221;.<\/p>\n\n\n\n<p>Tambi\u00e9n ha habido informes en varios pa\u00edses en el sentido de que personas trabajadoras de la salud y esenciales han sido despedidas o se enfrentan a medidas disciplinarias, por haber manifestado sus preocupaciones.<\/p>\n\n\n\n<p>En Estados Unidos, por ejemplo, la asistente de enfermer\u00eda certificada, Tainika Somerville, fue despedida luego de publicar un v\u00eddeo en Facebook en el que solicitaba m\u00e1s EPP. Tainika dijo que el personal de la residencia de ancianos de Illinois, donde trabajaba, no fue informado de que estaban trabajando con pacientes enfermos de COVID-19 y que se enteraron a trav\u00e9s de los medios de comunicaci\u00f3n. El <a href=\"https:\/\/www.chicagotribune.com\/suburbs\/daily-southtown\/ct-sta-bridgeview-nursing-home-covid-lawsuit-st-0607-20200605-gctypxrtubfdlck67olhgoyz54-story.html\" target=\"_blank\" rel=\"noreferrer noopener\">asilo<\/a> hab\u00eda reportado 34 infecciones y 15 muertes relacionadas con COVID-19 hasta el 29 de mayo.<\/p>\n\n\n\n<p>En Rusia, Amnist\u00eda Internacional destac\u00f3 los casos de las doctoras, Yulia Volkova y Tatyana Reva, que enfrentan represalias tras quejarse de la falta de EPP. Yulia Volkova ha sido acusada, bajo las leyes rusas, de difundir noticias falsas y se enfrenta a una multa de hasta 100,000 rublos (1,443 d\u00f3lares), mientras que Tatyana Reva enfrenta un procedimiento disciplinario que puede resultar en su despido.<\/p>\n\n\n\n<p><strong>Paga injusta y falta de beneficios<\/strong><\/p>\n\n\n\n<p>Adem\u00e1s de las condiciones de trabajo inseguras, Amnist\u00eda Internacional ha documentado c\u00f3mo algunas personas trabajadoras de la salud y de los servicios esenciales reciben pagas injustas o, en algunos casos, no se les paga en absoluto.<\/p>\n\n\n\n<p>En el sur de Sud\u00e1n, por ejemplo, las y los m\u00e9dicos en la n\u00f3mina del gobierno no han recibido sus salarios desde febrero y tampoco reciben paquetes de bienestar o cobertura m\u00e9dica. En Guatemala, por lo menos 46 personas de diversas instalaciones no recibieron remuneraci\u00f3n por los dos meses y medio que pasaron trabajando en un hospital de COVID-19.<\/p>\n\n\n\n<p>En algunos pa\u00edses no hay prestaciones adicionales para las personas trabajadoras de la salud y de servicios esenciales en el contexto de la pandemia de Covid-19, y en otras naciones las prestaciones excluyen a ciertas categor\u00edas de trabajadores.<\/p>\n\n\n\n<p>Amnist\u00eda Internacional pide a los Estados que consideren a COVID-19 como una enfermedad profesional.<\/p>\n\n\n\n<p>Como parte de ello, deben garantizar que las personas trabajadoras de la salud y de servicios esenciales tengan acceso a compensaciones y otras ayudas en caso de que contraigan la infecci\u00f3n. Tambi\u00e9n deben ser incluidos en los grupos prioritarios para las pruebas de COVID-19.<\/p>\n\n\n\n<p><strong>Estigma y violencia<\/strong><\/p>\n\n\n\n<p>Amnist\u00eda Internacional document\u00f3 varios casos en los que las personas trabajadoras de la salud y de servicios esenciales sufrieron estigmatizaci\u00f3n y violencia a causa de su trabajo. Por ejemplo, seg\u00fan se inform\u00f3, una enfermera en M\u00e9xico fue empapada con cloro mientras caminaba por la calle, y en Filipinas los agresores vertieron lej\u00eda en la cara de un trabajador de servicios p\u00fablicos de un hospital.<\/p>\n\n\n\n<p>Estos incidentes apuntan a un clima de desinformaci\u00f3n y estigmatizaci\u00f3n, y subrayan la importancia de que los gobiernos proporcionen informaci\u00f3n precisa y accesible sobre la propagaci\u00f3n de COVID-19.<\/p>\n\n\n\n<p>En Pakist\u00e1n, <a href=\"https:\/\/www.amnesty.org\/en\/documents\/asa33\/2633\/2020\/en\/\" target=\"_blank\" rel=\"noreferrer noopener\">Amnist\u00eda Internacional registr\u00f3<\/a> varios casos de violencia contra personas trabajadoras de la salud desde abril. Se produjeron actos de vandalismo en hospitales, se atac\u00f3 a personal m\u00e9dico e incluso un miembro de la Fuerza Antiterrorista dispar\u00f3 contra uno de ellos.<\/p>\n\n\n\n<p>Ministros paquistan\u00edes han declarado que los hospitales cuentan con los recursos necesarios, pese a reportes de que los nosocomios se han visto obligados a rechazar incluso a pacientes cr\u00edticos, debido a la escasez de camas, ventiladores y otros equipos de salvamento. Esto pone en peligro a las personas trabajadoras de la salud, ya que la gente no les cree cuando dicen que no tienen espacio para m\u00e1s pacientes.<\/p>\n\n\n<figure><img decoding=\"async\" class=\"aligncenter\" src=\" https:\/\/amnistia.org.mx\/contenido\/wp-content\/uploads\/2020\/07\/Foto-3_TUNISIA.jpg\" alt=\"\"><\/figure>\n\n\n<p><strong>Recomendaciones<\/strong><\/p>\n\n\n\n<p>&#8220;Hacemos un llamado a todos los Estados afectados por COVID-19 para que lleven a cabo ex\u00e1menes p\u00fablicos independientes sobre su preparaci\u00f3n para atender y responder a la pandemia, con miras a proteger mejor los derechos humanos y las vidas, en caso de un futuro brote masivo de la enfermedad&#8221;, dijo Sanhita Ambast.<\/p>\n\n\n\n<p>Esto deber\u00eda incluir un examen para determinar si se protegieron adecuadamente los derechos de las personas trabajadoras de la salud y de servicios esenciales, incluido el derecho a condiciones de trabajo justas y favorables y el derecho a la libertad de expresi\u00f3n.<\/p>\n\n\n\n<p>Los Estados deben garantizar una indemnizaci\u00f3n adecuada a las personas trabajadoras de la salud y de servicios esenciales que hayan contra\u00eddo COVID-19, como resultado de actividades relacionadas con el trabajo. Tambi\u00e9n deben investigar los casos en que las personas trabajadoras de la salud han sufrido represalias por plantear problemas de salud y seguridad, y proporcionar una soluci\u00f3n eficaz a quienes han sido tratados injustamente, incluso reintegrando a los trabajadores que han perdido su empleo por haber denunciado su situaci\u00f3n.<\/p>\n\n\n\n<p><strong>Antecedentes<\/strong><\/p>\n\n\n\n<p>Para los efectos de este comunicado, por &#8220;personas trabajadoras de la salud y de servicios esenciales&#8221; se entiende todas las personas que participan en la prestaci\u00f3n de atenci\u00f3n sanitaria y social en cualquier calidad, incluidos, entre otros, los m\u00e9dicos, el personal de enfermer\u00eda, los trabajadores de atenci\u00f3n social, los limpiadores, los conductores de ambulancias y el personal de las instalaciones. Si bien este comunicado se centra en gran medida en los trabajadores de la salud, dada la informaci\u00f3n disponible, las mismas cuestiones se aplican a una gama m\u00e1s amplia de &#8220;personas trabajadoras esenciales&#8221; que han estado expuestas a COVID-19 en una serie de trabajos de primera l\u00ednea durante la pandemia.<\/p>\n\n\n\n<p>El informe puede ser consultado en la siguiente liga: <a href=\"https:\/\/amnistia.org.mx\/contenido\/index.php\/deficiencias-en-la-proteccion-del-personal-sanitario-y-que-realiza-labores-esenciales-durante-la-pandemia-de-covid-19\/\">Expuesto, acallado y atacado<\/a><\/p>\n\n\n\n<p>En el siguiente enlace se puede acceder a un mapa interactivo que muestra la distribuci\u00f3n, por pa\u00eds, de personas trabajadoras de la salud y de servicios esenciales que han muerto por COVID: <a href=\"https:\/\/public.flourish.studio\/visualisation\/3015800\/\">https:\/\/public.flourish.studio\/visualisation\/3015800\/<\/a><\/p>\n","protected":false},"excerpt":{"rendered":"<p>Los gobiernos deben rendir cuentas por las muertes de las personas trabajadoras de la salud y de servicios esenciales a quienes no han protegido de contagios por COVID-19, declar\u00f3 hoy &hellip;<\/p>\n<p class=\"read-more\"> <a class=\"\" href=\"https:\/\/amnistia.org.mx\/contenido\/index.php\/global-trabajadores-de-la-salud-silenciados-expuestos-y-atacados\/\"> <span class=\"screen-reader-text\">Global: Trabajadores de la salud silenciados, expuestos y atacados<\/span> Leer m\u00e1s &raquo;<\/a><\/p>\n","protected":false},"author":4,"featured_media":11096,"comment_status":"open","ping_status":"open","sticky":false,"template":"","format":"standard","meta":{"_uf_show_specific_survey":0,"_uf_disable_surveys":false,"site-sidebar-layout":"default","site-content-layout":"default","ast-global-header-display":"","ast-main-header-display":"","ast-hfb-above-header-display":"","ast-hfb-below-header-display":"","ast-hfb-mobile-header-display":"","site-post-title":"","ast-breadcrumbs-content":"","ast-featured-img":"","footer-sml-layout":"","theme-transparent-header-meta":"default","adv-header-id-meta":"","stick-header-meta":"","header-above-stick-meta":"","header-main-stick-meta":"","header-below-stick-meta":""},"categories":[9],"tags":[40],"acf":[],"aioseo_notices":[],"yoast_head":"<!-- This site is optimized with the Yoast SEO plugin v14.5 - https:\/\/yoast.com\/wordpress\/plugins\/seo\/ -->\n<title>Global: Trabajadores de la salud silenciados, expuestos y atacados - amnistia.org.mx<\/title>\n<meta name=\"robots\" content=\"index, follow\" \/>\n<meta name=\"googlebot\" content=\"index, follow, max-snippet:-1, max-image-preview:large, max-video-preview:-1\" \/>\n<meta name=\"bingbot\" content=\"index, follow, max-snippet:-1, max-image-preview:large, max-video-preview:-1\" \/>\n<link rel=\"canonical\" href=\"https:\/\/amnistia.org.mx\/contenido\/index.php\/global-trabajadores-de-la-salud-silenciados-expuestos-y-atacados\/\" \/>\n<meta property=\"og:locale\" content=\"es_MX\" \/>\n<meta property=\"og:type\" content=\"article\" \/>\n<meta property=\"og:title\" content=\"Global: Trabajadores de la salud silenciados, expuestos y atacados - amnistia.org.mx\" \/>\n<meta property=\"og:description\" content=\"Los gobiernos deben rendir cuentas por las muertes de las personas trabajadoras de la salud y de servicios esenciales a quienes no han protegido de contagios por COVID-19, declar\u00f3 hoy &hellip; Global: Trabajadores de la salud silenciados, expuestos y atacados Leer m\u00e1s &raquo;\" \/>\n<meta property=\"og:url\" content=\"https:\/\/amnistia.org.mx\/contenido\/index.php\/global-trabajadores-de-la-salud-silenciados-expuestos-y-atacados\/\" \/>\n<meta property=\"og:site_name\" content=\"amnistia.org.mx\" \/>\n<meta property=\"article:published_time\" content=\"2020-07-13T11:00:17+00:00\" \/>\n<meta property=\"article:modified_time\" content=\"2020-07-13T16:32:13+00:00\" \/>\n<meta property=\"og:image\" content=\"https:\/\/amnistia.org.mx\/contenido\/wp-content\/uploads\/2020\/07\/Foto_1_BRAZIL.jpg\" \/>\n\t<meta property=\"og:image:width\" content=\"595\" \/>\n\t<meta property=\"og:image:height\" content=\"396\" \/>\n<meta name=\"twitter:card\" content=\"summary_large_image\" \/>\n<script type=\"application\/ld+json\" class=\"yoast-schema-graph\">{\"@context\":\"https:\/\/schema.org\",\"@graph\":[{\"@type\":\"WebSite\",\"@id\":\"https:\/\/amnistia.org.mx\/contenido\/#website\",\"url\":\"https:\/\/amnistia.org.mx\/contenido\/\",\"name\":\"amnistia.org.mx\",\"description\":\"Nueva p\\u00e1gina de Amnist\\u00eda\",\"potentialAction\":[{\"@type\":\"SearchAction\",\"target\":\"https:\/\/amnistia.org.mx\/contenido\/?s={search_term_string}\",\"query-input\":\"required name=search_term_string\"}],\"inLanguage\":\"es-MX\"},{\"@type\":\"ImageObject\",\"@id\":\"https:\/\/amnistia.org.mx\/contenido\/index.php\/global-trabajadores-de-la-salud-silenciados-expuestos-y-atacados\/#primaryimage\",\"inLanguage\":\"es-MX\",\"url\":\"https:\/\/amnistia.org.mx\/contenido\/wp-content\/uploads\/2020\/07\/Foto_1_BRAZIL.jpg\",\"width\":595,\"height\":396,\"caption\":\"1212818861\"},{\"@type\":\"WebPage\",\"@id\":\"https:\/\/amnistia.org.mx\/contenido\/index.php\/global-trabajadores-de-la-salud-silenciados-expuestos-y-atacados\/#webpage\",\"url\":\"https:\/\/amnistia.org.mx\/contenido\/index.php\/global-trabajadores-de-la-salud-silenciados-expuestos-y-atacados\/\",\"name\":\"Global: Trabajadores de la salud silenciados, expuestos y atacados - amnistia.org.mx\",\"isPartOf\":{\"@id\":\"https:\/\/amnistia.org.mx\/contenido\/#website\"},\"primaryImageOfPage\":{\"@id\":\"https:\/\/amnistia.org.mx\/contenido\/index.php\/global-trabajadores-de-la-salud-silenciados-expuestos-y-atacados\/#primaryimage\"},\"datePublished\":\"2020-07-13T11:00:17+00:00\",\"dateModified\":\"2020-07-13T16:32:13+00:00\",\"author\":{\"@id\":\"https:\/\/amnistia.org.mx\/contenido\/#\/schema\/person\/7db421c495688267ce8ede4625c17fa5\"},\"breadcrumb\":{\"@id\":\"https:\/\/amnistia.org.mx\/contenido\/index.php\/global-trabajadores-de-la-salud-silenciados-expuestos-y-atacados\/#breadcrumb\"},\"inLanguage\":\"es-MX\",\"potentialAction\":[{\"@type\":\"ReadAction\",\"target\":[\"https:\/\/amnistia.org.mx\/contenido\/index.php\/global-trabajadores-de-la-salud-silenciados-expuestos-y-atacados\/\"]}]},{\"@type\":\"BreadcrumbList\",\"@id\":\"https:\/\/amnistia.org.mx\/contenido\/index.php\/global-trabajadores-de-la-salud-silenciados-expuestos-y-atacados\/#breadcrumb\",\"itemListElement\":[{\"@type\":\"ListItem\",\"position\":1,\"item\":{\"@type\":\"WebPage\",\"@id\":\"https:\/\/amnistia.org.mx\/contenido\/\",\"url\":\"https:\/\/amnistia.org.mx\/contenido\/\",\"name\":\"Home\"}},{\"@type\":\"ListItem\",\"position\":2,\"item\":{\"@type\":\"WebPage\",\"@id\":\"https:\/\/amnistia.org.mx\/contenido\/index.php\/global-trabajadores-de-la-salud-silenciados-expuestos-y-atacados\/\",\"url\":\"https:\/\/amnistia.org.mx\/contenido\/index.php\/global-trabajadores-de-la-salud-silenciados-expuestos-y-atacados\/\",\"name\":\"Global: Trabajadores de la salud silenciados, expuestos y atacados\"}}]},{\"@type\":[\"Person\"],\"@id\":\"https:\/\/amnistia.org.mx\/contenido\/#\/schema\/person\/7db421c495688267ce8ede4625c17fa5\",\"name\":\"Alejandro Ju\\u00e1rez Gamero\",\"image\":{\"@type\":\"ImageObject\",\"@id\":\"https:\/\/amnistia.org.mx\/contenido\/#personlogo\",\"inLanguage\":\"es-MX\",\"url\":\"https:\/\/secure.gravatar.com\/avatar\/e312d5566d1c3ffb56f86415d6f0e606?s=96&d=mm&r=g\",\"caption\":\"Alejandro Ju\\u00e1rez Gamero\"}}]}<\/script>\n<!-- \/ Yoast SEO plugin. -->","_links":{"self":[{"href":"https:\/\/amnistia.org.mx\/contenido\/index.php\/wp-json\/wp\/v2\/posts\/11087"}],"collection":[{"href":"https:\/\/amnistia.org.mx\/contenido\/index.php\/wp-json\/wp\/v2\/posts"}],"about":[{"href":"https:\/\/amnistia.org.mx\/contenido\/index.php\/wp-json\/wp\/v2\/types\/post"}],"author":[{"embeddable":true,"href":"https:\/\/amnistia.org.mx\/contenido\/index.php\/wp-json\/wp\/v2\/users\/4"}],"replies":[{"embeddable":true,"href":"https:\/\/amnistia.org.mx\/contenido\/index.php\/wp-json\/wp\/v2\/comments?post=11087"}],"version-history":[{"count":8,"href":"https:\/\/amnistia.org.mx\/contenido\/index.php\/wp-json\/wp\/v2\/posts\/11087\/revisions"}],"predecessor-version":[{"id":11138,"href":"https:\/\/amnistia.org.mx\/contenido\/index.php\/wp-json\/wp\/v2\/posts\/11087\/revisions\/11138"}],"wp:featuredmedia":[{"embeddable":true,"href":"https:\/\/amnistia.org.mx\/contenido\/index.php\/wp-json\/wp\/v2\/media\/11096"}],"wp:attachment":[{"href":"https:\/\/amnistia.org.mx\/contenido\/index.php\/wp-json\/wp\/v2\/media?parent=11087"}],"wp:term":[{"taxonomy":"category","embeddable":true,"href":"https:\/\/amnistia.org.mx\/contenido\/index.php\/wp-json\/wp\/v2\/categories?post=11087"},{"taxonomy":"post_tag","embeddable":true,"href":"https:\/\/amnistia.org.mx\/contenido\/index.php\/wp-json\/wp\/v2\/tags?post=11087"}],"curies":[{"name":"wp","href":"https:\/\/api.w.org\/{rel}","templated":true}]}}