
{"id":11113,"date":"2020-07-13T09:47:00","date_gmt":"2020-07-13T09:47:00","guid":{"rendered":"https:\/\/amnistia.org.mx\/contenido\/?p=11113"},"modified":"2022-01-25T16:24:08","modified_gmt":"2022-01-25T22:24:08","slug":"deficiencias-en-la-proteccion-del-personal-sanitario-y-que-realiza-labores-esenciales-durante-la-pandemia-de-covid-19","status":"publish","type":"post","link":"https:\/\/amnistia.org.mx\/contenido\/index.php\/deficiencias-en-la-proteccion-del-personal-sanitario-y-que-realiza-labores-esenciales-durante-la-pandemia-de-covid-19\/","title":{"rendered":"Deficiencias en la protecci\u00f3n del personal sanitario y que realiza labores esenciales durante la pandemia del Covid-19"},"content":{"rendered":"\t\t<div data-elementor-type=\"wp-post\" data-elementor-id=\"11113\" class=\"elementor elementor-11113\">\n\t\t\t\t\t\t\t\t\t<section class=\"elementor-section elementor-top-section elementor-element elementor-element-41921a15 elementor-section-boxed elementor-section-height-default elementor-section-height-default\" data-id=\"41921a15\" data-element_type=\"section\">\n\t\t\t\t\t\t<div class=\"elementor-container elementor-column-gap-default\">\n\t\t\t\t\t<div class=\"elementor-column elementor-col-100 elementor-top-column elementor-element elementor-element-3a4a09a6\" data-id=\"3a4a09a6\" data-element_type=\"column\">\n\t\t\t<div class=\"elementor-widget-wrap elementor-element-populated\">\n\t\t\t\t\t\t\t\t<div class=\"elementor-element elementor-element-7190aecc elementor-widget elementor-widget-text-editor\" data-id=\"7190aecc\" data-element_type=\"widget\" data-widget_type=\"text-editor.default\">\n\t\t\t\t<div class=\"elementor-widget-container\">\n\t\t\t<style>\/*! elementor - v3.11.5 - 14-03-2023 *\/\n.elementor-widget-text-editor.elementor-drop-cap-view-stacked .elementor-drop-cap{background-color:#69727d;color:#fff}.elementor-widget-text-editor.elementor-drop-cap-view-framed .elementor-drop-cap{color:#69727d;border:3px solid;background-color:transparent}.elementor-widget-text-editor:not(.elementor-drop-cap-view-default) .elementor-drop-cap{margin-top:8px}.elementor-widget-text-editor:not(.elementor-drop-cap-view-default) .elementor-drop-cap-letter{width:1em;height:1em}.elementor-widget-text-editor .elementor-drop-cap{float:left;text-align:center;line-height:1;font-size:50px}.elementor-widget-text-editor .elementor-drop-cap-letter{display:inline-block}<\/style>\t\t\t\t<p>En marzo de 2020, la Organizaci\u00f3n Mundial de la Salud (OMS) declar\u00f3 pandemia la propagaci\u00f3n de la COVID-19. Cuando se redacta este informe, 11.125.245 personas han contra\u00eddo la enfermedad y 528.204 han muerto como consecuencia de ella. La mayor\u00eda de los pa\u00edses ha impuesto alg\u00fan tipo de restricci\u00f3n a la libertad de circulaci\u00f3n y a otros derechos humanos para controlar la propagaci\u00f3n del virus. Varios pa\u00edses no han llegado a\u00fan a lo peor de la pandemia. En este dif\u00edcil momento, el personal sanitario y los trabajadores y trabajadoras que realizan labores esenciales desempe\u00f1an un papel extraordinario en la respuesta a la pandemia. En todos los pa\u00edses han arriesgado su salud y su bienestar, a menudo en circunstancias muy dif\u00edciles y con muy poca ayuda, para garantizar el acceso de la poblaci\u00f3n a los servicios esenciales que necesita \u2014como atenci\u00f3n sanitaria, alimentos y otros suministros de nutrici\u00f3n\u2014 y a los servicios p\u00fablicos de emergencia.<\/p>\n<p style=\"text-align: center;\"><strong>\u00a1Descarga el informe aqu\u00ed!<\/strong><\/p>\n\n<!-- wp:html -->\n<p><iframe loading=\"lazy\" class=\"embed-responsive-item\" src=\"https:\/\/amnistia.org.mx\/informes\/boton24.php\" width=\"200\" height=\"80\" frameborder=\"0\" scrolling=\"NO\" align=\"center\" allowfullscreen=\"allowfullscreen\"><\/iframe><\/p>\n<!-- \/wp:html -->\n\n<!-- wp:paragraph --><!-- \/wp:paragraph -->\n\t\t\t\t\t\t<\/div>\n\t\t\t\t<\/div>\n\t\t\t\t\t<\/div>\n\t\t<\/div>\n\t\t\t\t\t\t\t<\/div>\n\t\t<\/section>\n\t\t\t\t\t\t\t<\/div>\n\t\t","protected":false},"excerpt":{"rendered":"<p>En marzo de 2020, la Organizaci\u00f3n Mundial de la Salud (OMS) declar\u00f3 pandemia la propagaci\u00f3n de la COVID-19. Cuando se redacta este informe, 11.125.245 personas han contra\u00eddo la enfermedad y &hellip;<\/p>\n<p class=\"read-more\"> <a class=\"\" href=\"https:\/\/amnistia.org.mx\/contenido\/index.php\/deficiencias-en-la-proteccion-del-personal-sanitario-y-que-realiza-labores-esenciales-durante-la-pandemia-de-covid-19\/\"> <span class=\"screen-reader-text\">Deficiencias en la protecci\u00f3n del personal sanitario y que realiza labores esenciales durante la pandemia del Covid-19<\/span> Leer m\u00e1s &raquo;<\/a><\/p>\n","protected":false},"author":8,"featured_media":11114,"comment_status":"closed","ping_status":"closed","sticky":false,"template":"","format":"standard","meta":{"_uf_show_specific_survey":0,"_uf_disable_surveys":false,"site-sidebar-layout":"default","site-content-layout":"default","ast-global-header-display":"","ast-main-header-display":"","ast-hfb-above-header-display":"","ast-hfb-below-header-display":"","ast-hfb-mobile-header-display":"","site-post-title":"","ast-breadcrumbs-content":"","ast-featured-img":"","footer-sml-layout":"","theme-transparent-header-meta":"default","adv-header-id-meta":"","stick-header-meta":"","header-above-stick-meta":"","header-main-stick-meta":"","header-below-stick-meta":""},"categories":[17],"tags":[40,118],"acf":[],"aioseo_notices":[],"yoast_head":"<!-- This site is optimized with the Yoast SEO plugin v14.5 - https:\/\/yoast.com\/wordpress\/plugins\/seo\/ -->\n<title>Deficiencias en la protecci\u00f3n del personal sanitario y que realiza labores esenciales durante la pandemia del Covid-19 - Amnist\u00eda Internacional<\/title>\n<meta name=\"description\" content=\"Amnist\u00eda Internacional formula un completo conjunto de recomendaciones dirigidas a gobiernos de todo el mundo para garantizar la protecci\u00f3n adecuada del personal sanitario y de los trabajadores y trabajadoras esenciales durante la pandemia de COVID-19.\" \/>\n<meta name=\"robots\" content=\"index, follow\" \/>\n<meta name=\"googlebot\" content=\"index, follow, max-snippet:-1, max-image-preview:large, max-video-preview:-1\" \/>\n<meta name=\"bingbot\" content=\"index, follow, max-snippet:-1, max-image-preview:large, max-video-preview:-1\" \/>\n<link rel=\"canonical\" href=\"https:\/\/amnistia.org.mx\/contenido\/index.php\/deficiencias-en-la-proteccion-del-personal-sanitario-y-que-realiza-labores-esenciales-durante-la-pandemia-de-covid-19\/\" \/>\n<meta property=\"og:locale\" content=\"es_MX\" \/>\n<meta property=\"og:type\" content=\"article\" \/>\n<meta property=\"og:title\" content=\"Deficiencias en la protecci\u00f3n del personal sanitario y que realiza labores esenciales durante la pandemia del Covid-19 - Amnist\u00eda Internacional\" \/>\n<meta property=\"og:description\" content=\"Amnist\u00eda Internacional formula un completo conjunto de recomendaciones dirigidas a gobiernos de todo el mundo para garantizar la protecci\u00f3n adecuada del personal sanitario y de los trabajadores y trabajadoras esenciales durante la pandemia de COVID-19.\" \/>\n<meta property=\"og:url\" content=\"https:\/\/amnistia.org.mx\/contenido\/index.php\/deficiencias-en-la-proteccion-del-personal-sanitario-y-que-realiza-labores-esenciales-durante-la-pandemia-de-covid-19\/\" \/>\n<meta property=\"og:site_name\" content=\"amnistia.org.mx\" \/>\n<meta property=\"article:published_time\" content=\"2020-07-13T09:47:00+00:00\" \/>\n<meta property=\"article:modified_time\" content=\"2022-01-25T22:24:08+00:00\" \/>\n<meta property=\"og:image\" content=\"https:\/\/amnistia.org.mx\/contenido\/wp-content\/uploads\/2020\/07\/Captura-reporte.jpg\" \/>\n\t<meta property=\"og:image:width\" content=\"527\" \/>\n\t<meta property=\"og:image:height\" content=\"525\" \/>\n<meta name=\"twitter:card\" content=\"summary_large_image\" \/>\n<script type=\"application\/ld+json\" class=\"yoast-schema-graph\">{\"@context\":\"https:\/\/schema.org\",\"@graph\":[{\"@type\":\"WebSite\",\"@id\":\"https:\/\/amnistia.org.mx\/contenido\/#website\",\"url\":\"https:\/\/amnistia.org.mx\/contenido\/\",\"name\":\"amnistia.org.mx\",\"description\":\"Nueva p\\u00e1gina de Amnist\\u00eda\",\"potentialAction\":[{\"@type\":\"SearchAction\",\"target\":\"https:\/\/amnistia.org.mx\/contenido\/?s={search_term_string}\",\"query-input\":\"required name=search_term_string\"}],\"inLanguage\":\"es-MX\"},{\"@type\":\"ImageObject\",\"@id\":\"https:\/\/amnistia.org.mx\/contenido\/index.php\/deficiencias-en-la-proteccion-del-personal-sanitario-y-que-realiza-labores-esenciales-durante-la-pandemia-de-covid-19\/#primaryimage\",\"inLanguage\":\"es-MX\",\"url\":\"https:\/\/amnistia.org.mx\/contenido\/wp-content\/uploads\/2020\/07\/Captura-reporte.jpg\",\"width\":527,\"height\":525},{\"@type\":\"WebPage\",\"@id\":\"https:\/\/amnistia.org.mx\/contenido\/index.php\/deficiencias-en-la-proteccion-del-personal-sanitario-y-que-realiza-labores-esenciales-durante-la-pandemia-de-covid-19\/#webpage\",\"url\":\"https:\/\/amnistia.org.mx\/contenido\/index.php\/deficiencias-en-la-proteccion-del-personal-sanitario-y-que-realiza-labores-esenciales-durante-la-pandemia-de-covid-19\/\",\"name\":\"Deficiencias en la protecci\\u00f3n del personal sanitario y que realiza labores esenciales durante la pandemia del Covid-19 - Amnist\\u00eda Internacional\",\"isPartOf\":{\"@id\":\"https:\/\/amnistia.org.mx\/contenido\/#website\"},\"primaryImageOfPage\":{\"@id\":\"https:\/\/amnistia.org.mx\/contenido\/index.php\/deficiencias-en-la-proteccion-del-personal-sanitario-y-que-realiza-labores-esenciales-durante-la-pandemia-de-covid-19\/#primaryimage\"},\"datePublished\":\"2020-07-13T09:47:00+00:00\",\"dateModified\":\"2022-01-25T22:24:08+00:00\",\"author\":{\"@id\":\"https:\/\/amnistia.org.mx\/contenido\/#\/schema\/person\/2d2b29996a9513767aea81f8ae57bdeb\"},\"description\":\"Amnist\\u00eda Internacional formula un completo conjunto de recomendaciones dirigidas a gobiernos de todo el mundo para garantizar la protecci\\u00f3n adecuada del personal sanitario y de los trabajadores y trabajadoras esenciales durante la pandemia de COVID-19.\",\"breadcrumb\":{\"@id\":\"https:\/\/amnistia.org.mx\/contenido\/index.php\/deficiencias-en-la-proteccion-del-personal-sanitario-y-que-realiza-labores-esenciales-durante-la-pandemia-de-covid-19\/#breadcrumb\"},\"inLanguage\":\"es-MX\",\"potentialAction\":[{\"@type\":\"ReadAction\",\"target\":[\"https:\/\/amnistia.org.mx\/contenido\/index.php\/deficiencias-en-la-proteccion-del-personal-sanitario-y-que-realiza-labores-esenciales-durante-la-pandemia-de-covid-19\/\"]}]},{\"@type\":\"BreadcrumbList\",\"@id\":\"https:\/\/amnistia.org.mx\/contenido\/index.php\/deficiencias-en-la-proteccion-del-personal-sanitario-y-que-realiza-labores-esenciales-durante-la-pandemia-de-covid-19\/#breadcrumb\",\"itemListElement\":[{\"@type\":\"ListItem\",\"position\":1,\"item\":{\"@type\":\"WebPage\",\"@id\":\"https:\/\/amnistia.org.mx\/contenido\/\",\"url\":\"https:\/\/amnistia.org.mx\/contenido\/\",\"name\":\"Home\"}},{\"@type\":\"ListItem\",\"position\":2,\"item\":{\"@type\":\"WebPage\",\"@id\":\"https:\/\/amnistia.org.mx\/contenido\/index.php\/deficiencias-en-la-proteccion-del-personal-sanitario-y-que-realiza-labores-esenciales-durante-la-pandemia-de-covid-19\/\",\"url\":\"https:\/\/amnistia.org.mx\/contenido\/index.php\/deficiencias-en-la-proteccion-del-personal-sanitario-y-que-realiza-labores-esenciales-durante-la-pandemia-de-covid-19\/\",\"name\":\"Deficiencias en la protecci\\u00f3n del personal sanitario y que realiza labores esenciales durante la pandemia del Covid-19\"}}]},{\"@type\":[\"Person\"],\"@id\":\"https:\/\/amnistia.org.mx\/contenido\/#\/schema\/person\/2d2b29996a9513767aea81f8ae57bdeb\",\"name\":\"Carolina Flores\",\"image\":{\"@type\":\"ImageObject\",\"@id\":\"https:\/\/amnistia.org.mx\/contenido\/#personlogo\",\"inLanguage\":\"es-MX\",\"url\":\"https:\/\/secure.gravatar.com\/avatar\/e2d29811923c60594035966b365ce272?s=96&d=mm&r=g\",\"caption\":\"Carolina Flores\"}}]}<\/script>\n<!-- \/ Yoast SEO plugin. -->","_links":{"self":[{"href":"https:\/\/amnistia.org.mx\/contenido\/index.php\/wp-json\/wp\/v2\/posts\/11113"}],"collection":[{"href":"https:\/\/amnistia.org.mx\/contenido\/index.php\/wp-json\/wp\/v2\/posts"}],"about":[{"href":"https:\/\/amnistia.org.mx\/contenido\/index.php\/wp-json\/wp\/v2\/types\/post"}],"author":[{"embeddable":true,"href":"https:\/\/amnistia.org.mx\/contenido\/index.php\/wp-json\/wp\/v2\/users\/8"}],"replies":[{"embeddable":true,"href":"https:\/\/amnistia.org.mx\/contenido\/index.php\/wp-json\/wp\/v2\/comments?post=11113"}],"version-history":[{"count":21,"href":"https:\/\/amnistia.org.mx\/contenido\/index.php\/wp-json\/wp\/v2\/posts\/11113\/revisions"}],"predecessor-version":[{"id":15812,"href":"https:\/\/amnistia.org.mx\/contenido\/index.php\/wp-json\/wp\/v2\/posts\/11113\/revisions\/15812"}],"wp:featuredmedia":[{"embeddable":true,"href":"https:\/\/amnistia.org.mx\/contenido\/index.php\/wp-json\/wp\/v2\/media\/11114"}],"wp:attachment":[{"href":"https:\/\/amnistia.org.mx\/contenido\/index.php\/wp-json\/wp\/v2\/media?parent=11113"}],"wp:term":[{"taxonomy":"category","embeddable":true,"href":"https:\/\/amnistia.org.mx\/contenido\/index.php\/wp-json\/wp\/v2\/categories?post=11113"},{"taxonomy":"post_tag","embeddable":true,"href":"https:\/\/amnistia.org.mx\/contenido\/index.php\/wp-json\/wp\/v2\/tags?post=11113"}],"curies":[{"name":"wp","href":"https:\/\/api.w.org\/{rel}","templated":true}]}}