
{"id":11142,"date":"2020-07-13T17:18:59","date_gmt":"2020-07-13T17:18:59","guid":{"rendered":"https:\/\/amnistia.org.mx\/contenido\/?p=11142"},"modified":"2020-08-06T18:39:33","modified_gmt":"2020-08-06T18:39:33","slug":"amenazas-contra-personas-que-defienden-el-derecho-a-la-tierra","status":"publish","type":"post","link":"https:\/\/amnistia.org.mx\/contenido\/index.php\/amenazas-contra-personas-que-defienden-el-derecho-a-la-tierra\/","title":{"rendered":"Amenazas contra personas que defienden el derecho a la tierra"},"content":{"rendered":"\n<p>El 23 de junio de 2020, el Consejo C\u00edvico de Organizaciones Populares e Ind\u00edgenas de Honduras (COPINH) denunci\u00f3 p\u00fablicamente haber recibido amenazas. El d\u00eda anterior recibi\u00f3 un folleto digital en el que un grupo desconocido amenazaba con quemar el centro \u201cUtop\u00eda\u201d de la organizaci\u00f3n en La Esperanza, departamento de Intibuc\u00e1, despu\u00e9s de que COPINH ofreciera este espacio como centro de aislamiento para personas encarceladas infectadas de COVID-19. Instamos a las autoridades a garantizar la seguridad de los miembros de COPINH e investigar todos los ataques contra ellos.<\/p>\n\n\n\n<p><br><strong>ACT\u00daEN: REDACTEN SU PROPIO LLAMAMIENTO O UTILICEN LA SIGUIENTE CARTA MODELO<\/strong><\/p>\n\n\n\n<p>Karla Eugenia Cueva Aguilar<br>Ministra de Derechos Humanos<br>Ministerio de Derechos Humanos<br>Palmira, Edificio Torre Futura, Ave. Rep\u00fablica de Panam\u00e1,<br>Tegucigalpa, M. D. C., Honduras<br>Correo-e (de su asistente): karen.lagos@sedh.gob.hn<br><br>Se\u00f1ora Ministra Cueva:<br><br>Me preocupan los recientes ataques contra el Consejo C\u00edvico de Organizaciones Populares e Ind\u00edgenas de Honduras (COPINH). Seg\u00fan COPINH, el 22 de junio unas personas integrantes de la organizaci\u00f3n recibieron un folleto digital en el que un grupo desconocido amenazaba con quemar el centro \u201cUtop\u00eda\u201d de la organizaci\u00f3n en La Esperanza, departamento de Intibuc\u00e1, despu\u00e9s de que COPINH ofreciera este espacio como centro de aislamiento para personas encarceladas infectadas de COVID-19.<br><br>Las amenazas realizadas contra COPINH se han producido en un contexto de varios ataques recientes denunciados por la organizaci\u00f3n, y de un entorno hostil en Honduras para la defensa de los derechos humanos en general, causado por las medidas adoptadas por el gobierno para hacer frente a la COVID-19.<br><br><strong>Por tanto, la insto a garantizar la seguridad de los miembros de COPINH, de conformidad con los deseos de los propios afectados, y a continuar las investigaciones sobre cualquier ataque contra ellos.<\/strong><\/p>\n\n\n\n<p><br>Atentamente,<br>[NOMBRE]<\/p>\n\n\n\n<p><br><strong>INFORMACI\u00d3N COMPLEMENTARIA<\/strong><\/p>\n\n\n\n<p><strong><br><\/strong>Las y los miembros de COPINH llevan a\u00f1os sufriendo amenazas y acoso en relaci\u00f3n con su trabajo. Berta C\u00e1ceres, l\u00edder y cofundadora de la organizaci\u00f3n, fue asesinada a tiros el 2 de marzo de 2016 en su casa de la localidad de La Esperanza, provincia de Intibuc\u00e1. Tras su muerte, el 5 de marzo de 2016 la Comisi\u00f3n Interamericana solicit\u00f3 medidas cautelares (medida cautelar 112\/16) en favor de las y los miembros del Consejo C\u00edvico de Organizaciones Populares e Ind\u00edgenas de Honduras (COPINH), las y los familiares de Berta C\u00e1ceres y el defensor mexicano Gustavo Castro, bas\u00e1ndose en el riesgo que entra\u00f1aba su labor de defensa de los derechos humanos, el medioambiente y los recursos naturales, y en su mayor vulnerabilidad tras el homicidio de Berta C\u00e1ceres. Bas\u00e1ndose en estas medidas, el sistema hondure\u00f1o de protecci\u00f3n de las personas que defienden los derechos humanos debe aplicar medidas de seguridad para garantizar la integridad f\u00edsica de las y los miembros de COPINH, y asegurar que pueden seguir desempe\u00f1ando sus actividades de defensa de los derechos humanos sin temor a represalias.<\/p>\n\n\n\n<p><br>A pesar de eso, COPINH ha seguido denunciando ataques. Muy recientemente, COPINH denunci\u00f3 p\u00fablicamente ataques contra sus personas miembros y restricciones para reanudar su trabajo en el contexto de la COVID-19, incluida la detenci\u00f3n por parte del ej\u00e9rcito, el 12 de mayo de 2020, de Jos\u00e9 Trochez, miembro del \u00f3rgano de coordinaci\u00f3n general de COPINH, mientras \u00e9ste realizaba trabajo humanitario. El 15 de junio, los miembros de COPINH recibieron informaci\u00f3n que les advert\u00eda de un ataque inminente contra integrantes e instalaciones. Tras el incidente, COPINH pidi\u00f3 protecci\u00f3n adicional al mecanismo de protecci\u00f3n. COPINH tambi\u00e9n inform\u00f3 de que, el 21 de junio, un grupo de unas 60 personas se present\u00f3 en su centro \u201cUtop\u00eda\u201d amenazando con hacerse con su control. El mecanismo de protecci\u00f3n envi\u00f3 dos veh\u00edculos policiales como respuesta. Ante el temor a nuevos ataques, COPINH ha pedido protecci\u00f3n constante que, seg\u00fan la organizaci\u00f3n, a\u00fan no se le ha proporcionado.<\/p>\n\n\n\n<p><br>En el territorio lenca, seg\u00fan COPINH, la poblaci\u00f3n de R\u00edo Blanco sigue sufriendo la destrucci\u00f3n de sus cosechas, junto con otros actos de acoso y amenazas. COPINH habl\u00f3 a Amnist\u00eda Internacional de estos tipos de ataques en 2019. En julio de 2019 se destruyeron intencionadamente las cosechas de alimentos de al menos 25 familias de la comunidad de R\u00edo Blanco, departamento de Intibuc\u00e1. En abril y mayo de 2019, Rosalina Dom\u00ednguez, coordinadora econ\u00f3mica del consejo ind\u00edgena de R\u00edo Blanco, sus cuatro hijos y otras dos personas miembros de su comunidad fueron amenazadas de muerte verbalmente cuando se dirig\u00edan al trabajo por un grupo de al menos siete personas, una de ellas armada.<\/p>\n\n\n\n<p>Amnist\u00eda Internacional tambi\u00e9n ha recibido informaci\u00f3n sobre los riesgos a los que se enfrentan, de forma general, los defensores y defensoras de los derechos humanos en Honduras en el contexto de la COVID-19. Desde que Honduras empez\u00f3 a tomar medidas para contener la propagaci\u00f3n de la COVID-19, Amnist\u00eda Internacional ha tenido noticia de situaciones que ponen en peligro la labor de quienes defienden los derechos humanos en el pa\u00eds, como por ejemplo la retirada de programas de protecci\u00f3n a consecuencia de los decretos ejecutivos PCM-021, PCM-02, PCM-026 y PCM02. El 7 de abril, Amnist\u00eda Internacional public\u00f3 un <a aria-label=\"undefined (abre en una nueva pesta\u00f1a)\" href=\"https:\/\/amnistia.org.mx\/contenido\/wp-content\/uploads\/2020\/07\/ACT3021022020SPANISH.pdf\" target=\"_blank\" rel=\"noreferrer noopener\">documento<\/a> sobre la importancia de los defensores y defensoras de los derechos humanos durante la pandemia de COVID-19. Estas personas desempe\u00f1an una labor fundamental para garantizar los derechos humanos en estos tiempos dif\u00edciles y, por tanto, deben seguir realizando su trabajo en la situaci\u00f3n actual, con las modificaciones adecuadas.<\/p>\n\n\n\n<p><br>En los tres \u00faltimos a\u00f1os, Amnist\u00eda Internacional ha denunciado en numerosas ocasiones las amenazas, la intimidaci\u00f3n, el acoso y los homicidios contra activistas en Honduras, que sigue siendo uno de los pa\u00edses m\u00e1s mortales del mundo para quienes defienden los derechos humanos.<br><\/p>\n\n\n\n<p><strong>PUEDEN ESCRIBIR LLAMAMIENTOS EN:<\/strong> Espa\u00f1ol<br>Tambi\u00e9n pueden escribir en su propio idioma.<br><strong>ENV\u00cdEN LLAMAMIENTOS LO ANTES POSIBLE Y NO M\u00c1S TARDE DEL:<\/strong> 6 de agosto de 2020<br>Consulten con la oficina de Amnist\u00eda en su pa\u00eds si van a enviar llamamientos despu\u00e9s de la fecha l\u00edmite.<br><strong>NOMBRE Y G\u00c9NERO GRAMATICAL PREFERIDO:<\/strong> Consejo C\u00edvico de Organizaciones Populares e Ind\u00edgenas de Honduras (COPINH) (no aplicable)<br><strong>ENLACE A LA AU ANTERIOR<\/strong>: N\/A<\/p>\n\n\n\n<p><\/p>\n\n\n\n<p><br><\/p>\n","protected":false},"excerpt":{"rendered":"<p>El 23 de junio de 2020, el Consejo C\u00edvico de Organizaciones Populares e Ind\u00edgenas de Honduras (COPINH) denunci\u00f3 p\u00fablicamente haber recibido amenazas. El d\u00eda anterior recibi\u00f3 un folleto digital en &hellip;<\/p>\n<p class=\"read-more\"> <a class=\"\" href=\"https:\/\/amnistia.org.mx\/contenido\/index.php\/amenazas-contra-personas-que-defienden-el-derecho-a-la-tierra\/\"> <span class=\"screen-reader-text\">Amenazas contra personas que defienden el derecho a la tierra<\/span> Leer m\u00e1s &raquo;<\/a><\/p>\n","protected":false},"author":8,"featured_media":11461,"comment_status":"open","ping_status":"open","sticky":false,"template":"","format":"standard","meta":{"_uf_show_specific_survey":0,"_uf_disable_surveys":false,"site-sidebar-layout":"default","site-content-layout":"default","ast-global-header-display":"","ast-main-header-display":"","ast-hfb-above-header-display":"","ast-hfb-below-header-display":"","ast-hfb-mobile-header-display":"","site-post-title":"","ast-breadcrumbs-content":"","ast-featured-img":"","footer-sml-layout":"","theme-transparent-header-meta":"default","adv-header-id-meta":"","stick-header-meta":"","header-above-stick-meta":"","header-main-stick-meta":"","header-below-stick-meta":""},"categories":[9,1],"tags":[45],"acf":[],"aioseo_notices":[],"yoast_head":"<!-- This site is optimized with the Yoast SEO plugin v14.5 - https:\/\/yoast.com\/wordpress\/plugins\/seo\/ -->\n<title>Amenazas contra personas que defienden el derecho a la tierra - amnistia.org.mx<\/title>\n<meta name=\"description\" content=\"El 23 de junio de 2020, el Consejo C\u00edvico de Organizaciones Populares e Ind\u00edgenas de Honduras (COPINH)denunci\u00f3 p\u00fablicamente haber recibido amenazas.\" \/>\n<meta name=\"robots\" content=\"index, follow\" \/>\n<meta name=\"googlebot\" content=\"index, follow, max-snippet:-1, max-image-preview:large, max-video-preview:-1\" \/>\n<meta name=\"bingbot\" content=\"index, follow, max-snippet:-1, max-image-preview:large, max-video-preview:-1\" \/>\n<link rel=\"canonical\" href=\"https:\/\/amnistia.org.mx\/contenido\/index.php\/amenazas-contra-personas-que-defienden-el-derecho-a-la-tierra\/\" \/>\n<meta property=\"og:locale\" content=\"es_MX\" \/>\n<meta property=\"og:type\" content=\"article\" \/>\n<meta property=\"og:title\" content=\"Amenazas contra personas que defienden el derecho a la tierra - amnistia.org.mx\" \/>\n<meta property=\"og:description\" content=\"El 23 de junio de 2020, el Consejo C\u00edvico de Organizaciones Populares e Ind\u00edgenas de Honduras (COPINH)denunci\u00f3 p\u00fablicamente haber recibido amenazas.\" \/>\n<meta property=\"og:url\" content=\"https:\/\/amnistia.org.mx\/contenido\/index.php\/amenazas-contra-personas-que-defienden-el-derecho-a-la-tierra\/\" \/>\n<meta property=\"og:site_name\" content=\"amnistia.org.mx\" \/>\n<meta property=\"article:published_time\" content=\"2020-07-13T17:18:59+00:00\" \/>\n<meta property=\"article:modified_time\" content=\"2020-08-06T18:39:33+00:00\" \/>\n<meta property=\"og:image\" content=\"https:\/\/amnistia.org.mx\/contenido\/wp-content\/uploads\/2020\/07\/227404-copia.png\" \/>\n\t<meta property=\"og:image:width\" content=\"1350\" \/>\n\t<meta property=\"og:image:height\" content=\"900\" \/>\n<meta name=\"twitter:card\" content=\"summary_large_image\" \/>\n<script type=\"application\/ld+json\" class=\"yoast-schema-graph\">{\"@context\":\"https:\/\/schema.org\",\"@graph\":[{\"@type\":\"WebSite\",\"@id\":\"https:\/\/amnistia.org.mx\/contenido\/#website\",\"url\":\"https:\/\/amnistia.org.mx\/contenido\/\",\"name\":\"amnistia.org.mx\",\"description\":\"Nueva p\\u00e1gina de Amnist\\u00eda\",\"potentialAction\":[{\"@type\":\"SearchAction\",\"target\":\"https:\/\/amnistia.org.mx\/contenido\/?s={search_term_string}\",\"query-input\":\"required name=search_term_string\"}],\"inLanguage\":\"es-MX\"},{\"@type\":\"ImageObject\",\"@id\":\"https:\/\/amnistia.org.mx\/contenido\/index.php\/amenazas-contra-personas-que-defienden-el-derecho-a-la-tierra\/#primaryimage\",\"inLanguage\":\"es-MX\",\"url\":\"https:\/\/amnistia.org.mx\/contenido\/wp-content\/uploads\/2020\/07\/227404-copia.png\",\"width\":1350,\"height\":900},{\"@type\":\"WebPage\",\"@id\":\"https:\/\/amnistia.org.mx\/contenido\/index.php\/amenazas-contra-personas-que-defienden-el-derecho-a-la-tierra\/#webpage\",\"url\":\"https:\/\/amnistia.org.mx\/contenido\/index.php\/amenazas-contra-personas-que-defienden-el-derecho-a-la-tierra\/\",\"name\":\"Amenazas contra personas que defienden el derecho a la tierra - amnistia.org.mx\",\"isPartOf\":{\"@id\":\"https:\/\/amnistia.org.mx\/contenido\/#website\"},\"primaryImageOfPage\":{\"@id\":\"https:\/\/amnistia.org.mx\/contenido\/index.php\/amenazas-contra-personas-que-defienden-el-derecho-a-la-tierra\/#primaryimage\"},\"datePublished\":\"2020-07-13T17:18:59+00:00\",\"dateModified\":\"2020-08-06T18:39:33+00:00\",\"author\":{\"@id\":\"https:\/\/amnistia.org.mx\/contenido\/#\/schema\/person\/2d2b29996a9513767aea81f8ae57bdeb\"},\"description\":\"El 23 de junio de 2020, el Consejo C\\u00edvico de Organizaciones Populares e Ind\\u00edgenas de Honduras (COPINH)denunci\\u00f3 p\\u00fablicamente haber recibido amenazas.\",\"breadcrumb\":{\"@id\":\"https:\/\/amnistia.org.mx\/contenido\/index.php\/amenazas-contra-personas-que-defienden-el-derecho-a-la-tierra\/#breadcrumb\"},\"inLanguage\":\"es-MX\",\"potentialAction\":[{\"@type\":\"ReadAction\",\"target\":[\"https:\/\/amnistia.org.mx\/contenido\/index.php\/amenazas-contra-personas-que-defienden-el-derecho-a-la-tierra\/\"]}]},{\"@type\":\"BreadcrumbList\",\"@id\":\"https:\/\/amnistia.org.mx\/contenido\/index.php\/amenazas-contra-personas-que-defienden-el-derecho-a-la-tierra\/#breadcrumb\",\"itemListElement\":[{\"@type\":\"ListItem\",\"position\":1,\"item\":{\"@type\":\"WebPage\",\"@id\":\"https:\/\/amnistia.org.mx\/contenido\/\",\"url\":\"https:\/\/amnistia.org.mx\/contenido\/\",\"name\":\"Home\"}},{\"@type\":\"ListItem\",\"position\":2,\"item\":{\"@type\":\"WebPage\",\"@id\":\"https:\/\/amnistia.org.mx\/contenido\/index.php\/amenazas-contra-personas-que-defienden-el-derecho-a-la-tierra\/\",\"url\":\"https:\/\/amnistia.org.mx\/contenido\/index.php\/amenazas-contra-personas-que-defienden-el-derecho-a-la-tierra\/\",\"name\":\"Amenazas contra personas que defienden el derecho a la tierra\"}}]},{\"@type\":[\"Person\"],\"@id\":\"https:\/\/amnistia.org.mx\/contenido\/#\/schema\/person\/2d2b29996a9513767aea81f8ae57bdeb\",\"name\":\"Carolina Flores\",\"image\":{\"@type\":\"ImageObject\",\"@id\":\"https:\/\/amnistia.org.mx\/contenido\/#personlogo\",\"inLanguage\":\"es-MX\",\"url\":\"https:\/\/secure.gravatar.com\/avatar\/e2d29811923c60594035966b365ce272?s=96&d=mm&r=g\",\"caption\":\"Carolina Flores\"}}]}<\/script>\n<!-- \/ Yoast SEO plugin. -->","_links":{"self":[{"href":"https:\/\/amnistia.org.mx\/contenido\/index.php\/wp-json\/wp\/v2\/posts\/11142"}],"collection":[{"href":"https:\/\/amnistia.org.mx\/contenido\/index.php\/wp-json\/wp\/v2\/posts"}],"about":[{"href":"https:\/\/amnistia.org.mx\/contenido\/index.php\/wp-json\/wp\/v2\/types\/post"}],"author":[{"embeddable":true,"href":"https:\/\/amnistia.org.mx\/contenido\/index.php\/wp-json\/wp\/v2\/users\/8"}],"replies":[{"embeddable":true,"href":"https:\/\/amnistia.org.mx\/contenido\/index.php\/wp-json\/wp\/v2\/comments?post=11142"}],"version-history":[{"count":8,"href":"https:\/\/amnistia.org.mx\/contenido\/index.php\/wp-json\/wp\/v2\/posts\/11142\/revisions"}],"predecessor-version":[{"id":11152,"href":"https:\/\/amnistia.org.mx\/contenido\/index.php\/wp-json\/wp\/v2\/posts\/11142\/revisions\/11152"}],"wp:featuredmedia":[{"embeddable":true,"href":"https:\/\/amnistia.org.mx\/contenido\/index.php\/wp-json\/wp\/v2\/media\/11461"}],"wp:attachment":[{"href":"https:\/\/amnistia.org.mx\/contenido\/index.php\/wp-json\/wp\/v2\/media?parent=11142"}],"wp:term":[{"taxonomy":"category","embeddable":true,"href":"https:\/\/amnistia.org.mx\/contenido\/index.php\/wp-json\/wp\/v2\/categories?post=11142"},{"taxonomy":"post_tag","embeddable":true,"href":"https:\/\/amnistia.org.mx\/contenido\/index.php\/wp-json\/wp\/v2\/tags?post=11142"}],"curies":[{"name":"wp","href":"https:\/\/api.w.org\/{rel}","templated":true}]}}