
{"id":11158,"date":"2020-07-15T19:20:30","date_gmt":"2020-07-15T19:20:30","guid":{"rendered":"https:\/\/amnistia.org.mx\/contenido\/?p=11158"},"modified":"2020-07-15T19:20:32","modified_gmt":"2020-07-15T19:20:32","slug":"amnistia-internacional-seguira-vigilante-de-que-los-programas-para-atender-las-violencias-contra-las-mujeres-cuenten-con-presupuestos-para-su-aplicacion","status":"publish","type":"post","link":"https:\/\/amnistia.org.mx\/contenido\/index.php\/amnistia-internacional-seguira-vigilante-de-que-los-programas-para-atender-las-violencias-contra-las-mujeres-cuenten-con-presupuestos-para-su-aplicacion\/","title":{"rendered":"Amnist\u00eda Internacional seguir\u00e1 vigilante de que los programas para atender las violencias contra las mujeres cuenten con presupuestos para su aplicaci\u00f3n"},"content":{"rendered":"\n<ul><li>Es una obligaci\u00f3n del Estado mexicano garantizar el derecho de las mujeres a una vida libre de violencia, y para ello asegurar recursos que permitan la operaci\u00f3n de los programas que brindan atenci\u00f3n a las mujeres que viven violencia.<\/li><\/ul>\n\n\n\n<ul><li>Amnist\u00eda Internacional permanecer\u00e1 atenta a que los programas cuenten con los recursos aprobados en el Presupuesto de Egresos de la Federaci\u00f3n para el Ejercicio Fiscal 2020.<\/li><\/ul>\n\n\n\n<p>El anuncio hecho ayer por la Secretar\u00eda de Gobernaci\u00f3n en el sentido de que ser\u00e1n respetados los presupuestos asignados a los diferentes organismos desconcentrados que atienden los derechos humanos y la atenci\u00f3n a las violencias contra mujeres y ni\u00f1as, es una decisi\u00f3n positiva, apegada a la Ley de Presupuesto y Responsabilidad Hacendaria.<\/p>\n\n\n\n<p>El mi\u00e9rcoles 6 de mayo Amnist\u00eda Internacional, Equis Justicia para las Mujeres y la Red Nacional de Refugios (RNR) hicieron p\u00fablica una Carta Abierta dirigida al Presidente de la Rep\u00fablica y a la titular de la Secretar\u00eda de Gobernaci\u00f3n, a la que se adhirieron 163 organizaciones de la sociedad civil mexicana.<\/p>\n\n\n\n<p>En la carta, se solicit\u00f3 a las autoridades detallar \u00bfqu\u00e9 programas presupuestarios estaban incluidos en el punto 38 del inciso V, del decreto de austeridad publicado en el Diario Oficial de la Federaci\u00f3n el 23 de abril 2020?, y si \u00e9stos contar\u00edan con el presupuesto necesario para seguir su operaci\u00f3n durante la contingencia sanitaria, y a\u00fan despu\u00e9s de \u00e9sta, dado que el decreto est\u00e1 vigente hasta el 31 de diciembre de 2020.<\/p>\n\n\n\n<p>Derivado de la Carta Abierta, el 22 de mayo de 2020, representantes de Amnist\u00eda Internacional, Equis Justicia para las Mujeres, la Red Nacional de Refugios (RNR) y la Red Nacional de Casas de la Mujer Ind\u00edgena y Afroamericana (CAMIs), tuvieron una reuni\u00f3n con la Secretaria de Gobernaci\u00f3n, Olga S\u00e1nchez Cordero. En la misma participaron las y los titulares de dependencias a cargo de la atenci\u00f3n a la violencia contra las mujeres.<\/p>\n\n\n\n<p>En ese encuentro, las autoridades dijeron no tener claridad sobre la pregunta planteada respecto de qu\u00e9 programas presupuestarios est\u00e1n incluidos en el punto 38 del inciso V, del decreto emitido el 23 de abril de 2020. Sin embargo, informaron que los recursos para las CAMIs hab\u00edan sido cancelados por el resto del a\u00f1o. Como parte de los acuerdos del encuentro, se determin\u00f3 hacer reuniones mensuales para dar seguimiento al tema. No obstante, estas no se llevaron a cabo.<\/p>\n\n\n\n<p>Ante la falta de respuestas claras, Amnist\u00eda Internacional lanz\u00f3 una Acci\u00f3n Urgente, el mi\u00e9rcoles 8 de julio de 2020, con el objetivo de que el Estado mexicano garantizara los recursos a los programas que atienden las violencias contra las mujeres, incluyendo el presupuesto para las Casas de Atenci\u00f3n a la Mujer Ind\u00edgena y Afrodescendiente (CAMIs). Mediante la Acci\u00f3n Urgente activistas del movimiento internacional, enviaron cartas y mensajes de correo electr\u00f3nico a la Secretar\u00eda de Gobernaci\u00f3n, apoyando la petici\u00f3n.<\/p>\n\n\n\n<p>A pesar de no haber recibido respuesta a la Carta Abierta ni a la Acci\u00f3n Urgente, el anuncio hecho ayer por la Secretar\u00eda de Gobernaci\u00f3n, indica que el objetivo se ha cumplido.<\/p>\n\n\n\n<p>Amnist\u00eda Internacional seguir\u00e1 vigilando que no haya recortes presupuestales a los programas destinados a atender las violencias contra las mujeres y las ni\u00f1as en M\u00e9xico. Como parte de esta vigilancia, solicitar\u00e1 a la C\u00e1mara de Diputados que ejerza su facultad de supervisar que dichos presupuestos se apliquen conforme a lo establecido e incluso solicite al poder Ejecutivo rendir cuentas al respecto.<\/p>\n\n\n\n<p>El Estado mexicano tiene la obligaci\u00f3n de garantizar los recursos para prevenir, atender y erradicar las violencias contra las mujeres y las ni\u00f1as, en cualquier tipo de contexto que ocurra en el pa\u00eds.<\/p>\n\n\n\n<p>Para hacer efectivo el derecho de las mujeres a una vida libre de violencia se requiere tambi\u00e9n de pol\u00edticas p\u00fablicas concretas. Al respecto, es necesario recordar que a\u00fan est\u00e1 pendiente la publicaci\u00f3n, en el Diario Oficial de la Federaci\u00f3n, del Programa Integral para prevenir, atender, sancionar y erradicar la violencia contra las mujeres, previsto en los art\u00edculos 41 y 42, de la Ley General de Acceso de las Mujeres a una Vida Libre de Violencia.<\/p>\n\n\n\n<p><strong>Informaci\u00f3n adicional:<\/strong><\/p>\n\n\n\n<p><strong>Carta abierta dirigida al Presidente Andr\u00e9s Manuel L\u00f3pez Obrador y a la Secretaria de Gobernaci\u00f3n, Olga S\u00e1nchez Cordero:<\/strong> <a href=\"https:\/\/amnistia.org.mx\/contenido\/index.php\/carta-abierta-a-andres-manuel-lopez-obrador-presidente-de-los-estados-unidos-mexicanos-y-a-olga-sanchez-cordero-secretaria-de-gobernacion\/\">Carta abierta a Andr\u00e9s Manuel L\u00f3pez Obrador, Presidente de los Estados Unidos Mexicanos y a Olga S\u00e1nchez Cordero, Secretaria de Gobernaci\u00f3n<\/a><\/p>\n\n\n\n<p><strong>Resultado de la reuni\u00f3n sostenida con la Secretaria de Gobernaci\u00f3n, Olga S\u00e1nchez Cordero<\/strong>: <a href=\"https:\/\/amnistia.org.mx\/contenido\/index.php\/comunicado-para-medios\/\">COMUNICADO PARA MEDIOS<\/a><\/p>\n\n\n\n<p><strong>Usted puede conocer la Acci\u00f3n Urgente en la siguiente liga:<\/strong> <a href=\"https:\/\/amnistia.org.mx\/contenido\/index.php\/proteccion-de-los-derechos-de-las-mujeres-en-peligro\/\">Protecci\u00f3n de los Derechos de las Mujeres en Peligro<\/a><\/p>\n\n\n\n<p><strong>Contacto para medios de comunicaci\u00f3n:<\/strong><\/p>\n\n\n\n<p>Alejandro Ju\u00e1rez: Amnist\u00eda Internacional M\u00e9xico: +52 1 55 3121 9146<\/p>\n\n\n\n<p><\/p>\n","protected":false},"excerpt":{"rendered":"<p>Es una obligaci\u00f3n del Estado mexicano garantizar el derecho de las mujeres a una vida libre de violencia, y para ello asegurar recursos que permitan la operaci\u00f3n de los programas &hellip;<\/p>\n<p class=\"read-more\"> <a class=\"\" href=\"https:\/\/amnistia.org.mx\/contenido\/index.php\/amnistia-internacional-seguira-vigilante-de-que-los-programas-para-atender-las-violencias-contra-las-mujeres-cuenten-con-presupuestos-para-su-aplicacion\/\"> <span class=\"screen-reader-text\">Amnist\u00eda Internacional seguir\u00e1 vigilante de que los programas para atender las violencias contra las mujeres cuenten con presupuestos para su aplicaci\u00f3n<\/span> Leer m\u00e1s &raquo;<\/a><\/p>\n","protected":false},"author":4,"featured_media":2225,"comment_status":"open","ping_status":"open","sticky":false,"template":"","format":"standard","meta":{"_uf_show_specific_survey":0,"_uf_disable_surveys":false,"site-sidebar-layout":"default","site-content-layout":"default","ast-global-header-display":"","ast-main-header-display":"","ast-hfb-above-header-display":"","ast-hfb-below-header-display":"","ast-hfb-mobile-header-display":"","site-post-title":"","ast-breadcrumbs-content":"","ast-featured-img":"","footer-sml-layout":"","theme-transparent-header-meta":"default","adv-header-id-meta":"","stick-header-meta":"","header-above-stick-meta":"","header-main-stick-meta":"","header-below-stick-meta":""},"categories":[20,1],"tags":[28],"acf":[],"aioseo_notices":[],"yoast_head":"<!-- This site is optimized with the Yoast SEO plugin v14.5 - https:\/\/yoast.com\/wordpress\/plugins\/seo\/ -->\n<title>Amnist\u00eda Internacional seguir\u00e1 vigilante de que los programas para atender las violencias contra las mujeres cuenten con presupuestos para su aplicaci\u00f3n - amnistia.org.mx<\/title>\n<meta name=\"robots\" content=\"index, follow\" \/>\n<meta name=\"googlebot\" content=\"index, follow, max-snippet:-1, max-image-preview:large, max-video-preview:-1\" \/>\n<meta name=\"bingbot\" content=\"index, follow, max-snippet:-1, max-image-preview:large, max-video-preview:-1\" \/>\n<link rel=\"canonical\" href=\"https:\/\/amnistia.org.mx\/contenido\/index.php\/amnistia-internacional-seguira-vigilante-de-que-los-programas-para-atender-las-violencias-contra-las-mujeres-cuenten-con-presupuestos-para-su-aplicacion\/\" \/>\n<meta property=\"og:locale\" content=\"es_MX\" \/>\n<meta property=\"og:type\" content=\"article\" \/>\n<meta property=\"og:title\" content=\"Amnist\u00eda Internacional seguir\u00e1 vigilante de que los programas para atender las violencias contra las mujeres cuenten con presupuestos para su aplicaci\u00f3n - amnistia.org.mx\" \/>\n<meta property=\"og:description\" content=\"Es una obligaci\u00f3n del Estado mexicano garantizar el derecho de las mujeres a una vida libre de violencia, y para ello asegurar recursos que permitan la operaci\u00f3n de los programas &hellip; Amnist\u00eda Internacional seguir\u00e1 vigilante de que los programas para atender las violencias contra las mujeres cuenten con presupuestos para su aplicaci\u00f3n Leer m\u00e1s &raquo;\" \/>\n<meta property=\"og:url\" content=\"https:\/\/amnistia.org.mx\/contenido\/index.php\/amnistia-internacional-seguira-vigilante-de-que-los-programas-para-atender-las-violencias-contra-las-mujeres-cuenten-con-presupuestos-para-su-aplicacion\/\" \/>\n<meta property=\"og:site_name\" content=\"amnistia.org.mx\" \/>\n<meta property=\"article:published_time\" content=\"2020-07-15T19:20:30+00:00\" \/>\n<meta property=\"article:modified_time\" content=\"2020-07-15T19:20:32+00:00\" \/>\n<meta property=\"og:image\" content=\"https:\/\/amnistia.org.mx\/contenido\/wp-content\/uploads\/2020\/01\/Prensa-scaled.jpg\" \/>\n\t<meta property=\"og:image:width\" content=\"2560\" \/>\n\t<meta property=\"og:image:height\" content=\"1707\" \/>\n<meta name=\"twitter:card\" content=\"summary_large_image\" \/>\n<script type=\"application\/ld+json\" class=\"yoast-schema-graph\">{\"@context\":\"https:\/\/schema.org\",\"@graph\":[{\"@type\":\"WebSite\",\"@id\":\"https:\/\/amnistia.org.mx\/contenido\/#website\",\"url\":\"https:\/\/amnistia.org.mx\/contenido\/\",\"name\":\"amnistia.org.mx\",\"description\":\"Nueva p\\u00e1gina de Amnist\\u00eda\",\"potentialAction\":[{\"@type\":\"SearchAction\",\"target\":\"https:\/\/amnistia.org.mx\/contenido\/?s={search_term_string}\",\"query-input\":\"required name=search_term_string\"}],\"inLanguage\":\"es-MX\"},{\"@type\":\"ImageObject\",\"@id\":\"https:\/\/amnistia.org.mx\/contenido\/index.php\/amnistia-internacional-seguira-vigilante-de-que-los-programas-para-atender-las-violencias-contra-las-mujeres-cuenten-con-presupuestos-para-su-aplicacion\/#primaryimage\",\"inLanguage\":\"es-MX\",\"url\":\"https:\/\/amnistia.org.mx\/contenido\/wp-content\/uploads\/2020\/01\/Prensa-scaled.jpg\",\"width\":2560,\"height\":1707},{\"@type\":\"WebPage\",\"@id\":\"https:\/\/amnistia.org.mx\/contenido\/index.php\/amnistia-internacional-seguira-vigilante-de-que-los-programas-para-atender-las-violencias-contra-las-mujeres-cuenten-con-presupuestos-para-su-aplicacion\/#webpage\",\"url\":\"https:\/\/amnistia.org.mx\/contenido\/index.php\/amnistia-internacional-seguira-vigilante-de-que-los-programas-para-atender-las-violencias-contra-las-mujeres-cuenten-con-presupuestos-para-su-aplicacion\/\",\"name\":\"Amnist\\u00eda Internacional seguir\\u00e1 vigilante de que los programas para atender las violencias contra las mujeres cuenten con presupuestos para su aplicaci\\u00f3n - amnistia.org.mx\",\"isPartOf\":{\"@id\":\"https:\/\/amnistia.org.mx\/contenido\/#website\"},\"primaryImageOfPage\":{\"@id\":\"https:\/\/amnistia.org.mx\/contenido\/index.php\/amnistia-internacional-seguira-vigilante-de-que-los-programas-para-atender-las-violencias-contra-las-mujeres-cuenten-con-presupuestos-para-su-aplicacion\/#primaryimage\"},\"datePublished\":\"2020-07-15T19:20:30+00:00\",\"dateModified\":\"2020-07-15T19:20:32+00:00\",\"author\":{\"@id\":\"https:\/\/amnistia.org.mx\/contenido\/#\/schema\/person\/7db421c495688267ce8ede4625c17fa5\"},\"breadcrumb\":{\"@id\":\"https:\/\/amnistia.org.mx\/contenido\/index.php\/amnistia-internacional-seguira-vigilante-de-que-los-programas-para-atender-las-violencias-contra-las-mujeres-cuenten-con-presupuestos-para-su-aplicacion\/#breadcrumb\"},\"inLanguage\":\"es-MX\",\"potentialAction\":[{\"@type\":\"ReadAction\",\"target\":[\"https:\/\/amnistia.org.mx\/contenido\/index.php\/amnistia-internacional-seguira-vigilante-de-que-los-programas-para-atender-las-violencias-contra-las-mujeres-cuenten-con-presupuestos-para-su-aplicacion\/\"]}]},{\"@type\":\"BreadcrumbList\",\"@id\":\"https:\/\/amnistia.org.mx\/contenido\/index.php\/amnistia-internacional-seguira-vigilante-de-que-los-programas-para-atender-las-violencias-contra-las-mujeres-cuenten-con-presupuestos-para-su-aplicacion\/#breadcrumb\",\"itemListElement\":[{\"@type\":\"ListItem\",\"position\":1,\"item\":{\"@type\":\"WebPage\",\"@id\":\"https:\/\/amnistia.org.mx\/contenido\/\",\"url\":\"https:\/\/amnistia.org.mx\/contenido\/\",\"name\":\"Home\"}},{\"@type\":\"ListItem\",\"position\":2,\"item\":{\"@type\":\"WebPage\",\"@id\":\"https:\/\/amnistia.org.mx\/contenido\/index.php\/amnistia-internacional-seguira-vigilante-de-que-los-programas-para-atender-las-violencias-contra-las-mujeres-cuenten-con-presupuestos-para-su-aplicacion\/\",\"url\":\"https:\/\/amnistia.org.mx\/contenido\/index.php\/amnistia-internacional-seguira-vigilante-de-que-los-programas-para-atender-las-violencias-contra-las-mujeres-cuenten-con-presupuestos-para-su-aplicacion\/\",\"name\":\"Amnist\\u00eda Internacional seguir\\u00e1 vigilante de que los programas para atender las violencias contra las mujeres cuenten con presupuestos para su aplicaci\\u00f3n\"}}]},{\"@type\":[\"Person\"],\"@id\":\"https:\/\/amnistia.org.mx\/contenido\/#\/schema\/person\/7db421c495688267ce8ede4625c17fa5\",\"name\":\"Alejandro Ju\\u00e1rez Gamero\",\"image\":{\"@type\":\"ImageObject\",\"@id\":\"https:\/\/amnistia.org.mx\/contenido\/#personlogo\",\"inLanguage\":\"es-MX\",\"url\":\"https:\/\/secure.gravatar.com\/avatar\/e312d5566d1c3ffb56f86415d6f0e606?s=96&d=mm&r=g\",\"caption\":\"Alejandro Ju\\u00e1rez Gamero\"}}]}<\/script>\n<!-- \/ Yoast SEO plugin. -->","_links":{"self":[{"href":"https:\/\/amnistia.org.mx\/contenido\/index.php\/wp-json\/wp\/v2\/posts\/11158"}],"collection":[{"href":"https:\/\/amnistia.org.mx\/contenido\/index.php\/wp-json\/wp\/v2\/posts"}],"about":[{"href":"https:\/\/amnistia.org.mx\/contenido\/index.php\/wp-json\/wp\/v2\/types\/post"}],"author":[{"embeddable":true,"href":"https:\/\/amnistia.org.mx\/contenido\/index.php\/wp-json\/wp\/v2\/users\/4"}],"replies":[{"embeddable":true,"href":"https:\/\/amnistia.org.mx\/contenido\/index.php\/wp-json\/wp\/v2\/comments?post=11158"}],"version-history":[{"count":2,"href":"https:\/\/amnistia.org.mx\/contenido\/index.php\/wp-json\/wp\/v2\/posts\/11158\/revisions"}],"predecessor-version":[{"id":11160,"href":"https:\/\/amnistia.org.mx\/contenido\/index.php\/wp-json\/wp\/v2\/posts\/11158\/revisions\/11160"}],"wp:featuredmedia":[{"embeddable":true,"href":"https:\/\/amnistia.org.mx\/contenido\/index.php\/wp-json\/wp\/v2\/media\/2225"}],"wp:attachment":[{"href":"https:\/\/amnistia.org.mx\/contenido\/index.php\/wp-json\/wp\/v2\/media?parent=11158"}],"wp:term":[{"taxonomy":"category","embeddable":true,"href":"https:\/\/amnistia.org.mx\/contenido\/index.php\/wp-json\/wp\/v2\/categories?post=11158"},{"taxonomy":"post_tag","embeddable":true,"href":"https:\/\/amnistia.org.mx\/contenido\/index.php\/wp-json\/wp\/v2\/tags?post=11158"}],"curies":[{"name":"wp","href":"https:\/\/api.w.org\/{rel}","templated":true}]}}