
{"id":11254,"date":"2020-07-22T16:58:44","date_gmt":"2020-07-22T16:58:44","guid":{"rendered":"https:\/\/amnistia.org.mx\/contenido\/?p=11254"},"modified":"2020-07-22T16:58:46","modified_gmt":"2020-07-22T16:58:46","slug":"amnistia-internacional-solicita-a-las-y-los-diputados-la-comparecencia-del-secretario-de-hacienda-por-recortes-a-presupuestos-para-las-mujeres","status":"publish","type":"post","link":"https:\/\/amnistia.org.mx\/contenido\/index.php\/amnistia-internacional-solicita-a-las-y-los-diputados-la-comparecencia-del-secretario-de-hacienda-por-recortes-a-presupuestos-para-las-mujeres\/","title":{"rendered":"Amnist\u00eda Internacional solicita a las y los diputados la comparecencia del Secretario de Hacienda por recortes a presupuestos para las mujeres"},"content":{"rendered":"\n<ul><li>El recorte al presupuesto del Instituto Nacional de las Mujeres es contrario a la Ley Federal de Presupuesto y Responsabilidad Hacendaria<\/li><\/ul>\n\n\n\n<ul><li>Dicha ley se\u00f1ala que \u201cno se podr\u00e1n realizar reducciones a los programas presupuestarios ni a las inversiones dirigidas a la atenci\u00f3n de la Igualdad entre Mujeres y Hombres\u201d<\/li><\/ul>\n\n\n\n<ul><li>Cualquier cambio en el ejercicio del presupuesto debe ser aprobado por las y los diputados<\/li><\/ul>\n\n\n\n<p>Las y los diputados deben ejercer su facultad de vigilancia y llamar a comparecer al Secretario de Hacienda y Cr\u00e9dito P\u00fablico, para que rinda cuentas sobre los recortes presupuestarios ordenados por el Ejecutivo federal, a los programas dirigidos a la atenci\u00f3n de la Igualdad entre Mujeres y Hombres.<\/p>\n\n\n\n<p>La solicitud la hace Amnist\u00eda Internacional a trav\u00e9s de una <a href=\"https:\/\/amnistia.org.mx\/contenido\/index.php\/no-a-la-reduccion-de-presupuestos-para-las-mujeres\/\">petici\u00f3n<\/a> dirigida a las y los legisladores, luego de que el Ejecutivo federal anunci\u00f3 un recorte presupuestal al Instituto Nacional de las Mujeres (INMUJERES) por 151 millones de pesos.<\/p>\n\n\n\n<p>Esta decisi\u00f3n es contraria a la Ley Federal de Presupuesto y Responsabilidad Hacendaria, que establece claramente que \u201cno se podr\u00e1n realizar reducciones a los programas presupuestarios ni a las inversiones dirigidas a la atenci\u00f3n de la Igualdad entre Mujeres y Hombres\u201d<a href=\"#_ftn1\">[1]<\/a>.<\/p>\n\n\n\n<p>Por si fuera poco, el Ejecutivo federal pas\u00f3 por alto las facultades que tiene en este caso la C\u00e1mara de Diputados, pues la citada ley precisa que cualquier cambio en el ejercicio del presupuesto debe ser aprobado por las y los diputados.<\/p>\n\n\n\n<p>Cuando una persona se suma a la <a href=\"https:\/\/amnistia.org.mx\/contenido\/index.php\/no-a-la-reduccion-de-presupuestos-para-las-mujeres\/\">petici\u00f3n<\/a> firm\u00e1ndola, las y los 500 diputados reciben de manera autom\u00e1tica, en su correo electr\u00f3nico, el mensaje con las exigencias de ejercer su facultad de vigilancia y llamar a comparecer al Secretario de Hacienda y Cr\u00e9dito P\u00fablico para que rinda cuentas sobre los recortes presupuestarios; y de posicionarse p\u00fablicamente para que no se reduzca el presupuesto para garantizar el derecho de las mujeres a una vida libre de violencia.<\/p>\n\n\n\n<p>Por las caracter\u00edsticas de la petici\u00f3n, los y las diputadas no podr\u00e1n ignorar el mensaje y las exigencias de la acci\u00f3n ciudadana.<\/p>\n\n\n\n<p><strong>Contexto de las reducciones presupuestales<\/strong><\/p>\n\n\n\n<p>La reducci\u00f3n al presupuesto del INMUJERES se dio luego de que el 23 de abril de 2020, fuera publicado un decreto sobre medidas de austeridad presupuestaria ante la pandemia de COVID19, que ha provocado reducciones del presupuesto para instituciones y programas que garantizan el derecho de las mujeres a una vida libre de violencia.<\/p>\n\n\n\n<p>Entre las reducciones, se pretendi\u00f3 recortar los recursos de las Casas de la Mujer Ind\u00edgena y Afrodescendiente (CAMIs) y el presupuesto que asigna la Comisi\u00f3n Nacional para Prevenir y Erradicar la Violencia Contra las Mujeres (CONAVIM) para implementar las recomendaciones de las Alertas de Violencia de G\u00e9nero. Estos dos intentos de reducci\u00f3n lograron revertirse gracias a la acci\u00f3n ciudadana.<\/p>\n\n\n\n<p><strong>Decisiones contrarias a la ley<\/strong><strong><\/strong><\/p>\n\n\n\n<p>Esas decisiones afectan de manera importante la atenci\u00f3n a mujeres v\u00edctimas de las violencias e ignoran, como se se\u00f1al\u00f3 anteriormente, lo establecido en el art\u00edculo 58, p\u00e1rrafos 4\u00b0 y 5\u00b0, de la Ley Federal de Presupuesto y Responsabilidad Hacendaria. El p\u00e1rrafo 4\u00b0 de la misma establece que:<\/p>\n\n\n\n<p>\u201cCuando las adecuaciones presupuestarias [entre ellas el recorte de presupuesto] representen en su conjunto o por una sola vez una variaci\u00f3n mayor al 5 por ciento del presupuesto total del ramo de que se trate o del presupuesto de una entidad, la Secretar\u00eda deber\u00e1 reportarlo en los informes trimestrales. Con base en esta informaci\u00f3n, la Comisi\u00f3n de Presupuesto y Cuenta P\u00fablica podr\u00e1 emitir opini\u00f3n sobre dichas adecuaciones\u201d.<\/p>\n\n\n\n<p>El p\u00e1rrafo 5\u00b0 de la ley referida es muy claro en el se\u00f1alamiento sobre la intervenci\u00f3n de la C\u00e1mara de Diputados, al establecer que:<\/p>\n\n\n\n<p>\u201cNo se podr\u00e1n realizar reducciones a los programas presupuestarios ni a las inversiones dirigidas a la atenci\u00f3n de la Igualdad entre Mujeres y Hombres, al Programa de Ciencia, Tecnolog\u00eda e Innovaci\u00f3n; las erogaciones correspondientes al Desarrollo Integral de los Pueblos Ind\u00edgenas y Comunidades Ind\u00edgenas y la Atenci\u00f3n a Grupos Vulnerables, salvo en los supuestos establecidos en la presente Ley y con la opini\u00f3n de la C\u00e1mara de Diputados\u201d.<\/p>\n\n\n\n<hr class=\"wp-block-separator\"\/>\n\n\n\n<p><a href=\"#_ftnref1\">[1]<\/a> Ley Federal de Presupuesto y Responsabilidad Hacendaria, art\u00edculo 58, p\u00e1rrafos 4\u00b0 y 5\u00b0, p: 42. Se puede consultar en: <a href=\"http:\/\/www.diputados.gob.mx\/LeyesBiblio\/pdf\/LFPRH_191119.pdf\">http:\/\/www.diputados.gob.mx\/LeyesBiblio\/pdf\/LFPRH_191119.pdf<\/a><\/p>\n","protected":false},"excerpt":{"rendered":"<p>El recorte al presupuesto del Instituto Nacional de las Mujeres es contrario a la Ley Federal de Presupuesto y Responsabilidad Hacendaria Dicha ley se\u00f1ala que \u201cno se podr\u00e1n realizar reducciones &hellip;<\/p>\n<p class=\"read-more\"> <a class=\"\" href=\"https:\/\/amnistia.org.mx\/contenido\/index.php\/amnistia-internacional-solicita-a-las-y-los-diputados-la-comparecencia-del-secretario-de-hacienda-por-recortes-a-presupuestos-para-las-mujeres\/\"> <span class=\"screen-reader-text\">Amnist\u00eda Internacional solicita a las y los diputados la comparecencia del Secretario de Hacienda por recortes a presupuestos para las mujeres<\/span> Leer m\u00e1s &raquo;<\/a><\/p>\n","protected":false},"author":4,"featured_media":2225,"comment_status":"open","ping_status":"open","sticky":false,"template":"","format":"standard","meta":{"_uf_show_specific_survey":0,"_uf_disable_surveys":false,"site-sidebar-layout":"default","site-content-layout":"default","ast-global-header-display":"","ast-main-header-display":"","ast-hfb-above-header-display":"","ast-hfb-below-header-display":"","ast-hfb-mobile-header-display":"","site-post-title":"","ast-breadcrumbs-content":"","ast-featured-img":"","footer-sml-layout":"","theme-transparent-header-meta":"default","adv-header-id-meta":"","stick-header-meta":"","header-above-stick-meta":"","header-main-stick-meta":"","header-below-stick-meta":""},"categories":[20],"tags":[28],"acf":[],"aioseo_notices":[],"yoast_head":"<!-- This site is optimized with the Yoast SEO plugin v14.5 - https:\/\/yoast.com\/wordpress\/plugins\/seo\/ -->\n<title>Amnist\u00eda Internacional solicita a las y los diputados la comparecencia del Secretario de Hacienda por recortes a presupuestos para las mujeres - amnistia.org.mx<\/title>\n<meta name=\"robots\" content=\"index, follow\" \/>\n<meta name=\"googlebot\" content=\"index, follow, max-snippet:-1, max-image-preview:large, max-video-preview:-1\" \/>\n<meta name=\"bingbot\" content=\"index, follow, max-snippet:-1, max-image-preview:large, max-video-preview:-1\" \/>\n<link rel=\"canonical\" href=\"https:\/\/amnistia.org.mx\/contenido\/index.php\/amnistia-internacional-solicita-a-las-y-los-diputados-la-comparecencia-del-secretario-de-hacienda-por-recortes-a-presupuestos-para-las-mujeres\/\" \/>\n<meta property=\"og:locale\" content=\"es_MX\" \/>\n<meta property=\"og:type\" content=\"article\" \/>\n<meta property=\"og:title\" content=\"Amnist\u00eda Internacional solicita a las y los diputados la comparecencia del Secretario de Hacienda por recortes a presupuestos para las mujeres - amnistia.org.mx\" \/>\n<meta property=\"og:description\" content=\"El recorte al presupuesto del Instituto Nacional de las Mujeres es contrario a la Ley Federal de Presupuesto y Responsabilidad Hacendaria Dicha ley se\u00f1ala que \u201cno se podr\u00e1n realizar reducciones &hellip; Amnist\u00eda Internacional solicita a las y los diputados la comparecencia del Secretario de Hacienda por recortes a presupuestos para las mujeres Leer m\u00e1s &raquo;\" \/>\n<meta property=\"og:url\" content=\"https:\/\/amnistia.org.mx\/contenido\/index.php\/amnistia-internacional-solicita-a-las-y-los-diputados-la-comparecencia-del-secretario-de-hacienda-por-recortes-a-presupuestos-para-las-mujeres\/\" \/>\n<meta property=\"og:site_name\" content=\"amnistia.org.mx\" \/>\n<meta property=\"article:published_time\" content=\"2020-07-22T16:58:44+00:00\" \/>\n<meta property=\"article:modified_time\" content=\"2020-07-22T16:58:46+00:00\" \/>\n<meta property=\"og:image\" content=\"https:\/\/amnistia.org.mx\/contenido\/wp-content\/uploads\/2020\/01\/Prensa-scaled.jpg\" \/>\n\t<meta property=\"og:image:width\" content=\"2560\" \/>\n\t<meta property=\"og:image:height\" content=\"1707\" \/>\n<meta name=\"twitter:card\" content=\"summary_large_image\" \/>\n<script type=\"application\/ld+json\" class=\"yoast-schema-graph\">{\"@context\":\"https:\/\/schema.org\",\"@graph\":[{\"@type\":\"WebSite\",\"@id\":\"https:\/\/amnistia.org.mx\/contenido\/#website\",\"url\":\"https:\/\/amnistia.org.mx\/contenido\/\",\"name\":\"amnistia.org.mx\",\"description\":\"Nueva p\\u00e1gina de Amnist\\u00eda\",\"potentialAction\":[{\"@type\":\"SearchAction\",\"target\":\"https:\/\/amnistia.org.mx\/contenido\/?s={search_term_string}\",\"query-input\":\"required name=search_term_string\"}],\"inLanguage\":\"es-MX\"},{\"@type\":\"ImageObject\",\"@id\":\"https:\/\/amnistia.org.mx\/contenido\/index.php\/amnistia-internacional-solicita-a-las-y-los-diputados-la-comparecencia-del-secretario-de-hacienda-por-recortes-a-presupuestos-para-las-mujeres\/#primaryimage\",\"inLanguage\":\"es-MX\",\"url\":\"https:\/\/amnistia.org.mx\/contenido\/wp-content\/uploads\/2020\/01\/Prensa-scaled.jpg\",\"width\":2560,\"height\":1707},{\"@type\":\"WebPage\",\"@id\":\"https:\/\/amnistia.org.mx\/contenido\/index.php\/amnistia-internacional-solicita-a-las-y-los-diputados-la-comparecencia-del-secretario-de-hacienda-por-recortes-a-presupuestos-para-las-mujeres\/#webpage\",\"url\":\"https:\/\/amnistia.org.mx\/contenido\/index.php\/amnistia-internacional-solicita-a-las-y-los-diputados-la-comparecencia-del-secretario-de-hacienda-por-recortes-a-presupuestos-para-las-mujeres\/\",\"name\":\"Amnist\\u00eda Internacional solicita a las y los diputados la comparecencia del Secretario de Hacienda por recortes a presupuestos para las mujeres - amnistia.org.mx\",\"isPartOf\":{\"@id\":\"https:\/\/amnistia.org.mx\/contenido\/#website\"},\"primaryImageOfPage\":{\"@id\":\"https:\/\/amnistia.org.mx\/contenido\/index.php\/amnistia-internacional-solicita-a-las-y-los-diputados-la-comparecencia-del-secretario-de-hacienda-por-recortes-a-presupuestos-para-las-mujeres\/#primaryimage\"},\"datePublished\":\"2020-07-22T16:58:44+00:00\",\"dateModified\":\"2020-07-22T16:58:46+00:00\",\"author\":{\"@id\":\"https:\/\/amnistia.org.mx\/contenido\/#\/schema\/person\/7db421c495688267ce8ede4625c17fa5\"},\"breadcrumb\":{\"@id\":\"https:\/\/amnistia.org.mx\/contenido\/index.php\/amnistia-internacional-solicita-a-las-y-los-diputados-la-comparecencia-del-secretario-de-hacienda-por-recortes-a-presupuestos-para-las-mujeres\/#breadcrumb\"},\"inLanguage\":\"es-MX\",\"potentialAction\":[{\"@type\":\"ReadAction\",\"target\":[\"https:\/\/amnistia.org.mx\/contenido\/index.php\/amnistia-internacional-solicita-a-las-y-los-diputados-la-comparecencia-del-secretario-de-hacienda-por-recortes-a-presupuestos-para-las-mujeres\/\"]}]},{\"@type\":\"BreadcrumbList\",\"@id\":\"https:\/\/amnistia.org.mx\/contenido\/index.php\/amnistia-internacional-solicita-a-las-y-los-diputados-la-comparecencia-del-secretario-de-hacienda-por-recortes-a-presupuestos-para-las-mujeres\/#breadcrumb\",\"itemListElement\":[{\"@type\":\"ListItem\",\"position\":1,\"item\":{\"@type\":\"WebPage\",\"@id\":\"https:\/\/amnistia.org.mx\/contenido\/\",\"url\":\"https:\/\/amnistia.org.mx\/contenido\/\",\"name\":\"Home\"}},{\"@type\":\"ListItem\",\"position\":2,\"item\":{\"@type\":\"WebPage\",\"@id\":\"https:\/\/amnistia.org.mx\/contenido\/index.php\/amnistia-internacional-solicita-a-las-y-los-diputados-la-comparecencia-del-secretario-de-hacienda-por-recortes-a-presupuestos-para-las-mujeres\/\",\"url\":\"https:\/\/amnistia.org.mx\/contenido\/index.php\/amnistia-internacional-solicita-a-las-y-los-diputados-la-comparecencia-del-secretario-de-hacienda-por-recortes-a-presupuestos-para-las-mujeres\/\",\"name\":\"Amnist\\u00eda Internacional solicita a las y los diputados la comparecencia del Secretario de Hacienda por recortes a presupuestos para las mujeres\"}}]},{\"@type\":[\"Person\"],\"@id\":\"https:\/\/amnistia.org.mx\/contenido\/#\/schema\/person\/7db421c495688267ce8ede4625c17fa5\",\"name\":\"Alejandro Ju\\u00e1rez Gamero\",\"image\":{\"@type\":\"ImageObject\",\"@id\":\"https:\/\/amnistia.org.mx\/contenido\/#personlogo\",\"inLanguage\":\"es-MX\",\"url\":\"https:\/\/secure.gravatar.com\/avatar\/e312d5566d1c3ffb56f86415d6f0e606?s=96&d=mm&r=g\",\"caption\":\"Alejandro Ju\\u00e1rez Gamero\"}}]}<\/script>\n<!-- \/ Yoast SEO plugin. -->","_links":{"self":[{"href":"https:\/\/amnistia.org.mx\/contenido\/index.php\/wp-json\/wp\/v2\/posts\/11254"}],"collection":[{"href":"https:\/\/amnistia.org.mx\/contenido\/index.php\/wp-json\/wp\/v2\/posts"}],"about":[{"href":"https:\/\/amnistia.org.mx\/contenido\/index.php\/wp-json\/wp\/v2\/types\/post"}],"author":[{"embeddable":true,"href":"https:\/\/amnistia.org.mx\/contenido\/index.php\/wp-json\/wp\/v2\/users\/4"}],"replies":[{"embeddable":true,"href":"https:\/\/amnistia.org.mx\/contenido\/index.php\/wp-json\/wp\/v2\/comments?post=11254"}],"version-history":[{"count":1,"href":"https:\/\/amnistia.org.mx\/contenido\/index.php\/wp-json\/wp\/v2\/posts\/11254\/revisions"}],"predecessor-version":[{"id":11255,"href":"https:\/\/amnistia.org.mx\/contenido\/index.php\/wp-json\/wp\/v2\/posts\/11254\/revisions\/11255"}],"wp:featuredmedia":[{"embeddable":true,"href":"https:\/\/amnistia.org.mx\/contenido\/index.php\/wp-json\/wp\/v2\/media\/2225"}],"wp:attachment":[{"href":"https:\/\/amnistia.org.mx\/contenido\/index.php\/wp-json\/wp\/v2\/media?parent=11254"}],"wp:term":[{"taxonomy":"category","embeddable":true,"href":"https:\/\/amnistia.org.mx\/contenido\/index.php\/wp-json\/wp\/v2\/categories?post=11254"},{"taxonomy":"post_tag","embeddable":true,"href":"https:\/\/amnistia.org.mx\/contenido\/index.php\/wp-json\/wp\/v2\/tags?post=11254"}],"curies":[{"name":"wp","href":"https:\/\/api.w.org\/{rel}","templated":true}]}}