
{"id":11305,"date":"2020-07-27T17:40:36","date_gmt":"2020-07-27T17:40:36","guid":{"rendered":"https:\/\/amnistia.org.mx\/contenido\/?p=11305"},"modified":"2020-07-29T23:10:00","modified_gmt":"2020-07-29T23:10:00","slug":"turquia-campana-mundial-marca-el-dia-numero-mil-de-osman-kavala-tras-las-rejas","status":"publish","type":"post","link":"https:\/\/amnistia.org.mx\/contenido\/index.php\/turquia-campana-mundial-marca-el-dia-numero-mil-de-osman-kavala-tras-las-rejas\/","title":{"rendered":"Turqu\u00eda: Campa\u00f1a mundial marca el d\u00eda n\u00famero mil de Osman Kavala tras las rejas"},"content":{"rendered":"\n<p>Activistas de todo el mundo participan en una extraordinaria serie de campa\u00f1as creativas para conmemorar los mil d\u00edas de encarcelamiento del defensor de los derechos humanos Osman Kavala, en Turqu\u00eda.<\/p>\n\n\n\n<p>La campa\u00f1a &#8220;Liberen a Osman Kavala&#8221; incluye una serie de actividades para llamar la atenci\u00f3n internacional sobre el caso. Osman Kavala ha estado en detenci\u00f3n preventiva, en la prisi\u00f3n de alta seguridad de Silivri, en Estambul, desde que fue detenido por cargos falsos el 1 de noviembre de 2017. Amnist\u00eda Internacional apoya la campa\u00f1a.<\/p>\n\n\n\n<p>&#8220;Osman Kavala sigue en prisi\u00f3n a pesar del fallo del Tribunal Europeo de Derechos Humanos, que concluy\u00f3 enf\u00e1ticamente que debe ser liberado inmediatamente, al considerar que su procesamiento y encarcelamiento est\u00e1n motivados por un motivo oculto: silenciarlo a \u00e9l y a la sociedad civil. No nos detendremos hasta que salga en libertad y se ponga fin a esta injusticia insoportable&#8221;, dijo un portavoz de la Campa\u00f1a para la Libertad de Osman Kavala.<\/p>\n\n\n\n<p>En los \u00faltimos mil d\u00edas Osman Kavala ha sido detenido bajo tres cargos infundados. En febrero de 2020 fue absuelto de uno de ellos, pero en marzo fue acusado de &#8220;espionaje&#8221;. Este fue un intento, apenas oculto, de eludir el fallo del Tribunal Europeo de Derechos Humanos de que su detenci\u00f3n era ilegal.<\/p>\n\n\n\n<p>&#8220;Nos ha conmovido profundamente el flujo de creatividad en apoyo de Osman Kavala. Personas de todo el mundo est\u00e1n decididas a no dejar pasar este oscuro y simb\u00f3lico d\u00eda sin que se note&#8221;, declar\u00f3 Milena Buyum, encargada de la campa\u00f1a de Amnist\u00eda Internacional en Turqu\u00eda.<\/p>\n\n\n\n<p>&#8220;Adem\u00e1s de peticiones y acciones de campa\u00f1a, las y los activistas han creado <a href=\"http:\/\/osmankavala.org\/en\/campaign\/1138-an-animation-film-by-osman-kavala-s-artist-friends\" target=\"_blank\" rel=\"noreferrer noopener\">animaciones<\/a> y <a href=\"https:\/\/www.youtube.com\/watch?v=IjV-9eMr8oE\" target=\"_blank\" rel=\"noreferrer noopener\">operas<\/a>, obras de arte y pel\u00edculas. No se trata de expresiones individuales de solidaridad, sino de un llamamiento colectivo mundial para que Turqu\u00eda ponga fin a la incesante represi\u00f3n de las voces disidentes y <a href=\"http:\/\/osmankavala.org\/en\/\" target=\"_blank\" rel=\"noreferrer noopener\">libere a Osman Kavala<\/a>&#8220;.<\/p>\n\n\n\n<p>Para m\u00e1s informaci\u00f3n o para concertar una entrevista contacte con <a href=\"mailto:freeosmankavala@gmail.com\">freeosmankavala@gmail.com<\/a><\/p>\n","protected":false},"excerpt":{"rendered":"<p>Activistas de todo el mundo participan en una extraordinaria serie de campa\u00f1as creativas para conmemorar los mil d\u00edas de encarcelamiento del defensor de los derechos humanos Osman Kavala, en Turqu\u00eda. &hellip;<\/p>\n<p class=\"read-more\"> <a class=\"\" href=\"https:\/\/amnistia.org.mx\/contenido\/index.php\/turquia-campana-mundial-marca-el-dia-numero-mil-de-osman-kavala-tras-las-rejas\/\"> <span class=\"screen-reader-text\">Turqu\u00eda: Campa\u00f1a mundial marca el d\u00eda n\u00famero mil de Osman Kavala tras las rejas<\/span> Leer m\u00e1s &raquo;<\/a><\/p>\n","protected":false},"author":4,"featured_media":11313,"comment_status":"open","ping_status":"open","sticky":false,"template":"","format":"standard","meta":{"_uf_show_specific_survey":0,"_uf_disable_surveys":false,"site-sidebar-layout":"default","site-content-layout":"default","ast-global-header-display":"","ast-main-header-display":"","ast-hfb-above-header-display":"","ast-hfb-below-header-display":"","ast-hfb-mobile-header-display":"","site-post-title":"","ast-breadcrumbs-content":"","ast-featured-img":"","footer-sml-layout":"","theme-transparent-header-meta":"default","adv-header-id-meta":"","stick-header-meta":"","header-above-stick-meta":"","header-main-stick-meta":"","header-below-stick-meta":""},"categories":[9],"tags":[40],"acf":[],"aioseo_notices":[],"yoast_head":"<!-- This site is optimized with the Yoast SEO plugin v14.5 - https:\/\/yoast.com\/wordpress\/plugins\/seo\/ -->\n<title>Turqu\u00eda: Campa\u00f1a mundial marca el d\u00eda n\u00famero mil de Osman Kavala tras las rejas - amnistia.org.mx<\/title>\n<meta name=\"robots\" content=\"index, follow\" \/>\n<meta name=\"googlebot\" content=\"index, follow, max-snippet:-1, max-image-preview:large, max-video-preview:-1\" \/>\n<meta name=\"bingbot\" content=\"index, follow, max-snippet:-1, max-image-preview:large, max-video-preview:-1\" \/>\n<link rel=\"canonical\" href=\"https:\/\/amnistia.org.mx\/contenido\/index.php\/turquia-campana-mundial-marca-el-dia-numero-mil-de-osman-kavala-tras-las-rejas\/\" \/>\n<meta property=\"og:locale\" content=\"es_MX\" \/>\n<meta property=\"og:type\" content=\"article\" \/>\n<meta property=\"og:title\" content=\"Turqu\u00eda: Campa\u00f1a mundial marca el d\u00eda n\u00famero mil de Osman Kavala tras las rejas - amnistia.org.mx\" \/>\n<meta property=\"og:description\" content=\"Activistas de todo el mundo participan en una extraordinaria serie de campa\u00f1as creativas para conmemorar los mil d\u00edas de encarcelamiento del defensor de los derechos humanos Osman Kavala, en Turqu\u00eda. &hellip; Turqu\u00eda: Campa\u00f1a mundial marca el d\u00eda n\u00famero mil de Osman Kavala tras las rejas Leer m\u00e1s &raquo;\" \/>\n<meta property=\"og:url\" content=\"https:\/\/amnistia.org.mx\/contenido\/index.php\/turquia-campana-mundial-marca-el-dia-numero-mil-de-osman-kavala-tras-las-rejas\/\" \/>\n<meta property=\"og:site_name\" content=\"amnistia.org.mx\" \/>\n<meta property=\"article:published_time\" content=\"2020-07-27T17:40:36+00:00\" \/>\n<meta property=\"article:modified_time\" content=\"2020-07-29T23:10:00+00:00\" \/>\n<meta property=\"og:image\" content=\"https:\/\/amnistia.org.mx\/contenido\/wp-content\/uploads\/2020\/07\/Osman-Kavala-270610-1024x682-1.jpg\" \/>\n\t<meta property=\"og:image:width\" content=\"635\" \/>\n\t<meta property=\"og:image:height\" content=\"423\" \/>\n<meta name=\"twitter:card\" content=\"summary_large_image\" \/>\n<script type=\"application\/ld+json\" class=\"yoast-schema-graph\">{\"@context\":\"https:\/\/schema.org\",\"@graph\":[{\"@type\":\"WebSite\",\"@id\":\"https:\/\/amnistia.org.mx\/contenido\/#website\",\"url\":\"https:\/\/amnistia.org.mx\/contenido\/\",\"name\":\"amnistia.org.mx\",\"description\":\"Nueva p\\u00e1gina de Amnist\\u00eda\",\"potentialAction\":[{\"@type\":\"SearchAction\",\"target\":\"https:\/\/amnistia.org.mx\/contenido\/?s={search_term_string}\",\"query-input\":\"required name=search_term_string\"}],\"inLanguage\":\"es-MX\"},{\"@type\":\"ImageObject\",\"@id\":\"https:\/\/amnistia.org.mx\/contenido\/index.php\/turquia-campana-mundial-marca-el-dia-numero-mil-de-osman-kavala-tras-las-rejas\/#primaryimage\",\"inLanguage\":\"es-MX\",\"url\":\"https:\/\/amnistia.org.mx\/contenido\/wp-content\/uploads\/2020\/07\/Osman-Kavala-270610-1024x682-1.jpg\",\"width\":635,\"height\":423},{\"@type\":\"WebPage\",\"@id\":\"https:\/\/amnistia.org.mx\/contenido\/index.php\/turquia-campana-mundial-marca-el-dia-numero-mil-de-osman-kavala-tras-las-rejas\/#webpage\",\"url\":\"https:\/\/amnistia.org.mx\/contenido\/index.php\/turquia-campana-mundial-marca-el-dia-numero-mil-de-osman-kavala-tras-las-rejas\/\",\"name\":\"Turqu\\u00eda: Campa\\u00f1a mundial marca el d\\u00eda n\\u00famero mil de Osman Kavala tras las rejas - amnistia.org.mx\",\"isPartOf\":{\"@id\":\"https:\/\/amnistia.org.mx\/contenido\/#website\"},\"primaryImageOfPage\":{\"@id\":\"https:\/\/amnistia.org.mx\/contenido\/index.php\/turquia-campana-mundial-marca-el-dia-numero-mil-de-osman-kavala-tras-las-rejas\/#primaryimage\"},\"datePublished\":\"2020-07-27T17:40:36+00:00\",\"dateModified\":\"2020-07-29T23:10:00+00:00\",\"author\":{\"@id\":\"https:\/\/amnistia.org.mx\/contenido\/#\/schema\/person\/7db421c495688267ce8ede4625c17fa5\"},\"breadcrumb\":{\"@id\":\"https:\/\/amnistia.org.mx\/contenido\/index.php\/turquia-campana-mundial-marca-el-dia-numero-mil-de-osman-kavala-tras-las-rejas\/#breadcrumb\"},\"inLanguage\":\"es-MX\",\"potentialAction\":[{\"@type\":\"ReadAction\",\"target\":[\"https:\/\/amnistia.org.mx\/contenido\/index.php\/turquia-campana-mundial-marca-el-dia-numero-mil-de-osman-kavala-tras-las-rejas\/\"]}]},{\"@type\":\"BreadcrumbList\",\"@id\":\"https:\/\/amnistia.org.mx\/contenido\/index.php\/turquia-campana-mundial-marca-el-dia-numero-mil-de-osman-kavala-tras-las-rejas\/#breadcrumb\",\"itemListElement\":[{\"@type\":\"ListItem\",\"position\":1,\"item\":{\"@type\":\"WebPage\",\"@id\":\"https:\/\/amnistia.org.mx\/contenido\/\",\"url\":\"https:\/\/amnistia.org.mx\/contenido\/\",\"name\":\"Home\"}},{\"@type\":\"ListItem\",\"position\":2,\"item\":{\"@type\":\"WebPage\",\"@id\":\"https:\/\/amnistia.org.mx\/contenido\/index.php\/turquia-campana-mundial-marca-el-dia-numero-mil-de-osman-kavala-tras-las-rejas\/\",\"url\":\"https:\/\/amnistia.org.mx\/contenido\/index.php\/turquia-campana-mundial-marca-el-dia-numero-mil-de-osman-kavala-tras-las-rejas\/\",\"name\":\"Turqu\\u00eda: Campa\\u00f1a mundial marca el d\\u00eda n\\u00famero mil de Osman Kavala tras las rejas\"}}]},{\"@type\":[\"Person\"],\"@id\":\"https:\/\/amnistia.org.mx\/contenido\/#\/schema\/person\/7db421c495688267ce8ede4625c17fa5\",\"name\":\"Alejandro Ju\\u00e1rez Gamero\",\"image\":{\"@type\":\"ImageObject\",\"@id\":\"https:\/\/amnistia.org.mx\/contenido\/#personlogo\",\"inLanguage\":\"es-MX\",\"url\":\"https:\/\/secure.gravatar.com\/avatar\/e312d5566d1c3ffb56f86415d6f0e606?s=96&d=mm&r=g\",\"caption\":\"Alejandro Ju\\u00e1rez Gamero\"}}]}<\/script>\n<!-- \/ Yoast SEO plugin. -->","_links":{"self":[{"href":"https:\/\/amnistia.org.mx\/contenido\/index.php\/wp-json\/wp\/v2\/posts\/11305"}],"collection":[{"href":"https:\/\/amnistia.org.mx\/contenido\/index.php\/wp-json\/wp\/v2\/posts"}],"about":[{"href":"https:\/\/amnistia.org.mx\/contenido\/index.php\/wp-json\/wp\/v2\/types\/post"}],"author":[{"embeddable":true,"href":"https:\/\/amnistia.org.mx\/contenido\/index.php\/wp-json\/wp\/v2\/users\/4"}],"replies":[{"embeddable":true,"href":"https:\/\/amnistia.org.mx\/contenido\/index.php\/wp-json\/wp\/v2\/comments?post=11305"}],"version-history":[{"count":5,"href":"https:\/\/amnistia.org.mx\/contenido\/index.php\/wp-json\/wp\/v2\/posts\/11305\/revisions"}],"predecessor-version":[{"id":11312,"href":"https:\/\/amnistia.org.mx\/contenido\/index.php\/wp-json\/wp\/v2\/posts\/11305\/revisions\/11312"}],"wp:featuredmedia":[{"embeddable":true,"href":"https:\/\/amnistia.org.mx\/contenido\/index.php\/wp-json\/wp\/v2\/media\/11313"}],"wp:attachment":[{"href":"https:\/\/amnistia.org.mx\/contenido\/index.php\/wp-json\/wp\/v2\/media?parent=11305"}],"wp:term":[{"taxonomy":"category","embeddable":true,"href":"https:\/\/amnistia.org.mx\/contenido\/index.php\/wp-json\/wp\/v2\/categories?post=11305"},{"taxonomy":"post_tag","embeddable":true,"href":"https:\/\/amnistia.org.mx\/contenido\/index.php\/wp-json\/wp\/v2\/tags?post=11305"}],"curies":[{"name":"wp","href":"https:\/\/api.w.org\/{rel}","templated":true}]}}