
{"id":11369,"date":"2020-07-30T11:20:00","date_gmt":"2020-07-30T11:20:00","guid":{"rendered":"https:\/\/amnistia.org.mx\/contenido\/?p=11369"},"modified":"2020-08-10T22:12:28","modified_gmt":"2020-08-10T22:12:28","slug":"unete-a-la-red-de-activismo-vivan-las-mujeres","status":"publish","type":"post","link":"https:\/\/amnistia.org.mx\/contenido\/index.php\/unete-a-la-red-de-activismo-vivan-las-mujeres\/","title":{"rendered":"\u00a1\u00danete a la red de Activismo Vivan las Mujeres!"},"content":{"rendered":"\n<p><strong>\u00bfTe gusta luchar por los derechos de las mujeres? \u00bfQuieres formar parte de una red de activistas sororas y valientes de todo el pa\u00eds?<\/strong> Amnist\u00eda Internacional M\u00e9xico te invita a formar parte de la <strong>Red de Activismo Vivan Las Mujeres<\/strong> en el marco de la campa\u00f1a nacional Vivan Las Mujeres, para visibilizar y poner freno a la violencia contra las mujeres en su forma m\u00e1s extrema: los feminicidios.&nbsp;<\/p>\n\n\n\n<p>Nuestro principal objetivo es crear una<strong> red de personas activistas empoderadas<\/strong> y con herramientas para realizar acciones de activismo de alto nivel, visibilizar las violencias contra las mujeres a nivel nacional e incidir para lograr cambios sustanciales sobre esta problem\u00e1tica en sus propias comunidades.&nbsp;<\/p>\n\n\n\n<p>Al formar parte de la <strong>Red de Activismo Vivan Las Mujeres <\/strong>conocer\u00e1s:<\/p>\n\n\n\n<ul><li>El trabajo de Amnist\u00eda Internacional<\/li><li>La Educaci\u00f3n en Derechos Humanos y las metodolog\u00edas participativas&nbsp;<\/li><li>C\u00f3mo hacer activismo, movilizaci\u00f3n e incidencia de alto nivel<\/li><li>La campa\u00f1a de Amnist\u00eda Internacional \u201cVivan Las Mujeres\u201d<\/li><li>El proceso de creaci\u00f3n de campa\u00f1as de Amnist\u00eda Internacional<\/li><li>Herramientas para la seguridad y el autocuidado en el activismo<\/li><\/ul>\n\n\n\n<p><\/p>\n\n\n\n<h2><strong>\u00bfCu\u00e1les son los requisitos para unirse a la Red de Activismo Vivan Las Mujeres?<\/strong><\/h2>\n\n\n\n<p><\/p>\n\n\n\n<ul><li>Ser mayor de 16 a\u00f1os&nbsp;&nbsp;<\/li><li>Radicar en M\u00e9xico&nbsp;<\/li><li>Tener inter\u00e9s por los derechos humanos en particular por los derechos humanos de las mujeres<\/li><li>Conocimientos b\u00e1sicos de herramientas digitales&nbsp;<\/li><li>Deseable conocimiento previo sobre temas de violencia contra las mujeres&nbsp;<\/li><li>Habilidad para el trabajo en equipo<\/li><li>Aprecio por la diversidad cultural, social, sexual, de g\u00e9nero, y funcional, entre otras<\/li><li>Amplia disponibilidad para participar en las actividades de la Red<\/li><li>Disponibilidad y compromiso para desarrollar acciones de activismo de alto nivel<\/li><li>Disponibilidad para participar en sesiones de acompa\u00f1amiento organizadas por Amnist\u00eda Internacional M\u00e9xico<\/li><li>No tener un cargo de representaci\u00f3n pol\u00edtica<\/li><li>Participar en el Encuentro de conformaci\u00f3n de la <strong>Red Vivan Las Mujeres<\/strong>, que se llevar\u00e1 a cabo en octubre de 2020 a trav\u00e9s de una plataforma virtual&nbsp;<\/li><\/ul>\n\n\n\n<p><\/p>\n\n\n\n<h2><strong>\u00bfC\u00f3mo puedo participar?<\/strong><\/h2>\n\n\n\n<p><\/p>\n\n\n\n<p>Para poder participar en la convocatoria debes <strong>redactar una carta<\/strong> en la que nos cuentes qui\u00e9n eres y cu\u00e1les son las razones por las cuales quieres formar parte de la Red Vivan Las Mujeres. Deber\u00e1s destacar el desarrollo de acciones en tu comunidad que hagan visible tu compromiso en la defensa por la vida de las mujeres y su derecho a una vida libre de violencia. As\u00ed como, el tiempo que puedes dedicar semanalmente para recibir acompa\u00f1amiento y llevar a cabo acciones de&nbsp; activismo e incidencia.&nbsp;<\/p>\n\n\n\n<ul><li><a aria-label=\"undefined (abre en una nueva pesta\u00f1a)\" href=\"https:\/\/forms.gle\/BwBycHH9RCD4QRZY6\" target=\"_blank\" rel=\"noreferrer noopener\">Llenar la ficha de datos personales.&nbsp;<\/a><\/li><li>Env\u00eda la carta de motivos al correo <a href=\"mailto:francisco.zarate@amnistia.org.mx\" target=\"_blank\" rel=\"noreferrer noopener\">francisco.zarate@amnistia.org.mx<\/a> con el asunto <em>Red Vivan las Mujeres<\/em> a m\u00e1s tardar el lunes 31 de agosto.<\/li><li>En caso de ser menor de edad, favor de llenar y enviar tambi\u00e9n esta <a aria-label=\"undefined (abre en una nueva pesta\u00f1a)\" href=\"https:\/\/amnistia.org.mx\/contenido\/wp-content\/uploads\/2020\/07\/Carta-responsiva-Red-Vivan-las-Mujeres.docx\" target=\"_blank\" rel=\"noreferrer noopener\">carta responsiva.<\/a><\/li><\/ul>\n\n\n\n<p>En caso de ser una persona seleccionada, recibir\u00e1s un correo entre el 7 y el 11 de septiembre con mayor informaci\u00f3n sobre el procedimiento a seguir sobre la Red Vivan Las Mujeres.&nbsp;<\/p>\n\n\n\n<p><\/p>\n\n\n\n<p class=\"has-text-align-center\"><img decoding=\"async\" loading=\"lazy\" width=\"2500\" height=\"2500\" class=\"wp-image-11396\" style=\"width: 500px;\" src=\" https:\/\/amnistia.org.mx\/contenido\/wp-content\/uploads\/2020\/07\/amnistia_questions-answers_2020.jpg\" alt=\"\"><\/p>\n\n\n\n<h2><strong>\u00bfA\u00fan tienes dudas? A continuaci\u00f3n, te presentamos algunas de las preguntas m\u00e1s frecuentes:<\/strong><\/h2>\n\n\n\n<p><strong>\u00bfHay que ser mujer para participar en la Red VLM?<\/strong><\/p>\n\n\n\n<p>\u00a1No, la red est\u00e1 abierta a todas las personas que quieran sumarse a trabajar por eliminar la violencia contra las mujeres!<\/p>\n\n\n\n<p><strong>\u00bfCu\u00e1nto tiempo debo dedicarle a la red?<\/strong><\/p>\n\n\n\n<p>El tiempo estimado de dedicaci\u00f3n en los comienzos de formaci\u00f3n de la red, es de 4 horas semanales. Ese tiempo se puede distribuir de manera flexible.&nbsp;<\/p>\n\n\n\n<p><strong>\u00bfEs voluntario o remunerado?<\/strong><\/p>\n\n\n\n<p>Ser parte de la Red de Activismo Vivan Las Mujeres es totalmente voluntario. El activismo es en su definici\u00f3n un trabajo voluntario, en que dedicas tiempo para luchar por otras personas.<\/p>\n\n\n\n<p><strong>\u00bfTiene alg\u00fan costo?<\/strong><\/p>\n\n\n\n<p>No, \u00a1ser parte de la red Vivan las Mujeres es totalmente gratuito!<\/p>\n\n\n\n<p><strong>\u00bfSe dar\u00e1n constancias de participaci\u00f3n?<\/strong><\/p>\n\n\n\n<p>Amnist\u00eda Internacional M\u00e9xico emitir\u00e1 constancias de las actividades formativas que forman parte del proceso de la red Vivan las Mujeres.&nbsp;<\/p>\n\n\n\n<p><strong>\u00bfQu\u00e9 voy a aprender?<\/strong><\/p>\n\n\n\n<p>Aprender\u00e1s todo lo necesario para llevar a cabo un activismo de alto nivel para contribuir a la eliminaci\u00f3n de la violencia contra las mujeres.&nbsp;<\/p>\n\n\n\n<p><strong>Durante el primer a\u00f1o de conformaci\u00f3n de la red aprender\u00e1s sobre:<\/strong><\/p>\n\n\n\n<ul><li>Derechos Humanos<\/li><li>La historia de la lucha feminista en Am\u00e9rica Latina y M\u00e9xico, el problema de violencia contra las mujeres y en especial sobre su forma m\u00e1s extrema: los feminicidios<\/li><li>Tambi\u00e9n te llevar\u00e1s contigo todo el expertise de movilizaci\u00f3n, t\u00e9cnicas de activismo, educaci\u00f3n en derechos humanos e incidencia de la mano de una de las organizaciones l\u00edderes en la lucha por los derechos humanos a nivel mundial<\/li><li>Creaci\u00f3n de campa\u00f1as 360<\/li><li>Proceso de mentor\u00eda en activismo e incidencia<\/li><li>Por \u00faltimo, para llevar a cabo acciones de activismo de alto nivel, aprender\u00e1s t\u00e9cnicas para el autocuidado y seguridad                                  <\/li><\/ul>\n\n\n\n<p><strong>\u00bfHay que tener experiencia con alguna organizaci\u00f3n previa?<\/strong><\/p>\n\n\n\n<p>No, aunque es deseable.&nbsp;<\/p>\n\n\n\n<p><strong>\u00bfHay que tener experiencia como activista?<\/strong><\/p>\n\n\n\n<p>No, la red est\u00e1 abierta a personas con y sin experiencia previa en el activismo; ya que el objetivo de la misma, es crear activismo de alto nivel.&nbsp;<\/p>\n\n\n\n<p><strong>\u00bfHay que saber de g\u00e9nero y violencia contra las mujeres?<\/strong><\/p>\n\n\n\n<p>No es necesario, pero si deseable.&nbsp;<\/p>\n\n\n\n<p><strong>\u00bfQu\u00e9 se hace en la red? \u00bfEn qu\u00e9 consiste?<\/strong><\/p>\n\n\n\n<ul><li>Proceso de formaci\u00f3n<\/li><li>Conocer y vincularte con otras personas y aprender entre todas las personas que la integran<\/li><li>Ser parte de redes de apoyo y activismo a nivel nacional<\/li><li>Generar comunidad<\/li><li>Encuentros<\/li><li>Vas a hacer movilizaciones<\/li><li>Vas a planear y participar en acciones de activismo simb\u00f3lico\u00a0<\/li><li>Vas a planear, participar y replicar actividades de educaci\u00f3n en derechos humanos<\/li><li>Vas a hacer incidencia pol\u00edtica en tu comunidad\u00a0<\/li><li>Todas estas actividades tendr\u00e1n un acompa\u00f1amiento institucional<\/li><\/ul>\n\n\n\n<p><strong>\u00bfHabr\u00e1 evaluaci\u00f3n del desempe\u00f1o?<\/strong><\/p>\n\n\n\n<p>No, no ser\u00e1s evaluad@. <\/p>\n\n\n\n<p><strong>\u00bfHay que conocer a Amnist\u00eda Internacional de antes? \u00bfHay que ser parte de AI?<\/strong><\/p>\n\n\n\n<p>No, no es necesario que conozcas a Amnist\u00eda Internacional con anterioridad ni que seas parte de nosotras. <\/p>\n\n\n\n<p><strong>\u00bfQu\u00e9 plataforma se usar\u00e1?<\/strong><\/p>\n\n\n\n<p>Las sesiones ser\u00e1n por Zoom.<\/p>\n\n\n\n<p><strong>No tengo experiencia en el activismo ni como voluntario\/a, \u00bfaun as\u00ed puede participar?<\/strong><\/p>\n\n\n\n<p>Si, la red est\u00e1 abierta a personas con y sin experiencia previa en el activismo; ya que el objetivo de la misma, es crear activismo de alto nivel.&nbsp;<\/p>\n\n\n\n<p><strong>\u00bfHay un l\u00edmite de edad?<\/strong><\/p>\n\n\n\n<p>S\u00ed, hay que tener m\u00ednimo 16 a\u00f1os.<\/p>\n\n\n\n<p><strong>\u00bfHay restricciones para participar?&nbsp;<\/strong><\/p>\n\n\n\n<p>Amnist\u00eda Internacional es una organizaci\u00f3n independiente, por lo que no se aceptar\u00e1n a personas que ocupen un puesto en un partido pol\u00edtico, sean l\u00edderes de una organizaci\u00f3n religiosa. As\u00ed mismo, las personas que integran la red deben ser personas que respeten los derechos humanos y as\u00ed lo muestren en sus actitudes.&nbsp;&nbsp;<\/p>\n\n\n\n<p><\/p>\n\n\n\n<p><strong>Criterios de selecci\u00f3n:<\/strong><\/p>\n\n\n\n<p>Cualquier persona mayor de 16 a\u00f1os puede ser parte de la Red, pero tendr\u00e1n preferencia las personas que cumplan con las siguientes caracter\u00edsticas:<\/p>\n\n\n\n<ul><li>Vivir en la Ciudad de M\u00e9xico, Estado de M\u00e9xico, Jalisco o Michoac\u00e1n.<\/li><li>Ser menor de 30 a\u00f1os<\/li><li>Tengan experiencia en activismo, movilizaci\u00f3n, educaci\u00f3n en derechos humanos o incidencia sobre violencia contra las mujeres<\/li><\/ul>\n","protected":false},"excerpt":{"rendered":"<p>\u00bfTe gusta luchar por los derechos de las mujeres? \u00bfQuieres formar parte de una red de activistas sororas y valientes de todo el pa\u00eds? Amnist\u00eda Internacional M\u00e9xico te invita a &hellip;<\/p>\n<p class=\"read-more\"> <a class=\"\" href=\"https:\/\/amnistia.org.mx\/contenido\/index.php\/unete-a-la-red-de-activismo-vivan-las-mujeres\/\"> <span class=\"screen-reader-text\">\u00a1\u00danete a la red de Activismo Vivan las Mujeres!<\/span> Leer m\u00e1s &raquo;<\/a><\/p>\n","protected":false},"author":8,"featured_media":11393,"comment_status":"open","ping_status":"open","sticky":false,"template":"","format":"standard","meta":{"_uf_show_specific_survey":0,"_uf_disable_surveys":false,"site-sidebar-layout":"default","site-content-layout":"default","ast-global-header-display":"","ast-main-header-display":"","ast-hfb-above-header-display":"","ast-hfb-below-header-display":"","ast-hfb-mobile-header-display":"","site-post-title":"","ast-breadcrumbs-content":"","ast-featured-img":"","footer-sml-layout":"","theme-transparent-header-meta":"default","adv-header-id-meta":"","stick-header-meta":"","header-above-stick-meta":"","header-main-stick-meta":"","header-below-stick-meta":""},"categories":[9,1],"tags":[25],"acf":[],"aioseo_notices":[],"yoast_head":"<!-- This site is optimized with the Yoast SEO plugin v14.5 - https:\/\/yoast.com\/wordpress\/plugins\/seo\/ -->\n<title>\u00a1\u00danete a la red de Activismo Vivan las Mujeres! | Amnist\u00eda Internacional<\/title>\n<meta name=\"description\" content=\"Amnist\u00eda Internacional M\u00e9xico te invita a formar parte de la Red de Activismo Vivan Las Mujeres en el marco de la campa\u00f1a nacional Vivan Las Mujeres.\" \/>\n<meta name=\"robots\" content=\"index, follow\" \/>\n<meta name=\"googlebot\" content=\"index, follow, max-snippet:-1, max-image-preview:large, max-video-preview:-1\" \/>\n<meta name=\"bingbot\" content=\"index, follow, max-snippet:-1, max-image-preview:large, max-video-preview:-1\" \/>\n<link rel=\"canonical\" href=\"https:\/\/amnistia.org.mx\/contenido\/index.php\/unete-a-la-red-de-activismo-vivan-las-mujeres\/\" \/>\n<meta property=\"og:locale\" content=\"es_MX\" \/>\n<meta property=\"og:type\" content=\"article\" \/>\n<meta property=\"og:title\" content=\"\u00a1\u00danete a la red de Activismo Vivan las Mujeres! | Amnist\u00eda Internacional\" \/>\n<meta property=\"og:description\" content=\"Amnist\u00eda Internacional M\u00e9xico te invita a formar parte de la Red de Activismo Vivan Las Mujeres en el marco de la campa\u00f1a nacional Vivan Las Mujeres.\" \/>\n<meta property=\"og:url\" content=\"https:\/\/amnistia.org.mx\/contenido\/index.php\/unete-a-la-red-de-activismo-vivan-las-mujeres\/\" \/>\n<meta property=\"og:site_name\" content=\"amnistia.org.mx\" \/>\n<meta property=\"article:published_time\" content=\"2020-07-30T11:20:00+00:00\" \/>\n<meta property=\"article:modified_time\" content=\"2020-08-10T22:12:28+00:00\" \/>\n<meta property=\"og:image\" content=\"https:\/\/amnistia.org.mx\/contenido\/wp-content\/uploads\/2020\/07\/red-vivan-las-mujeres-AMNISTIA-INTERNACIONAL-mexico.png\" \/>\n\t<meta property=\"og:image:width\" content=\"600\" \/>\n\t<meta property=\"og:image:height\" content=\"338\" \/>\n<meta name=\"twitter:card\" content=\"summary_large_image\" \/>\n<script type=\"application\/ld+json\" class=\"yoast-schema-graph\">{\"@context\":\"https:\/\/schema.org\",\"@graph\":[{\"@type\":\"WebSite\",\"@id\":\"https:\/\/amnistia.org.mx\/contenido\/#website\",\"url\":\"https:\/\/amnistia.org.mx\/contenido\/\",\"name\":\"amnistia.org.mx\",\"description\":\"Nueva p\\u00e1gina de Amnist\\u00eda\",\"potentialAction\":[{\"@type\":\"SearchAction\",\"target\":\"https:\/\/amnistia.org.mx\/contenido\/?s={search_term_string}\",\"query-input\":\"required name=search_term_string\"}],\"inLanguage\":\"es-MX\"},{\"@type\":\"ImageObject\",\"@id\":\"https:\/\/amnistia.org.mx\/contenido\/index.php\/unete-a-la-red-de-activismo-vivan-las-mujeres\/#primaryimage\",\"inLanguage\":\"es-MX\",\"url\":\"https:\/\/amnistia.org.mx\/contenido\/wp-content\/uploads\/2020\/07\/red-vivan-las-mujeres-AMNISTIA-INTERNACIONAL-mexico.png\",\"width\":600,\"height\":338},{\"@type\":\"WebPage\",\"@id\":\"https:\/\/amnistia.org.mx\/contenido\/index.php\/unete-a-la-red-de-activismo-vivan-las-mujeres\/#webpage\",\"url\":\"https:\/\/amnistia.org.mx\/contenido\/index.php\/unete-a-la-red-de-activismo-vivan-las-mujeres\/\",\"name\":\"\\u00a1\\u00danete a la red de Activismo Vivan las Mujeres! | Amnist\\u00eda Internacional\",\"isPartOf\":{\"@id\":\"https:\/\/amnistia.org.mx\/contenido\/#website\"},\"primaryImageOfPage\":{\"@id\":\"https:\/\/amnistia.org.mx\/contenido\/index.php\/unete-a-la-red-de-activismo-vivan-las-mujeres\/#primaryimage\"},\"datePublished\":\"2020-07-30T11:20:00+00:00\",\"dateModified\":\"2020-08-10T22:12:28+00:00\",\"author\":{\"@id\":\"https:\/\/amnistia.org.mx\/contenido\/#\/schema\/person\/2d2b29996a9513767aea81f8ae57bdeb\"},\"description\":\"Amnist\\u00eda Internacional M\\u00e9xico te invita a formar parte de la Red de Activismo Vivan Las Mujeres en el marco de la campa\\u00f1a nacional Vivan Las Mujeres.\",\"breadcrumb\":{\"@id\":\"https:\/\/amnistia.org.mx\/contenido\/index.php\/unete-a-la-red-de-activismo-vivan-las-mujeres\/#breadcrumb\"},\"inLanguage\":\"es-MX\",\"potentialAction\":[{\"@type\":\"ReadAction\",\"target\":[\"https:\/\/amnistia.org.mx\/contenido\/index.php\/unete-a-la-red-de-activismo-vivan-las-mujeres\/\"]}]},{\"@type\":\"BreadcrumbList\",\"@id\":\"https:\/\/amnistia.org.mx\/contenido\/index.php\/unete-a-la-red-de-activismo-vivan-las-mujeres\/#breadcrumb\",\"itemListElement\":[{\"@type\":\"ListItem\",\"position\":1,\"item\":{\"@type\":\"WebPage\",\"@id\":\"https:\/\/amnistia.org.mx\/contenido\/\",\"url\":\"https:\/\/amnistia.org.mx\/contenido\/\",\"name\":\"Home\"}},{\"@type\":\"ListItem\",\"position\":2,\"item\":{\"@type\":\"WebPage\",\"@id\":\"https:\/\/amnistia.org.mx\/contenido\/index.php\/unete-a-la-red-de-activismo-vivan-las-mujeres\/\",\"url\":\"https:\/\/amnistia.org.mx\/contenido\/index.php\/unete-a-la-red-de-activismo-vivan-las-mujeres\/\",\"name\":\"\\u00a1\\u00danete a la red de Activismo Vivan las Mujeres!\"}}]},{\"@type\":[\"Person\"],\"@id\":\"https:\/\/amnistia.org.mx\/contenido\/#\/schema\/person\/2d2b29996a9513767aea81f8ae57bdeb\",\"name\":\"Carolina Flores\",\"image\":{\"@type\":\"ImageObject\",\"@id\":\"https:\/\/amnistia.org.mx\/contenido\/#personlogo\",\"inLanguage\":\"es-MX\",\"url\":\"https:\/\/secure.gravatar.com\/avatar\/e2d29811923c60594035966b365ce272?s=96&d=mm&r=g\",\"caption\":\"Carolina Flores\"}}]}<\/script>\n<!-- \/ Yoast SEO plugin. -->","_links":{"self":[{"href":"https:\/\/amnistia.org.mx\/contenido\/index.php\/wp-json\/wp\/v2\/posts\/11369"}],"collection":[{"href":"https:\/\/amnistia.org.mx\/contenido\/index.php\/wp-json\/wp\/v2\/posts"}],"about":[{"href":"https:\/\/amnistia.org.mx\/contenido\/index.php\/wp-json\/wp\/v2\/types\/post"}],"author":[{"embeddable":true,"href":"https:\/\/amnistia.org.mx\/contenido\/index.php\/wp-json\/wp\/v2\/users\/8"}],"replies":[{"embeddable":true,"href":"https:\/\/amnistia.org.mx\/contenido\/index.php\/wp-json\/wp\/v2\/comments?post=11369"}],"version-history":[{"count":13,"href":"https:\/\/amnistia.org.mx\/contenido\/index.php\/wp-json\/wp\/v2\/posts\/11369\/revisions"}],"predecessor-version":[{"id":11536,"href":"https:\/\/amnistia.org.mx\/contenido\/index.php\/wp-json\/wp\/v2\/posts\/11369\/revisions\/11536"}],"wp:featuredmedia":[{"embeddable":true,"href":"https:\/\/amnistia.org.mx\/contenido\/index.php\/wp-json\/wp\/v2\/media\/11393"}],"wp:attachment":[{"href":"https:\/\/amnistia.org.mx\/contenido\/index.php\/wp-json\/wp\/v2\/media?parent=11369"}],"wp:term":[{"taxonomy":"category","embeddable":true,"href":"https:\/\/amnistia.org.mx\/contenido\/index.php\/wp-json\/wp\/v2\/categories?post=11369"},{"taxonomy":"post_tag","embeddable":true,"href":"https:\/\/amnistia.org.mx\/contenido\/index.php\/wp-json\/wp\/v2\/tags?post=11369"}],"curies":[{"name":"wp","href":"https:\/\/api.w.org\/{rel}","templated":true}]}}