
{"id":11504,"date":"2020-08-10T18:45:28","date_gmt":"2020-08-10T18:45:28","guid":{"rendered":"https:\/\/amnistia.org.mx\/contenido\/?p=11504"},"modified":"2020-08-10T18:45:29","modified_gmt":"2020-08-10T18:45:29","slug":"libano-la-explosion-de-beirut-debe-ser-objeto-de-una-investigacion-independiente","status":"publish","type":"post","link":"https:\/\/amnistia.org.mx\/contenido\/index.php\/libano-la-explosion-de-beirut-debe-ser-objeto-de-una-investigacion-independiente\/","title":{"rendered":"L\u00edbano: La explosi\u00f3n de Beirut debe ser objeto de una investigaci\u00f3n independiente"},"content":{"rendered":"\n<p><\/p>\n\n\n\n<p class=\"has-text-align-right has-text-align-center; fontsize:1.rem;\">                                                                                                      Foto: AFP v\u00eda Getty Images<\/p>\n\n\n\n<p>En respuesta a la devastadora explosi\u00f3n ocurrida en Beirut y que mat\u00f3 a decenas de personas e hiri\u00f3 a miles m\u00e1s, Julie Verhaar, Secretaria General en funciones de Amnist\u00eda Internacional, declar\u00f3 lo siguiente:<\/p>\n\n\n\n<p>\u201cLas espantosas escenas presenciadas tras la explosi\u00f3n de ayer fueron devastadoras para un pa\u00eds que ya sufre la tensi\u00f3n de m\u00faltiples crisis. Nuestros pensamientos est\u00e1n con las v\u00edctimas y sus familias en estos tr\u00e1gicos momentos\u201d.<\/p>\n\n\n\n<p>\u201cSea cual sea la causa de la explosi\u00f3n, incluida la posibilidad del almacenaje inseguro de una gran cantidad de nitrato de amonio, Amnist\u00eda Internacional pide que se establezca sin demora un mecanismo internacional para investigar c\u00f3mo sucedi\u00f3.\u201d<\/p>\n\n\n\n<p>\u201cAmnist\u00eda Internacional pide tambi\u00e9n a la comunidad internacional que incremente con urgencia la ayuda humanitaria a L\u00edbano en un momento en el que el pa\u00eds estaba ya luchando con la grave crisis econ\u00f3mica y con la pandemia de COVID-19.\u201d<\/p>\n\n\n\n<p><strong>Informaci\u00f3n complementaria<\/strong><\/p>\n\n\n\n<p>El 4 de agosto, una explosi\u00f3n en la zona portuaria de Beirut, L\u00edbano, mat\u00f3 al menos a 100 personas e hiri\u00f3, seg\u00fan estimaciones, a otras 4.000.<\/p>\n\n\n\n<p>El presidente de L\u00edbano, Michael Aoun, ha declarado que la explosi\u00f3n fue causada por 2,750 toneladas de nitrato de amonio que se hab\u00edan guardado de forma insegura en un almac\u00e9n. Hoy se ha declarado un periodo oficial de tres d\u00edas de luto, mientras los equipos de rescate siguen trabajando entre los escombros en busca de supervivientes.<\/p>\n\n\n\n<p>Amnist\u00eda Internacional cree que es necesario llevar a cabo una investigaci\u00f3n internacional, sin ninguna posible injerencia pol\u00edtica nacional, para garantizar la verdad, la justicia y la reparaci\u00f3n a las v\u00edctimas.<\/p>\n","protected":false},"excerpt":{"rendered":"<p>Foto: AFP v\u00eda Getty Images En respuesta a la devastadora explosi\u00f3n ocurrida en Beirut y que mat\u00f3 a decenas de personas e hiri\u00f3 a miles m\u00e1s, Julie Verhaar, Secretaria General &hellip;<\/p>\n<p class=\"read-more\"> <a class=\"\" href=\"https:\/\/amnistia.org.mx\/contenido\/index.php\/libano-la-explosion-de-beirut-debe-ser-objeto-de-una-investigacion-independiente\/\"> <span class=\"screen-reader-text\">L\u00edbano: La explosi\u00f3n de Beirut debe ser objeto de una investigaci\u00f3n independiente<\/span> Leer m\u00e1s &raquo;<\/a><\/p>\n","protected":false},"author":4,"featured_media":11510,"comment_status":"open","ping_status":"open","sticky":false,"template":"","format":"standard","meta":{"_uf_show_specific_survey":0,"_uf_disable_surveys":false,"site-sidebar-layout":"default","site-content-layout":"default","ast-global-header-display":"","ast-main-header-display":"","ast-hfb-above-header-display":"","ast-hfb-below-header-display":"","ast-hfb-mobile-header-display":"","site-post-title":"","ast-breadcrumbs-content":"","ast-featured-img":"","footer-sml-layout":"","theme-transparent-header-meta":"default","adv-header-id-meta":"","stick-header-meta":"","header-above-stick-meta":"","header-main-stick-meta":"","header-below-stick-meta":""},"categories":[9],"tags":[40],"acf":[],"aioseo_notices":[],"yoast_head":"<!-- This site is optimized with the Yoast SEO plugin v14.5 - https:\/\/yoast.com\/wordpress\/plugins\/seo\/ -->\n<title>L\u00edbano: La explosi\u00f3n de Beirut debe ser objeto de una investigaci\u00f3n independiente - amnistia.org.mx<\/title>\n<meta name=\"robots\" content=\"index, follow\" \/>\n<meta name=\"googlebot\" content=\"index, follow, max-snippet:-1, max-image-preview:large, max-video-preview:-1\" \/>\n<meta name=\"bingbot\" content=\"index, follow, max-snippet:-1, max-image-preview:large, max-video-preview:-1\" \/>\n<link rel=\"canonical\" href=\"https:\/\/amnistia.org.mx\/contenido\/index.php\/libano-la-explosion-de-beirut-debe-ser-objeto-de-una-investigacion-independiente\/\" \/>\n<meta property=\"og:locale\" content=\"es_MX\" \/>\n<meta property=\"og:type\" content=\"article\" \/>\n<meta property=\"og:title\" content=\"L\u00edbano: La explosi\u00f3n de Beirut debe ser objeto de una investigaci\u00f3n independiente - amnistia.org.mx\" \/>\n<meta property=\"og:description\" content=\"Foto: AFP v\u00eda Getty Images En respuesta a la devastadora explosi\u00f3n ocurrida en Beirut y que mat\u00f3 a decenas de personas e hiri\u00f3 a miles m\u00e1s, Julie Verhaar, Secretaria General &hellip; L\u00edbano: La explosi\u00f3n de Beirut debe ser objeto de una investigaci\u00f3n independiente Leer m\u00e1s &raquo;\" \/>\n<meta property=\"og:url\" content=\"https:\/\/amnistia.org.mx\/contenido\/index.php\/libano-la-explosion-de-beirut-debe-ser-objeto-de-una-investigacion-independiente\/\" \/>\n<meta property=\"og:site_name\" content=\"amnistia.org.mx\" \/>\n<meta property=\"article:published_time\" content=\"2020-08-10T18:45:28+00:00\" \/>\n<meta property=\"article:modified_time\" content=\"2020-08-10T18:45:29+00:00\" \/>\n<meta property=\"og:image\" content=\"https:\/\/amnistia.org.mx\/contenido\/wp-content\/uploads\/2020\/08\/1-Foto-Libano_1024x571.jpg\" \/>\n\t<meta property=\"og:image:width\" content=\"563\" \/>\n\t<meta property=\"og:image:height\" content=\"314\" \/>\n<meta name=\"twitter:card\" content=\"summary_large_image\" \/>\n<script type=\"application\/ld+json\" class=\"yoast-schema-graph\">{\"@context\":\"https:\/\/schema.org\",\"@graph\":[{\"@type\":\"WebSite\",\"@id\":\"https:\/\/amnistia.org.mx\/contenido\/#website\",\"url\":\"https:\/\/amnistia.org.mx\/contenido\/\",\"name\":\"amnistia.org.mx\",\"description\":\"Nueva p\\u00e1gina de Amnist\\u00eda\",\"potentialAction\":[{\"@type\":\"SearchAction\",\"target\":\"https:\/\/amnistia.org.mx\/contenido\/?s={search_term_string}\",\"query-input\":\"required name=search_term_string\"}],\"inLanguage\":\"es-MX\"},{\"@type\":\"ImageObject\",\"@id\":\"https:\/\/amnistia.org.mx\/contenido\/index.php\/libano-la-explosion-de-beirut-debe-ser-objeto-de-una-investigacion-independiente\/#primaryimage\",\"inLanguage\":\"es-MX\",\"url\":\"https:\/\/amnistia.org.mx\/contenido\/wp-content\/uploads\/2020\/08\/1-Foto-Libano_1024x571.jpg\",\"width\":563,\"height\":314,\"caption\":\"AFP via Getty Images\"},{\"@type\":\"WebPage\",\"@id\":\"https:\/\/amnistia.org.mx\/contenido\/index.php\/libano-la-explosion-de-beirut-debe-ser-objeto-de-una-investigacion-independiente\/#webpage\",\"url\":\"https:\/\/amnistia.org.mx\/contenido\/index.php\/libano-la-explosion-de-beirut-debe-ser-objeto-de-una-investigacion-independiente\/\",\"name\":\"L\\u00edbano: La explosi\\u00f3n de Beirut debe ser objeto de una investigaci\\u00f3n independiente - amnistia.org.mx\",\"isPartOf\":{\"@id\":\"https:\/\/amnistia.org.mx\/contenido\/#website\"},\"primaryImageOfPage\":{\"@id\":\"https:\/\/amnistia.org.mx\/contenido\/index.php\/libano-la-explosion-de-beirut-debe-ser-objeto-de-una-investigacion-independiente\/#primaryimage\"},\"datePublished\":\"2020-08-10T18:45:28+00:00\",\"dateModified\":\"2020-08-10T18:45:29+00:00\",\"author\":{\"@id\":\"https:\/\/amnistia.org.mx\/contenido\/#\/schema\/person\/7db421c495688267ce8ede4625c17fa5\"},\"breadcrumb\":{\"@id\":\"https:\/\/amnistia.org.mx\/contenido\/index.php\/libano-la-explosion-de-beirut-debe-ser-objeto-de-una-investigacion-independiente\/#breadcrumb\"},\"inLanguage\":\"es-MX\",\"potentialAction\":[{\"@type\":\"ReadAction\",\"target\":[\"https:\/\/amnistia.org.mx\/contenido\/index.php\/libano-la-explosion-de-beirut-debe-ser-objeto-de-una-investigacion-independiente\/\"]}]},{\"@type\":\"BreadcrumbList\",\"@id\":\"https:\/\/amnistia.org.mx\/contenido\/index.php\/libano-la-explosion-de-beirut-debe-ser-objeto-de-una-investigacion-independiente\/#breadcrumb\",\"itemListElement\":[{\"@type\":\"ListItem\",\"position\":1,\"item\":{\"@type\":\"WebPage\",\"@id\":\"https:\/\/amnistia.org.mx\/contenido\/\",\"url\":\"https:\/\/amnistia.org.mx\/contenido\/\",\"name\":\"Home\"}},{\"@type\":\"ListItem\",\"position\":2,\"item\":{\"@type\":\"WebPage\",\"@id\":\"https:\/\/amnistia.org.mx\/contenido\/index.php\/libano-la-explosion-de-beirut-debe-ser-objeto-de-una-investigacion-independiente\/\",\"url\":\"https:\/\/amnistia.org.mx\/contenido\/index.php\/libano-la-explosion-de-beirut-debe-ser-objeto-de-una-investigacion-independiente\/\",\"name\":\"L\\u00edbano: La explosi\\u00f3n de Beirut debe ser objeto de una investigaci\\u00f3n independiente\"}}]},{\"@type\":[\"Person\"],\"@id\":\"https:\/\/amnistia.org.mx\/contenido\/#\/schema\/person\/7db421c495688267ce8ede4625c17fa5\",\"name\":\"Alejandro Ju\\u00e1rez Gamero\",\"image\":{\"@type\":\"ImageObject\",\"@id\":\"https:\/\/amnistia.org.mx\/contenido\/#personlogo\",\"inLanguage\":\"es-MX\",\"url\":\"https:\/\/secure.gravatar.com\/avatar\/e312d5566d1c3ffb56f86415d6f0e606?s=96&d=mm&r=g\",\"caption\":\"Alejandro Ju\\u00e1rez Gamero\"}}]}<\/script>\n<!-- \/ Yoast SEO plugin. -->","_links":{"self":[{"href":"https:\/\/amnistia.org.mx\/contenido\/index.php\/wp-json\/wp\/v2\/posts\/11504"}],"collection":[{"href":"https:\/\/amnistia.org.mx\/contenido\/index.php\/wp-json\/wp\/v2\/posts"}],"about":[{"href":"https:\/\/amnistia.org.mx\/contenido\/index.php\/wp-json\/wp\/v2\/types\/post"}],"author":[{"embeddable":true,"href":"https:\/\/amnistia.org.mx\/contenido\/index.php\/wp-json\/wp\/v2\/users\/4"}],"replies":[{"embeddable":true,"href":"https:\/\/amnistia.org.mx\/contenido\/index.php\/wp-json\/wp\/v2\/comments?post=11504"}],"version-history":[{"count":8,"href":"https:\/\/amnistia.org.mx\/contenido\/index.php\/wp-json\/wp\/v2\/posts\/11504\/revisions"}],"predecessor-version":[{"id":11519,"href":"https:\/\/amnistia.org.mx\/contenido\/index.php\/wp-json\/wp\/v2\/posts\/11504\/revisions\/11519"}],"wp:featuredmedia":[{"embeddable":true,"href":"https:\/\/amnistia.org.mx\/contenido\/index.php\/wp-json\/wp\/v2\/media\/11510"}],"wp:attachment":[{"href":"https:\/\/amnistia.org.mx\/contenido\/index.php\/wp-json\/wp\/v2\/media?parent=11504"}],"wp:term":[{"taxonomy":"category","embeddable":true,"href":"https:\/\/amnistia.org.mx\/contenido\/index.php\/wp-json\/wp\/v2\/categories?post=11504"},{"taxonomy":"post_tag","embeddable":true,"href":"https:\/\/amnistia.org.mx\/contenido\/index.php\/wp-json\/wp\/v2\/tags?post=11504"}],"curies":[{"name":"wp","href":"https:\/\/api.w.org\/{rel}","templated":true}]}}