
{"id":11579,"date":"2020-08-14T20:06:18","date_gmt":"2020-08-14T20:06:18","guid":{"rendered":"https:\/\/amnistia.org.mx\/contenido\/?p=11579"},"modified":"2020-08-14T20:09:27","modified_gmt":"2020-08-14T20:09:27","slug":"nicaragua-castiga-a-mujeres-activistas-con-carcel-en-plena-pandemia-de-covid-19","status":"publish","type":"post","link":"https:\/\/amnistia.org.mx\/contenido\/index.php\/nicaragua-castiga-a-mujeres-activistas-con-carcel-en-plena-pandemia-de-covid-19\/","title":{"rendered":"Nicaragua castiga a mujeres activistas con c\u00e1rcel en plena pandemia de COVID-19"},"content":{"rendered":"\t\t<div data-elementor-type=\"wp-post\" data-elementor-id=\"11579\" class=\"elementor elementor-11579\">\n\t\t\t\t\t\t\t\t\t<section class=\"elementor-section elementor-top-section elementor-element elementor-element-59e15b8f elementor-section-boxed elementor-section-height-default elementor-section-height-default\" data-id=\"59e15b8f\" data-element_type=\"section\">\n\t\t\t\t\t\t<div class=\"elementor-container elementor-column-gap-default\">\n\t\t\t\t\t<div class=\"elementor-column elementor-col-100 elementor-top-column elementor-element elementor-element-3f6ae795\" data-id=\"3f6ae795\" data-element_type=\"column\">\n\t\t\t<div class=\"elementor-widget-wrap elementor-element-populated\">\n\t\t\t\t\t\t\t\t<div class=\"elementor-element elementor-element-62c0eb elementor-author-box--layout-image-above elementor-author-box--align-center elementor-widget elementor-widget-author-box\" data-id=\"62c0eb\" data-element_type=\"widget\" data-widget_type=\"author-box.default\">\n\t\t\t\t<div class=\"elementor-widget-container\">\n\t\t\t<link rel=\"stylesheet\" href=\"https:\/\/amnistia.org.mx\/contenido\/wp-content\/plugins\/elementor-pro\/assets\/css\/widget-theme-elements.min.css\">\t\t<div class=\"elementor-author-box\">\n\t\t\t\t\t\t\t<div  class=\"elementor-author-box__avatar\">\n\t\t\t\t\t<img decoding=\"async\" src=\"https:\/\/amnistia.org.mx\/contenido\/wp-content\/uploads\/2020\/04\/LOGO-300x300.jpg\" alt=\"Por Astrid Valencia y Josefina Salom\u00f3n\">\n\t\t\t\t<\/div>\n\t\t\t\n\t\t\t<div class=\"elementor-author-box__text\">\n\t\t\t\t\t\t\t\t\t<div >\n\t\t\t\t\t\t<h4 class=\"elementor-author-box__name\">\n\t\t\t\t\t\t\tPor Astrid Valencia y Josefina Salom\u00f3n\t\t\t\t\t\t<\/h4>\n\t\t\t\t\t<\/div>\n\t\t\t\t\n\t\t\t\t\t\t\t\t\t<div class=\"elementor-author-box__bio\">\n\t\t\t\t\t\t<p>Staff Amnist\u00eda Internacional<\/p>\n\t\t\t\t\t<\/div>\n\t\t\t\t\n\t\t\t\t\t\t\t<\/div>\n\t\t<\/div>\n\t\t\t\t<\/div>\n\t\t\t\t<\/div>\n\t\t\t\t<div class=\"elementor-element elementor-element-69d2701b elementor-widget-divider--view-line elementor-widget elementor-widget-divider\" data-id=\"69d2701b\" data-element_type=\"widget\" data-widget_type=\"divider.default\">\n\t\t\t\t<div class=\"elementor-widget-container\">\n\t\t\t<style>\/*! elementor - v3.11.5 - 14-03-2023 *\/\n.elementor-widget-divider{--divider-border-style:none;--divider-border-width:1px;--divider-color:#0c0d0e;--divider-icon-size:20px;--divider-element-spacing:10px;--divider-pattern-height:24px;--divider-pattern-size:20px;--divider-pattern-url:none;--divider-pattern-repeat:repeat-x}.elementor-widget-divider .elementor-divider{display:flex}.elementor-widget-divider .elementor-divider__text{font-size:15px;line-height:1;max-width:95%}.elementor-widget-divider .elementor-divider__element{margin:0 var(--divider-element-spacing);flex-shrink:0}.elementor-widget-divider .elementor-icon{font-size:var(--divider-icon-size)}.elementor-widget-divider .elementor-divider-separator{display:flex;margin:0;direction:ltr}.elementor-widget-divider--view-line_icon .elementor-divider-separator,.elementor-widget-divider--view-line_text .elementor-divider-separator{align-items:center}.elementor-widget-divider--view-line_icon .elementor-divider-separator:after,.elementor-widget-divider--view-line_icon .elementor-divider-separator:before,.elementor-widget-divider--view-line_text .elementor-divider-separator:after,.elementor-widget-divider--view-line_text .elementor-divider-separator:before{display:block;content:\"\";border-bottom:0;flex-grow:1;border-top:var(--divider-border-width) var(--divider-border-style) var(--divider-color)}.elementor-widget-divider--element-align-left .elementor-divider .elementor-divider-separator>.elementor-divider__svg:first-of-type{flex-grow:0;flex-shrink:100}.elementor-widget-divider--element-align-left .elementor-divider-separator:before{content:none}.elementor-widget-divider--element-align-left .elementor-divider__element{margin-left:0}.elementor-widget-divider--element-align-right .elementor-divider .elementor-divider-separator>.elementor-divider__svg:last-of-type{flex-grow:0;flex-shrink:100}.elementor-widget-divider--element-align-right .elementor-divider-separator:after{content:none}.elementor-widget-divider--element-align-right .elementor-divider__element{margin-right:0}.elementor-widget-divider:not(.elementor-widget-divider--view-line_text):not(.elementor-widget-divider--view-line_icon) .elementor-divider-separator{border-top:var(--divider-border-width) var(--divider-border-style) var(--divider-color)}.elementor-widget-divider--separator-type-pattern{--divider-border-style:none}.elementor-widget-divider--separator-type-pattern.elementor-widget-divider--view-line .elementor-divider-separator,.elementor-widget-divider--separator-type-pattern:not(.elementor-widget-divider--view-line) .elementor-divider-separator:after,.elementor-widget-divider--separator-type-pattern:not(.elementor-widget-divider--view-line) .elementor-divider-separator:before,.elementor-widget-divider--separator-type-pattern:not([class*=elementor-widget-divider--view]) .elementor-divider-separator{width:100%;min-height:var(--divider-pattern-height);-webkit-mask-size:var(--divider-pattern-size) 100%;mask-size:var(--divider-pattern-size) 100%;-webkit-mask-repeat:var(--divider-pattern-repeat);mask-repeat:var(--divider-pattern-repeat);background-color:var(--divider-color);-webkit-mask-image:var(--divider-pattern-url);mask-image:var(--divider-pattern-url)}.elementor-widget-divider--no-spacing{--divider-pattern-size:auto}.elementor-widget-divider--bg-round{--divider-pattern-repeat:round}.rtl .elementor-widget-divider .elementor-divider__text{direction:rtl}.e-con-inner>.elementor-widget-divider,.e-con>.elementor-widget-divider{width:var(--container-widget-width,100%);--flex-grow:var(--container-widget-flex-grow)}<\/style>\t\t<div class=\"elementor-divider\">\n\t\t\t<span class=\"elementor-divider-separator\">\n\t\t\t\t\t\t<\/span>\n\t\t<\/div>\n\t\t\t\t<\/div>\n\t\t\t\t<\/div>\n\t\t\t\t\t<\/div>\n\t\t<\/div>\n\t\t\t\t\t\t\t<\/div>\n\t\t<\/section>\n\t\t\t\t<section class=\"elementor-section elementor-top-section elementor-element elementor-element-57ad4603 elementor-section-boxed elementor-section-height-default elementor-section-height-default\" data-id=\"57ad4603\" data-element_type=\"section\">\n\t\t\t\t\t\t<div class=\"elementor-container elementor-column-gap-default\">\n\t\t\t\t\t<div class=\"elementor-column elementor-col-100 elementor-top-column elementor-element elementor-element-50edbc30\" data-id=\"50edbc30\" data-element_type=\"column\">\n\t\t\t<div class=\"elementor-widget-wrap elementor-element-populated\">\n\t\t\t\t\t\t\t\t<div class=\"elementor-element elementor-element-1262c099 elementor-align-center elementor-widget elementor-widget-post-info\" data-id=\"1262c099\" data-element_type=\"widget\" data-widget_type=\"post-info.default\">\n\t\t\t\t<div class=\"elementor-widget-container\">\n\t\t\t<link rel=\"stylesheet\" href=\"https:\/\/amnistia.org.mx\/contenido\/wp-content\/plugins\/elementor\/assets\/css\/widget-icon-list.min.css\">\t\t<ul class=\"elementor-inline-items elementor-icon-list-items elementor-post-info\">\n\t\t\t\t\t\t\t\t<li class=\"elementor-icon-list-item elementor-repeater-item-faf80c6 elementor-inline-item\" itemprop=\"datePublished\">\n\t\t\t\t\t\t<a href=\"https:\/\/amnistia.org.mx\/contenido\/index.php\/2020\/08\/14\/\">\n\t\t\t\t\t\t\t\t\t\t\t<span class=\"elementor-icon-list-icon\">\n\t\t\t\t\t\t\t\t<svg aria-hidden=\"true\" class=\"e-font-icon-svg e-fas-calendar\" viewBox=\"0 0 448 512\" xmlns=\"http:\/\/www.w3.org\/2000\/svg\"><path d=\"M12 192h424c6.6 0 12 5.4 12 12v260c0 26.5-21.5 48-48 48H48c-26.5 0-48-21.5-48-48V204c0-6.6 5.4-12 12-12zm436-44v-36c0-26.5-21.5-48-48-48h-48V12c0-6.6-5.4-12-12-12h-40c-6.6 0-12 5.4-12 12v52H160V12c0-6.6-5.4-12-12-12h-40c-6.6 0-12 5.4-12 12v52H48C21.5 64 0 85.5 0 112v36c0 6.6 5.4 12 12 12h424c6.6 0 12-5.4 12-12z\"><\/path><\/svg>\t\t\t\t\t\t\t<\/span>\n\t\t\t\t\t\t\t\t\t<span class=\"elementor-icon-list-text elementor-post-info__item elementor-post-info__item--type-date\">\n\t\t\t\t\t\t\t\t\t\tagosto 14, 2020\t\t\t\t\t<\/span>\n\t\t\t\t\t\t\t\t\t<\/a>\n\t\t\t\t<\/li>\n\t\t\t\t<li class=\"elementor-icon-list-item elementor-repeater-item-d07449f elementor-inline-item\" itemprop=\"about\">\n\t\t\t\t\t\t\t\t\t\t<span class=\"elementor-icon-list-icon\">\n\t\t\t\t\t\t\t\t<svg aria-hidden=\"true\" class=\"e-font-icon-svg e-fas-tags\" viewBox=\"0 0 640 512\" xmlns=\"http:\/\/www.w3.org\/2000\/svg\"><path d=\"M497.941 225.941L286.059 14.059A48 48 0 0 0 252.118 0H48C21.49 0 0 21.49 0 48v204.118a48 48 0 0 0 14.059 33.941l211.882 211.882c18.744 18.745 49.136 18.746 67.882 0l204.118-204.118c18.745-18.745 18.745-49.137 0-67.882zM112 160c-26.51 0-48-21.49-48-48s21.49-48 48-48 48 21.49 48 48-21.49 48-48 48zm513.941 133.823L421.823 497.941c-18.745 18.745-49.137 18.745-67.882 0l-.36-.36L527.64 323.522c16.999-16.999 26.36-39.6 26.36-63.64s-9.362-46.641-26.36-63.64L331.397 0h48.721a48 48 0 0 1 33.941 14.059l211.882 211.882c18.745 18.745 18.745 49.137 0 67.882z\"><\/path><\/svg>\t\t\t\t\t\t\t<\/span>\n\t\t\t\t\t\t\t\t\t<span class=\"elementor-icon-list-text elementor-post-info__item elementor-post-info__item--type-terms\">\n\t\t\t\t\t\t\t\t\t\t<span class=\"elementor-post-info__terms-list\">\n\t\t\t\t<span class=\"elementor-post-info__terms-list-item\">Por Amnist\u00eda Internacional<\/span>\t\t\t\t<\/span>\n\t\t\t\t\t<\/span>\n\t\t\t\t\t\t\t\t<\/li>\n\t\t\t\t<\/ul>\n\t\t\t\t<\/div>\n\t\t\t\t<\/div>\n\t\t\t\t\t<\/div>\n\t\t<\/div>\n\t\t\t\t\t\t\t<\/div>\n\t\t<\/section>\n\t\t\t\t<section class=\"elementor-section elementor-top-section elementor-element elementor-element-4bf4d145 elementor-section-boxed elementor-section-height-default elementor-section-height-default\" data-id=\"4bf4d145\" data-element_type=\"section\">\n\t\t\t\t\t\t<div class=\"elementor-container elementor-column-gap-wide\">\n\t\t\t\t\t<div class=\"elementor-column elementor-col-66 elementor-top-column elementor-element elementor-element-77a345de\" data-id=\"77a345de\" data-element_type=\"column\">\n\t\t\t<div class=\"elementor-widget-wrap elementor-element-populated\">\n\t\t\t\t\t\t\t\t<div class=\"elementor-element elementor-element-92cebcd elementor-widget elementor-widget-text-editor\" data-id=\"92cebcd\" data-element_type=\"widget\" data-widget_type=\"text-editor.default\">\n\t\t\t\t<div class=\"elementor-widget-container\">\n\t\t\t<style>\/*! elementor - v3.11.5 - 14-03-2023 *\/\n.elementor-widget-text-editor.elementor-drop-cap-view-stacked .elementor-drop-cap{background-color:#69727d;color:#fff}.elementor-widget-text-editor.elementor-drop-cap-view-framed .elementor-drop-cap{color:#69727d;border:3px solid;background-color:transparent}.elementor-widget-text-editor:not(.elementor-drop-cap-view-default) .elementor-drop-cap{margin-top:8px}.elementor-widget-text-editor:not(.elementor-drop-cap-view-default) .elementor-drop-cap-letter{width:1em;height:1em}.elementor-widget-text-editor .elementor-drop-cap{float:left;text-align:center;line-height:1;font-size:50px}.elementor-widget-text-editor .elementor-drop-cap-letter{display:inline-block}<\/style>\t\t\t\t<h4 class=\"h3\">Mientras las autoridades de Nicaragua anuncian excarcelaciones selectivas en plena pandemia de COVID-19, las c\u00e1rceles de todo el pa\u00eds se est\u00e1n convirtiendo en centros para el castigo de activistas. Las mujeres encarceladas hablan de condiciones inhumanas, falta de atenci\u00f3n m\u00e9dica y abusos. La pandemia est\u00e1 convirtiendo una situaci\u00f3n desesperada en otra terriblemente sombr\u00eda. A las activistas y sus familiares les aterra su futuro.<\/h4><div>\u00a0<\/div><p>El despertador que suena martes por medio a las tres y media de la madrugada anuncia el comienzo de una dolorosa rutina para Shirley.<\/p><p>Salta de la cama, se viste, comprueba que las bolsas de pl\u00e1stico con comida y productos de limpieza para dos semanas est\u00e1n bien empaquetadas, siguiendo las estrictas directrices que les han dado, y emprende el viaje de cuatro horas a la prisi\u00f3n de mujeres de Nicaragua, situada en el departamento de Managua.<\/p><p>La madre de Shirley,\u00a0<strong>Mar\u00eda Esperanza S\u00e1nchez Garc\u00eda, es una de las tres mujeres activistas encerradas tras los deteriorados muros de esta c\u00e1rcel<\/strong>\u00a0por lo que, seg\u00fan afirman organizaciones locales de derechos humanos, son cargos falsos.<\/p><p>Desde que Mar\u00eda fue detenida arbitrariamente el 26 de enero, su familia hace campa\u00f1a desesperadamente por su liberaci\u00f3n. La activista sufre una serie de problemas de salud que la hacen especialmente vulnerable a las enfermedades respiratorias; por eso, cuando un mes despu\u00e9s de que la pusieran entre rejas estall\u00f3 la pandemia de COVID-19, la preocupaci\u00f3n de su familia se convirti\u00f3 en terror.<\/p>\t\t\t\t\t\t<\/div>\n\t\t\t\t<\/div>\n\t\t\t\t<div class=\"elementor-element elementor-element-d00998b elementor-widget elementor-widget-image\" data-id=\"d00998b\" data-element_type=\"widget\" data-widget_type=\"image.default\">\n\t\t\t\t<div class=\"elementor-widget-container\">\n\t\t\t<style>\/*! elementor - v3.11.5 - 14-03-2023 *\/\n.elementor-widget-image{text-align:center}.elementor-widget-image a{display:inline-block}.elementor-widget-image a img[src$=\".svg\"]{width:48px}.elementor-widget-image img{vertical-align:middle;display:inline-block}<\/style>\t\t\t\t\t\t\t\t\t\t\t\t<img decoding=\"async\" width=\"850\" height=\"612\" src=\"https:\/\/amnistia.org.mx\/contenido\/wp-content\/uploads\/2020\/08\/Mari__a_Esperanza_Sanchez_850.jpg\" class=\"attachment-large size-large wp-image-11582\" alt=\"\" loading=\"lazy\" \/>\t\t\t\t\t\t\t\t\t\t\t\t\t\t\t<\/div>\n\t\t\t\t<\/div>\n\t\t\t\t<div class=\"elementor-element elementor-element-bed7d15 elementor-widget elementor-widget-heading\" data-id=\"bed7d15\" data-element_type=\"widget\" data-widget_type=\"heading.default\">\n\t\t\t\t<div class=\"elementor-widget-container\">\n\t\t\t<style>\/*! elementor - v3.11.5 - 14-03-2023 *\/\n.elementor-heading-title{padding:0;margin:0;line-height:1}.elementor-widget-heading .elementor-heading-title[class*=elementor-size-]>a{color:inherit;font-size:inherit;line-height:inherit}.elementor-widget-heading .elementor-heading-title.elementor-size-small{font-size:15px}.elementor-widget-heading .elementor-heading-title.elementor-size-medium{font-size:19px}.elementor-widget-heading .elementor-heading-title.elementor-size-large{font-size:29px}.elementor-widget-heading .elementor-heading-title.elementor-size-xl{font-size:39px}.elementor-widget-heading .elementor-heading-title.elementor-size-xxl{font-size:59px}<\/style><h2 class=\"elementor-heading-title elementor-size-default\">\u201cLa Esperanza\u201d<\/h2>\t\t<\/div>\n\t\t\t\t<\/div>\n\t\t\t\t<div class=\"elementor-element elementor-element-cd9407c elementor-widget elementor-widget-text-editor\" data-id=\"cd9407c\" data-element_type=\"widget\" data-widget_type=\"text-editor.default\">\n\t\t\t\t<div class=\"elementor-widget-container\">\n\t\t\t\t\t\t\t<p>La iron\u00eda tras el nombre es digna de destacar.<\/p><p>El\u00a0<strong>Establecimiento Penitenciario Integral de Mujeres, conocida com\u00fanmente como La Esperanza,<\/strong>\u00a0est\u00e1 situada en\u00a0<a href=\"https:\/\/www.elnuevodiario.com.ni\/nacionales\/282928-esperanza-se-trasladara-tipitapa\/\" target=\"_blank\" rel=\"noopener\">Tipitapa<\/a>, a 25 kil\u00f3metros de la ciudad de Managua.<\/p><p>Algunas ex presas dijeron a Amnist\u00eda Internacional que el edificio est\u00e1 organizado en bloques grandes y algunas celdas individuales. Originalmente se construy\u00f3 con el objetivo de proporcionar rehabilitaci\u00f3n a mujeres que hab\u00edan cometido delitos, pero las organizaciones locales de derechos humanos afirman que las condiciones all\u00ed se volvieron r\u00e1pidamente abusivas.<\/p><p><strong>Las presas dicen que la vida en la c\u00e1rcel es, en el mejor de los casos, dif\u00edcil\u00a0<\/strong>\u2014el hacinamiento y la falta de agua potable, comida adecuada, camas y tratamiento m\u00e9dico son problemas constantes\u2014 y, en el peor de los casos, insoportable.<\/p><p>Para las activistas, la situaci\u00f3n es especialmente dif\u00edcil.<\/p><p>Cuando Shirley pudo visitar por primera vez a su madre en prisi\u00f3n, Mar\u00eda le dijo que los guardias hab\u00edan estado acos\u00e1ndola y maltrat\u00e1ndola, y hab\u00edan estado animando a otras mujeres a hacerlo tambi\u00e9n. Seg\u00fan cont\u00f3, la castigan por su activismo y por criticar las pol\u00edticas y pr\u00e1cticas del gobierno de Daniel Ortega.<\/p><p>Mar\u00eda Esperanza est\u00e1 acostumbrada a la lucha. En el momento de su detenci\u00f3n hab\u00eda sufrido una oleada de amenazas y actos de acoso desde su participaci\u00f3n en las protestas que hab\u00edan hecho saltar a Nicaragua a las primeras planas de todo el mundo.<\/p><p>Las protestas que comenzaron en abril de 2018 fueron algunas de las m\u00e1s grandes que el pa\u00eds ha presenciado en su historia reciente. Miles de personas\u00a0<a href=\"https:\/\/www.amnesty.org\/download\/Documents\/AMR4392132018SPANISH.PDF\" target=\"_blank\" rel=\"noopener\">salieron a las calles para protestar<\/a>, inicialmente contra una serie de reformas al sistema de seguridad social.<\/p><p>La respuesta de las autoridades fue brutal, y la polic\u00eda y los grupos s parapoliciales armados atacaron directamente a quienes se manifestaban.<\/p><p>Para final de 2019, al menos 328 personas hab\u00edan\u00a0<a href=\"https:\/\/www.es.amnesty.org\/en-que-estamos\/noticias\/noticia\/articulo\/nicaragua-el-gobierno-aumenta-el-riesgo-de-contagio-del-coronavirus-en-un-pais-ya-devastado-por-dos\/\" target=\"_blank\" rel=\"noopener\">muerto<\/a>, la mayor\u00eda a manos de las fuerzas de seguridad y otros grupos progubernamentales, miles hab\u00edan resultado heridas y cientos hab\u00edan sido detenidas arbitrariamente. Se\u00a0<a href=\"https:\/\/www.amnesty.org\/es\/documents\/amr43\/2515\/2020\/es\/\" target=\"_blank\" rel=\"noopener\">calcula<\/a>\u00a0que a m\u00e1s de 100.000 personas no les qued\u00f3 m\u00e1s opci\u00f3n que\u00a0<a href=\"https:\/\/www.amnesty.org\/es\/latest\/news\/2019\/10\/nicaragua-amnistia-internacional-exige-gobierno-detenga-represion\/\" target=\"_blank\" rel=\"noopener\">abandonar el pa\u00eds<\/a>, por miedo a lo que pudiera suceder.<\/p><p>Pero la represi\u00f3n no termin\u00f3 ah\u00ed. Activistas de derechos humanos, familiares de activistas en la c\u00e1rcel, periodistas e incluso profesionales de la medicina que apoyaban las protestas han denunciado haber sufrido\u00a0<a href=\"https:\/\/www.es.amnesty.org\/en-que-estamos\/noticias\/noticia\/articulo\/nicaragua-tras-un-ano-y-medio-de-crisis-el-gobierno-sigue-con-su-estrategia-de-represion\/\" target=\"_blank\" rel=\"noopener\">acoso<\/a>\u00a0y ataques. Adem\u00e1s, las denuncias de detenciones arbitrarias contin\u00faan.<\/p><p>Mar\u00eda hab\u00eda estado viviendo en casas de seguridad en un intento de proteger a su familia despu\u00e9s de que hombres armados se presentaran en su casa en m\u00faltiples ocasiones y pintaran mensajes amenazadores en su pared.<\/p><p>Las protestas no han cesado. Tampoco lo ha hecho la represi\u00f3n, en la que la acusaci\u00f3n por cargos falsos se ha convertido en una de las estrategias favoritas del gobierno para silenciar a la oposici\u00f3n.<\/p><p>Expertas locales dicen que las mujeres activistas son atacadas de maneras particulares.<\/p>\t\t\t\t\t\t<\/div>\n\t\t\t\t<\/div>\n\t\t\t\t<div class=\"elementor-element elementor-element-46750e3 elementor-widget elementor-widget-image\" data-id=\"46750e3\" data-element_type=\"widget\" data-widget_type=\"image.default\">\n\t\t\t\t<div class=\"elementor-widget-container\">\n\t\t\t\t\t\t\t\t\t\t\t\t\t\t\t<img decoding=\"async\" width=\"850\" height=\"572\" src=\"https:\/\/amnistia.org.mx\/contenido\/wp-content\/uploads\/2020\/08\/RTX7ITC9_Nicaragua_policia_850.jpg\" class=\"attachment-large size-large wp-image-11583\" alt=\"\" loading=\"lazy\" \/>\t\t\t\t\t\t\t\t\t\t\t\t\t\t\t<\/div>\n\t\t\t\t<\/div>\n\t\t\t\t<div class=\"elementor-element elementor-element-c1383e2 elementor-widget elementor-widget-text-editor\" data-id=\"c1383e2\" data-element_type=\"widget\" data-widget_type=\"text-editor.default\">\n\t\t\t\t<div class=\"elementor-widget-container\">\n\t\t\t\t\t\t\t<h6 style=\"text-align: left;\"><em>Un guardia de la prisi\u00f3n se encuentra en la entrada del sistema penitenciario &#8220;La Modelo&#8221; despu\u00e9s\u00a0de que el gobierno del presidente de Nicaragua, Daniel Ortega, ordenara la liberaci\u00f3n de alrededor de 2500 presos, seg\u00fan medios locales, mientras contin\u00faa la propagaci\u00f3n del coronavirus (COVID-19) en Tipitapa, Nicaragua ,13 de mayo de 2020. \u00a9 REUTERS \/ Oswaldo Rivas<\/em><\/h6>\t\t\t\t\t\t<\/div>\n\t\t\t\t<\/div>\n\t\t\t\t<div class=\"elementor-element elementor-element-741d516 elementor-widget elementor-widget-text-editor\" data-id=\"741d516\" data-element_type=\"widget\" data-widget_type=\"text-editor.default\">\n\t\t\t\t<div class=\"elementor-widget-container\">\n\t\t\t\t\t\t\t<p><em>\u201cEl elemento sexual siempre est\u00e1 presente, la amenaza sexual que va no solamente dirigida a ellas, sino a sus hijas. Tambi\u00e9n vemos la invalidaci\u00f3n de los liderazgos de las mujeres, el poner en duda su honestidad y su capacidad\u201d<\/em>, cont\u00f3 a Amnist\u00eda Internacional una defensora de los derechos humanos que pidi\u00f3 permanecer en el anonimato.\u00a0<em>\u201cTambi\u00e9n est\u00e1 el elemento de la familia. Muchas de las mujeres tienen a cargo a sus familias y cuando est\u00e1n en las c\u00e1rceles se generan situaciones muy complejas\u201d.<\/em><\/p><p>Tras su detenci\u00f3n, Mar\u00eda fue trasladada a El Chipote, una comisar\u00eda de polic\u00eda de Managua tristemente c\u00e9lebre por el trato brutal que sufren all\u00ed las personas detenidas. No informaron a nadie de que Mar\u00eda estaba all\u00ed.<\/p><p><em>\u201cYo me di cuenta que mi mam\u00e1 hab\u00eda sido secuestrada en la tarde del 26. Hab\u00eda estado busc\u00e1ndola por todos lados. Pensamos que la hab\u00edan matado y la hab\u00edan tirado por alg\u00fan lugar. Nos dio mucha angustia<\/em>\u201d, recuerda Shirley.<\/p><p>Cuando las autoridades finalmente permitieron a Shirley ver a su madre, observ\u00f3 que Mar\u00eda ten\u00eda marcas en los brazos y las piernas.<\/p><p><em>\u201cLa hab\u00edan golpeado durante los interrogatorios\u201d<\/em>, afirma Shirley. \u201c<em>Ah\u00ed no pudimos hablar mucho porque todos est\u00e1n escuchando. Cada vez que me contaba se pon\u00eda a llorar entonces no hablamos mucho\u201d.<\/em><\/p><p>Mar\u00eda hab\u00eda sido acusada de tr\u00e1fico de drogas, un cargo que profesionales de la abogac\u00eda de Nicaragua aseguran que las autoridades utilizan para castigar y desacreditar a activistas.<\/p><p>Aquel fue s\u00f3lo el principio de su pesadilla. Unas dos semanas despu\u00e9s de su detenci\u00f3n inicial, a Mar\u00eda la llevaron a La Esperanza. Era principios de febrero, y por entonces apenas se hablaba de la pandemia de coronavirus en Nicaragua.<\/p><p>A Mar\u00eda la recluyeron en un bloque con otras 75 mujeres, algunas de las cuales, como ella, sufren enfermedades cr\u00f3nicas. Cont\u00f3 a sus familiares que las hileras de camas no dejaban mucho espacio entre ellas. Se consideraba afortunada por tener una ventana peque\u00f1a justo encima de su cama.<\/p><blockquote><p>Shirley, que la visita cada 15 d\u00edas, cuenta que las condiciones en la prisi\u00f3n son inhumanas: \u201c<em>La comida es terrible. Nosotros le llevamos cosas que le duren como avena, galletas, platanitos, queso, cosas que le duren y le ayuden a mantener su alimentaci\u00f3n. El d\u00eda de la visita, yo le llevo cosas hechas para que coma ese d\u00eda\u201d.<\/em><\/p><\/blockquote><p>Cuando Mar\u00eda y sus familiares se enteraron de la existencia del mortal virus, su preocupaci\u00f3n se convirti\u00f3 en miedo. Mar\u00eda sufre asma e hipertensi\u00f3n, lo que la hace especialmente vulnerable en caso de contraer la enfermedad.<\/p><p><em>\u201cElla nos dec\u00eda llorando que no quer\u00eda morirse ah\u00ed. Nosotros empezamos a enviarle m\u00e1s productos de limpieza, m\u00e1s jab\u00f3n, m\u00e1s cloro, m\u00e1s detergente. Al principio ni a los familiares nos dejaban entrar con mascarillas y con el tiempo fueron cediendo eso\u201d<\/em>, cuenta Shirley.<\/p><p>Desde que, a finales de marzo, la Organizaci\u00f3n Mundial de la Salud declar\u00f3 la COVID-19 una\u00a0<a href=\"https:\/\/twitter.com\/WHO\/status\/1237777021742338049?ref_src=twsrc%5etfw|twcamp%5etweetembed|twterm%5e1237777021742338049|twgr%5e&amp;ref_url=https:\/\/www.who.int\/emergencies\/diseases\/novel-coronavirus-2019\/events-as-they-happen\" target=\"_blank\" rel=\"noopener\">pandemia<\/a>, las autoridades de Nicaragua trataron de restar importancia a su impacto en el pa\u00eds.\u00a0<a href=\"https:\/\/www.es.amnesty.org\/en-que-estamos\/noticias\/noticia\/articulo\/nicaragua-el-gobierno-aumenta-el-riesgo-de-contagio-del-coronavirus-en-un-pais-ya-devastado-por-dos\/\" target=\"_blank\" rel=\"noopener\">Promovieron<\/a>\u00a0reuniones p\u00fablicas y mantuvieron las escuelas abiertas. Profesionales de la abogac\u00eda que representan a activistas de derechos humanos en la c\u00e1rcel contaron a Amnist\u00eda Internacional que a algunos funcionarios estatales les imped\u00edan usar equipo de protecci\u00f3n.<\/p><aside class=\"quote\" data-scenario=\"quote_text\"><div class=\"quote__text ai-rte--inline-inner\"><blockquote><p>El grave hacinamiento, junto con la falta de agua y atenci\u00f3n m\u00e9dica, convierten a las prisiones de toda Nicaragua en lugares especialmente vulnerables.<\/p><\/blockquote><\/div><\/aside><p>Las presas de La Esperanza empezaron a mostrar s\u00edntomas tales como tos, fiebre y dolor de cuerpo. La atenci\u00f3n m\u00e9dica era sumamente limitada, y la realizaci\u00f3n de pruebas de COVID-19 era impensable, seg\u00fan las familias de las personas encarceladas y activistas de derechos humanos.<\/p><p><em>\u201cLas presas lloraban, diciendo que ten\u00edan el virus\u201d<\/em>, recuerda Shirley que dec\u00eda su madre. \u201c<em>Nosotras le llevamos como un mini botiqu\u00edn y de ah\u00ed ella saca pastillas para darle a sus compa\u00f1eras\u201d.<\/em><\/p><p>Para finales de marzo, cuando Mar\u00eda sufri\u00f3 un ataque de asma que alert\u00f3 a su familia del deficiente trato que estaba recibiendo, los\u00a0<a href=\"https:\/\/www.amnesty.org\/es\/latest\/news\/2020\/05\/nicaragua-personas-privadas-de-libertad-tienen-sintomas-covid19\/\" target=\"_blank\" rel=\"noopener\">rumores<\/a>\u00a0de contagio de coronavirus entre rejas se hab\u00edan extendido como p\u00f3lvora por todo el sistema penitenciario nicarag\u00fcense.<\/p><p>Las autoridades, sucumbiendo a la presi\u00f3n, y quiz\u00e1s en un intento de descongestionar las prisiones, finalmente ordenaron la\u00a0<a href=\"http:\/\/www.oacnudh.org\/wp-content\/uploads\/2020\/06\/Nicaragua-Boletin-N.-16-Abril-Mayo-2020-REV.pdf\" target=\"_blank\" rel=\"noopener\">liberaci\u00f3n<\/a>\u00a0de 4.515 reclusos y reclusas en junio. A mediados de julio se\u00a0<a href=\"https:\/\/www.icrc.org\/es\/document\/nicaragua-1605-personas-privadas-de-libertad-regresan-sus-hogares?utm_source=twitter&amp;utm_medium=social&amp;linkId=100000013574557\" target=\"_blank\" rel=\"noopener\">liber\u00f3<\/a>\u00a0a 1.605 m\u00e1s.<\/p><p>Sin embargo, \u00fanicamente\u00a0<a href=\"http:\/\/www.radiocamoapa.com\/noticias\/nacionales\/bajo-regimen-de-convivencia-familiar-liberan-a-oscar-centeno\/\" target=\"_blank\" rel=\"noopener\">cuatro<\/a>\u00a0de las al menos 80 personas recluidas por cargos de motivaci\u00f3n pol\u00edtica fueron puestas en libertad,\u00a0<a href=\"https:\/\/www.vostv.com.ni\/nacionales\/14121-abogada-confirma-liberacion-de-dos-presos-politico\/\" target=\"_blank\" rel=\"noopener\">seg\u00fan<\/a>\u00a0las organizaciones locales de derechos humanos.<\/p><p>Para quienes siguen entre rejas, las cosas han cambiado poco. Mar\u00eda sigue estando en condiciones de hacinamiento, seg\u00fan cuenta su familia. Las visitas pueden llevar mascarilla y deben lavarse las manos y someterse a un control de temperatura antes de entrar. Sin embargo, la atenci\u00f3n m\u00e9dica de quienes tienen s\u00edntomas no ha mejorado. No se realizan pruebas a nadie, y nadie recibe atenci\u00f3n m\u00e9dica adecuada, seg\u00fan abogados y familiares.<\/p><p>Lo que sucede tras los muros de las c\u00e1rceles para mujeres de Nicaragua sigue siendo un misterio; s\u00f3lo se conoce lo que dicen los testimonios de quienes han pasado tiempo all\u00ed. Desde hace a\u00f1os que a las organizaciones de derechos humanos no se les permite ingresar a verificar las condiciones penitenciaras. El Centro Nicarag\u00fcense de Derechos Humanos (CENIDH) reporta que desde el 2010 no ha obtenido autorizaci\u00f3n para ingresar en los centros penitenciarios del pa\u00eds.<\/p><p>Los abogados, abogadas y familiares de algunas de las activistas entre rejas dicen que hay dos categor\u00edas de presas: las recluidas por delitos comunes y las que participan en alguna forma de protesta o cr\u00edtica contra el gobierno.<\/p><p><em>\u201cA ellas [las detenidas por motivos pol\u00edticos] las tratan diferente: no las dejan salir al patio, participar de actividades. En las requisas me revisan de m\u00e1s. Les roban la comida o no le entregan las cosas que les llevamos\u201d<\/em>, explica Shirley.<\/p>\t\t\t\t\t\t<\/div>\n\t\t\t\t<\/div>\n\t\t\t\t<div class=\"elementor-element elementor-element-6a4e3db elementor-widget elementor-widget-image\" data-id=\"6a4e3db\" data-element_type=\"widget\" data-widget_type=\"image.default\">\n\t\t\t\t<div class=\"elementor-widget-container\">\n\t\t\t\t\t\t\t\t\t\t\t\t\t\t\t<img decoding=\"async\" width=\"900\" height=\"590\" src=\"https:\/\/amnistia.org.mx\/contenido\/wp-content\/uploads\/2020\/08\/RTX6YW98_Nicaragua_Lucia_Pineda_900.jpg\" class=\"attachment-large size-large wp-image-11584\" alt=\"\" loading=\"lazy\" \/>\t\t\t\t\t\t\t\t\t\t\t\t\t\t\t<\/div>\n\t\t\t\t<\/div>\n\t\t\t\t<div class=\"elementor-element elementor-element-b73ba81 elementor-widget elementor-widget-text-editor\" data-id=\"b73ba81\" data-element_type=\"widget\" data-widget_type=\"text-editor.default\">\n\t\t\t\t<div class=\"elementor-widget-container\">\n\t\t\t\t\t\t\t<p><em>Los periodistas Lucia Pineda Ubau y Miguel Mora, director de 100% Noticias, fueron arrestados en diciembre de 2018 tras ser acusados de instigar el odio contra el gobierno de Ortega. En la foto, hablan con los medios tras ser puestos en libertad el 11 de junio de\u00a02019. \u00a9 REUTERS \/ Oswaldo Rivas<\/em><\/p>\t\t\t\t\t\t<\/div>\n\t\t\t\t<\/div>\n\t\t\t\t<div class=\"elementor-element elementor-element-12e3e5f elementor-widget elementor-widget-text-editor\" data-id=\"12e3e5f\" data-element_type=\"widget\" data-widget_type=\"text-editor.default\">\n\t\t\t\t<div class=\"elementor-widget-container\">\n\t\t\t\t\t\t\t<p>Luc\u00eda Pineda recuerda como si a\u00fan estuviera all\u00ed el trato que recibi\u00f3 en La Esperanza.<\/p><p>Esta periodista fue\u00a0<a href=\"https:\/\/cpj.org\/awards\/lucia-pineda-ubau-and-miguel-mora-nicaragua\/\" target=\"_blank\" rel=\"noopener\">detenida<\/a>\u00a0en una redada en las oficinas de 100% Noticias, donde trabajaba, en diciembre de 2018. Ella y el director del canal fueron acusados de \u201cfomentar e incitar al odio y la violencia\u201d y \u201cprovocaci\u00f3n, proposici\u00f3n y conspiraci\u00f3n para cometer actos terroristas\u201d. Tras pasar 40 d\u00edas en la celda de una comisar\u00eda de polic\u00eda donde, seg\u00fan afirma, la interrogaron y la torturaron, Luc\u00eda fue trasladada a La Esperanza, donde permaneci\u00f3 en r\u00e9gimen de aislamiento 132 d\u00edas, durante los cuales no pudo ver a nadie, ni siquiera a sus familiares.<\/p><p>\u201c<em>En Nicaragua nada es normal\u201d<\/em>, dice Luc\u00eda, que ahora vive en Costa Rica, donde sigue denunciando cr\u00edmenes de derecho internacional y violaciones de derechos humanos cometidos en su pa\u00eds.\u00a0<\/p><p>\u201c<em>Hubieron amenazas y presi\u00f3n constante para que se dejara de informar pero seguimos informando. A nosotros nos encarcelaron para enviar un mensaje a la prensa independiente de que tienen que alinearse, que tienen que pensar igual que el r\u00e9gimen&#8221;.<\/em><\/p><p>Luc\u00eda finalmente fue\u00a0<a href=\"https:\/\/womeninjournalism.org\/cfwij-press-statements\/nicaragua-imprisoned-woman-journalist-luca-pineda-ubau-released-gm7ry\" target=\"_blank\" rel=\"noopener\">excarcelada<\/a>\u00a0en junio de 2019. Su historia es un ejemplo m\u00e1s de la manera en que se utilizan las prisiones como herramienta para castigar a activistas.<\/p><p><em>\u201cAh\u00ed [en La Esperanza] estuve totalmente aislada. Nadie se pod\u00eda acercar, nadie pod\u00eda establecer una conversaci\u00f3n conmigo, la puerta siempre estaba cerrada. Afuera hab\u00eda una custodia las 24 horas del d\u00eda. Pretend\u00edan que me volviera loca. Yo pasaba los d\u00edas hablando sola, en voz alta. Ellos quer\u00edan que estuviera en silencio pero no iba a estar en silencio. As\u00ed resist\u00ed\u201d.<\/em><\/p><p>Entre los desvencijados muros de La Esperanza, la situaci\u00f3n de Mar\u00eda se vuelve desesperada.<\/p><p>Un mes despu\u00e9s de un juicio plagado de\u00a0<a href=\"https:\/\/www.youtube.com\/watch?v=PikDZ8WkUi4\" target=\"_blank\" rel=\"noopener\">irregularidades<\/a>, fue\u00a0<a href=\"https:\/\/im-defensoras.org\/2020\/07\/alerta-urgente-nicaragua-sentencian-a-10-anos-de-prision-y-multan-a-activista-politica-maria-esperanza-sanchez\/\" target=\"_blank\" rel=\"noopener\">condenada<\/a>\u00a0a 10 a\u00f1os de c\u00e1rcel y multada con 31.000 c\u00f3rdobas (casi 900 d\u00f3lares estadounidenses).<\/p><p>Erika Guevara Rosas, directora de Amnist\u00eda Internacional para las Am\u00e9ricas, afirma que las prisiones de Nicaragua se han convertido en una herramienta del arsenal del gobierno para silenciar a quienes piensan de forma diferente.<\/p><blockquote><p><em>\u201cLas activistas como Mar\u00eda Esperanza nunca deber\u00edan haber sido encarceladas, para empezar. El mantenerla all\u00ed, dado su estado de salud, en medio de una pandemia, no sirve a ning\u00fan prop\u00f3sito m\u00e1s que transmitir el peligroso mensaje de que no se permite disentir del gobierno&#8221;.<\/em><\/p><\/blockquote><p>Los y las activistas locales dicen que la lucha no termina cuando las mujeres son excarceladas. La Iniciativa Mesoamericana de Mujeres Defensoras de Derechos Humanos ha documentado varios casos de mujeres activistas que han sufrido campa\u00f1as de acoso y ataques que incluso les han impedido trabajar despu\u00e9s de su excarcelaci\u00f3n.<\/p><p>A Shirley le preocupa el futuro, pero dice que no se rendir\u00e1n en su lucha por conseguir la libertad de Mar\u00eda.<\/p><p><em>\u201cSo\u00f1amos con el d\u00eda en el que la devuelvan a casa\u201d<\/em>, dice mientras se prepara para la pr\u00f3xima visita.<\/p>\t\t\t\t\t\t<\/div>\n\t\t\t\t<\/div>\n\t\t\t\t<div class=\"elementor-element elementor-element-52a8f4c3 elementor-post-navigation-borders-yes elementor-widget elementor-widget-post-navigation\" data-id=\"52a8f4c3\" data-element_type=\"widget\" data-widget_type=\"post-navigation.default\">\n\t\t\t\t<div class=\"elementor-widget-container\">\n\t\t\t\t\t<div class=\"elementor-post-navigation\">\n\t\t\t<div class=\"elementor-post-navigation__prev elementor-post-navigation__link\">\n\t\t\t\t<a href=\"https:\/\/amnistia.org.mx\/contenido\/index.php\/heredar-el-terror\/\" rel=\"prev\"><span class=\"post-navigation__arrow-wrapper post-navigation__arrow-prev\"><i class=\"fa fa-angle-left\" aria-hidden=\"true\"><\/i><span class=\"elementor-screen-only\">Previo<\/span><\/span><span class=\"elementor-post-navigation__link__prev\"><span class=\"post-navigation__prev--label\">Anterior<\/span><span class=\"post-navigation__prev--title\">Heredar el terror<\/span><\/span><\/a>\t\t\t<\/div>\n\t\t\t\t\t\t\t<div class=\"elementor-post-navigation__separator-wrapper\">\n\t\t\t\t\t<div class=\"elementor-post-navigation__separator\"><\/div>\n\t\t\t\t<\/div>\n\t\t\t\t\t\t<div class=\"elementor-post-navigation__next elementor-post-navigation__link\">\n\t\t\t\t<a href=\"https:\/\/amnistia.org.mx\/contenido\/index.php\/guardia-nacional-pico-de-iceberg-en-la-criminalizacion-de-las-migraciones\/\" rel=\"next\"><span class=\"elementor-post-navigation__link__next\"><span class=\"post-navigation__next--label\">Siguiente<\/span><span class=\"post-navigation__next--title\">Guardia Nacional: Pico de iceberg en la criminalizaci\u00f3n de las migraciones<\/span><\/span><span class=\"post-navigation__arrow-wrapper post-navigation__arrow-next\"><i class=\"fa fa-angle-right\" aria-hidden=\"true\"><\/i><span class=\"elementor-screen-only\">Next<\/span><\/span><\/a>\t\t\t<\/div>\n\t\t<\/div>\n\t\t\t\t<\/div>\n\t\t\t\t<\/div>\n\t\t\t\t<div class=\"elementor-element elementor-element-24c119c0 elementor-widget elementor-widget-facebook-comments\" data-id=\"24c119c0\" data-element_type=\"widget\" data-widget_type=\"facebook-comments.default\">\n\t\t\t\t<div class=\"elementor-widget-container\">\n\t\t\t<style>\/*! elementor-pro - v3.11.7 - 22-03-2023 *\/\n.elementor-facebook-widget.fb_iframe_widget,.elementor-facebook-widget.fb_iframe_widget span{width:100%!important}.elementor-facebook-widget.fb_iframe_widget iframe{position:relative;width:100%!important}.elementor-facebook-widget.fb-like{height:1px}.elementor-widget-facebook-comments iframe{width:100%!important}<\/style>\t\t<div class=\"elementor-facebook-widget fb-comments\" data-href=\"https:\/\/amnistia.org.mx\/contenido?p=11579\" data-width=\"100%\" data-numposts=\"10\" data-order-by=\"social\" style=\"min-height: 1px\"><\/div>\n\t\t\t\t<\/div>\n\t\t\t\t<\/div>\n\t\t\t\t\t<\/div>\n\t\t<\/div>\n\t\t\t\t<div class=\"elementor-column elementor-col-33 elementor-top-column elementor-element elementor-element-7d8857ea\" data-id=\"7d8857ea\" data-element_type=\"column\">\n\t\t\t<div class=\"elementor-widget-wrap elementor-element-populated\">\n\t\t\t\t\t\t\t\t<section class=\"elementor-section elementor-inner-section elementor-element elementor-element-3c188359 elementor-section-boxed elementor-section-height-default elementor-section-height-default\" data-id=\"3c188359\" data-element_type=\"section\">\n\t\t\t\t\t\t<div class=\"elementor-container elementor-column-gap-default\">\n\t\t\t\t\t<div class=\"elementor-column elementor-col-100 elementor-inner-column elementor-element elementor-element-503de41b\" data-id=\"503de41b\" data-element_type=\"column\">\n\t\t\t<div class=\"elementor-widget-wrap elementor-element-populated\">\n\t\t\t\t\t\t\t\t<div class=\"elementor-element elementor-element-4d4ac1dd elementor-widget elementor-widget-heading\" data-id=\"4d4ac1dd\" data-element_type=\"widget\" data-widget_type=\"heading.default\">\n\t\t\t\t<div class=\"elementor-widget-container\">\n\t\t\t<h4 class=\"elementor-heading-title elementor-size-default\">Comp\u00e1rtelo en redes<\/h4>\t\t<\/div>\n\t\t\t\t<\/div>\n\t\t\t\t<div class=\"elementor-element elementor-element-47d21664 elementor-share-buttons--view-icon elementor-share-buttons--shape-circle elementor-share-buttons--skin-framed elementor-share-buttons--color-custom elementor-grid-0 elementor-widget elementor-widget-share-buttons\" data-id=\"47d21664\" data-element_type=\"widget\" data-widget_type=\"share-buttons.default\">\n\t\t\t\t<div class=\"elementor-widget-container\">\n\t\t\t<link rel=\"stylesheet\" href=\"https:\/\/amnistia.org.mx\/contenido\/wp-content\/plugins\/elementor-pro\/assets\/css\/widget-share-buttons.min.css\">\t\t<div class=\"elementor-grid\">\n\t\t\t\t\t\t\t\t<div class=\"elementor-grid-item\">\n\t\t\t\t\t\t<div\n\t\t\t\t\t\t\tclass=\"elementor-share-btn elementor-share-btn_facebook\"\n\t\t\t\t\t\t\trole=\"button\"\n\t\t\t\t\t\t\ttabindex=\"0\"\n\t\t\t\t\t\t\taria-label=\"Compartir en facebook\"\n\t\t\t\t\t\t>\n\t\t\t\t\t\t\t\t\t\t\t\t\t\t\t<span class=\"elementor-share-btn__icon\">\n\t\t\t\t\t\t\t\t<svg class=\"e-font-icon-svg e-fab-facebook\" viewBox=\"0 0 512 512\" xmlns=\"http:\/\/www.w3.org\/2000\/svg\"><path d=\"M504 256C504 119 393 8 256 8S8 119 8 256c0 123.78 90.69 226.38 209.25 245V327.69h-63V256h63v-54.64c0-62.15 37-96.48 93.67-96.48 27.14 0 55.52 4.84 55.52 4.84v61h-31.28c-30.8 0-40.41 19.12-40.41 38.73V256h68.78l-11 71.69h-57.78V501C413.31 482.38 504 379.78 504 256z\"><\/path><\/svg>\t\t\t\t\t\t\t<\/span>\n\t\t\t\t\t\t\t\t\t\t\t\t\t\t\t\t\t\t\t\t<\/div>\n\t\t\t\t\t<\/div>\n\t\t\t\t\t\t\t\t\t<div class=\"elementor-grid-item\">\n\t\t\t\t\t\t<div\n\t\t\t\t\t\t\tclass=\"elementor-share-btn elementor-share-btn_twitter\"\n\t\t\t\t\t\t\trole=\"button\"\n\t\t\t\t\t\t\ttabindex=\"0\"\n\t\t\t\t\t\t\taria-label=\"Compartir en twitter\"\n\t\t\t\t\t\t>\n\t\t\t\t\t\t\t\t\t\t\t\t\t\t\t<span class=\"elementor-share-btn__icon\">\n\t\t\t\t\t\t\t\t<svg class=\"e-font-icon-svg e-fab-twitter\" viewBox=\"0 0 512 512\" xmlns=\"http:\/\/www.w3.org\/2000\/svg\"><path d=\"M459.37 151.716c.325 4.548.325 9.097.325 13.645 0 138.72-105.583 298.558-298.558 298.558-59.452 0-114.68-17.219-161.137-47.106 8.447.974 16.568 1.299 25.34 1.299 49.055 0 94.213-16.568 130.274-44.832-46.132-.975-84.792-31.188-98.112-72.772 6.498.974 12.995 1.624 19.818 1.624 9.421 0 18.843-1.3 27.614-3.573-48.081-9.747-84.143-51.98-84.143-102.985v-1.299c13.969 7.797 30.214 12.67 47.431 13.319-28.264-18.843-46.781-51.005-46.781-87.391 0-19.492 5.197-37.36 14.294-52.954 51.655 63.675 129.3 105.258 216.365 109.807-1.624-7.797-2.599-15.918-2.599-24.04 0-57.828 46.782-104.934 104.934-104.934 30.213 0 57.502 12.67 76.67 33.137 23.715-4.548 46.456-13.32 66.599-25.34-7.798 24.366-24.366 44.833-46.132 57.827 21.117-2.273 41.584-8.122 60.426-16.243-14.292 20.791-32.161 39.308-52.628 54.253z\"><\/path><\/svg>\t\t\t\t\t\t\t<\/span>\n\t\t\t\t\t\t\t\t\t\t\t\t\t\t\t\t\t\t\t\t<\/div>\n\t\t\t\t\t<\/div>\n\t\t\t\t\t\t\t\t\t<div class=\"elementor-grid-item\">\n\t\t\t\t\t\t<div\n\t\t\t\t\t\t\tclass=\"elementor-share-btn elementor-share-btn_email\"\n\t\t\t\t\t\t\trole=\"button\"\n\t\t\t\t\t\t\ttabindex=\"0\"\n\t\t\t\t\t\t\taria-label=\"Compartir en email\"\n\t\t\t\t\t\t>\n\t\t\t\t\t\t\t\t\t\t\t\t\t\t\t<span class=\"elementor-share-btn__icon\">\n\t\t\t\t\t\t\t\t<svg class=\"e-font-icon-svg e-fas-envelope\" viewBox=\"0 0 512 512\" xmlns=\"http:\/\/www.w3.org\/2000\/svg\"><path d=\"M502.3 190.8c3.9-3.1 9.7-.2 9.7 4.7V400c0 26.5-21.5 48-48 48H48c-26.5 0-48-21.5-48-48V195.6c0-5 5.7-7.8 9.7-4.7 22.4 17.4 52.1 39.5 154.1 113.6 21.1 15.4 56.7 47.8 92.2 47.6 35.7.3 72-32.8 92.3-47.6 102-74.1 131.6-96.3 154-113.7zM256 320c23.2.4 56.6-29.2 73.4-41.4 132.7-96.3 142.8-104.7 173.4-128.7 5.8-4.5 9.2-11.5 9.2-18.9v-19c0-26.5-21.5-48-48-48H48C21.5 64 0 85.5 0 112v19c0 7.4 3.4 14.3 9.2 18.9 30.6 23.9 40.7 32.4 173.4 128.7 16.8 12.2 50.2 41.8 73.4 41.4z\"><\/path><\/svg>\t\t\t\t\t\t\t<\/span>\n\t\t\t\t\t\t\t\t\t\t\t\t\t\t\t\t\t\t\t\t<\/div>\n\t\t\t\t\t<\/div>\n\t\t\t\t\t\t\t\t\t<div class=\"elementor-grid-item\">\n\t\t\t\t\t\t<div\n\t\t\t\t\t\t\tclass=\"elementor-share-btn elementor-share-btn_whatsapp\"\n\t\t\t\t\t\t\trole=\"button\"\n\t\t\t\t\t\t\ttabindex=\"0\"\n\t\t\t\t\t\t\taria-label=\"Compartir en whatsapp\"\n\t\t\t\t\t\t>\n\t\t\t\t\t\t\t\t\t\t\t\t\t\t\t<span class=\"elementor-share-btn__icon\">\n\t\t\t\t\t\t\t\t<svg class=\"e-font-icon-svg e-fab-whatsapp\" viewBox=\"0 0 448 512\" xmlns=\"http:\/\/www.w3.org\/2000\/svg\"><path d=\"M380.9 97.1C339 55.1 283.2 32 223.9 32c-122.4 0-222 99.6-222 222 0 39.1 10.2 77.3 29.6 111L0 480l117.7-30.9c32.4 17.7 68.9 27 106.1 27h.1c122.3 0 224.1-99.6 224.1-222 0-59.3-25.2-115-67.1-157zm-157 341.6c-33.2 0-65.7-8.9-94-25.7l-6.7-4-69.8 18.3L72 359.2l-4.4-7c-18.5-29.4-28.2-63.3-28.2-98.2 0-101.7 82.8-184.5 184.6-184.5 49.3 0 95.6 19.2 130.4 54.1 34.8 34.9 56.2 81.2 56.1 130.5 0 101.8-84.9 184.6-186.6 184.6zm101.2-138.2c-5.5-2.8-32.8-16.2-37.9-18-5.1-1.9-8.8-2.8-12.5 2.8-3.7 5.6-14.3 18-17.6 21.8-3.2 3.7-6.5 4.2-12 1.4-32.6-16.3-54-29.1-75.5-66-5.7-9.8 5.7-9.1 16.3-30.3 1.8-3.7.9-6.9-.5-9.7-1.4-2.8-12.5-30.1-17.1-41.2-4.5-10.8-9.1-9.3-12.5-9.5-3.2-.2-6.9-.2-10.6-.2-3.7 0-9.7 1.4-14.8 6.9-5.1 5.6-19.4 19-19.4 46.3 0 27.3 19.9 53.7 22.6 57.4 2.8 3.7 39.1 59.7 94.8 83.8 35.2 15.2 49 16.5 66.6 13.9 10.7-1.6 32.8-13.4 37.4-26.4 4.6-13 4.6-24.1 3.2-26.4-1.3-2.5-5-3.9-10.5-6.6z\"><\/path><\/svg>\t\t\t\t\t\t\t<\/span>\n\t\t\t\t\t\t\t\t\t\t\t\t\t\t\t\t\t\t\t\t<\/div>\n\t\t\t\t\t<\/div>\n\t\t\t\t\t\t<\/div>\n\t\t\t\t<\/div>\n\t\t\t\t<\/div>\n\t\t\t\t\t<\/div>\n\t\t<\/div>\n\t\t\t\t\t\t\t<\/div>\n\t\t<\/section>\n\t\t\t\t\t<\/div>\n\t\t<\/div>\n\t\t\t\t\t\t\t<\/div>\n\t\t<\/section>\n\t\t\t\t<section class=\"elementor-section elementor-top-section elementor-element elementor-element-444af56c elementor-section-boxed elementor-section-height-default elementor-section-height-default\" data-id=\"444af56c\" data-element_type=\"section\" data-settings=\"{&quot;background_background&quot;:&quot;classic&quot;}\">\n\t\t\t\t\t\t<div class=\"elementor-container elementor-column-gap-default\">\n\t\t\t\t\t<div class=\"elementor-column elementor-col-100 elementor-top-column elementor-element elementor-element-2bad02b9\" data-id=\"2bad02b9\" data-element_type=\"column\">\n\t\t\t<div class=\"elementor-widget-wrap elementor-element-populated\">\n\t\t\t\t\t\t\t\t<section class=\"elementor-section elementor-inner-section elementor-element elementor-element-264a2ba8 elementor-section-boxed elementor-section-height-default elementor-section-height-default\" data-id=\"264a2ba8\" data-element_type=\"section\">\n\t\t\t\t\t\t<div class=\"elementor-container elementor-column-gap-default\">\n\t\t\t\t\t<div class=\"elementor-column elementor-col-33 elementor-inner-column elementor-element elementor-element-44739c2f\" data-id=\"44739c2f\" data-element_type=\"column\">\n\t\t\t<div class=\"elementor-widget-wrap elementor-element-populated\">\n\t\t\t\t\t\t\t\t<div class=\"elementor-element elementor-element-afea386 elementor-position-left elementor-vertical-align-middle elementor-view-default elementor-mobile-position-top elementor-widget elementor-widget-icon-box\" data-id=\"afea386\" data-element_type=\"widget\" data-widget_type=\"icon-box.default\">\n\t\t\t\t<div class=\"elementor-widget-container\">\n\t\t\t<link rel=\"stylesheet\" href=\"https:\/\/amnistia.org.mx\/contenido\/wp-content\/plugins\/elementor\/assets\/css\/widget-icon-box.min.css\">\t\t<div class=\"elementor-icon-box-wrapper\">\n\t\t\t\t\t\t<div class=\"elementor-icon-box-icon\">\n\t\t\t\t<span class=\"elementor-icon elementor-animation-\" >\n\t\t\t\t<svg xmlns=\"http:\/\/www.w3.org\/2000\/svg\" width=\"82.818\" height=\"136.515\" viewBox=\"0 0 82.818 136.515\">\n  <g id=\"hand\" transform=\"translate(-100.695)\">\n    <g id=\"Grupo_115\" data-name=\"Grupo 115\" transform=\"translate(100.695)\">\n      <path id=\"Trazado_2550\" data-name=\"Trazado 2550\" d=\"M183.513,12.138H169.144V3.376H154.776V0H118.039V11.5l-12.581,1.44L100.695,48.2l24.481,31.943-1.455,56.37h8l1.354-52.429,9.461,2.58,2.105-7.719-13.028-3.553L109.07,45.975l3.484-25.8,13.225-1.515a4.07,4.07,0,0,1,2.265,7.692l-10,4.941V44.565l3.512.432c.226.028,22.659,3,23.3,21.184l8-.28c-.355-10.163-5.561-18.33-15.065-23.668q.238-.283.458-.581a11.163,11.163,0,0,0,10.622.048,11.16,11.16,0,0,0,15.071,2.964,11.16,11.16,0,0,0,11.582,3.347V67.423L168.9,80.686l.736,55.828h8l-.712-53.995,6.588-13.214V12.138Zm-57.473-1.5V8h6.367v4.317A12.016,12.016,0,0,0,126.04,10.636Zm6.368,24.4h0a3.184,3.184,0,0,1-6.161,1.129l5.34-2.638c.282-.139.555-.289.821-.447v1.955Zm11.183-.017a3.186,3.186,0,0,1-3.183-3.163V8h6.366V31.837h0A3.187,3.187,0,0,1,143.592,35.02Zm17.552.193h0a3.183,3.183,0,0,1-6.367,0V11.377h6.367V35.213Zm14.368,2.078a3.183,3.183,0,1,1-6.367,0V20.139h6.367V37.29Z\" transform=\"translate(-100.695)\"\/>\n    <\/g>\n  <\/g>\n<\/svg>\n\t\t\t\t<\/span>\n\t\t\t<\/div>\n\t\t\t\t\t\t<div class=\"elementor-icon-box-content\">\n\t\t\t\t<h3 class=\"elementor-icon-box-title\">\n\t\t\t\t\t<span  >\n\t\t\t\t\t\tDona\t\t\t\t\t<\/span>\n\t\t\t\t<\/h3>\n\t\t\t\t\t\t\t\t\t<p class=\"elementor-icon-box-description\">\n\t\t\t\t\t\tTrabajamos para exponer las violaciones de los derechos humanos, dando una luz de esperanza a quienes a\u00fan esperan justicia.\t\t\t\t\t<\/p>\n\t\t\t\t\t\t\t<\/div>\n\t\t<\/div>\n\t\t\t\t<\/div>\n\t\t\t\t<\/div>\n\t\t\t\t\t<\/div>\n\t\t<\/div>\n\t\t\t\t<div class=\"elementor-column elementor-col-33 elementor-inner-column elementor-element elementor-element-3f6c7569\" data-id=\"3f6c7569\" data-element_type=\"column\">\n\t\t\t<div class=\"elementor-widget-wrap elementor-element-populated\">\n\t\t\t\t\t\t\t\t<div class=\"elementor-element elementor-element-e393eae elementor-position-left elementor-vertical-align-middle elementor-view-default elementor-mobile-position-top elementor-widget elementor-widget-icon-box\" data-id=\"e393eae\" data-element_type=\"widget\" data-widget_type=\"icon-box.default\">\n\t\t\t\t<div class=\"elementor-widget-container\">\n\t\t\t\t\t<div class=\"elementor-icon-box-wrapper\">\n\t\t\t\t\t\t<div class=\"elementor-icon-box-icon\">\n\t\t\t\t<span class=\"elementor-icon elementor-animation-\" >\n\t\t\t\t<svg xmlns=\"http:\/\/www.w3.org\/2000\/svg\" width=\"134.598\" height=\"104.976\" viewBox=\"0 0 134.598 104.976\">\n  <g id=\"Amnesty_Icons_041\" data-name=\"Amnesty Icons 041\" transform=\"translate(-12.5 -23.49)\">\n    <rect id=\"Rect\u00e1ngulo_38\" data-name=\"Rect\u00e1ngulo 38\" width=\"22.879\" height=\"2.692\" transform=\"translate(23.267 77.351)\"\/>\n    <rect id=\"Rect\u00e1ngulo_39\" data-name=\"Rect\u00e1ngulo 39\" width=\"22.879\" height=\"2.692\" transform=\"translate(50.184 77.351)\"\/>\n    <rect id=\"Rect\u00e1ngulo_40\" data-name=\"Rect\u00e1ngulo 40\" width=\"22.879\" height=\"2.692\" transform=\"translate(23.267 82.734)\"\/>\n    <rect id=\"Rect\u00e1ngulo_41\" data-name=\"Rect\u00e1ngulo 41\" width=\"22.879\" height=\"2.692\" transform=\"translate(50.184 82.734)\"\/>\n    <rect id=\"Rect\u00e1ngulo_42\" data-name=\"Rect\u00e1ngulo 42\" width=\"22.879\" height=\"2.692\" transform=\"translate(23.267 88.118)\"\/>\n    <rect id=\"Rect\u00e1ngulo_43\" data-name=\"Rect\u00e1ngulo 43\" width=\"22.879\" height=\"2.692\" transform=\"translate(50.184 88.118)\"\/>\n    <rect id=\"Rect\u00e1ngulo_44\" data-name=\"Rect\u00e1ngulo 44\" width=\"22.879\" height=\"2.692\" transform=\"translate(23.267 93.501)\"\/>\n    <rect id=\"Rect\u00e1ngulo_45\" data-name=\"Rect\u00e1ngulo 45\" width=\"22.879\" height=\"2.692\" transform=\"translate(50.184 93.501)\"\/>\n    <rect id=\"Rect\u00e1ngulo_46\" data-name=\"Rect\u00e1ngulo 46\" width=\"22.879\" height=\"2.692\" transform=\"translate(23.267 98.884)\"\/>\n    <rect id=\"Rect\u00e1ngulo_47\" data-name=\"Rect\u00e1ngulo 47\" width=\"22.879\" height=\"2.692\" transform=\"translate(50.184 98.884)\"\/>\n    <rect id=\"Rect\u00e1ngulo_48\" data-name=\"Rect\u00e1ngulo 48\" width=\"22.879\" height=\"2.692\" transform=\"translate(23.267 104.268)\"\/>\n    <rect id=\"Rect\u00e1ngulo_49\" data-name=\"Rect\u00e1ngulo 49\" width=\"22.879\" height=\"2.692\" transform=\"translate(50.184 104.268)\"\/>\n    <rect id=\"Rect\u00e1ngulo_50\" data-name=\"Rect\u00e1ngulo 50\" width=\"22.879\" height=\"2.692\" transform=\"translate(86.522 77.351)\"\/>\n    <rect id=\"Rect\u00e1ngulo_51\" data-name=\"Rect\u00e1ngulo 51\" width=\"22.879\" height=\"2.692\" transform=\"translate(113.439 77.351)\"\/>\n    <rect id=\"Rect\u00e1ngulo_52\" data-name=\"Rect\u00e1ngulo 52\" width=\"22.879\" height=\"2.692\" transform=\"translate(86.522 82.734)\"\/>\n    <rect id=\"Rect\u00e1ngulo_53\" data-name=\"Rect\u00e1ngulo 53\" width=\"22.879\" height=\"2.692\" transform=\"translate(113.439 82.734)\"\/>\n    <rect id=\"Rect\u00e1ngulo_54\" data-name=\"Rect\u00e1ngulo 54\" width=\"22.879\" height=\"2.692\" transform=\"translate(86.522 88.118)\"\/>\n    <rect id=\"Rect\u00e1ngulo_55\" data-name=\"Rect\u00e1ngulo 55\" width=\"22.879\" height=\"2.692\" transform=\"translate(113.439 88.118)\"\/>\n    <rect id=\"Rect\u00e1ngulo_56\" data-name=\"Rect\u00e1ngulo 56\" width=\"22.879\" height=\"2.692\" transform=\"translate(86.522 93.501)\"\/>\n    <rect id=\"Rect\u00e1ngulo_57\" data-name=\"Rect\u00e1ngulo 57\" width=\"22.879\" height=\"2.692\" transform=\"translate(113.439 93.501)\"\/>\n    <rect id=\"Rect\u00e1ngulo_58\" data-name=\"Rect\u00e1ngulo 58\" width=\"22.879\" height=\"2.692\" transform=\"translate(86.522 98.884)\"\/>\n    <rect id=\"Rect\u00e1ngulo_59\" data-name=\"Rect\u00e1ngulo 59\" width=\"22.879\" height=\"2.692\" transform=\"translate(113.439 98.884)\"\/>\n    <rect id=\"Rect\u00e1ngulo_60\" data-name=\"Rect\u00e1ngulo 60\" width=\"22.879\" height=\"2.692\" transform=\"translate(86.522 104.268)\"\/>\n    <rect id=\"Rect\u00e1ngulo_61\" data-name=\"Rect\u00e1ngulo 61\" width=\"22.879\" height=\"2.692\" transform=\"translate(113.439 104.268)\"\/>\n    <rect id=\"Rect\u00e1ngulo_62\" data-name=\"Rect\u00e1ngulo 62\" width=\"43.067\" height=\"8.075\" rx=\"1\" transform=\"translate(23.267 41.013)\"\/>\n    <rect id=\"Rect\u00e1ngulo_63\" data-name=\"Rect\u00e1ngulo 63\" width=\"32.3\" height=\"8.075\" rx=\"1\" transform=\"translate(23.267 51.78)\"\/>\n    <path id=\"Trazado_47\" data-name=\"Trazado 47\" d=\"M147.085,24.836a1.346,1.346,0,0,0-1.346-1.346H83.83a5.383,5.383,0,0,0-4.038,1.871,5.383,5.383,0,0,0-4.038-1.871H13.846A1.356,1.356,0,0,0,12.5,24.836v96.9a1.346,1.346,0,0,0,1.346,1.346H71.96a4.011,4.011,0,0,0,3.8,5.383H83.83a4.01,4.01,0,0,0,3.8-5.383h58.127a1.356,1.356,0,0,0,1.346-1.346ZM15.192,26.182H75.755a2.692,2.692,0,0,1,2.692,2.692v91.518H15.192ZM83.83,120.391H81.138V28.873a2.692,2.692,0,0,1,2.692-2.692h60.563v94.209Z\" transform=\"translate(0)\"\/>\n    <rect id=\"Rect\u00e1ngulo_64\" data-name=\"Rect\u00e1ngulo 64\" width=\"49.796\" height=\"33.646\" rx=\"1\" transform=\"translate(86.522 35.63)\"\/>\n  <\/g>\n<\/svg>\n\t\t\t\t<\/span>\n\t\t\t<\/div>\n\t\t\t\t\t\t<div class=\"elementor-icon-box-content\">\n\t\t\t\t<h3 class=\"elementor-icon-box-title\">\n\t\t\t\t\t<span  >\n\t\t\t\t\t\tFirma nuestras peticiones\t\t\t\t\t<\/span>\n\t\t\t\t<\/h3>\n\t\t\t\t\t\t\t\t\t<p class=\"elementor-icon-box-description\">\n\t\t\t\t\t\tCon tu \ufb01rma podemos presentarnos frente a las autoridades no solo como Amnist\u00eda Internacional \u00a1sino como miles de personas exigen un mundo mejor!\n\n\t\t\t\t\t<\/p>\n\t\t\t\t\t\t\t<\/div>\n\t\t<\/div>\n\t\t\t\t<\/div>\n\t\t\t\t<\/div>\n\t\t\t\t\t<\/div>\n\t\t<\/div>\n\t\t\t\t<div class=\"elementor-column elementor-col-33 elementor-inner-column elementor-element elementor-element-19c79447\" data-id=\"19c79447\" data-element_type=\"column\">\n\t\t\t<div class=\"elementor-widget-wrap elementor-element-populated\">\n\t\t\t\t\t\t\t\t<div class=\"elementor-element elementor-element-4722e46a elementor-position-left elementor-vertical-align-middle elementor-view-default elementor-mobile-position-top elementor-widget elementor-widget-icon-box\" data-id=\"4722e46a\" data-element_type=\"widget\" data-widget_type=\"icon-box.default\">\n\t\t\t\t<div class=\"elementor-widget-container\">\n\t\t\t\t\t<div class=\"elementor-icon-box-wrapper\">\n\t\t\t\t\t\t<div class=\"elementor-icon-box-icon\">\n\t\t\t\t<span class=\"elementor-icon elementor-animation-\" >\n\t\t\t\t<svg xmlns=\"http:\/\/www.w3.org\/2000\/svg\" id=\"tres-personas-icono\" width=\"92.484\" height=\"64.15\" viewBox=\"0 0 92.484 64.15\"><path id=\"Trazado_20\" data-name=\"Trazado 20\" d=\"M16.41,64.633c.406-2.073,1.2-2.229,3.238-2.229H32.875A14.279,14.279,0,0,1,33.5,60.57H19.666c-2.564,0-4.4.449-5.036,3.669L12.564,74.951c-.4,1.834-.461,4.21,2.527,5.723,1.411.706,5.313,2.449,7.518,3.421a2.343,2.343,0,0,0,3.118-1.247l1.061-2.522a2.331,2.331,0,0,0-.775-2.752l-4.538-3.146a.53.53,0,0,1-.184-.541L22.3,69.723a.913.913,0,0,0-.142-.984.924.924,0,0,0-1.61.48l-1.015,4.164a2.36,2.36,0,0,0,.922,2.449l4.492,3.183a.512.512,0,0,1,.148.615l-1.024,2.522a.515.515,0,0,1-.3.294.547.547,0,0,1-.415,0c-2.186-.963-6.06-2.66-7.379-3.357-1.78-.917-1.919-1.99-1.568-3.669Z\" transform=\"translate(-12.368 -30.273)\"><\/path><path id=\"Trazado_21\" data-name=\"Trazado 21\" d=\"M110.66,74.952l-2.048-10.7c-.636-3.265-2.472-3.669-5.036-3.669H89.74a11.876,11.876,0,0,1,.609,1.834h13.246c2.039,0,2.832.156,3.238,2.229l2.048,10.823c.351,1.688.212,2.752-1.568,3.669-1.365.7-5.239,2.394-7.379,3.357a.547.547,0,0,1-.415,0,.515.515,0,0,1-.3-.293l-1.052-2.522a.512.512,0,0,1,.148-.615l4.548-3.146a2.36,2.36,0,0,0,.922-2.449l-1.107-4.247a.922.922,0,1,0-1.78.422l1.005,4.164a.53.53,0,0,1-.184.541l-4.538,3.146a2.331,2.331,0,0,0-.775,2.752l1.052,2.522a2.343,2.343,0,0,0,3.118,1.247c2.2-.972,6.106-2.752,7.518-3.421C111.122,79.162,111.057,76.814,110.66,74.952Z\" transform=\"translate(-18.371 -30.274)\"><\/path><path id=\"Trazado_22\" data-name=\"Trazado 22\" d=\"M57.437,50.68a.923.923,0,0,0,1.218-.624l.535-2.091a2.744,2.744,0,0,0-1.125-3.045,6.448,6.448,0,1,1,6.807,0,2.743,2.743,0,0,0-1.07,3l.581,2.137a.923.923,0,0,0,1.218.624,11.981,11.981,0,1,0-8.117,0Z\" transform=\"translate(-15.253 -27.537)\"><\/path><path id=\"Trazado_23\" data-name=\"Trazado 23\" d=\"M86.629,54.456a.924.924,0,0,0,1.218-.6.916.916,0,0,0-.507-1.055,6.45,6.45,0,1,1,4.889,0,.916.916,0,0,0-.507,1.064h0a.924.924,0,0,0,1.218.6A8.249,8.249,0,0,0,89.562,38.58,8.36,8.36,0,0,0,81.5,46.761a8.254,8.254,0,0,0,5.129,7.7Z\" transform=\"translate(-17.732 -28.452)\"><\/path><path id=\"Trazado_24\" data-name=\"Trazado 24\" d=\"M30.666,54.477a.924.924,0,0,0,1.218-.6h0a.916.916,0,0,0-.507-1.055,6.45,6.45,0,1,1,4.9,0,.883.883,0,0,0-.042,1.615.927.927,0,0,0,.743.036A8.249,8.249,0,0,0,33.562,38.61,8.369,8.369,0,0,0,25.5,46.791a8.254,8.254,0,0,0,5.166,7.686Z\" transform=\"translate(-13.387 -28.454)\"><\/path><path id=\"Trazado_25\" data-name=\"Trazado 25\" d=\"M84.328,63.283a11.551,11.551,0,0,0-.609-2.22h0c-1.642-3.981-5.055-4.5-8-4.5h-31c-2.933,0-6.337.523-7.988,4.5h0a8.569,8.569,0,0,0-.341.972h0c-.111.394-.221.807-.314,1.266L33.143,78.893c-.36,1.7-1.439,6.842,4.391,9.8,2.048,1.036,7.7,3.54,10.894,4.953a4.862,4.862,0,0,0,6.457-2.559L57.1,87.01c.858-2.045-.48-3.962-2.278-5.283h-.111l-6.042-4.247,1.753-7.209a.917.917,0,0,0-.618-1.064l-3.69-.862H45.9a.922.922,0,0,0-.922.7l-1.421,5.842-.424,1.752a4.819,4.819,0,0,0,1.845,5h.065L51.057,85.8l-1.052,2.513c-5.027-2.174-8.625-3.834-9.99-4.512-1.67-.853-1.965-1.6-1.494-3.907L41.473,64.3c.415-2.11.775-2.284,3.247-2.284H75.667c2.472,0,2.841.174,3.247,2.265l2.961,15.748c.461,2.22.175,2.944-1.5,3.788-1.365.7-4.99,2.33-10,4.586l-1.052-2.55,6.014-4.127a.167.167,0,0,0,.065,0,4.783,4.783,0,0,0,1.845-5L75.4,69.1a.922.922,0,0,0-.922-.7h-.138l-3.69.853a.917.917,0,0,0-.627,1.073l1.706,7.154-6.042,4.247-.065.046a4.8,4.8,0,0,0-1.6,5.732l1.522,3.623a4.843,4.843,0,0,0,4.474,2.962,4.9,4.9,0,0,0,1.965-.44c3.182-1.4,8.828-3.916,10.885-4.962,5.839-2.953,4.75-8.126,4.409-9.759Z\" transform=\"translate(-13.955 -29.941)\"><\/path><\/svg>\t\t\t\t<\/span>\n\t\t\t<\/div>\n\t\t\t\t\t\t<div class=\"elementor-icon-box-content\">\n\t\t\t\t<h3 class=\"elementor-icon-box-title\">\n\t\t\t\t\t<span  >\n\t\t\t\t\t\tHazte miembro\t\t\t\t\t<\/span>\n\t\t\t\t<\/h3>\n\t\t\t\t\t\t\t\t\t<p class=\"elementor-icon-box-description\">\n\t\t\t\t\t\tAdem\u00e1s de donar, las personas que forman parte de la membres\u00eda cuentan con voz y voto para participar en las actividades de gobernanza de Amnist\u00eda Internacional Secci\u00f3n Mexicana.\t\t\t\t\t<\/p>\n\t\t\t\t\t\t\t<\/div>\n\t\t<\/div>\n\t\t\t\t<\/div>\n\t\t\t\t<\/div>\n\t\t\t\t\t<\/div>\n\t\t<\/div>\n\t\t\t\t\t\t\t<\/div>\n\t\t<\/section>\n\t\t\t\t\t<\/div>\n\t\t<\/div>\n\t\t\t\t\t\t\t<\/div>\n\t\t<\/section>\n\t\t\t\t\t\t\t<\/div>\n\t\t","protected":false},"excerpt":{"rendered":"<p>Mientras las autoridades de Nicaragua anuncian excarcelaciones selectivas en plena pandemia de COVID-19, las c\u00e1rceles de todo el pa\u00eds se est\u00e1n convirtiendo en centros para el castigo de activistas. Las &hellip;<\/p>\n<p class=\"read-more\"> <a class=\"\" href=\"https:\/\/amnistia.org.mx\/contenido\/index.php\/nicaragua-castiga-a-mujeres-activistas-con-carcel-en-plena-pandemia-de-covid-19\/\"> <span class=\"screen-reader-text\">Nicaragua castiga a mujeres activistas con c\u00e1rcel en plena pandemia de COVID-19<\/span> Leer m\u00e1s &raquo;<\/a><\/p>\n","protected":false},"author":8,"featured_media":11580,"comment_status":"open","ping_status":"open","sticky":false,"template":"","format":"standard","meta":{"_uf_show_specific_survey":0,"_uf_disable_surveys":false,"site-sidebar-layout":"default","site-content-layout":"default","ast-global-header-display":"","ast-main-header-display":"","ast-hfb-above-header-display":"","ast-hfb-below-header-display":"","ast-hfb-mobile-header-display":"","site-post-title":"","ast-breadcrumbs-content":"","ast-featured-img":"","footer-sml-layout":"","theme-transparent-header-meta":"default","adv-header-id-meta":"","stick-header-meta":"","header-above-stick-meta":"","header-main-stick-meta":"","header-below-stick-meta":""},"categories":[18],"tags":[25],"acf":[],"aioseo_notices":[],"yoast_head":"<!-- This site is optimized with the Yoast SEO plugin v14.5 - https:\/\/yoast.com\/wordpress\/plugins\/seo\/ -->\n<title>Nicaragua castiga a mujeres activistas con c\u00e1rcel en plena pandemia de COVID-19 - Amnist\u00eda Internacional M\u00e9xico<\/title>\n<meta name=\"description\" content=\"Mientras las autoridades de Nicaragua anuncian excarcelaciones selectivas en plena pandemia de COVID-19, las c\u00e1rceles de todo el pa\u00eds se est\u00e1n convirtiendo en centros para el castigo de activistas\" \/>\n<meta name=\"robots\" content=\"index, follow\" \/>\n<meta name=\"googlebot\" content=\"index, follow, max-snippet:-1, max-image-preview:large, max-video-preview:-1\" \/>\n<meta name=\"bingbot\" content=\"index, follow, max-snippet:-1, max-image-preview:large, max-video-preview:-1\" \/>\n<link rel=\"canonical\" href=\"https:\/\/amnistia.org.mx\/contenido\/index.php\/nicaragua-castiga-a-mujeres-activistas-con-carcel-en-plena-pandemia-de-covid-19\/\" \/>\n<meta property=\"og:locale\" content=\"es_MX\" \/>\n<meta property=\"og:type\" content=\"article\" \/>\n<meta property=\"og:title\" content=\"Nicaragua castiga a mujeres activistas con c\u00e1rcel en plena pandemia de COVID-19 - Amnist\u00eda Internacional M\u00e9xico\" \/>\n<meta property=\"og:description\" content=\"Mientras las autoridades de Nicaragua anuncian excarcelaciones selectivas en plena pandemia de COVID-19, las c\u00e1rceles de todo el pa\u00eds se est\u00e1n convirtiendo en centros para el castigo de activistas\" \/>\n<meta property=\"og:url\" content=\"https:\/\/amnistia.org.mx\/contenido\/index.php\/nicaragua-castiga-a-mujeres-activistas-con-carcel-en-plena-pandemia-de-covid-19\/\" \/>\n<meta property=\"og:site_name\" content=\"amnistia.org.mx\" \/>\n<meta property=\"article:published_time\" content=\"2020-08-14T20:06:18+00:00\" \/>\n<meta property=\"article:modified_time\" content=\"2020-08-14T20:09:27+00:00\" \/>\n<meta property=\"og:image\" content=\"https:\/\/amnistia.org.mx\/contenido\/wp-content\/uploads\/2020\/08\/NICARAGUA.jpg\" \/>\n\t<meta property=\"og:image:width\" content=\"1500\" \/>\n\t<meta property=\"og:image:height\" content=\"688\" \/>\n<meta name=\"twitter:card\" content=\"summary_large_image\" \/>\n<script type=\"application\/ld+json\" class=\"yoast-schema-graph\">{\"@context\":\"https:\/\/schema.org\",\"@graph\":[{\"@type\":\"WebSite\",\"@id\":\"https:\/\/amnistia.org.mx\/contenido\/#website\",\"url\":\"https:\/\/amnistia.org.mx\/contenido\/\",\"name\":\"amnistia.org.mx\",\"description\":\"Nueva p\\u00e1gina de Amnist\\u00eda\",\"potentialAction\":[{\"@type\":\"SearchAction\",\"target\":\"https:\/\/amnistia.org.mx\/contenido\/?s={search_term_string}\",\"query-input\":\"required name=search_term_string\"}],\"inLanguage\":\"es-MX\"},{\"@type\":\"ImageObject\",\"@id\":\"https:\/\/amnistia.org.mx\/contenido\/index.php\/nicaragua-castiga-a-mujeres-activistas-con-carcel-en-plena-pandemia-de-covid-19\/#primaryimage\",\"inLanguage\":\"es-MX\",\"url\":\"https:\/\/amnistia.org.mx\/contenido\/wp-content\/uploads\/2020\/08\/NICARAGUA.jpg\",\"width\":1500,\"height\":688},{\"@type\":\"WebPage\",\"@id\":\"https:\/\/amnistia.org.mx\/contenido\/index.php\/nicaragua-castiga-a-mujeres-activistas-con-carcel-en-plena-pandemia-de-covid-19\/#webpage\",\"url\":\"https:\/\/amnistia.org.mx\/contenido\/index.php\/nicaragua-castiga-a-mujeres-activistas-con-carcel-en-plena-pandemia-de-covid-19\/\",\"name\":\"Nicaragua castiga a mujeres activistas con c\\u00e1rcel en plena pandemia de COVID-19 - Amnist\\u00eda Internacional M\\u00e9xico\",\"isPartOf\":{\"@id\":\"https:\/\/amnistia.org.mx\/contenido\/#website\"},\"primaryImageOfPage\":{\"@id\":\"https:\/\/amnistia.org.mx\/contenido\/index.php\/nicaragua-castiga-a-mujeres-activistas-con-carcel-en-plena-pandemia-de-covid-19\/#primaryimage\"},\"datePublished\":\"2020-08-14T20:06:18+00:00\",\"dateModified\":\"2020-08-14T20:09:27+00:00\",\"author\":{\"@id\":\"https:\/\/amnistia.org.mx\/contenido\/#\/schema\/person\/2d2b29996a9513767aea81f8ae57bdeb\"},\"description\":\"Mientras las autoridades de Nicaragua anuncian excarcelaciones selectivas en plena pandemia de COVID-19, las c\\u00e1rceles de todo el pa\\u00eds se est\\u00e1n convirtiendo en centros para el castigo de activistas\",\"breadcrumb\":{\"@id\":\"https:\/\/amnistia.org.mx\/contenido\/index.php\/nicaragua-castiga-a-mujeres-activistas-con-carcel-en-plena-pandemia-de-covid-19\/#breadcrumb\"},\"inLanguage\":\"es-MX\",\"potentialAction\":[{\"@type\":\"ReadAction\",\"target\":[\"https:\/\/amnistia.org.mx\/contenido\/index.php\/nicaragua-castiga-a-mujeres-activistas-con-carcel-en-plena-pandemia-de-covid-19\/\"]}]},{\"@type\":\"BreadcrumbList\",\"@id\":\"https:\/\/amnistia.org.mx\/contenido\/index.php\/nicaragua-castiga-a-mujeres-activistas-con-carcel-en-plena-pandemia-de-covid-19\/#breadcrumb\",\"itemListElement\":[{\"@type\":\"ListItem\",\"position\":1,\"item\":{\"@type\":\"WebPage\",\"@id\":\"https:\/\/amnistia.org.mx\/contenido\/\",\"url\":\"https:\/\/amnistia.org.mx\/contenido\/\",\"name\":\"Home\"}},{\"@type\":\"ListItem\",\"position\":2,\"item\":{\"@type\":\"WebPage\",\"@id\":\"https:\/\/amnistia.org.mx\/contenido\/index.php\/nicaragua-castiga-a-mujeres-activistas-con-carcel-en-plena-pandemia-de-covid-19\/\",\"url\":\"https:\/\/amnistia.org.mx\/contenido\/index.php\/nicaragua-castiga-a-mujeres-activistas-con-carcel-en-plena-pandemia-de-covid-19\/\",\"name\":\"Nicaragua castiga a mujeres activistas con c\\u00e1rcel en plena pandemia de COVID-19\"}}]},{\"@type\":[\"Person\"],\"@id\":\"https:\/\/amnistia.org.mx\/contenido\/#\/schema\/person\/2d2b29996a9513767aea81f8ae57bdeb\",\"name\":\"Carolina Flores\",\"image\":{\"@type\":\"ImageObject\",\"@id\":\"https:\/\/amnistia.org.mx\/contenido\/#personlogo\",\"inLanguage\":\"es-MX\",\"url\":\"https:\/\/secure.gravatar.com\/avatar\/e2d29811923c60594035966b365ce272?s=96&d=mm&r=g\",\"caption\":\"Carolina Flores\"}}]}<\/script>\n<!-- \/ Yoast SEO plugin. -->","_links":{"self":[{"href":"https:\/\/amnistia.org.mx\/contenido\/index.php\/wp-json\/wp\/v2\/posts\/11579"}],"collection":[{"href":"https:\/\/amnistia.org.mx\/contenido\/index.php\/wp-json\/wp\/v2\/posts"}],"about":[{"href":"https:\/\/amnistia.org.mx\/contenido\/index.php\/wp-json\/wp\/v2\/types\/post"}],"author":[{"embeddable":true,"href":"https:\/\/amnistia.org.mx\/contenido\/index.php\/wp-json\/wp\/v2\/users\/8"}],"replies":[{"embeddable":true,"href":"https:\/\/amnistia.org.mx\/contenido\/index.php\/wp-json\/wp\/v2\/comments?post=11579"}],"version-history":[{"count":4,"href":"https:\/\/amnistia.org.mx\/contenido\/index.php\/wp-json\/wp\/v2\/posts\/11579\/revisions"}],"predecessor-version":[{"id":11588,"href":"https:\/\/amnistia.org.mx\/contenido\/index.php\/wp-json\/wp\/v2\/posts\/11579\/revisions\/11588"}],"wp:featuredmedia":[{"embeddable":true,"href":"https:\/\/amnistia.org.mx\/contenido\/index.php\/wp-json\/wp\/v2\/media\/11580"}],"wp:attachment":[{"href":"https:\/\/amnistia.org.mx\/contenido\/index.php\/wp-json\/wp\/v2\/media?parent=11579"}],"wp:term":[{"taxonomy":"category","embeddable":true,"href":"https:\/\/amnistia.org.mx\/contenido\/index.php\/wp-json\/wp\/v2\/categories?post=11579"},{"taxonomy":"post_tag","embeddable":true,"href":"https:\/\/amnistia.org.mx\/contenido\/index.php\/wp-json\/wp\/v2\/tags?post=11579"}],"curies":[{"name":"wp","href":"https:\/\/api.w.org\/{rel}","templated":true}]}}