
{"id":11589,"date":"2020-08-14T23:50:16","date_gmt":"2020-08-14T23:50:16","guid":{"rendered":"https:\/\/amnistia.org.mx\/contenido\/?p=11589"},"modified":"2020-08-15T02:20:26","modified_gmt":"2020-08-15T02:20:26","slug":"bielorrusia-crecientes-indicios-de-campana-generalizada-de-tortura-de-participantes-en-protestas-pacificas","status":"publish","type":"post","link":"https:\/\/amnistia.org.mx\/contenido\/index.php\/bielorrusia-crecientes-indicios-de-campana-generalizada-de-tortura-de-participantes-en-protestas-pacificas\/","title":{"rendered":"Bielorrusia: Crecientes indicios de campa\u00f1a generalizada de tortura de participantes en protestas pac\u00edficas"},"content":{"rendered":"\n<p class=\"has-text-align-right\">Foto Natalia Fedosenko\\TASS via Getty Images<\/p>\n\n\n\n<p>Amnist\u00eda Internacional y grupos locales de derechos humanos han recabado terribles testimonios de personas participantes en manifestaciones en Bielorrusia que afirman haber sufrido tortura y otros malos tratos en centros de detenci\u00f3n, donde, entre otras cosas, las desnudaron, golpearon y amenazaron con violarlas.<\/p>\n\n\n\n<p>La multitud concentrada a las puertas de un centro de detenci\u00f3n de Minsk afirma que los gritos de las v\u00edctimas de tortura se escuchaban desde la calle, y hay v\u00eddeos que lo corroboran. Los datos apuntan a una campa\u00f1a generalizada de tortura y otros malos tratos, emprendida por las autoridades bielorrusas con el fin de sofocar las protestas pac\u00edficas por cualquier medio.<\/p>\n\n\n\n<p>\u201cEl mundo lleva d\u00edas viendo con horror c\u00f3mo la polic\u00eda bielorrusa dispara balas de goma y gas lacrim\u00f3geno contra la multitud en protestas pac\u00edficas. Cada vez es m\u00e1s evidente que las sangrientas escenas contempladas en las calles de Bielorrusia son s\u00f3lo la punta del iceberg\u201d, ha manifestado Marie Struthers, directora de Amnist\u00eda Internacional para Europa Oriental y Asia Central.<\/p>\n\n\n\n<p>\u201cPersonas que han estado detenidas nos han contado que los centros de detenci\u00f3n se han convertido en c\u00e1maras de tortura, donde los manifestantes yacen tendidos en el barro mientras la polic\u00eda les propina patadas y los golpea con sus porras. Han explicado que las desnudaron y las sometieron a s\u00e1dicas palizas mientras escuchaban los gritos de otras v\u00edctimas. Estas personas no han cometido m\u00e1s \u2018delito\u2019 que salir a la calle para protestar pac\u00edficamente. Lo que estamos viendo en Bielorrusia es una cat\u00e1strofe de derechos humanos que exige acci\u00f3n urgente.\u201d<\/p>\n\n\n\n<p>Amnist\u00eda Internacional pide a los l\u00edderes y lideresas internacionales que presionen al gobierno bielorruso para que ponga fin a las violaciones de derechos humanos que se est\u00e1n cometiendo en el pa\u00eds.<\/p>\n\n\n\n<p><strong>Personas obligadas a permanecer tendidas en el barro<\/strong><\/p>\n\n\n\n<p>Durante los \u00faltimos d\u00edas, una delegaci\u00f3n de Amnist\u00eda Internacional enviada a Minsk ha estado observando la violenta respuesta dada a las protestas y ha entrevistado a personas que han estado detenidas para saber por lo que han pasado. Cuando las protestas entran en su quinto d\u00eda, los testimonios de estas personas indican que las autoridades bielorrusas est\u00e1n recurriendo a medidas cada vez m\u00e1s dr\u00e1sticas para aplastar la disidencia.<\/p>\n\n\n\n<p>Seg\u00fan numerosos testimonios, las personas detenidas en Minsk y otras ciudades del pa\u00eds son sometidas a brutales palizas durante todo el tiempo que permanecen bajo custodia y desde el momento mismo en que las introducen en los furgones policiales. Los abusos contin\u00faan en las comisar\u00edas de polic\u00eda, donde las \u201cclasifican\u201d, y en los centros de detenci\u00f3n temporal, donde permanecen hasta que son puestas en libertad o llevadas a juicio.<\/p>\n\n\n\n<p>Katsyaryna Novikava ha contado a Amnist\u00eda Internacional que la detuvieron en el centro de Minsk el 10 de agosto por la noche, cuando se dirig\u00eda a un supermercado. Pas\u00f3 34 horas en el Centro de Aislamiento de Delincuentes (conocido tambi\u00e9n como TsIP). Explica que todo el patio del centro estaba lleno de hombres detenidos, a quienes se obligada a permanecer tendidos en el barro. En el interior del TsIP, decenas de hombres fueron obligados a desnudarse y ponerse a cuatro patas, mientras los agentes les daban patadas y los golpeaban con las porras. Tambi\u00e9n Katsyaryna fue obligada a ponerse de rodillas y a escuchar los gritos de otras v\u00edctimas.<\/p>\n\n\n\n<p>Katsyaryna fue recluida junto con otras 20 mujeres en una celda para cuatro personas, donde dorm\u00edan en el suelo. Durante todo el tiempo que estuvieron detenidas, no les dieron agua ni comida y les negaron el acceso a servicios m\u00e9dicos. Muchas mujeres con las que estuvo encarcelada dijeron a Katsyaryna que los agentes de polic\u00eda las hab\u00edan amenazado con violarlas.<\/p>\n\n\n\n<p>A ella no le dijeron que estaba acusada de participar en una concentraci\u00f3n no autorizada hasta 22 horas despu\u00e9s de su detenci\u00f3n. Antes de dejarla en libertad a primeras horas de la ma\u00f1ana del 12 de agosto, los agentes de polic\u00eda le dijeron: \u201cTenemos todos tus datos. Si te vemos aqu\u00ed otra vez, te matamos&#8221;. No le devolvieron sus pertenencias, ni siquiera el pasaporte ni las llaves de su apartamento, cuando la pusieron en libertad.<\/p>\n\n\n\n<p>Nikita Telizhenko, periodista del medio online ruso Znak.com, fue detenido el 10 de agosto por la noche. Ha escrito un art\u00edculo en el que <a href=\"https:\/\/www.znak.com\/2020-08-12\/prprpl\" target=\"_blank\" rel=\"noreferrer noopener\">recuerda<\/a>: \u201cen el furg\u00f3n policial segu\u00edan golpeando a la gente, por tener tatuajes o el pelo largo. \u2018Eres un maric\u00f3n; ver\u00e1s ahora en la c\u00e1rcel\u2019, gritaban [los agentes de polic\u00eda a los hombres]\u201d.<\/p>\n\n\n\n<p>Seg\u00fan cuenta, Nikita pas\u00f3 las 16 horas siguiente en la Oficina de Asuntos Internos del distrito de Maskouski, donde la polic\u00eda obligaba a las personas detenidas a rezar y a leer el padre nuestro. \u201cA quienes se negaban, los golpeaban de m\u00faltiples maneras. Sentados en el vest\u00edbulo de la comisar\u00eda, o\u00edamos golpear a la gente en el piso de arriba y en el de abajo\u201d.<\/p>\n\n\n\n<p>\u201cTen\u00edan a la gente mucho tiempo de rodillas o en el suelo, con las piernas extendidas. [\u2026] Daba miedo. Soy una persona que he visto muchas cosas, pero ten\u00eda miedo\u201d, <a href=\"https:\/\/meduza.io\/feature\/2020\/08\/12\/ya-dovolno-mnogo-vsego-videl-no-eto-bylo-strashno\" target=\"_blank\" rel=\"noreferrer noopener\">cont\u00f3<\/a> otro periodista, Maksim Solopov, en los medios de comunicaci\u00f3n. Un ciudadano ruso que trabaja en el peri\u00f3dico online let\u00f3n Meduza, Maksim, fue v\u00edctima de desaparici\u00f3n forzada durante 40 horas tras su detenci\u00f3n el 9 de agosto por la noche. Qued\u00e9 en libertad \u2013con hematomas bien visibles\u2013 gracias a la indignaci\u00f3n popular y a la intervenci\u00f3n de la embajada rusa.<\/p>\n\n\n\n<p>Seg\u00fan datos recopilados por el grupo de derechos humanos Viasna, en algunas comisar\u00edas de polic\u00eda, las personas detenidas eran obligadas a permanecer tumbadas boca abajo en el suelo durante varias horas, o de pie contra la pared de los pasillos o los patios, y las golpeaban al menor movimiento. Esta informaci\u00f3n ha sido confirmada por numerosos testimonios y <a href=\"https:\/\/www.youtube.com\/watch?v=7wFcpJalMK8&amp;feature=emb_logo\" target=\"_blank\" rel=\"noreferrer noopener\">v\u00eddeos<\/a> sacados clandestinamente de las comisar\u00edas.<\/p>\n\n\n\n<p>\u201cEstas denuncias no son incidentes aislados. Las denuncias de tortura en todo el pa\u00eds, corroboradas por v\u00eddeos y fotograf\u00edas compartidos ampliamente en las redes sociales, son tan abundantes, que es muy probable que la pr\u00e1ctica haya sido aprobada en los niveles m\u00e1s altos\u201d, ha explicado Marie Struthers.<\/p>\n\n\n\n<p>\u201cUna vez m\u00e1s pedimos a las autoridades bielorrusas que pongan fin a esta brutal campa\u00f1a y permitan a quienes participan en las protestas expresar sus opiniones sin temor a sufrir represalias violentas\u201d.<\/p>\n\n\n\n<p><strong>Detenciones que constituyen desaparici\u00f3n forzada<\/strong><\/p>\n\n\n\n<p>Sigue sin conocerse el paradero de centenares de personas, cuya detenci\u00f3n podr\u00eda constituir desaparici\u00f3n forzada en algunos casos. Muchas est\u00e1n detenidas desde el 9 de agosto. Seg\u00fan el Ministerio del Interior bielorruso, durante los cuatro primeros d\u00edas de protestas fueron detenidas 6 mil 700 personas.<\/p>\n\n\n\n<p>Los familiares de decenas de ellas y sus abogados han intentado en vano averiguar su paradero, acudiendo a las comisar\u00edas de polic\u00eda y advirtiendo a los tribunales de que no pueden juzgarlas sin asistencia letrada. El 12 de agosto, la polic\u00eda antidisturbios hizo uso de la fuerza para dispersar a alrededor de 200 familiares de personas detenidas, que se hab\u00edan concentrado pac\u00edficamente frente al centro de detenci\u00f3n de Akrestsyna.<\/p>\n\n\n\n<p>\u201cSe ha recluido en r\u00e9gimen de incomunicaci\u00f3n a participantes en manifestaciones pac\u00edficas y a simples viandantes, violando las normas procesales m\u00e1s b\u00e1sicas y sin respetar en absoluto sus derechos humanos fundamentales. En numerosos casos de los que se ha tenido noticia, la persona detenida lleva d\u00edas seguidos en paradero desconocido, lo que constituye desaparici\u00f3n forzada\u201d, ha afirmado Marie Struthers.<\/p>\n\n\n\n<p>\u201cPedimos a las autoridades bielorrusas que pongan fin de inmediato a la tortura y otros malos tratos bajo custodia y dejen en libertad a toda persona detenida arbitrariamente. Se debe permitir de inmediato el acceso pleno y sin restricciones de observadores independientes a todos los centros de detenci\u00f3n. Todas las personas implicadas o c\u00f3mplices de violaciones de derechos humanos deben ser llevadas ante la justicia, desde los agentes de polic\u00eda rasos que patrullan las calles hasta los mandos que han ordenado los abusos o se han desentendido de ellos\u201d.<\/p>\n\n\n\n<p><strong>Informaci\u00f3n complementaria<\/strong><\/p>\n\n\n\n<p>Desde que comenzaron las protestas se han confirmado ya al menos dos muertes. La primera muerte de una persona participante en las manifestaciones se produjo el 11 de agosto, cuanto la polic\u00eda dispar\u00f3 granadas paralizantes y gas lacrim\u00f3geno contra la multitud en Minsk. Un hombre de 25 a\u00f1os muri\u00f3 bajo custodia en Brest el 12 de agosto, el mismo d\u00eda en que la polic\u00eda de la ciudad utiliz\u00f3 tambi\u00e9n munici\u00f3n real contra manifestantes.<\/p>\n\n\n\n<p>Previamente, el 9 de agosto, se inform\u00f3 de otra muerte, corroborada por im\u00e1genes de v\u00eddeo que muestran a un veh\u00edculo policial atropellar a un hombre en Minsk, y a \u00e9ste tendido inm\u00f3vil en el suelo cuando se marcha el veh\u00edculo. Se desconoce a\u00fan la suerte y el paradero de la v\u00edctima, o de su cad\u00e1ver.<\/p>\n","protected":false},"excerpt":{"rendered":"<p>Foto Natalia Fedosenko\\TASS via Getty Images Amnist\u00eda Internacional y grupos locales de derechos humanos han recabado terribles testimonios de personas participantes en manifestaciones en Bielorrusia que afirman haber sufrido tortura &hellip;<\/p>\n<p class=\"read-more\"> <a class=\"\" href=\"https:\/\/amnistia.org.mx\/contenido\/index.php\/bielorrusia-crecientes-indicios-de-campana-generalizada-de-tortura-de-participantes-en-protestas-pacificas\/\"> <span class=\"screen-reader-text\">Bielorrusia: Crecientes indicios de campa\u00f1a generalizada de tortura de participantes en protestas pac\u00edficas<\/span> Leer m\u00e1s &raquo;<\/a><\/p>\n","protected":false},"author":4,"featured_media":11592,"comment_status":"open","ping_status":"open","sticky":false,"template":"","format":"standard","meta":{"_uf_show_specific_survey":0,"_uf_disable_surveys":false,"site-sidebar-layout":"default","site-content-layout":"default","ast-global-header-display":"","ast-main-header-display":"","ast-hfb-above-header-display":"","ast-hfb-below-header-display":"","ast-hfb-mobile-header-display":"","site-post-title":"","ast-breadcrumbs-content":"","ast-featured-img":"","footer-sml-layout":"","theme-transparent-header-meta":"default","adv-header-id-meta":"","stick-header-meta":"","header-above-stick-meta":"","header-main-stick-meta":"","header-below-stick-meta":""},"categories":[9],"tags":[40],"acf":[],"aioseo_notices":[],"yoast_head":"<!-- This site is optimized with the Yoast SEO plugin v14.5 - https:\/\/yoast.com\/wordpress\/plugins\/seo\/ -->\n<title>Bielorrusia: Crecientes indicios de campa\u00f1a generalizada de tortura de participantes en protestas pac\u00edficas - amnistia.org.mx<\/title>\n<meta name=\"robots\" content=\"index, follow\" \/>\n<meta name=\"googlebot\" content=\"index, follow, max-snippet:-1, max-image-preview:large, max-video-preview:-1\" \/>\n<meta name=\"bingbot\" content=\"index, follow, max-snippet:-1, max-image-preview:large, max-video-preview:-1\" \/>\n<link rel=\"canonical\" href=\"https:\/\/amnistia.org.mx\/contenido\/index.php\/bielorrusia-crecientes-indicios-de-campana-generalizada-de-tortura-de-participantes-en-protestas-pacificas\/\" \/>\n<meta property=\"og:locale\" content=\"es_MX\" \/>\n<meta property=\"og:type\" content=\"article\" \/>\n<meta property=\"og:title\" content=\"Bielorrusia: Crecientes indicios de campa\u00f1a generalizada de tortura de participantes en protestas pac\u00edficas - amnistia.org.mx\" \/>\n<meta property=\"og:description\" content=\"Foto Natalia Fedosenko\\TASS via Getty Images Amnist\u00eda Internacional y grupos locales de derechos humanos han recabado terribles testimonios de personas participantes en manifestaciones en Bielorrusia que afirman haber sufrido tortura &hellip; Bielorrusia: Crecientes indicios de campa\u00f1a generalizada de tortura de participantes en protestas pac\u00edficas Leer m\u00e1s &raquo;\" \/>\n<meta property=\"og:url\" content=\"https:\/\/amnistia.org.mx\/contenido\/index.php\/bielorrusia-crecientes-indicios-de-campana-generalizada-de-tortura-de-participantes-en-protestas-pacificas\/\" \/>\n<meta property=\"og:site_name\" content=\"amnistia.org.mx\" \/>\n<meta property=\"article:published_time\" content=\"2020-08-14T23:50:16+00:00\" \/>\n<meta property=\"article:modified_time\" content=\"2020-08-15T02:20:26+00:00\" \/>\n<meta property=\"og:image\" content=\"https:\/\/amnistia.org.mx\/contenido\/wp-content\/uploads\/2020\/08\/Foto-Bielorrusia-2-1024x576-1.jpg\" \/>\n\t<meta property=\"og:image:width\" content=\"553\" \/>\n\t<meta property=\"og:image:height\" content=\"311\" \/>\n<meta name=\"twitter:card\" content=\"summary_large_image\" \/>\n<script type=\"application\/ld+json\" class=\"yoast-schema-graph\">{\"@context\":\"https:\/\/schema.org\",\"@graph\":[{\"@type\":\"WebSite\",\"@id\":\"https:\/\/amnistia.org.mx\/contenido\/#website\",\"url\":\"https:\/\/amnistia.org.mx\/contenido\/\",\"name\":\"amnistia.org.mx\",\"description\":\"Nueva p\\u00e1gina de Amnist\\u00eda\",\"potentialAction\":[{\"@type\":\"SearchAction\",\"target\":\"https:\/\/amnistia.org.mx\/contenido\/?s={search_term_string}\",\"query-input\":\"required name=search_term_string\"}],\"inLanguage\":\"es-MX\"},{\"@type\":\"ImageObject\",\"@id\":\"https:\/\/amnistia.org.mx\/contenido\/index.php\/bielorrusia-crecientes-indicios-de-campana-generalizada-de-tortura-de-participantes-en-protestas-pacificas\/#primaryimage\",\"inLanguage\":\"es-MX\",\"url\":\"https:\/\/amnistia.org.mx\/contenido\/wp-content\/uploads\/2020\/08\/Foto-Bielorrusia-2-1024x576-1.jpg\",\"width\":553,\"height\":311},{\"@type\":\"WebPage\",\"@id\":\"https:\/\/amnistia.org.mx\/contenido\/index.php\/bielorrusia-crecientes-indicios-de-campana-generalizada-de-tortura-de-participantes-en-protestas-pacificas\/#webpage\",\"url\":\"https:\/\/amnistia.org.mx\/contenido\/index.php\/bielorrusia-crecientes-indicios-de-campana-generalizada-de-tortura-de-participantes-en-protestas-pacificas\/\",\"name\":\"Bielorrusia: Crecientes indicios de campa\\u00f1a generalizada de tortura de participantes en protestas pac\\u00edficas - amnistia.org.mx\",\"isPartOf\":{\"@id\":\"https:\/\/amnistia.org.mx\/contenido\/#website\"},\"primaryImageOfPage\":{\"@id\":\"https:\/\/amnistia.org.mx\/contenido\/index.php\/bielorrusia-crecientes-indicios-de-campana-generalizada-de-tortura-de-participantes-en-protestas-pacificas\/#primaryimage\"},\"datePublished\":\"2020-08-14T23:50:16+00:00\",\"dateModified\":\"2020-08-15T02:20:26+00:00\",\"author\":{\"@id\":\"https:\/\/amnistia.org.mx\/contenido\/#\/schema\/person\/7db421c495688267ce8ede4625c17fa5\"},\"breadcrumb\":{\"@id\":\"https:\/\/amnistia.org.mx\/contenido\/index.php\/bielorrusia-crecientes-indicios-de-campana-generalizada-de-tortura-de-participantes-en-protestas-pacificas\/#breadcrumb\"},\"inLanguage\":\"es-MX\",\"potentialAction\":[{\"@type\":\"ReadAction\",\"target\":[\"https:\/\/amnistia.org.mx\/contenido\/index.php\/bielorrusia-crecientes-indicios-de-campana-generalizada-de-tortura-de-participantes-en-protestas-pacificas\/\"]}]},{\"@type\":\"BreadcrumbList\",\"@id\":\"https:\/\/amnistia.org.mx\/contenido\/index.php\/bielorrusia-crecientes-indicios-de-campana-generalizada-de-tortura-de-participantes-en-protestas-pacificas\/#breadcrumb\",\"itemListElement\":[{\"@type\":\"ListItem\",\"position\":1,\"item\":{\"@type\":\"WebPage\",\"@id\":\"https:\/\/amnistia.org.mx\/contenido\/\",\"url\":\"https:\/\/amnistia.org.mx\/contenido\/\",\"name\":\"Home\"}},{\"@type\":\"ListItem\",\"position\":2,\"item\":{\"@type\":\"WebPage\",\"@id\":\"https:\/\/amnistia.org.mx\/contenido\/index.php\/bielorrusia-crecientes-indicios-de-campana-generalizada-de-tortura-de-participantes-en-protestas-pacificas\/\",\"url\":\"https:\/\/amnistia.org.mx\/contenido\/index.php\/bielorrusia-crecientes-indicios-de-campana-generalizada-de-tortura-de-participantes-en-protestas-pacificas\/\",\"name\":\"Bielorrusia: Crecientes indicios de campa\\u00f1a generalizada de tortura de participantes en protestas pac\\u00edficas\"}}]},{\"@type\":[\"Person\"],\"@id\":\"https:\/\/amnistia.org.mx\/contenido\/#\/schema\/person\/7db421c495688267ce8ede4625c17fa5\",\"name\":\"Alejandro Ju\\u00e1rez Gamero\",\"image\":{\"@type\":\"ImageObject\",\"@id\":\"https:\/\/amnistia.org.mx\/contenido\/#personlogo\",\"inLanguage\":\"es-MX\",\"url\":\"https:\/\/secure.gravatar.com\/avatar\/e312d5566d1c3ffb56f86415d6f0e606?s=96&d=mm&r=g\",\"caption\":\"Alejandro Ju\\u00e1rez Gamero\"}}]}<\/script>\n<!-- \/ Yoast SEO plugin. -->","_links":{"self":[{"href":"https:\/\/amnistia.org.mx\/contenido\/index.php\/wp-json\/wp\/v2\/posts\/11589"}],"collection":[{"href":"https:\/\/amnistia.org.mx\/contenido\/index.php\/wp-json\/wp\/v2\/posts"}],"about":[{"href":"https:\/\/amnistia.org.mx\/contenido\/index.php\/wp-json\/wp\/v2\/types\/post"}],"author":[{"embeddable":true,"href":"https:\/\/amnistia.org.mx\/contenido\/index.php\/wp-json\/wp\/v2\/users\/4"}],"replies":[{"embeddable":true,"href":"https:\/\/amnistia.org.mx\/contenido\/index.php\/wp-json\/wp\/v2\/comments?post=11589"}],"version-history":[{"count":1,"href":"https:\/\/amnistia.org.mx\/contenido\/index.php\/wp-json\/wp\/v2\/posts\/11589\/revisions"}],"predecessor-version":[{"id":11591,"href":"https:\/\/amnistia.org.mx\/contenido\/index.php\/wp-json\/wp\/v2\/posts\/11589\/revisions\/11591"}],"wp:featuredmedia":[{"embeddable":true,"href":"https:\/\/amnistia.org.mx\/contenido\/index.php\/wp-json\/wp\/v2\/media\/11592"}],"wp:attachment":[{"href":"https:\/\/amnistia.org.mx\/contenido\/index.php\/wp-json\/wp\/v2\/media?parent=11589"}],"wp:term":[{"taxonomy":"category","embeddable":true,"href":"https:\/\/amnistia.org.mx\/contenido\/index.php\/wp-json\/wp\/v2\/categories?post=11589"},{"taxonomy":"post_tag","embeddable":true,"href":"https:\/\/amnistia.org.mx\/contenido\/index.php\/wp-json\/wp\/v2\/tags?post=11589"}],"curies":[{"name":"wp","href":"https:\/\/api.w.org\/{rel}","templated":true}]}}