
{"id":12000,"date":"2020-09-07T16:30:51","date_gmt":"2020-09-07T16:30:51","guid":{"rendered":"https:\/\/amnistia.org.mx\/contenido\/?p=12000"},"modified":"2020-09-07T16:30:52","modified_gmt":"2020-09-07T16:30:52","slug":"reino-unido-la-audiencia-sobre-la-extradicion-de-assange-sera-una-prueba-de-fuego-para-la-justicia-britanica-y-la-estadounidense","status":"publish","type":"post","link":"https:\/\/amnistia.org.mx\/contenido\/index.php\/reino-unido-la-audiencia-sobre-la-extradicion-de-assange-sera-una-prueba-de-fuego-para-la-justicia-britanica-y-la-estadounidense\/","title":{"rendered":"Reino Unido: La audiencia sobre la extradici\u00f3n de Assange ser\u00e1 una prueba de fuego para la justicia brit\u00e1nica y la estadounidense"},"content":{"rendered":"\n<p class=\"has-text-align-center\">Julian Assange, fundador de Wikileaks. (Foto: MIGUEL MEDINA\/AFP a trav\u00e9s de Getty Images).<\/p>\n\n\n\n<p>\u201cLas autoridades estadounidenses deben retirar todos los cargos formulados contra Julian Assange en relaci\u00f3n con sus publicaciones y las autoridades brit\u00e1nicas deben rechazar la correspondiente solicitud de extradici\u00f3n de Estados Unidos\u201d, declar\u00f3 hoy Amnist\u00eda Internacional. La audiencia sobre la extradici\u00f3n de Julian Assange se reanuda hoy y se espera que dure varias semanas.<\/p>\n\n\n\n<p>En ella se decidir\u00e1 la solicitud de la administraci\u00f3n Trump de extraditar a Julian Assange a Estados Unidos, donde podr\u00eda ser condenado a un m\u00e1ximo de 175 a\u00f1os de prisi\u00f3n por publicar materiales que documentan posibles cr\u00edmenes de guerra cometidos por las fuerzas armadas estadounidenses.<\/p>\n\n\n\n<p>\u201cEsta audiencia es el m\u00e1s reciente y preocupante asalto del ataque en toda regla lanzado contra el derecho a la libertad de expresi\u00f3n. El enjuiciamiento de Julian Assange, si se produce, podr\u00eda tener un efecto disuasorio para la libertad de prensa y hacer que editores y periodistas se autocensuren por miedo a las represalias\u201d, dijo Nils Mui\u017enieks, director de Amnist\u00eda Internacional para Europa.<\/p>\n\n\n\n<p>\u201cLa extradici\u00f3n de Julian Assange tendr\u00eda amplias consecuencias para los derechos humanos, al sentar un precedente disuasorio para la protecci\u00f3n de quienes publican informaci\u00f3n clasificada de inter\u00e9s p\u00fablico\u201d.<\/p>\n\n\n\n<p>La solicitud de extradici\u00f3n de Estados Unidos se basa en una serie de cargos derivados directamente de la publicaci\u00f3n de documentos clasificados como parte del trabajo period\u00edstico de Assange con Wikileaks. La publicaci\u00f3n de este tipo de informaci\u00f3n es una piedra angular de la libertad de prensa y del derecho de la ciudadan\u00eda a acceder a informaci\u00f3n de inter\u00e9s p\u00fablico, y debe protegerse y no criminalizarse.<\/p>\n\n\n\n<p>En Estados Unidos, Julian Assange podr\u00eda ser juzgado por 18 delitos, 17 de ellos en aplicaci\u00f3n de la Ley de Espionaje y uno en virtud de la Ley de Abuso y Fraude Inform\u00e1tico. Tambi\u00e9n correr\u00eda un riesgo real de sufrir violaciones graves de derechos humanos, como condiciones de reclusi\u00f3n que podr\u00edan constituir tortura y otros malos tratos, como la reclusi\u00f3n prolongada en r\u00e9gimen de aislamiento. Julian Assange es el primer editor que se enfrenta a un enjuiciamiento en aplicaci\u00f3n de la Ley de Espionaje.<\/p>\n\n\n\n<p>El hecho de que Assange haya sido blanco de una campa\u00f1a p\u00fablica negativa de autoridades estadounidenses del m\u00e1ximo nivel menoscaba su derecho a la presunci\u00f3n de inocencia y lo pone en peligro de ser sometido a un juicio injusto.<\/p>\n\n\n\n<p>\u201cReino Unido debe cumplir las obligaciones que ha contra\u00eddo en virtud del derecho internacional de los derechos humanos, que proh\u00edbe el traslado de personas a un pa\u00eds donde sufrir\u00edan violaciones graves de derechos humanos\u201d.<\/p>\n\n\n\n<p><strong>Si desean m\u00e1s informaci\u00f3n o concertar una entrevista, p\u00f3nganse en contacto con:<\/strong><\/p>\n\n\n\n<p><a href=\"mailto:stefan.simanowitz@amnesty.org\" target=\"_blank\" rel=\"noreferrer noopener\">stefan.simanowitz@amnesty.org<\/a> \/ +44 7936766445 o +44 2030365599<\/p>\n\n\n\n<p>La vista comenzar\u00e1 en el Old Bailey, Londres, el 7 de septiembre por la ma\u00f1ana. Stefan Simanowitz estar\u00e1 fuera de la sala junto con una persona que ejercer\u00e1 de portavoz de Amnist\u00eda Internacional.<\/p>\n\n\n\n<p>Amnist\u00eda contar\u00e1 con observadores\/as judiciales que monitorear\u00e1n a distancia toda la serie de vistas. Durante la primera semana, el observador ser\u00e1 Sebastian Elgueta (@sebelgueta), abogado que tiene derecho exclusivo a actuar ante los tribunales superiores radicado en Reino Unido.<\/p>\n\n\n\n<p><strong>Informaci\u00f3n complementaria<\/strong><\/p>\n\n\n\n<p>A Amnist\u00eda Internacional le preocupa tambi\u00e9n el bienestar f\u00edsico y mental de Julian Assange, sobre todo debido a la propagaci\u00f3n de la COVID-19.<\/p>\n\n\n\n<p>En las prisiones y centros de detenci\u00f3n de Reino Unido, las condiciones son precarias. Es esencial que se establezcan protocolos de salud y seguridad para reducir el riesgo de contraer la COVID-19 a la vez que se garantiza la protecci\u00f3n de los derechos de las personas detenidas y presas. Se deber\u00e1 plantear la posibilidad de excarcelar bajo fianza o poner en libertad a las personas detenidas o presas que tienen problemas m\u00e9dicos graves preexistentes y corren un riesgo especial de contraer la infecci\u00f3n.<\/p>\n\n\n\n<p><strong>V\u00e9ase la declaraci\u00f3n de Amnist\u00eda Internacional sobre las condiciones de reclusi\u00f3n de Assange:<\/strong> <a href=\"https:\/\/eur02.safelinks.protection.outlook.com\/?url=https%3A%2F%2Fwww.amnesty.org%2Fes%2Flatest%2Fnews%2F2020%2F03%2Fuk-assange-bail-application-highlights-covid19-risk-to-many-vulnerable-detainees-and-prisoners%2F&amp;data=02%7C01%7Csrodriguez%40amnesty.org%7Cd93af5812c0d408bc4e808d850c8c5e5%7Cc2dbf829378d44c1b47a1c043924ddf3%7C0%7C0%7C637348170533121263&amp;sdata=715G1%2FFWxIkIcoCFTQgHgC%2BSHMZ8kvMxH1dco2Sbu5s%3D&amp;reserved=0\" target=\"_blank\" rel=\"noreferrer noopener\">https:\/\/www.amnesty.org\/es\/latest\/news\/2020\/03\/uk-assange-bail-application-highlights-covid19-risk-to-many-vulnerable-detainees-and-prisoners\/<\/a><\/p>\n","protected":false},"excerpt":{"rendered":"<p>Julian Assange, fundador de Wikileaks. (Foto: MIGUEL MEDINA\/AFP a trav\u00e9s de Getty Images). \u201cLas autoridades estadounidenses deben retirar todos los cargos formulados contra Julian Assange en relaci\u00f3n con sus publicaciones &hellip;<\/p>\n<p class=\"read-more\"> <a class=\"\" href=\"https:\/\/amnistia.org.mx\/contenido\/index.php\/reino-unido-la-audiencia-sobre-la-extradicion-de-assange-sera-una-prueba-de-fuego-para-la-justicia-britanica-y-la-estadounidense\/\"> <span class=\"screen-reader-text\">Reino Unido: La audiencia sobre la extradici\u00f3n de Assange ser\u00e1 una prueba de fuego para la justicia brit\u00e1nica y la estadounidense<\/span> Leer m\u00e1s &raquo;<\/a><\/p>\n","protected":false},"author":4,"featured_media":12004,"comment_status":"open","ping_status":"open","sticky":false,"template":"","format":"standard","meta":{"_uf_show_specific_survey":0,"_uf_disable_surveys":false,"site-sidebar-layout":"default","site-content-layout":"default","ast-global-header-display":"","ast-main-header-display":"","ast-hfb-above-header-display":"","ast-hfb-below-header-display":"","ast-hfb-mobile-header-display":"","site-post-title":"","ast-breadcrumbs-content":"","ast-featured-img":"","footer-sml-layout":"","theme-transparent-header-meta":"default","adv-header-id-meta":"","stick-header-meta":"","header-above-stick-meta":"","header-main-stick-meta":"","header-below-stick-meta":""},"categories":[9],"tags":[40],"acf":[],"aioseo_notices":[],"yoast_head":"<!-- This site is optimized with the Yoast SEO plugin v14.5 - https:\/\/yoast.com\/wordpress\/plugins\/seo\/ -->\n<title>Reino Unido: La audiencia sobre la extradici\u00f3n de Assange ser\u00e1 una prueba de fuego para la justicia brit\u00e1nica y la estadounidense - amnistia.org.mx<\/title>\n<meta name=\"robots\" content=\"index, follow\" \/>\n<meta name=\"googlebot\" content=\"index, follow, max-snippet:-1, max-image-preview:large, max-video-preview:-1\" \/>\n<meta name=\"bingbot\" content=\"index, follow, max-snippet:-1, max-image-preview:large, max-video-preview:-1\" \/>\n<link rel=\"canonical\" href=\"https:\/\/amnistia.org.mx\/contenido\/index.php\/reino-unido-la-audiencia-sobre-la-extradicion-de-assange-sera-una-prueba-de-fuego-para-la-justicia-britanica-y-la-estadounidense\/\" \/>\n<meta property=\"og:locale\" content=\"es_MX\" \/>\n<meta property=\"og:type\" content=\"article\" \/>\n<meta property=\"og:title\" content=\"Reino Unido: La audiencia sobre la extradici\u00f3n de Assange ser\u00e1 una prueba de fuego para la justicia brit\u00e1nica y la estadounidense - amnistia.org.mx\" \/>\n<meta property=\"og:description\" content=\"Julian Assange, fundador de Wikileaks. (Foto: MIGUEL MEDINA\/AFP a trav\u00e9s de Getty Images). \u201cLas autoridades estadounidenses deben retirar todos los cargos formulados contra Julian Assange en relaci\u00f3n con sus publicaciones &hellip; Reino Unido: La audiencia sobre la extradici\u00f3n de Assange ser\u00e1 una prueba de fuego para la justicia brit\u00e1nica y la estadounidense Leer m\u00e1s &raquo;\" \/>\n<meta property=\"og:url\" content=\"https:\/\/amnistia.org.mx\/contenido\/index.php\/reino-unido-la-audiencia-sobre-la-extradicion-de-assange-sera-una-prueba-de-fuego-para-la-justicia-britanica-y-la-estadounidense\/\" \/>\n<meta property=\"og:site_name\" content=\"amnistia.org.mx\" \/>\n<meta property=\"article:published_time\" content=\"2020-09-07T16:30:51+00:00\" \/>\n<meta property=\"article:modified_time\" content=\"2020-09-07T16:30:52+00:00\" \/>\n<meta property=\"og:image\" content=\"https:\/\/amnistia.org.mx\/contenido\/wp-content\/uploads\/2020\/09\/Foto-1-7-sept-20-2.jpg\" \/>\n\t<meta property=\"og:image:width\" content=\"563\" \/>\n\t<meta property=\"og:image:height\" content=\"398\" \/>\n<meta name=\"twitter:card\" content=\"summary_large_image\" \/>\n<script type=\"application\/ld+json\" class=\"yoast-schema-graph\">{\"@context\":\"https:\/\/schema.org\",\"@graph\":[{\"@type\":\"WebSite\",\"@id\":\"https:\/\/amnistia.org.mx\/contenido\/#website\",\"url\":\"https:\/\/amnistia.org.mx\/contenido\/\",\"name\":\"amnistia.org.mx\",\"description\":\"Nueva p\\u00e1gina de Amnist\\u00eda\",\"potentialAction\":[{\"@type\":\"SearchAction\",\"target\":\"https:\/\/amnistia.org.mx\/contenido\/?s={search_term_string}\",\"query-input\":\"required name=search_term_string\"}],\"inLanguage\":\"es-MX\"},{\"@type\":\"ImageObject\",\"@id\":\"https:\/\/amnistia.org.mx\/contenido\/index.php\/reino-unido-la-audiencia-sobre-la-extradicion-de-assange-sera-una-prueba-de-fuego-para-la-justicia-britanica-y-la-estadounidense\/#primaryimage\",\"inLanguage\":\"es-MX\",\"url\":\"https:\/\/amnistia.org.mx\/contenido\/wp-content\/uploads\/2020\/09\/Foto-1-7-sept-20-2.jpg\",\"width\":563,\"height\":398,\"caption\":\"Wikileaks founder Julian Assange arrives for the second day of a two day hearing at the Supreme Court in central London, on February 2, 2012. Assange took his extradition fight to Britain's Supreme Court on Wednesday, arguing that sending him to Sweden to face rape allegations would breach legal principles dating back 1,500 years. AFP PHOTO \/ MIGUEL MEDINA (Photo credit should read MIGUEL MEDINA\/AFP via Getty Images)\"},{\"@type\":\"WebPage\",\"@id\":\"https:\/\/amnistia.org.mx\/contenido\/index.php\/reino-unido-la-audiencia-sobre-la-extradicion-de-assange-sera-una-prueba-de-fuego-para-la-justicia-britanica-y-la-estadounidense\/#webpage\",\"url\":\"https:\/\/amnistia.org.mx\/contenido\/index.php\/reino-unido-la-audiencia-sobre-la-extradicion-de-assange-sera-una-prueba-de-fuego-para-la-justicia-britanica-y-la-estadounidense\/\",\"name\":\"Reino Unido: La audiencia sobre la extradici\\u00f3n de Assange ser\\u00e1 una prueba de fuego para la justicia brit\\u00e1nica y la estadounidense - amnistia.org.mx\",\"isPartOf\":{\"@id\":\"https:\/\/amnistia.org.mx\/contenido\/#website\"},\"primaryImageOfPage\":{\"@id\":\"https:\/\/amnistia.org.mx\/contenido\/index.php\/reino-unido-la-audiencia-sobre-la-extradicion-de-assange-sera-una-prueba-de-fuego-para-la-justicia-britanica-y-la-estadounidense\/#primaryimage\"},\"datePublished\":\"2020-09-07T16:30:51+00:00\",\"dateModified\":\"2020-09-07T16:30:52+00:00\",\"author\":{\"@id\":\"https:\/\/amnistia.org.mx\/contenido\/#\/schema\/person\/7db421c495688267ce8ede4625c17fa5\"},\"breadcrumb\":{\"@id\":\"https:\/\/amnistia.org.mx\/contenido\/index.php\/reino-unido-la-audiencia-sobre-la-extradicion-de-assange-sera-una-prueba-de-fuego-para-la-justicia-britanica-y-la-estadounidense\/#breadcrumb\"},\"inLanguage\":\"es-MX\",\"potentialAction\":[{\"@type\":\"ReadAction\",\"target\":[\"https:\/\/amnistia.org.mx\/contenido\/index.php\/reino-unido-la-audiencia-sobre-la-extradicion-de-assange-sera-una-prueba-de-fuego-para-la-justicia-britanica-y-la-estadounidense\/\"]}]},{\"@type\":\"BreadcrumbList\",\"@id\":\"https:\/\/amnistia.org.mx\/contenido\/index.php\/reino-unido-la-audiencia-sobre-la-extradicion-de-assange-sera-una-prueba-de-fuego-para-la-justicia-britanica-y-la-estadounidense\/#breadcrumb\",\"itemListElement\":[{\"@type\":\"ListItem\",\"position\":1,\"item\":{\"@type\":\"WebPage\",\"@id\":\"https:\/\/amnistia.org.mx\/contenido\/\",\"url\":\"https:\/\/amnistia.org.mx\/contenido\/\",\"name\":\"Home\"}},{\"@type\":\"ListItem\",\"position\":2,\"item\":{\"@type\":\"WebPage\",\"@id\":\"https:\/\/amnistia.org.mx\/contenido\/index.php\/reino-unido-la-audiencia-sobre-la-extradicion-de-assange-sera-una-prueba-de-fuego-para-la-justicia-britanica-y-la-estadounidense\/\",\"url\":\"https:\/\/amnistia.org.mx\/contenido\/index.php\/reino-unido-la-audiencia-sobre-la-extradicion-de-assange-sera-una-prueba-de-fuego-para-la-justicia-britanica-y-la-estadounidense\/\",\"name\":\"Reino Unido: La audiencia sobre la extradici\\u00f3n de Assange ser\\u00e1 una prueba de fuego para la justicia brit\\u00e1nica y la estadounidense\"}}]},{\"@type\":[\"Person\"],\"@id\":\"https:\/\/amnistia.org.mx\/contenido\/#\/schema\/person\/7db421c495688267ce8ede4625c17fa5\",\"name\":\"Alejandro Ju\\u00e1rez Gamero\",\"image\":{\"@type\":\"ImageObject\",\"@id\":\"https:\/\/amnistia.org.mx\/contenido\/#personlogo\",\"inLanguage\":\"es-MX\",\"url\":\"https:\/\/secure.gravatar.com\/avatar\/e312d5566d1c3ffb56f86415d6f0e606?s=96&d=mm&r=g\",\"caption\":\"Alejandro Ju\\u00e1rez Gamero\"}}]}<\/script>\n<!-- \/ Yoast SEO plugin. -->","_links":{"self":[{"href":"https:\/\/amnistia.org.mx\/contenido\/index.php\/wp-json\/wp\/v2\/posts\/12000"}],"collection":[{"href":"https:\/\/amnistia.org.mx\/contenido\/index.php\/wp-json\/wp\/v2\/posts"}],"about":[{"href":"https:\/\/amnistia.org.mx\/contenido\/index.php\/wp-json\/wp\/v2\/types\/post"}],"author":[{"embeddable":true,"href":"https:\/\/amnistia.org.mx\/contenido\/index.php\/wp-json\/wp\/v2\/users\/4"}],"replies":[{"embeddable":true,"href":"https:\/\/amnistia.org.mx\/contenido\/index.php\/wp-json\/wp\/v2\/comments?post=12000"}],"version-history":[{"count":2,"href":"https:\/\/amnistia.org.mx\/contenido\/index.php\/wp-json\/wp\/v2\/posts\/12000\/revisions"}],"predecessor-version":[{"id":12005,"href":"https:\/\/amnistia.org.mx\/contenido\/index.php\/wp-json\/wp\/v2\/posts\/12000\/revisions\/12005"}],"wp:featuredmedia":[{"embeddable":true,"href":"https:\/\/amnistia.org.mx\/contenido\/index.php\/wp-json\/wp\/v2\/media\/12004"}],"wp:attachment":[{"href":"https:\/\/amnistia.org.mx\/contenido\/index.php\/wp-json\/wp\/v2\/media?parent=12000"}],"wp:term":[{"taxonomy":"category","embeddable":true,"href":"https:\/\/amnistia.org.mx\/contenido\/index.php\/wp-json\/wp\/v2\/categories?post=12000"},{"taxonomy":"post_tag","embeddable":true,"href":"https:\/\/amnistia.org.mx\/contenido\/index.php\/wp-json\/wp\/v2\/tags?post=12000"}],"curies":[{"name":"wp","href":"https:\/\/api.w.org\/{rel}","templated":true}]}}