
{"id":12218,"date":"2020-09-21T11:40:00","date_gmt":"2020-09-21T11:40:00","guid":{"rendered":"https:\/\/amnistia.org.mx\/contenido\/?p=12218"},"modified":"2022-01-25T16:27:11","modified_gmt":"2022-01-25T22:27:11","slug":"hacia-una-proteccion-colectiva-y-comunitaria-para-personas-defensoras-de-tierra-y-territorio-en-mexico","status":"publish","type":"post","link":"https:\/\/amnistia.org.mx\/contenido\/index.php\/hacia-una-proteccion-colectiva-y-comunitaria-para-personas-defensoras-de-tierra-y-territorio-en-mexico\/","title":{"rendered":"Hacia una protecci\u00f3n colectiva y comunitaria para personas defensoras de tierra y territorio en M\u00e9xico"},"content":{"rendered":"\t\t<div data-elementor-type=\"wp-post\" data-elementor-id=\"12218\" class=\"elementor elementor-12218\">\n\t\t\t\t\t\t\t\t\t<section class=\"elementor-section elementor-top-section elementor-element elementor-element-d8b9bdc elementor-section-boxed elementor-section-height-default elementor-section-height-default\" data-id=\"d8b9bdc\" data-element_type=\"section\">\n\t\t\t\t\t\t<div class=\"elementor-container elementor-column-gap-default\">\n\t\t\t\t\t<div class=\"elementor-column elementor-col-100 elementor-top-column elementor-element elementor-element-74f46e5e\" data-id=\"74f46e5e\" data-element_type=\"column\">\n\t\t\t<div class=\"elementor-widget-wrap elementor-element-populated\">\n\t\t\t\t\t\t\t\t<div class=\"elementor-element elementor-element-6902f6a0 elementor-widget elementor-widget-text-editor\" data-id=\"6902f6a0\" data-element_type=\"widget\" data-widget_type=\"text-editor.default\">\n\t\t\t\t<div class=\"elementor-widget-container\">\n\t\t\t<style>\/*! elementor - v3.11.5 - 14-03-2023 *\/\n.elementor-widget-text-editor.elementor-drop-cap-view-stacked .elementor-drop-cap{background-color:#69727d;color:#fff}.elementor-widget-text-editor.elementor-drop-cap-view-framed .elementor-drop-cap{color:#69727d;border:3px solid;background-color:transparent}.elementor-widget-text-editor:not(.elementor-drop-cap-view-default) .elementor-drop-cap{margin-top:8px}.elementor-widget-text-editor:not(.elementor-drop-cap-view-default) .elementor-drop-cap-letter{width:1em;height:1em}.elementor-widget-text-editor .elementor-drop-cap{float:left;text-align:center;line-height:1;font-size:50px}.elementor-widget-text-editor .elementor-drop-cap-letter{display:inline-block}<\/style>\t\t\t\t<!-- wp:paragraph -->\n<p>Desde 2017, Amnist\u00eda Internacional impulsa la campa\u00f1a global Valiente que tiene como objetivo detener la ola de ataques contra quienes defienden los derechos humanos. Como parte de esta campa\u00f1a, en M\u00e9xico se documentaron los ataques a las comunidades Coloradas de la Virgen, en Chihuahua, y Cuetzalan, en Puebla. En Coloradas de la Virgen, la documentaci\u00f3n da cuenta de diversos ataques a integrantes de la comunidad rar\u00e1muri que defienden la tierra y territorio en la Sierra Tarahumara. Los ataques han incluido el asesinato de Juli\u00e1n Carrillo y otras cinco personas integrantes de su familia. En el caso de Cuetzalan, Amnist\u00eda Internacional document\u00f3 la criminalizaci\u00f3n, por parte de la Comisi\u00f3n Federal de Electricidad, en respuesta a los actos de protesta social en contra de la construcci\u00f3n de una subestaci\u00f3n el\u00e9ctrica. En el contexto de estos ataques, fue asesinado Manuel Gaspar, uno de los l\u00edderes comunitarios y quien tuvo un papel importante en las manifestaciones.<\/p>\n<!-- \/wp:paragraph -->\n\n<!-- wp:paragraph -->\n<p><br \/>En este documento se presenta una propuesta metodol\u00f3gica para facilitar la construcci\u00f3n de planes de protecci\u00f3n colectiva con enfoque comunitario en contextos de riesgo derivados de la labor de defensa de la tierra y territorio. Se trata de un dise\u00f1o participativo a partir de talleres que fueron planteados con base en la utilizaci\u00f3n de herramientas pr\u00e1cticas, como el an\u00e1lisis de contexto y la cartograf\u00eda social, conocidas y utilizadas por otras organizaciones de la sociedad civil como el Centro de Derechos Humanos Fray Francisco de Vitoria y el Comit\u00e9 Cerezo M\u00e9xico, y Brigadas Internacionales de Paz Proyecto M\u00e9xico.<\/p>\n\n<!-- wp:html -->\n<p><iframe loading=\"lazy\" class=\"embed-responsive-item\" src=\"https:\/\/amnistia.org.mx\/informes\/boton20.php\" width=\"200\" height=\"80\" frameborder=\"0\" scrolling=\"NO\" align=\"center\" allowfullscreen=\"allowfullscreen\"><\/iframe><\/p>\n<!-- \/wp:html -->\n\n<!-- wp:paragraph --><!-- \/wp:paragraph -->\n\t\t\t\t\t\t<\/div>\n\t\t\t\t<\/div>\n\t\t\t\t\t<\/div>\n\t\t<\/div>\n\t\t\t\t\t\t\t<\/div>\n\t\t<\/section>\n\t\t\t\t\t\t\t<\/div>\n\t\t","protected":false},"excerpt":{"rendered":"<p>Desde 2017, Amnist\u00eda Internacional impulsa la campa\u00f1a global Valiente que tiene como objetivo detener la ola de ataques contra quienes defienden los derechos humanos. Como parte de esta campa\u00f1a, en &hellip;<\/p>\n<p class=\"read-more\"> <a class=\"\" href=\"https:\/\/amnistia.org.mx\/contenido\/index.php\/hacia-una-proteccion-colectiva-y-comunitaria-para-personas-defensoras-de-tierra-y-territorio-en-mexico\/\"> <span class=\"screen-reader-text\">Hacia una protecci\u00f3n colectiva y comunitaria para personas defensoras de tierra y territorio en M\u00e9xico<\/span> Leer m\u00e1s &raquo;<\/a><\/p>\n","protected":false},"author":8,"featured_media":12219,"comment_status":"closed","ping_status":"closed","sticky":false,"template":"","format":"standard","meta":{"_uf_show_specific_survey":0,"_uf_disable_surveys":false,"site-sidebar-layout":"default","site-content-layout":"default","ast-global-header-display":"","ast-main-header-display":"","ast-hfb-above-header-display":"","ast-hfb-below-header-display":"","ast-hfb-mobile-header-display":"","site-post-title":"","ast-breadcrumbs-content":"","ast-featured-img":"","footer-sml-layout":"","theme-transparent-header-meta":"default","adv-header-id-meta":"","stick-header-meta":"","header-above-stick-meta":"","header-main-stick-meta":"","header-below-stick-meta":""},"categories":[17],"tags":[28,34],"acf":[],"aioseo_notices":[],"yoast_head":"<!-- This site is optimized with the Yoast SEO plugin v14.5 - https:\/\/yoast.com\/wordpress\/plugins\/seo\/ -->\n<title>Hacia una protecci\u00f3n colectiva y comunitaria para personas defensoras de tierra y territorio en M\u00e9xico - Amnist\u00eda Internacional M\u00e9xico<\/title>\n<meta name=\"description\" content=\"Desde 2017, Amnist\u00eda Internacional impulsa la campa\u00f1a global Valiente que tiene como objetivodetener la ola de ataques contra quienes defienden los derechos humanos. En este documento se presenta una propuesta metodol\u00f3gica para facilitar la construcci\u00f3n de planes de protecci\u00f3n colectiva con enfoque comunitario en contextos de riesgo derivados de la labor dedefensa de la tierra y territorio.\" \/>\n<meta name=\"robots\" content=\"index, follow\" \/>\n<meta name=\"googlebot\" content=\"index, follow, max-snippet:-1, max-image-preview:large, max-video-preview:-1\" \/>\n<meta name=\"bingbot\" content=\"index, follow, max-snippet:-1, max-image-preview:large, max-video-preview:-1\" \/>\n<link rel=\"canonical\" href=\"https:\/\/amnistia.org.mx\/contenido\/index.php\/hacia-una-proteccion-colectiva-y-comunitaria-para-personas-defensoras-de-tierra-y-territorio-en-mexico\/\" \/>\n<meta property=\"og:locale\" content=\"es_MX\" \/>\n<meta property=\"og:type\" content=\"article\" \/>\n<meta property=\"og:title\" content=\"Hacia una protecci\u00f3n colectiva y comunitaria para personas defensoras de tierra y territorio en M\u00e9xico - Amnist\u00eda Internacional M\u00e9xico\" \/>\n<meta property=\"og:description\" content=\"Desde 2017, Amnist\u00eda Internacional impulsa la campa\u00f1a global Valiente que tiene como objetivodetener la ola de ataques contra quienes defienden los derechos humanos. En este documento se presenta una propuesta metodol\u00f3gica para facilitar la construcci\u00f3n de planes de protecci\u00f3n colectiva con enfoque comunitario en contextos de riesgo derivados de la labor dedefensa de la tierra y territorio.\" \/>\n<meta property=\"og:url\" content=\"https:\/\/amnistia.org.mx\/contenido\/index.php\/hacia-una-proteccion-colectiva-y-comunitaria-para-personas-defensoras-de-tierra-y-territorio-en-mexico\/\" \/>\n<meta property=\"og:site_name\" content=\"amnistia.org.mx\" \/>\n<meta property=\"article:published_time\" content=\"2020-09-21T11:40:00+00:00\" \/>\n<meta property=\"article:modified_time\" content=\"2022-01-25T22:27:11+00:00\" \/>\n<meta property=\"og:image\" content=\"https:\/\/amnistia.org.mx\/contenido\/wp-content\/uploads\/2020\/09\/Hacia-una-protecci\u00f3n-colectiva-y-comunitaria-para-personas-defensoras-de-tierra-y-territorio-en-M\u00e9xico.png\" \/>\n\t<meta property=\"og:image:width\" content=\"1600\" \/>\n\t<meta property=\"og:image:height\" content=\"900\" \/>\n<meta name=\"twitter:card\" content=\"summary_large_image\" \/>\n<script type=\"application\/ld+json\" class=\"yoast-schema-graph\">{\"@context\":\"https:\/\/schema.org\",\"@graph\":[{\"@type\":\"WebSite\",\"@id\":\"https:\/\/amnistia.org.mx\/contenido\/#website\",\"url\":\"https:\/\/amnistia.org.mx\/contenido\/\",\"name\":\"amnistia.org.mx\",\"description\":\"Nueva p\\u00e1gina de Amnist\\u00eda\",\"potentialAction\":[{\"@type\":\"SearchAction\",\"target\":\"https:\/\/amnistia.org.mx\/contenido\/?s={search_term_string}\",\"query-input\":\"required name=search_term_string\"}],\"inLanguage\":\"es-MX\"},{\"@type\":\"ImageObject\",\"@id\":\"https:\/\/amnistia.org.mx\/contenido\/index.php\/hacia-una-proteccion-colectiva-y-comunitaria-para-personas-defensoras-de-tierra-y-territorio-en-mexico\/#primaryimage\",\"inLanguage\":\"es-MX\",\"url\":\"https:\/\/amnistia.org.mx\/contenido\/wp-content\/uploads\/2020\/09\/Hacia-una-protecci\\u00f3n-colectiva-y-comunitaria-para-personas-defensoras-de-tierra-y-territorio-en-M\\u00e9xico.png\",\"width\":1600,\"height\":900},{\"@type\":\"WebPage\",\"@id\":\"https:\/\/amnistia.org.mx\/contenido\/index.php\/hacia-una-proteccion-colectiva-y-comunitaria-para-personas-defensoras-de-tierra-y-territorio-en-mexico\/#webpage\",\"url\":\"https:\/\/amnistia.org.mx\/contenido\/index.php\/hacia-una-proteccion-colectiva-y-comunitaria-para-personas-defensoras-de-tierra-y-territorio-en-mexico\/\",\"name\":\"Hacia una protecci\\u00f3n colectiva y comunitaria para personas defensoras de tierra y territorio en M\\u00e9xico - Amnist\\u00eda Internacional M\\u00e9xico\",\"isPartOf\":{\"@id\":\"https:\/\/amnistia.org.mx\/contenido\/#website\"},\"primaryImageOfPage\":{\"@id\":\"https:\/\/amnistia.org.mx\/contenido\/index.php\/hacia-una-proteccion-colectiva-y-comunitaria-para-personas-defensoras-de-tierra-y-territorio-en-mexico\/#primaryimage\"},\"datePublished\":\"2020-09-21T11:40:00+00:00\",\"dateModified\":\"2022-01-25T22:27:11+00:00\",\"author\":{\"@id\":\"https:\/\/amnistia.org.mx\/contenido\/#\/schema\/person\/2d2b29996a9513767aea81f8ae57bdeb\"},\"description\":\"Desde 2017, Amnist\\u00eda Internacional impulsa la campa\\u00f1a global Valiente que tiene como objetivodetener la ola de ataques contra quienes defienden los derechos humanos. En este documento se presenta una propuesta metodol\\u00f3gica para facilitar la construcci\\u00f3n de planes de protecci\\u00f3n colectiva con enfoque comunitario en contextos de riesgo derivados de la labor dedefensa de la tierra y territorio.\",\"breadcrumb\":{\"@id\":\"https:\/\/amnistia.org.mx\/contenido\/index.php\/hacia-una-proteccion-colectiva-y-comunitaria-para-personas-defensoras-de-tierra-y-territorio-en-mexico\/#breadcrumb\"},\"inLanguage\":\"es-MX\",\"potentialAction\":[{\"@type\":\"ReadAction\",\"target\":[\"https:\/\/amnistia.org.mx\/contenido\/index.php\/hacia-una-proteccion-colectiva-y-comunitaria-para-personas-defensoras-de-tierra-y-territorio-en-mexico\/\"]}]},{\"@type\":\"BreadcrumbList\",\"@id\":\"https:\/\/amnistia.org.mx\/contenido\/index.php\/hacia-una-proteccion-colectiva-y-comunitaria-para-personas-defensoras-de-tierra-y-territorio-en-mexico\/#breadcrumb\",\"itemListElement\":[{\"@type\":\"ListItem\",\"position\":1,\"item\":{\"@type\":\"WebPage\",\"@id\":\"https:\/\/amnistia.org.mx\/contenido\/\",\"url\":\"https:\/\/amnistia.org.mx\/contenido\/\",\"name\":\"Home\"}},{\"@type\":\"ListItem\",\"position\":2,\"item\":{\"@type\":\"WebPage\",\"@id\":\"https:\/\/amnistia.org.mx\/contenido\/index.php\/hacia-una-proteccion-colectiva-y-comunitaria-para-personas-defensoras-de-tierra-y-territorio-en-mexico\/\",\"url\":\"https:\/\/amnistia.org.mx\/contenido\/index.php\/hacia-una-proteccion-colectiva-y-comunitaria-para-personas-defensoras-de-tierra-y-territorio-en-mexico\/\",\"name\":\"Hacia una protecci\\u00f3n colectiva y comunitaria para personas defensoras de tierra y territorio en M\\u00e9xico\"}}]},{\"@type\":[\"Person\"],\"@id\":\"https:\/\/amnistia.org.mx\/contenido\/#\/schema\/person\/2d2b29996a9513767aea81f8ae57bdeb\",\"name\":\"Carolina Flores\",\"image\":{\"@type\":\"ImageObject\",\"@id\":\"https:\/\/amnistia.org.mx\/contenido\/#personlogo\",\"inLanguage\":\"es-MX\",\"url\":\"https:\/\/secure.gravatar.com\/avatar\/e2d29811923c60594035966b365ce272?s=96&d=mm&r=g\",\"caption\":\"Carolina Flores\"}}]}<\/script>\n<!-- \/ Yoast SEO plugin. -->","_links":{"self":[{"href":"https:\/\/amnistia.org.mx\/contenido\/index.php\/wp-json\/wp\/v2\/posts\/12218"}],"collection":[{"href":"https:\/\/amnistia.org.mx\/contenido\/index.php\/wp-json\/wp\/v2\/posts"}],"about":[{"href":"https:\/\/amnistia.org.mx\/contenido\/index.php\/wp-json\/wp\/v2\/types\/post"}],"author":[{"embeddable":true,"href":"https:\/\/amnistia.org.mx\/contenido\/index.php\/wp-json\/wp\/v2\/users\/8"}],"replies":[{"embeddable":true,"href":"https:\/\/amnistia.org.mx\/contenido\/index.php\/wp-json\/wp\/v2\/comments?post=12218"}],"version-history":[{"count":11,"href":"https:\/\/amnistia.org.mx\/contenido\/index.php\/wp-json\/wp\/v2\/posts\/12218\/revisions"}],"predecessor-version":[{"id":15824,"href":"https:\/\/amnistia.org.mx\/contenido\/index.php\/wp-json\/wp\/v2\/posts\/12218\/revisions\/15824"}],"wp:featuredmedia":[{"embeddable":true,"href":"https:\/\/amnistia.org.mx\/contenido\/index.php\/wp-json\/wp\/v2\/media\/12219"}],"wp:attachment":[{"href":"https:\/\/amnistia.org.mx\/contenido\/index.php\/wp-json\/wp\/v2\/media?parent=12218"}],"wp:term":[{"taxonomy":"category","embeddable":true,"href":"https:\/\/amnistia.org.mx\/contenido\/index.php\/wp-json\/wp\/v2\/categories?post=12218"},{"taxonomy":"post_tag","embeddable":true,"href":"https:\/\/amnistia.org.mx\/contenido\/index.php\/wp-json\/wp\/v2\/tags?post=12218"}],"curies":[{"name":"wp","href":"https:\/\/api.w.org\/{rel}","templated":true}]}}