
{"id":12328,"date":"2020-09-30T19:57:07","date_gmt":"2020-09-30T19:57:07","guid":{"rendered":"https:\/\/amnistia.org.mx\/contenido\/?p=12328"},"modified":"2020-09-30T19:57:08","modified_gmt":"2020-09-30T19:57:08","slug":"america-la-region-no-debe-perder-la-oportunidad-de-liderar-la-proteccion-del-medio-ambiente","status":"publish","type":"post","link":"https:\/\/amnistia.org.mx\/contenido\/index.php\/america-la-region-no-debe-perder-la-oportunidad-de-liderar-la-proteccion-del-medio-ambiente\/","title":{"rendered":"Am\u00e9rica: La regi\u00f3n no debe perder la oportunidad de liderar la protecci\u00f3n del medio ambiente"},"content":{"rendered":"\n<p>El 26 de septiembre fue la fecha l\u00edmite para que los pa\u00edses firmaran el Acuerdo Regional sobre Acceso a la Informaci\u00f3n, Participaci\u00f3n P\u00fablica y Justicia en Materia Ambiental en Am\u00e9rica Latina y el Caribe (Acuerdo de Escaz\u00fa). Para que entre en vigor al menos once pa\u00edses deben ratificarlo, por lo que s\u00f3lo se necesita uno m\u00e1s adem\u00e1s de los diez pa\u00edses que ya lo han hecho.<\/p>\n\n\n\n<p>&#8220;Este acuerdo surge de la necesidad de atender con urgencia la emergencia clim\u00e1tica que enfrentamos. Cuando el tratado se abri\u00f3 a las firmas hace exactamente dos a\u00f1os, tambi\u00e9n surgi\u00f3 la esperanza de que Am\u00e9rica Latina y el Caribe pudieran hacer historia con una norma innovadora que contribuyera a la protecci\u00f3n del medio ambiente y de quienes lo defienden. Los pa\u00edses de la regi\u00f3n no deben perder esta importante oportunidad&#8221;, declar\u00f3 Erika Guevara-Rosas, Directora del Programa para Am\u00e9rica de Amnist\u00eda Internacional.<\/p>\n\n\n\n<p>Celebramos el hecho de que 23 pa\u00edses, que representan m\u00e1s de dos tercios de la regi\u00f3n, hayan firmado y que diez Estados hayan respondido urgentemente, como exige la crisis ambiental, ratificando el acuerdo. Pa\u00edses como Costa Rica o Santa Luc\u00eda est\u00e1n a punto de adherirse -est\u00e1 en manos de sus autoridades legislativas- y de convertirse en la ratificaci\u00f3n final necesaria para abrir la posibilidad de aplicar las pol\u00edticas necesarias para la protecci\u00f3n del medio ambiente en la regi\u00f3n y en el mundo.<\/p>\n\n\n\n<p>&#8220;A pesar de que la entrada en vigor del Acuerdo de Escaz\u00fa podr\u00eda ser un avance significativo en las pol\u00edticas de los Estados de la regi\u00f3n ante la emergencia clim\u00e1tica y la crisis de violencia contra los defensores del medio ambiente, la lentitud de algunos Estados para ratificarlo muestra la falta de inter\u00e9s en tomar medidas para crear una pol\u00edtica ambiental m\u00e1s participativa, accesible y justa que a\u00fan existe en algunos pa\u00edses de la regi\u00f3n&#8221;.<\/p>\n\n\n\n<p>Las Organizaciones de la Sociedad Civil de toda Am\u00e9rica Latina y el Caribe han formado coaliciones y han trabajado conjuntamente con un esfuerzo de coordinaci\u00f3n casi sin precedentes, con una participaci\u00f3n significativa de los j\u00f3venes, para hacer un llamamiento a los Estados de la regi\u00f3n para que firmen y ratifiquen el acuerdo.<\/p>\n\n\n\n<p>El Acuerdo de Escaz\u00fa es el primer tratado regional sobre el medio ambiente de Am\u00e9rica Latina y el Caribe. Tiene por objeto establecer nuevas normas de protecci\u00f3n del medio ambiente y los derechos humanos que garanticen el acceso a la informaci\u00f3n, la participaci\u00f3n ciudadana y el acceso a la justicia en materia de medio ambiente en la regi\u00f3n. Adem\u00e1s, es el primer tratado internacional que incluye medidas espec\u00edficas para la protecci\u00f3n de los defensores de los derechos ambientales.<\/p>\n\n\n\n<p>&#8220;La importancia de este tipo de regulaci\u00f3n para la regi\u00f3n es innegable. Colombia, Brasil, Guatemala, Honduras y M\u00e9xico figuran entre los pa\u00edses m\u00e1s peligrosos del mundo para los defensores de los derechos humanos y el medio ambiente. Aunque ha habido avances en las discusiones sobre el acuerdo en Colombia y M\u00e9xico, en Brasil, Guatemala y Honduras el retraso es tal que parece mostrar una falta de voluntad pol\u00edtica&#8221;, dijo Erika Guevara-Rosas.<\/p>\n\n\n\n<p>&#8220;En Amnist\u00eda Internacional reiteramos la importancia de la aplicaci\u00f3n de las normas internacionales para fortalecer la protecci\u00f3n del medio ambiente y de quienes lo defienden. Exhortamos a los Estados de la regi\u00f3n a que lideren la construcci\u00f3n de una pol\u00edtica ambiental m\u00e1s participativa, accesible y justa en las Am\u00e9ricas, adhiri\u00e9ndose al Acuerdo de Escaz\u00fa lo antes posible&#8221;.<\/p>\n\n\n\n<p>Los representantes de las Naciones Unidas han dicho ahora que la pandemia de COVID-19 debe ser considerada como una llamada de atenci\u00f3n para repensar nuestra relaci\u00f3n con el medio ambiente, por lo tanto, m\u00e1s que una excusa, esta crisis debe servir como una motivaci\u00f3n m\u00e1s para avanzar en la protecci\u00f3n de nuestro planeta.<\/p>\n\n\n\n<p><strong>Informaci\u00f3n adicional:<\/strong><\/p>\n\n\n\n<p>De los 23 pa\u00edses que han firmado el acuerdo, s\u00f3lo diez lo han ratificado: Antigua y Barbuda, Argentina, Bolivia, Ecuador, Guyana, Nicaragua, Panam\u00e1, San Crist\u00f3bal y Nieves, San Vicente y las Granadinas y Uruguay.<\/p>\n\n\n\n<p>Otros 12 pa\u00edses han firmado el acuerdo pero a\u00fan no lo han ratificado: Brasil, Colombia, Costa Rica, Granada, Guatemala, Hait\u00ed, Jamaica, M\u00e9xico, Paraguay, Per\u00fa, Rep\u00fablica Dominicana y Santa Luc\u00eda.<\/p>\n\n\n\n<p>En la lista de pa\u00edses que no lo han firmado ni ratificado figuran Chile, El Salvador, Cuba, Honduras, Bahamas, Barbados, Dominica, Surinam, Trinidad y Tobago y Venezuela.<\/p>\n\n\n\n<p>En su \u00faltimo informe &#8220;Defendiendo el ma\u00f1ana&#8221; la organizaci\u00f3n internacional Global Witness sit\u00faa a Colombia, Brasil, M\u00e9xico, Honduras y Guatemala en el primer, tercer, cuarto, quinto y sexto lugar, respectivamente, en cuanto al n\u00famero de asesinatos de defensores de los derechos humanos y del medio ambiente en 2019.<\/p>\n\n\n\n<p>Para obtener m\u00e1s informaci\u00f3n o concertar una entrevista, p\u00f3ngase en contacto con Duncan Tucker: +52 55 4848 8266, <a href=\"mailto:duncan.tucker@amnesty.org\">duncan.tucker@amnesty.org<\/a><\/p>\n\n\n\n<p><strong>Leer m\u00e1s:<\/strong><\/p>\n\n\n\n<p><strong>Am\u00e9rica:<\/strong> Los Estados pueden hacer historia firmando un tratado regional sobre el medio ambiente (Noticias, 27 de agosto de 2018) <a href=\"https:\/\/www.amnesty.org\/en\/latest\/news\/2018\/08\/americas-states-can-make-history-by-signing-regional-environmental-treaty\/\">https:\/\/www.amnesty.org\/en\/latest\/news\/2018\/08\/americas-states-can-make-history-by-signing-regional-environmental-treaty\/<\/a><\/p>\n","protected":false},"excerpt":{"rendered":"<p>El 26 de septiembre fue la fecha l\u00edmite para que los pa\u00edses firmaran el Acuerdo Regional sobre Acceso a la Informaci\u00f3n, Participaci\u00f3n P\u00fablica y Justicia en Materia Ambiental en Am\u00e9rica &hellip;<\/p>\n<p class=\"read-more\"> <a class=\"\" href=\"https:\/\/amnistia.org.mx\/contenido\/index.php\/america-la-region-no-debe-perder-la-oportunidad-de-liderar-la-proteccion-del-medio-ambiente\/\"> <span class=\"screen-reader-text\">Am\u00e9rica: La regi\u00f3n no debe perder la oportunidad de liderar la protecci\u00f3n del medio ambiente<\/span> Leer m\u00e1s &raquo;<\/a><\/p>\n","protected":false},"author":4,"featured_media":12329,"comment_status":"open","ping_status":"open","sticky":false,"template":"","format":"standard","meta":{"_uf_show_specific_survey":0,"_uf_disable_surveys":false,"site-sidebar-layout":"default","site-content-layout":"default","ast-global-header-display":"","ast-main-header-display":"","ast-hfb-above-header-display":"","ast-hfb-below-header-display":"","ast-hfb-mobile-header-display":"","site-post-title":"","ast-breadcrumbs-content":"","ast-featured-img":"","footer-sml-layout":"","theme-transparent-header-meta":"default","adv-header-id-meta":"","stick-header-meta":"","header-above-stick-meta":"","header-main-stick-meta":"","header-below-stick-meta":""},"categories":[9],"tags":[40],"acf":[],"aioseo_notices":[],"yoast_head":"<!-- This site is optimized with the Yoast SEO plugin v14.5 - https:\/\/yoast.com\/wordpress\/plugins\/seo\/ -->\n<title>Am\u00e9rica: La regi\u00f3n no debe perder la oportunidad de liderar la protecci\u00f3n del medio ambiente - amnistia.org.mx<\/title>\n<meta name=\"robots\" content=\"index, follow\" \/>\n<meta name=\"googlebot\" content=\"index, follow, max-snippet:-1, max-image-preview:large, max-video-preview:-1\" \/>\n<meta name=\"bingbot\" content=\"index, follow, max-snippet:-1, max-image-preview:large, max-video-preview:-1\" \/>\n<link rel=\"canonical\" href=\"https:\/\/amnistia.org.mx\/contenido\/index.php\/america-la-region-no-debe-perder-la-oportunidad-de-liderar-la-proteccion-del-medio-ambiente\/\" \/>\n<meta property=\"og:locale\" content=\"es_MX\" \/>\n<meta property=\"og:type\" content=\"article\" \/>\n<meta property=\"og:title\" content=\"Am\u00e9rica: La regi\u00f3n no debe perder la oportunidad de liderar la protecci\u00f3n del medio ambiente - amnistia.org.mx\" \/>\n<meta property=\"og:description\" content=\"El 26 de septiembre fue la fecha l\u00edmite para que los pa\u00edses firmaran el Acuerdo Regional sobre Acceso a la Informaci\u00f3n, Participaci\u00f3n P\u00fablica y Justicia en Materia Ambiental en Am\u00e9rica &hellip; Am\u00e9rica: La regi\u00f3n no debe perder la oportunidad de liderar la protecci\u00f3n del medio ambiente Leer m\u00e1s &raquo;\" \/>\n<meta property=\"og:url\" content=\"https:\/\/amnistia.org.mx\/contenido\/index.php\/america-la-region-no-debe-perder-la-oportunidad-de-liderar-la-proteccion-del-medio-ambiente\/\" \/>\n<meta property=\"og:site_name\" content=\"amnistia.org.mx\" \/>\n<meta property=\"article:published_time\" content=\"2020-09-30T19:57:07+00:00\" \/>\n<meta property=\"article:modified_time\" content=\"2020-09-30T19:57:08+00:00\" \/>\n<meta property=\"og:image\" content=\"https:\/\/amnistia.org.mx\/contenido\/wp-content\/uploads\/2020\/09\/Foto-ajustada-30-sept-20.jpg\" \/>\n\t<meta property=\"og:image:width\" content=\"563\" \/>\n\t<meta property=\"og:image:height\" content=\"375\" \/>\n<meta name=\"twitter:card\" content=\"summary_large_image\" \/>\n<script type=\"application\/ld+json\" class=\"yoast-schema-graph\">{\"@context\":\"https:\/\/schema.org\",\"@graph\":[{\"@type\":\"WebSite\",\"@id\":\"https:\/\/amnistia.org.mx\/contenido\/#website\",\"url\":\"https:\/\/amnistia.org.mx\/contenido\/\",\"name\":\"amnistia.org.mx\",\"description\":\"Nueva p\\u00e1gina de Amnist\\u00eda\",\"potentialAction\":[{\"@type\":\"SearchAction\",\"target\":\"https:\/\/amnistia.org.mx\/contenido\/?s={search_term_string}\",\"query-input\":\"required name=search_term_string\"}],\"inLanguage\":\"es-MX\"},{\"@type\":\"ImageObject\",\"@id\":\"https:\/\/amnistia.org.mx\/contenido\/index.php\/america-la-region-no-debe-perder-la-oportunidad-de-liderar-la-proteccion-del-medio-ambiente\/#primaryimage\",\"inLanguage\":\"es-MX\",\"url\":\"https:\/\/amnistia.org.mx\/contenido\/wp-content\/uploads\/2020\/09\/Foto-ajustada-30-sept-20.jpg\",\"width\":563,\"height\":375},{\"@type\":\"WebPage\",\"@id\":\"https:\/\/amnistia.org.mx\/contenido\/index.php\/america-la-region-no-debe-perder-la-oportunidad-de-liderar-la-proteccion-del-medio-ambiente\/#webpage\",\"url\":\"https:\/\/amnistia.org.mx\/contenido\/index.php\/america-la-region-no-debe-perder-la-oportunidad-de-liderar-la-proteccion-del-medio-ambiente\/\",\"name\":\"Am\\u00e9rica: La regi\\u00f3n no debe perder la oportunidad de liderar la protecci\\u00f3n del medio ambiente - amnistia.org.mx\",\"isPartOf\":{\"@id\":\"https:\/\/amnistia.org.mx\/contenido\/#website\"},\"primaryImageOfPage\":{\"@id\":\"https:\/\/amnistia.org.mx\/contenido\/index.php\/america-la-region-no-debe-perder-la-oportunidad-de-liderar-la-proteccion-del-medio-ambiente\/#primaryimage\"},\"datePublished\":\"2020-09-30T19:57:07+00:00\",\"dateModified\":\"2020-09-30T19:57:08+00:00\",\"author\":{\"@id\":\"https:\/\/amnistia.org.mx\/contenido\/#\/schema\/person\/7db421c495688267ce8ede4625c17fa5\"},\"breadcrumb\":{\"@id\":\"https:\/\/amnistia.org.mx\/contenido\/index.php\/america-la-region-no-debe-perder-la-oportunidad-de-liderar-la-proteccion-del-medio-ambiente\/#breadcrumb\"},\"inLanguage\":\"es-MX\",\"potentialAction\":[{\"@type\":\"ReadAction\",\"target\":[\"https:\/\/amnistia.org.mx\/contenido\/index.php\/america-la-region-no-debe-perder-la-oportunidad-de-liderar-la-proteccion-del-medio-ambiente\/\"]}]},{\"@type\":\"BreadcrumbList\",\"@id\":\"https:\/\/amnistia.org.mx\/contenido\/index.php\/america-la-region-no-debe-perder-la-oportunidad-de-liderar-la-proteccion-del-medio-ambiente\/#breadcrumb\",\"itemListElement\":[{\"@type\":\"ListItem\",\"position\":1,\"item\":{\"@type\":\"WebPage\",\"@id\":\"https:\/\/amnistia.org.mx\/contenido\/\",\"url\":\"https:\/\/amnistia.org.mx\/contenido\/\",\"name\":\"Home\"}},{\"@type\":\"ListItem\",\"position\":2,\"item\":{\"@type\":\"WebPage\",\"@id\":\"https:\/\/amnistia.org.mx\/contenido\/index.php\/america-la-region-no-debe-perder-la-oportunidad-de-liderar-la-proteccion-del-medio-ambiente\/\",\"url\":\"https:\/\/amnistia.org.mx\/contenido\/index.php\/america-la-region-no-debe-perder-la-oportunidad-de-liderar-la-proteccion-del-medio-ambiente\/\",\"name\":\"Am\\u00e9rica: La regi\\u00f3n no debe perder la oportunidad de liderar la protecci\\u00f3n del medio ambiente\"}}]},{\"@type\":[\"Person\"],\"@id\":\"https:\/\/amnistia.org.mx\/contenido\/#\/schema\/person\/7db421c495688267ce8ede4625c17fa5\",\"name\":\"Alejandro Ju\\u00e1rez Gamero\",\"image\":{\"@type\":\"ImageObject\",\"@id\":\"https:\/\/amnistia.org.mx\/contenido\/#personlogo\",\"inLanguage\":\"es-MX\",\"url\":\"https:\/\/secure.gravatar.com\/avatar\/e312d5566d1c3ffb56f86415d6f0e606?s=96&d=mm&r=g\",\"caption\":\"Alejandro Ju\\u00e1rez Gamero\"}}]}<\/script>\n<!-- \/ Yoast SEO plugin. -->","_links":{"self":[{"href":"https:\/\/amnistia.org.mx\/contenido\/index.php\/wp-json\/wp\/v2\/posts\/12328"}],"collection":[{"href":"https:\/\/amnistia.org.mx\/contenido\/index.php\/wp-json\/wp\/v2\/posts"}],"about":[{"href":"https:\/\/amnistia.org.mx\/contenido\/index.php\/wp-json\/wp\/v2\/types\/post"}],"author":[{"embeddable":true,"href":"https:\/\/amnistia.org.mx\/contenido\/index.php\/wp-json\/wp\/v2\/users\/4"}],"replies":[{"embeddable":true,"href":"https:\/\/amnistia.org.mx\/contenido\/index.php\/wp-json\/wp\/v2\/comments?post=12328"}],"version-history":[{"count":1,"href":"https:\/\/amnistia.org.mx\/contenido\/index.php\/wp-json\/wp\/v2\/posts\/12328\/revisions"}],"predecessor-version":[{"id":12330,"href":"https:\/\/amnistia.org.mx\/contenido\/index.php\/wp-json\/wp\/v2\/posts\/12328\/revisions\/12330"}],"wp:featuredmedia":[{"embeddable":true,"href":"https:\/\/amnistia.org.mx\/contenido\/index.php\/wp-json\/wp\/v2\/media\/12329"}],"wp:attachment":[{"href":"https:\/\/amnistia.org.mx\/contenido\/index.php\/wp-json\/wp\/v2\/media?parent=12328"}],"wp:term":[{"taxonomy":"category","embeddable":true,"href":"https:\/\/amnistia.org.mx\/contenido\/index.php\/wp-json\/wp\/v2\/categories?post=12328"},{"taxonomy":"post_tag","embeddable":true,"href":"https:\/\/amnistia.org.mx\/contenido\/index.php\/wp-json\/wp\/v2\/tags?post=12328"}],"curies":[{"name":"wp","href":"https:\/\/api.w.org\/{rel}","templated":true}]}}