
{"id":12647,"date":"2020-12-16T18:29:18","date_gmt":"2020-12-16T18:29:18","guid":{"rendered":"https:\/\/amnistia.org.mx\/contenido\/?p=12647"},"modified":"2020-12-18T20:42:55","modified_gmt":"2020-12-18T20:42:55","slug":"amnistia-internacional-impulsa-escribe-por-los-derechos-2020-la-mayor-campana-de-derechos-humanos-a-nivel-global","status":"publish","type":"post","link":"https:\/\/amnistia.org.mx\/contenido\/index.php\/amnistia-internacional-impulsa-escribe-por-los-derechos-2020-la-mayor-campana-de-derechos-humanos-a-nivel-global\/","title":{"rendered":"Amnist\u00eda Internacional impulsa Escribe por los Derechos 2020, la mayor campa\u00f1a de derechos humanos a nivel global"},"content":{"rendered":"\n<ul><li>El poder de la firma y el de la palabra son la fuerza de esta campa\u00f1a, que promueven las personas activistas en favor de diferentes causas<\/li><\/ul>\n\n\n\n<ul><li>La campa\u00f1a incluye diez casos, entre ellos el del estudiante chileno Gustavo Gatica y el de Jani Silva, defensora de tierra y medio ambiente de Colombia<\/li><\/ul>\n\n\n\n<ul><li><strong>Escribe por los derechos<\/strong> ha contribuido a cambiar la situaci\u00f3n de las personas en riesgo<\/li><\/ul>\n\n\n\n<p>Amnist\u00eda Internacional lleva a cabo su campa\u00f1a <strong>Escribe por los Derechos 2020<\/strong>, con el objetivo de dar a conocer casos emblem\u00e1ticos de violaciones a derechos humanos en diferentes partes del mundo, y para invitar a las personas a que se solidaricen con esas causas.<\/p>\n\n\n\n<p>La fuerza de <strong>Escribe por los Derechos<\/strong> radica en el poder de la firma y el de la palabra. Sobre el primer punto, la campa\u00f1a promueve el env\u00edo de peticiones a los gobiernos para que rectifiquen las injusticias contra los casos m\u00e1s representativos de violaciones a los derechos humanos de personas alrededor del mundo.<\/p>\n\n\n\n<p>La campa\u00f1a promueve tambi\u00e9n la escritura de cartas, correos electr\u00f3nicos, tuits, mensajes en Facebook y tarjetas postales, con palabras de aliento que son dirigidas precisamente a las personas cuyos derechos humanos han sido vulnerados.<\/p>\n\n\n\n<p>Cabe destacar que en el caso del joven chileno Gustavo Gatica, incluido en la campa\u00f1a de este a\u00f1o, se hizo una sesi\u00f3n especial de Jueves Activos en la que los mensajes de solidaridad que se le enviaron fueron musicalizados por la DJ Alejaina, la sesi\u00f3n puede verse en la siguiente liga: <a href=\"https:\/\/fb.watch\/2q0Z9WFNsc\/\">https:\/\/fb.watch\/2q0Z9WFNsc\/<\/a> El ingenio y la creatividad es otra de las caracter\u00edsticas de <strong>Escribe por los Derechos<\/strong>.<\/p>\n\n\n\n<p>\u201cLa solidaridad expresada en los mensajes sorprende a las personas que los reciben, as\u00ed nos lo han manifestado, sobre todo porque provienen de pa\u00edses muy diversos y lejanos. Este apoyo representa mucho para ellas en la situaci\u00f3n por la que atraviesan y da un gran impulso para su causa\u201d, declar\u00f3 Tania Reneaum Panszi, Directora Ejecutiva de Amnist\u00eda Internacional M\u00e9xico.<\/p>\n\n\n\n<p>El poder de la firma y de la escritura crea adem\u00e1s un sentido de comunidad entre las personas que se suman en la lucha por la defensa de una causa.<\/p>\n\n\n\n<p>Miles de activistas de Amnist\u00eda Internacional se movilizan en todo el mundo haciendo que <strong>Escribe por los Derechos<\/strong> sea la mayor campa\u00f1a de derechos humanos a nivel global.<\/p>\n\n\n\n<p><strong>Escribe por los Derechos 2020<\/strong> incluye diez casos, dos de ellos del Continente Americano, el del estudiante Gustavo Gatica, de Chile y el de Jani Silva, persona defensora de la tierra y el medio ambiente en Colombia. Incluye adem\u00e1s a Nassima Al-Sada, de Arabia Saudita; el caso de las personas defensoras de los derechos de la comunidad LGBTI+ de la Universidad T\u00e9cnica de Medio Oriente (METU) en Turqu\u00eda y el de las j\u00f3venes sudafricanas Popi y Bongeka.<\/p>\n\n\n\n<p>La informaci\u00f3n de todos los casos puede ser consultada en la siguiente liga: <a href=\"https:\/\/maratonamnistia.org.mx\/\" target=\"_blank\" aria-label=\"undefined (abre en una nueva pesta\u00f1a)\" rel=\"noreferrer noopener\">Escribe por los Derechos 2020<\/a>, donde las personas pueden firmar las peticiones de apoyo para cada uno, as\u00ed como enviar cartas de apoyo.<\/p>\n\n\n\n<p>Por ejemplo, el caso ya referido del joven <a href=\"https:\/\/www.amnesty.org\/es\/get-involved\/take-action\/w4r-2020-chile-gustavo-gatica\/\">Gustavo Gatica<\/a>, estudiante de psicolog\u00eda, tiene como contexto las protestas ocurridas en Chile en 2019, por el aumento de los precios y la desigualdad.<\/p>\n\n\n\n<p>Gustavo qued\u00f3 ciego de manera permanente luego de que la polic\u00eda reprimiera violentamente una marcha en la que el joven particip\u00f3 el 8 de noviembre de 2019. La polic\u00eda carg\u00f3 sus escopetas con munici\u00f3n de goma y metal y dispar\u00f3 a la multitud reunida. Gustavo fue alcanzado en ambos ojos.<\/p>\n\n\n\n<p>Amnist\u00eda Internacional pide que se lleve a cabo una investigaci\u00f3n completa sobre los sucesos que condujeron a las lesiones de Gustavo, y que se haga rendir cuentas a los oficiales al mando.<\/p>\n\n\n\n<p><strong>Logros de la campa\u00f1a<\/strong><\/p>\n\n\n\n<p>El env\u00edo de peticiones a los gobiernos ha contribuido de manera importante a cambiar la situaci\u00f3n de las personas. Por ejemplo, el 14 de julio de este a\u00f1o fue anulada la pena de muerte contra el joven sudan\u00e9s Magai Matiop Ngong, cuyo caso fue incluido en <strong>Escribe por los Derechos 2019<\/strong>.<\/p>\n\n\n\n<p>Al intentar impedir que su primo peleara con otra persona, Magai dispar\u00f3 el arma de su padre hacia el suelo a modo de advertencia. Sin embargo, la bala rebot\u00f3 contra el piso y alcanz\u00f3 a su primo, quien muri\u00f3 m\u00e1s tarde en el hospital. Los hechos ocurrieron cuando Magai ten\u00eda 15 a\u00f1os, y fue juzgado por asesinato sin contar con un abogado. Fue declarado culpable y condenado a muerte.<\/p>\n\n\n\n<p>Amnist\u00eda Internacional se\u00f1al\u00f3 en su investigaci\u00f3n que la pena de muerte se usa de forma desproporcionada contra las personas pobres y desfavorecidas. De acuerdo con el derecho internacional, y con las leyes de Sud\u00e1n del Sur, condenar a muerte a un ni\u00f1o o ni\u00f1a es ilegal.<\/p>\n\n\n\n<p>M\u00e1s de 765 mil personas actuaron y escribieron al gobierno de Sud\u00e1n del Sur para expresar su solidaridad con Magai. El Tribunal de Apelaci\u00f3n de Sud\u00e1n del Sur finalmente anul\u00f3 la condena a muerte dictada contra Magai porque \u00e9ste era un ni\u00f1o en el momento del crimen, y envi\u00f3 su caso de vuelta al Tribunal Superior para que dictara una condena adecuada.<\/p>\n\n\n\n<p>La movilizaci\u00f3n global de cientos de activistas de Amnist\u00eda Internacional que participan en Escribe por los Derechos ha contribuido a cambiar las vidas de personas en riesgo. En 2019, las personas activistas realizaron m\u00e1s de seis millones y medio de acciones en favor de diferentes causas.<\/p>\n\n\n\n<p><strong>Si desean m\u00e1s informaci\u00f3n o concertar entrevistas, pueden contactar con:<\/strong><\/p>\n\n\n\n<p>Alejandro Ju\u00e1rez Gamero, Responsable de Prensa de Amnist\u00eda Internacional M\u00e9xico: 55 2265 4331, <a href=\"mailto:prensa@amnistia.org.mx\">prensa@amnistia.org.mx<\/a><\/p>\n","protected":false},"excerpt":{"rendered":"<p>El poder de la firma y el de la palabra son la fuerza de esta campa\u00f1a, que promueven las personas activistas en favor de diferentes causas La campa\u00f1a incluye diez &hellip;<\/p>\n<p class=\"read-more\"> <a class=\"\" href=\"https:\/\/amnistia.org.mx\/contenido\/index.php\/amnistia-internacional-impulsa-escribe-por-los-derechos-2020-la-mayor-campana-de-derechos-humanos-a-nivel-global\/\"> <span class=\"screen-reader-text\">Amnist\u00eda Internacional impulsa Escribe por los Derechos 2020, la mayor campa\u00f1a de derechos humanos a nivel global<\/span> Leer m\u00e1s &raquo;<\/a><\/p>\n","protected":false},"author":4,"featured_media":2225,"comment_status":"open","ping_status":"open","sticky":false,"template":"","format":"standard","meta":{"_uf_show_specific_survey":0,"_uf_disable_surveys":false,"site-sidebar-layout":"default","site-content-layout":"default","ast-global-header-display":"","ast-main-header-display":"","ast-hfb-above-header-display":"","ast-hfb-below-header-display":"","ast-hfb-mobile-header-display":"","site-post-title":"","ast-breadcrumbs-content":"","ast-featured-img":"","footer-sml-layout":"","theme-transparent-header-meta":"default","adv-header-id-meta":"","stick-header-meta":"","header-above-stick-meta":"","header-main-stick-meta":"","header-below-stick-meta":""},"categories":[20],"tags":[28],"acf":[],"aioseo_notices":[],"yoast_head":"<!-- This site is optimized with the Yoast SEO plugin v14.5 - https:\/\/yoast.com\/wordpress\/plugins\/seo\/ -->\n<title>Amnist\u00eda Internacional impulsa Escribe por los Derechos 2020, la mayor campa\u00f1a de derechos humanos a nivel global - amnistia.org.mx<\/title>\n<meta name=\"robots\" content=\"index, follow\" \/>\n<meta name=\"googlebot\" content=\"index, follow, max-snippet:-1, max-image-preview:large, max-video-preview:-1\" \/>\n<meta name=\"bingbot\" content=\"index, follow, max-snippet:-1, max-image-preview:large, max-video-preview:-1\" \/>\n<link rel=\"canonical\" href=\"https:\/\/amnistia.org.mx\/contenido\/index.php\/amnistia-internacional-impulsa-escribe-por-los-derechos-2020-la-mayor-campana-de-derechos-humanos-a-nivel-global\/\" \/>\n<meta property=\"og:locale\" content=\"es_MX\" \/>\n<meta property=\"og:type\" content=\"article\" \/>\n<meta property=\"og:title\" content=\"Amnist\u00eda Internacional impulsa Escribe por los Derechos 2020, la mayor campa\u00f1a de derechos humanos a nivel global - amnistia.org.mx\" \/>\n<meta property=\"og:description\" content=\"El poder de la firma y el de la palabra son la fuerza de esta campa\u00f1a, que promueven las personas activistas en favor de diferentes causas La campa\u00f1a incluye diez &hellip; Amnist\u00eda Internacional impulsa Escribe por los Derechos 2020, la mayor campa\u00f1a de derechos humanos a nivel global Leer m\u00e1s &raquo;\" \/>\n<meta property=\"og:url\" content=\"https:\/\/amnistia.org.mx\/contenido\/index.php\/amnistia-internacional-impulsa-escribe-por-los-derechos-2020-la-mayor-campana-de-derechos-humanos-a-nivel-global\/\" \/>\n<meta property=\"og:site_name\" content=\"amnistia.org.mx\" \/>\n<meta property=\"article:published_time\" content=\"2020-12-16T18:29:18+00:00\" \/>\n<meta property=\"article:modified_time\" content=\"2020-12-18T20:42:55+00:00\" \/>\n<meta property=\"og:image\" content=\"https:\/\/amnistia.org.mx\/contenido\/wp-content\/uploads\/2020\/01\/Prensa-scaled.jpg\" \/>\n\t<meta property=\"og:image:width\" content=\"2560\" \/>\n\t<meta property=\"og:image:height\" content=\"1707\" \/>\n<meta name=\"twitter:card\" content=\"summary_large_image\" \/>\n<script type=\"application\/ld+json\" class=\"yoast-schema-graph\">{\"@context\":\"https:\/\/schema.org\",\"@graph\":[{\"@type\":\"WebSite\",\"@id\":\"https:\/\/amnistia.org.mx\/contenido\/#website\",\"url\":\"https:\/\/amnistia.org.mx\/contenido\/\",\"name\":\"amnistia.org.mx\",\"description\":\"Nueva p\\u00e1gina de Amnist\\u00eda\",\"potentialAction\":[{\"@type\":\"SearchAction\",\"target\":\"https:\/\/amnistia.org.mx\/contenido\/?s={search_term_string}\",\"query-input\":\"required name=search_term_string\"}],\"inLanguage\":\"es-MX\"},{\"@type\":\"ImageObject\",\"@id\":\"https:\/\/amnistia.org.mx\/contenido\/index.php\/amnistia-internacional-impulsa-escribe-por-los-derechos-2020-la-mayor-campana-de-derechos-humanos-a-nivel-global\/#primaryimage\",\"inLanguage\":\"es-MX\",\"url\":\"https:\/\/amnistia.org.mx\/contenido\/wp-content\/uploads\/2020\/01\/Prensa-scaled.jpg\",\"width\":2560,\"height\":1707},{\"@type\":\"WebPage\",\"@id\":\"https:\/\/amnistia.org.mx\/contenido\/index.php\/amnistia-internacional-impulsa-escribe-por-los-derechos-2020-la-mayor-campana-de-derechos-humanos-a-nivel-global\/#webpage\",\"url\":\"https:\/\/amnistia.org.mx\/contenido\/index.php\/amnistia-internacional-impulsa-escribe-por-los-derechos-2020-la-mayor-campana-de-derechos-humanos-a-nivel-global\/\",\"name\":\"Amnist\\u00eda Internacional impulsa Escribe por los Derechos 2020, la mayor campa\\u00f1a de derechos humanos a nivel global - amnistia.org.mx\",\"isPartOf\":{\"@id\":\"https:\/\/amnistia.org.mx\/contenido\/#website\"},\"primaryImageOfPage\":{\"@id\":\"https:\/\/amnistia.org.mx\/contenido\/index.php\/amnistia-internacional-impulsa-escribe-por-los-derechos-2020-la-mayor-campana-de-derechos-humanos-a-nivel-global\/#primaryimage\"},\"datePublished\":\"2020-12-16T18:29:18+00:00\",\"dateModified\":\"2020-12-18T20:42:55+00:00\",\"author\":{\"@id\":\"https:\/\/amnistia.org.mx\/contenido\/#\/schema\/person\/7db421c495688267ce8ede4625c17fa5\"},\"breadcrumb\":{\"@id\":\"https:\/\/amnistia.org.mx\/contenido\/index.php\/amnistia-internacional-impulsa-escribe-por-los-derechos-2020-la-mayor-campana-de-derechos-humanos-a-nivel-global\/#breadcrumb\"},\"inLanguage\":\"es-MX\",\"potentialAction\":[{\"@type\":\"ReadAction\",\"target\":[\"https:\/\/amnistia.org.mx\/contenido\/index.php\/amnistia-internacional-impulsa-escribe-por-los-derechos-2020-la-mayor-campana-de-derechos-humanos-a-nivel-global\/\"]}]},{\"@type\":\"BreadcrumbList\",\"@id\":\"https:\/\/amnistia.org.mx\/contenido\/index.php\/amnistia-internacional-impulsa-escribe-por-los-derechos-2020-la-mayor-campana-de-derechos-humanos-a-nivel-global\/#breadcrumb\",\"itemListElement\":[{\"@type\":\"ListItem\",\"position\":1,\"item\":{\"@type\":\"WebPage\",\"@id\":\"https:\/\/amnistia.org.mx\/contenido\/\",\"url\":\"https:\/\/amnistia.org.mx\/contenido\/\",\"name\":\"Home\"}},{\"@type\":\"ListItem\",\"position\":2,\"item\":{\"@type\":\"WebPage\",\"@id\":\"https:\/\/amnistia.org.mx\/contenido\/index.php\/amnistia-internacional-impulsa-escribe-por-los-derechos-2020-la-mayor-campana-de-derechos-humanos-a-nivel-global\/\",\"url\":\"https:\/\/amnistia.org.mx\/contenido\/index.php\/amnistia-internacional-impulsa-escribe-por-los-derechos-2020-la-mayor-campana-de-derechos-humanos-a-nivel-global\/\",\"name\":\"Amnist\\u00eda Internacional impulsa Escribe por los Derechos 2020, la mayor campa\\u00f1a de derechos humanos a nivel global\"}}]},{\"@type\":[\"Person\"],\"@id\":\"https:\/\/amnistia.org.mx\/contenido\/#\/schema\/person\/7db421c495688267ce8ede4625c17fa5\",\"name\":\"Alejandro Ju\\u00e1rez Gamero\",\"image\":{\"@type\":\"ImageObject\",\"@id\":\"https:\/\/amnistia.org.mx\/contenido\/#personlogo\",\"inLanguage\":\"es-MX\",\"url\":\"https:\/\/secure.gravatar.com\/avatar\/e312d5566d1c3ffb56f86415d6f0e606?s=96&d=mm&r=g\",\"caption\":\"Alejandro Ju\\u00e1rez Gamero\"}}]}<\/script>\n<!-- \/ Yoast SEO plugin. -->","_links":{"self":[{"href":"https:\/\/amnistia.org.mx\/contenido\/index.php\/wp-json\/wp\/v2\/posts\/12647"}],"collection":[{"href":"https:\/\/amnistia.org.mx\/contenido\/index.php\/wp-json\/wp\/v2\/posts"}],"about":[{"href":"https:\/\/amnistia.org.mx\/contenido\/index.php\/wp-json\/wp\/v2\/types\/post"}],"author":[{"embeddable":true,"href":"https:\/\/amnistia.org.mx\/contenido\/index.php\/wp-json\/wp\/v2\/users\/4"}],"replies":[{"embeddable":true,"href":"https:\/\/amnistia.org.mx\/contenido\/index.php\/wp-json\/wp\/v2\/comments?post=12647"}],"version-history":[{"count":3,"href":"https:\/\/amnistia.org.mx\/contenido\/index.php\/wp-json\/wp\/v2\/posts\/12647\/revisions"}],"predecessor-version":[{"id":12697,"href":"https:\/\/amnistia.org.mx\/contenido\/index.php\/wp-json\/wp\/v2\/posts\/12647\/revisions\/12697"}],"wp:featuredmedia":[{"embeddable":true,"href":"https:\/\/amnistia.org.mx\/contenido\/index.php\/wp-json\/wp\/v2\/media\/2225"}],"wp:attachment":[{"href":"https:\/\/amnistia.org.mx\/contenido\/index.php\/wp-json\/wp\/v2\/media?parent=12647"}],"wp:term":[{"taxonomy":"category","embeddable":true,"href":"https:\/\/amnistia.org.mx\/contenido\/index.php\/wp-json\/wp\/v2\/categories?post=12647"},{"taxonomy":"post_tag","embeddable":true,"href":"https:\/\/amnistia.org.mx\/contenido\/index.php\/wp-json\/wp\/v2\/tags?post=12647"}],"curies":[{"name":"wp","href":"https:\/\/api.w.org\/{rel}","templated":true}]}}