
{"id":12690,"date":"2020-12-18T19:56:29","date_gmt":"2020-12-18T19:56:29","guid":{"rendered":"https:\/\/amnistia.org.mx\/contenido\/?p=12690"},"modified":"2020-12-18T20:23:59","modified_gmt":"2020-12-18T20:23:59","slug":"turquia-los-estudiantes-que-se-enfrentan-a-tres-anos-de-carcel-por-celebrar-el-orgullo-deben-ser-absueltos","status":"publish","type":"post","link":"https:\/\/amnistia.org.mx\/contenido\/index.php\/turquia-los-estudiantes-que-se-enfrentan-a-tres-anos-de-carcel-por-celebrar-el-orgullo-deben-ser-absueltos\/","title":{"rendered":"Turqu\u00eda: Los estudiantes que se enfrentan a tres a\u00f1os de c\u00e1rcel por celebrar el orgullo deben ser absueltos"},"content":{"rendered":"\n<p>Destacadas organizaciones de derechos humanos se han reunido <a href=\"https:\/\/maratonamnistia.org.mx\/defensorxs-orgullo-metu\" target=\"_blank\" aria-label=\"undefined (abre en una nueva pesta\u00f1a)\" rel=\"noreferrer noopener\">para exigir la absoluci\u00f3n de 19 defensores de los derechos humanos por su participaci\u00f3n en un desfile del Orgullo en 2019.<\/a><\/p>\n\n\n\n<p>Las 18 personas estudiantes y un acad\u00e9mico de la <strong>Universidad T\u00e9cnica de Oriente Medio (METU)<\/strong> se enfrentan a penas de prisi\u00f3n de hasta tres a\u00f1os simplemente por organizar y participar en una marcha del Orgullo en el campus que la direcci\u00f3n de la Universidad hab\u00eda prohibido ilegalmente.<\/p>\n\n\n\n<p>&#8220;En el verano de 2019, los estudiantes y otras personas que participaron pac\u00edficamente en una celebraci\u00f3n de amor y solidaridad fueron recibidos con spray de pimienta de la polic\u00eda, balas de pl\u00e1stico y gas lacrim\u00f3geno. Diecinueve de esas personas tambi\u00e9n han sido arrastradas a los tribunales por cargos penales infundados y se enfrentan a absurdas condenas de c\u00e1rcel&#8221;, ha declarado Nils Muzieks, director del Programa Regional para Europa de Amnist\u00eda Internacional.<\/p>\n\n\n\n<p>&#8220;La prohibici\u00f3n de la<strong> Marcha del Orgullo<\/strong> carec\u00eda de fundamento jur\u00eddico y a estos valientes estudiantes que la desafiaron se les violaron sus derechos a la libertad de expresi\u00f3n y de reuni\u00f3n pac\u00edfica. Deben ser absueltos&#8221;.<\/p>\n\n\n\n<p>Las 19 personas est\u00e1n acusadas de &#8220;participar en una reuni\u00f3n ilegal&#8221; y &#8220;no dispersarse a pesar de haber sido advertidas&#8221;. Esto a pesar de que en febrero de 2019 el Tribunal Administrativo de Apelaciones de Ankara hab\u00eda levantado la prohibici\u00f3n general que prohib\u00eda todas las actividades de las personas LGBTI+ en Ankara, introducida en virtud del estado de emergencia, en la que se bas\u00f3 la direcci\u00f3n de la Universidad como base jur\u00eddica para impedir que siguiera adelante la Marcha del Orgullo anual en el campus.<\/p>\n\n\n\n<p>A pesar de los llamamientos para asegurar que la marcha siguiera adelante, las autoridades de la universidad llamaron a la polic\u00eda para dispersar a los estudiantes ese d\u00eda. Mientras se sentaban pac\u00edficamente en el c\u00e9sped, las y los estudiantes fueron recibidos con spray de pimienta, balas de pl\u00e1stico y gas lacrim\u00f3geno. Varios resultaron heridos, muchos fueron detenidos arbitrariamente.<\/p>\n\n\n\n<p>Un a\u00f1o m\u00e1s tarde, en junio de 2020, otro tribunal administrativo de Ankara anul\u00f3 la prohibici\u00f3n ilegal de la universidad, confirmando que no ten\u00eda fundamento jur\u00eddico.<\/p>\n\n\n\n<p>&#8220;Con el tel\u00f3n de fondo de la creciente homofobia en Turqu\u00eda, las y los estudiantes y el personal del METU han marchado por su campus cada a\u00f1o para celebrar el orgullo y exigir igualdad y dignidad para las personas LGBTI+, ya que tienen derecho a hacerlo&#8221;, dijo Nils Mui\u017enieks.<\/p>\n\n\n\n<p>&#8220;El \u00fanico resultado justo del injusto enjuiciamiento de 19 defensoras y defensores de los derechos humanos por su participaci\u00f3n en una marcha pac\u00edfica del Orgullo es su absoluci\u00f3n total&#8221;.<\/p>\n\n\n\n<figure class=\"wp-block-image size-large\"><img decoding=\"async\" loading=\"lazy\" width=\"1024\" height=\"681\" src=\"https:\/\/amnistia.org.mx\/contenido\/wp-content\/uploads\/2020\/12\/271474-1024x681.jpg\" alt=\"\" class=\"wp-image-12692\"\/><\/figure>\n\n\n\n<p><\/p>\n\n\n\n<p>Para m\u00e1s informaci\u00f3n o para concertar una entrevista contacte con: stefan.simanowitz@amnesty.org +44 2030365599<\/p>\n\n\n\n<p><strong>Antecedentes<\/strong><\/p>\n\n\n\n<p>El caso de las y los estudiantes de la METU es parte de la campa\u00f1a insignia de Amnist\u00eda <a href=\"https:\/\/maratonamnistia.org.mx\/defensorxs-orgullo-metu\" target=\"_blank\" aria-label=\"undefined (abre en una nueva pesta\u00f1a)\" rel=\"noreferrer noopener\">&#8220;Escribe por los Derechos&#8221;<\/a> lanzada el mes pasado. V\u00e9ase https:\/\/www.amnesty.org\/en\/latest\/news\/2020\/11\/write-for-rights-a-chance-for-governments-to-stand-up-for-humanity\/<\/p>\n\n\n\n<p>Haga clic aqu\u00ed https:\/\/www.amnesty. org\/es\/documents\/eur44\/3432\/2020\/es\/ para la declaraci\u00f3n firmada por Agir ensemble pour les droits humains, Amnist\u00eda Internacional, Civil Rights Defenders, Front Line Defenders, Human Rights Without Frontiers, ILGA-Europe &#8211; la Regi\u00f3n Europea de la Asociaci\u00f3n Internacional de Lesbianas, Gays, Bisexuales, Trans e Intersexuales, Federaci\u00f3n Internacional de Derechos Humanos (FIDH), en el marco del Observatorio para la Protecci\u00f3n de los Defensores de los Derechos Humanos, Comit\u00e9 de Helsinki de los Pa\u00edses Bajos, Organizaci\u00f3n Mundial contra la Tortura (OMCT), en el marco del Observatorio para la Protecci\u00f3n de los Defensores de los Derechos Humano<\/p>\n","protected":false},"excerpt":{"rendered":"<p>Destacadas organizaciones de derechos humanos se han reunido para exigir la absoluci\u00f3n de 19 defensores de los derechos humanos por su participaci\u00f3n en un desfile del Orgullo en 2019. Las &hellip;<\/p>\n<p class=\"read-more\"> <a class=\"\" href=\"https:\/\/amnistia.org.mx\/contenido\/index.php\/turquia-los-estudiantes-que-se-enfrentan-a-tres-anos-de-carcel-por-celebrar-el-orgullo-deben-ser-absueltos\/\"> <span class=\"screen-reader-text\">Turqu\u00eda: Los estudiantes que se enfrentan a tres a\u00f1os de c\u00e1rcel por celebrar el orgullo deben ser absueltos<\/span> Leer m\u00e1s &raquo;<\/a><\/p>\n","protected":false},"author":8,"featured_media":12691,"comment_status":"open","ping_status":"open","sticky":false,"template":"","format":"standard","meta":{"_uf_show_specific_survey":0,"_uf_disable_surveys":false,"site-sidebar-layout":"default","site-content-layout":"default","ast-global-header-display":"","ast-main-header-display":"","ast-hfb-above-header-display":"","ast-hfb-below-header-display":"","ast-hfb-mobile-header-display":"","site-post-title":"","ast-breadcrumbs-content":"","ast-featured-img":"","footer-sml-layout":"","theme-transparent-header-meta":"default","adv-header-id-meta":"","stick-header-meta":"","header-above-stick-meta":"","header-main-stick-meta":"","header-below-stick-meta":""},"categories":[9],"tags":[25],"acf":[],"aioseo_notices":[],"yoast_head":"<!-- This site is optimized with the Yoast SEO plugin v14.5 - https:\/\/yoast.com\/wordpress\/plugins\/seo\/ -->\n<title>Turqu\u00eda: Los estudiantes que se enfrentan a tres a\u00f1os de c\u00e1rcel por celebrar el orgullo deben ser absueltos - amnistia.org.mx<\/title>\n<meta name=\"description\" content=\"Las 18 personas estudiantes y un acad\u00e9mico de la Universidad T\u00e9cnica de Oriente Medio (METU) se enfrentan a penas de prisi\u00f3n de hasta tres a\u00f1os simplemente por organizar y participar en una marcha del Orgullo en el campus que la direcci\u00f3n de la Universidad hab\u00eda prohibido ilegalmente.\" \/>\n<meta name=\"robots\" content=\"index, follow\" \/>\n<meta name=\"googlebot\" content=\"index, follow, max-snippet:-1, max-image-preview:large, max-video-preview:-1\" \/>\n<meta name=\"bingbot\" content=\"index, follow, max-snippet:-1, max-image-preview:large, max-video-preview:-1\" \/>\n<link rel=\"canonical\" href=\"https:\/\/amnistia.org.mx\/contenido\/index.php\/turquia-los-estudiantes-que-se-enfrentan-a-tres-anos-de-carcel-por-celebrar-el-orgullo-deben-ser-absueltos\/\" \/>\n<meta property=\"og:locale\" content=\"es_MX\" \/>\n<meta property=\"og:type\" content=\"article\" \/>\n<meta property=\"og:title\" content=\"Turqu\u00eda: Los estudiantes que se enfrentan a tres a\u00f1os de c\u00e1rcel por celebrar el orgullo deben ser absueltos - amnistia.org.mx\" \/>\n<meta property=\"og:description\" content=\"Las 18 personas estudiantes y un acad\u00e9mico de la Universidad T\u00e9cnica de Oriente Medio (METU) se enfrentan a penas de prisi\u00f3n de hasta tres a\u00f1os simplemente por organizar y participar en una marcha del Orgullo en el campus que la direcci\u00f3n de la Universidad hab\u00eda prohibido ilegalmente.\" \/>\n<meta property=\"og:url\" content=\"https:\/\/amnistia.org.mx\/contenido\/index.php\/turquia-los-estudiantes-que-se-enfrentan-a-tres-anos-de-carcel-por-celebrar-el-orgullo-deben-ser-absueltos\/\" \/>\n<meta property=\"og:site_name\" content=\"amnistia.org.mx\" \/>\n<meta property=\"article:published_time\" content=\"2020-12-18T19:56:29+00:00\" \/>\n<meta property=\"article:modified_time\" content=\"2020-12-18T20:23:59+00:00\" \/>\n<meta property=\"og:image\" content=\"https:\/\/amnistia.org.mx\/contenido\/wp-content\/uploads\/2020\/12\/AMNISTIA-INTERNACIONAL-METU-1024x576.png\" \/>\n\t<meta property=\"og:image:width\" content=\"1024\" \/>\n\t<meta property=\"og:image:height\" content=\"576\" \/>\n<meta name=\"twitter:card\" content=\"summary_large_image\" \/>\n<script type=\"application\/ld+json\" class=\"yoast-schema-graph\">{\"@context\":\"https:\/\/schema.org\",\"@graph\":[{\"@type\":\"WebSite\",\"@id\":\"https:\/\/amnistia.org.mx\/contenido\/#website\",\"url\":\"https:\/\/amnistia.org.mx\/contenido\/\",\"name\":\"amnistia.org.mx\",\"description\":\"Nueva p\\u00e1gina de Amnist\\u00eda\",\"potentialAction\":[{\"@type\":\"SearchAction\",\"target\":\"https:\/\/amnistia.org.mx\/contenido\/?s={search_term_string}\",\"query-input\":\"required name=search_term_string\"}],\"inLanguage\":\"es-MX\"},{\"@type\":\"ImageObject\",\"@id\":\"https:\/\/amnistia.org.mx\/contenido\/index.php\/turquia-los-estudiantes-que-se-enfrentan-a-tres-anos-de-carcel-por-celebrar-el-orgullo-deben-ser-absueltos\/#primaryimage\",\"inLanguage\":\"es-MX\",\"url\":\"https:\/\/amnistia.org.mx\/contenido\/wp-content\/uploads\/2020\/12\/AMNISTIA-INTERNACIONAL-METU.png\",\"width\":1600,\"height\":900},{\"@type\":\"WebPage\",\"@id\":\"https:\/\/amnistia.org.mx\/contenido\/index.php\/turquia-los-estudiantes-que-se-enfrentan-a-tres-anos-de-carcel-por-celebrar-el-orgullo-deben-ser-absueltos\/#webpage\",\"url\":\"https:\/\/amnistia.org.mx\/contenido\/index.php\/turquia-los-estudiantes-que-se-enfrentan-a-tres-anos-de-carcel-por-celebrar-el-orgullo-deben-ser-absueltos\/\",\"name\":\"Turqu\\u00eda: Los estudiantes que se enfrentan a tres a\\u00f1os de c\\u00e1rcel por celebrar el orgullo deben ser absueltos - amnistia.org.mx\",\"isPartOf\":{\"@id\":\"https:\/\/amnistia.org.mx\/contenido\/#website\"},\"primaryImageOfPage\":{\"@id\":\"https:\/\/amnistia.org.mx\/contenido\/index.php\/turquia-los-estudiantes-que-se-enfrentan-a-tres-anos-de-carcel-por-celebrar-el-orgullo-deben-ser-absueltos\/#primaryimage\"},\"datePublished\":\"2020-12-18T19:56:29+00:00\",\"dateModified\":\"2020-12-18T20:23:59+00:00\",\"author\":{\"@id\":\"https:\/\/amnistia.org.mx\/contenido\/#\/schema\/person\/2d2b29996a9513767aea81f8ae57bdeb\"},\"description\":\"Las 18 personas estudiantes y un acad\\u00e9mico de la Universidad T\\u00e9cnica de Oriente Medio (METU) se enfrentan a penas de prisi\\u00f3n de hasta tres a\\u00f1os simplemente por organizar y participar en una marcha del Orgullo en el campus que la direcci\\u00f3n de la Universidad hab\\u00eda prohibido ilegalmente.\",\"breadcrumb\":{\"@id\":\"https:\/\/amnistia.org.mx\/contenido\/index.php\/turquia-los-estudiantes-que-se-enfrentan-a-tres-anos-de-carcel-por-celebrar-el-orgullo-deben-ser-absueltos\/#breadcrumb\"},\"inLanguage\":\"es-MX\",\"potentialAction\":[{\"@type\":\"ReadAction\",\"target\":[\"https:\/\/amnistia.org.mx\/contenido\/index.php\/turquia-los-estudiantes-que-se-enfrentan-a-tres-anos-de-carcel-por-celebrar-el-orgullo-deben-ser-absueltos\/\"]}]},{\"@type\":\"BreadcrumbList\",\"@id\":\"https:\/\/amnistia.org.mx\/contenido\/index.php\/turquia-los-estudiantes-que-se-enfrentan-a-tres-anos-de-carcel-por-celebrar-el-orgullo-deben-ser-absueltos\/#breadcrumb\",\"itemListElement\":[{\"@type\":\"ListItem\",\"position\":1,\"item\":{\"@type\":\"WebPage\",\"@id\":\"https:\/\/amnistia.org.mx\/contenido\/\",\"url\":\"https:\/\/amnistia.org.mx\/contenido\/\",\"name\":\"Home\"}},{\"@type\":\"ListItem\",\"position\":2,\"item\":{\"@type\":\"WebPage\",\"@id\":\"https:\/\/amnistia.org.mx\/contenido\/index.php\/turquia-los-estudiantes-que-se-enfrentan-a-tres-anos-de-carcel-por-celebrar-el-orgullo-deben-ser-absueltos\/\",\"url\":\"https:\/\/amnistia.org.mx\/contenido\/index.php\/turquia-los-estudiantes-que-se-enfrentan-a-tres-anos-de-carcel-por-celebrar-el-orgullo-deben-ser-absueltos\/\",\"name\":\"Turqu\\u00eda: Los estudiantes que se enfrentan a tres a\\u00f1os de c\\u00e1rcel por celebrar el orgullo deben ser absueltos\"}}]},{\"@type\":[\"Person\"],\"@id\":\"https:\/\/amnistia.org.mx\/contenido\/#\/schema\/person\/2d2b29996a9513767aea81f8ae57bdeb\",\"name\":\"Carolina Flores\",\"image\":{\"@type\":\"ImageObject\",\"@id\":\"https:\/\/amnistia.org.mx\/contenido\/#personlogo\",\"inLanguage\":\"es-MX\",\"url\":\"https:\/\/secure.gravatar.com\/avatar\/e2d29811923c60594035966b365ce272?s=96&d=mm&r=g\",\"caption\":\"Carolina Flores\"}}]}<\/script>\n<!-- \/ Yoast SEO plugin. -->","_links":{"self":[{"href":"https:\/\/amnistia.org.mx\/contenido\/index.php\/wp-json\/wp\/v2\/posts\/12690"}],"collection":[{"href":"https:\/\/amnistia.org.mx\/contenido\/index.php\/wp-json\/wp\/v2\/posts"}],"about":[{"href":"https:\/\/amnistia.org.mx\/contenido\/index.php\/wp-json\/wp\/v2\/types\/post"}],"author":[{"embeddable":true,"href":"https:\/\/amnistia.org.mx\/contenido\/index.php\/wp-json\/wp\/v2\/users\/8"}],"replies":[{"embeddable":true,"href":"https:\/\/amnistia.org.mx\/contenido\/index.php\/wp-json\/wp\/v2\/comments?post=12690"}],"version-history":[{"count":4,"href":"https:\/\/amnistia.org.mx\/contenido\/index.php\/wp-json\/wp\/v2\/posts\/12690\/revisions"}],"predecessor-version":[{"id":12696,"href":"https:\/\/amnistia.org.mx\/contenido\/index.php\/wp-json\/wp\/v2\/posts\/12690\/revisions\/12696"}],"wp:featuredmedia":[{"embeddable":true,"href":"https:\/\/amnistia.org.mx\/contenido\/index.php\/wp-json\/wp\/v2\/media\/12691"}],"wp:attachment":[{"href":"https:\/\/amnistia.org.mx\/contenido\/index.php\/wp-json\/wp\/v2\/media?parent=12690"}],"wp:term":[{"taxonomy":"category","embeddable":true,"href":"https:\/\/amnistia.org.mx\/contenido\/index.php\/wp-json\/wp\/v2\/categories?post=12690"},{"taxonomy":"post_tag","embeddable":true,"href":"https:\/\/amnistia.org.mx\/contenido\/index.php\/wp-json\/wp\/v2\/tags?post=12690"}],"curies":[{"name":"wp","href":"https:\/\/api.w.org\/{rel}","templated":true}]}}