
{"id":12725,"date":"2021-01-13T16:15:37","date_gmt":"2021-01-13T16:15:37","guid":{"rendered":"https:\/\/amnistia.org.mx\/contenido\/?p=12725"},"modified":"2021-01-13T17:17:56","modified_gmt":"2021-01-13T17:17:56","slug":"ee-uu-un-nuevo-informe-de-amnistia-internacional-detalla-las-violaciones-a-los-derechos-humanos-en-el-centro-de-detencion-de-la-bahia-de-guantanamo","status":"publish","type":"post","link":"https:\/\/amnistia.org.mx\/contenido\/index.php\/ee-uu-un-nuevo-informe-de-amnistia-internacional-detalla-las-violaciones-a-los-derechos-humanos-en-el-centro-de-detencion-de-la-bahia-de-guantanamo\/","title":{"rendered":"EE.UU.: Un nuevo informe de Amnist\u00eda Internacional detalla las violaciones a los derechos humanos en el centro de detenci\u00f3n de la Bah\u00eda de Guant\u00e1namo"},"content":{"rendered":"\n<div class=\"wp-block-image\"><figure class=\"aligncenter size-large\"><img decoding=\"async\" loading=\"lazy\" width=\"563\" height=\"422\" src=\" https:\/\/amnistia.org.mx\/contenido\/wp-content\/uploads\/2021\/01\/Foto-Guant\u00e1namo-ajustada-13-enero-21.jpg\" alt=\"\" class=\"wp-image-12727\"\/><\/figure><\/div>\n\n\n\n<p>Activistas de Amnist\u00eda Internacional durante una acci\u00f3n efectuada el lunes 11 de enero de 2021, para denunciar las violaciones de derechos humanos que se cometen en el centro de detenci\u00f3n de la Bah\u00eda de Guant\u00e1namo. (Foto Amnist\u00eda Internacional USA).<\/p>\n\n\n\n<p>Amnist\u00eda Internacional public\u00f3 un <a href=\"https:\/\/amnistia.org.mx\/contenido\/index.php\/hora-de-decidir-sobre-guantanamo\/\">nuevo informe<\/a> en el que se destacan las violaciones a los derechos humanos, continuas e hist\u00f3ricas, en el centro de detenci\u00f3n de la Bah\u00eda de Guant\u00e1namo, las detenciones all\u00ed entran en su vig\u00e9simo a\u00f1o y mientras un nuevo Presidente se prepara para entrar en la Casa Blanca.<\/p>\n\n\n\n<p>&#8220;Se trata de algo m\u00e1s que de las 40 personas que siguen detenidas en Guant\u00e1namo, se trata tambi\u00e9n de los cr\u00edmenes de derecho internacional cometidos en los \u00faltimos 19 a\u00f1os y de la continua falta de rendici\u00f3n de cuentas por ellos. Se trata tambi\u00e9n del futuro, a medida que nos acercamos al 20\u00ba aniversario de los ataques del 11-S y nos esforzamos por conseguir una justicia duradera&#8221;, declar\u00f3 Daphne Eviatar, Directora del Programa de Seguridad con los Derechos Humanos de Amnist\u00eda Internacional Estados Unidos.<\/p>\n\n\n\n<p>El informe documenta un cat\u00e1logo de las violaciones a los derechos humanos perpetradas contra los detenidos en el campamento, donde las v\u00edctimas de la tortura son retenidas con una atenci\u00f3n m\u00e9dica inadecuada, por tiempo indefinido y en ausencia de juicios justos. Los traslados fuera del centro se han estancado, e incluso los que han sido autorizados para su liberaci\u00f3n han permanecido encarcelados durante a\u00f1os.<\/p>\n\n\n\n<p>Las detenciones en Guant\u00e1namo comenzaron a partir de la decisi\u00f3n de enmarcar la respuesta de los Estados Unidos a los ataques del 11 de septiembre como una &#8220;guerra mundial contra el terrorismo&#8221;, pasando por alto la protecci\u00f3n de los derechos humanos en la b\u00fasqueda de informaci\u00f3n de inteligencia. Se cometieron delitos en virtud del derecho internacional, como la tortura y la desaparici\u00f3n forzada, contra detenidos que fueron mantenidos deliberadamente fuera del alcance del escrutinio judicial en instalaciones secretas gestionadas por la Agencia Central de Inteligencia (CIA) en otros pa\u00edses o en Guant\u00e1namo.<\/p>\n\n\n\n<p>En el informe se pide que se vuelva a dar urgencia a esta cuesti\u00f3n, acompa\u00f1ada de un compromiso genuino con la verdad, la rendici\u00f3n de cuentas y los recursos, as\u00ed como el reconocimiento de que no se debe permitir que persista la detenci\u00f3n indefinida en Guant\u00e1namo.<\/p>\n\n\n\n<p>&#8220;Se trata de detenciones que est\u00e1n ineludiblemente ligadas a m\u00faltiples capas de conducta ilegal del gobierno a lo largo de los a\u00f1os: traslados secretos, interrogatorios en r\u00e9gimen de incomunicaci\u00f3n, alimentaci\u00f3n forzada de personas en huelga de hambre, tortura, desaparici\u00f3n forzada y una completa falta de garant\u00edas procesales&#8221;, declar\u00f3 Daphne Eviatar.<\/p>\n\n\n\n<p>Al hablar en la Conferencia de Seguridad de Munich en 2009, el Vicepresidente, ahora Presidente electo, Joe Biden dijo a su audiencia: &#8220;defenderemos los derechos de aquellos que llevamos ante la justicia. Y cerraremos el centro de detenci\u00f3n de la Bah\u00eda de Guant\u00e1namo&#8221;. Destac\u00f3 que &#8220;los tratados y organizaciones internacionales que construyamos deben ser cre\u00edbles y deben ser efectivos&#8221;. Una docena de a\u00f1os m\u00e1s tarde, mientras se prepara para ser Presidente, tiene la oportunidad de estar a la altura de esas palabras. Deber\u00eda aprovecharla.<\/p>\n\n\n\n<p>El informe <strong>Estados Unidos: Enmendar el mal encausado, hora de decidir sobre Guant\u00e1namo<\/strong>, puede ser consultado en la siguiente liga: <a href=\"https:\/\/amnistia.org.mx\/contenido\/index.php\/hora-de-decidir-sobre-guantanamo\/\">https:\/\/amnistia.org.mx\/contenido\/index.php\/hora-de-decidir-sobre-guantanamo\/<\/a><\/p>\n\n\n\n<p>Para m\u00e1s informaci\u00f3n o para concertar una entrevista, contacte con:<\/p>\n\n\n\n<p>Duncan Tucker (Amnist\u00eda Internacional Am\u00e9rica): +52-55-4848-8266,&nbsp;<a href=\"mailto:duncan.tucker@amnesty.org\">duncan.tucker@amnesty.org<\/a> Mariya Parodi: <a href=\"mailto:mparodi@aiusa.org\">mparodi@aiusa.org<\/a><\/p>\n\n\n\n<p><\/p>\n","protected":false},"excerpt":{"rendered":"<p>Activistas de Amnist\u00eda Internacional durante una acci\u00f3n efectuada el lunes 11 de enero de 2021, para denunciar las violaciones de derechos humanos que se cometen en el centro de detenci\u00f3n &hellip;<\/p>\n<p class=\"read-more\"> <a class=\"\" href=\"https:\/\/amnistia.org.mx\/contenido\/index.php\/ee-uu-un-nuevo-informe-de-amnistia-internacional-detalla-las-violaciones-a-los-derechos-humanos-en-el-centro-de-detencion-de-la-bahia-de-guantanamo\/\"> <span class=\"screen-reader-text\">EE.UU.: Un nuevo informe de Amnist\u00eda Internacional detalla las violaciones a los derechos humanos en el centro de detenci\u00f3n de la Bah\u00eda de Guant\u00e1namo<\/span> Leer m\u00e1s &raquo;<\/a><\/p>\n","protected":false},"author":4,"featured_media":12727,"comment_status":"open","ping_status":"open","sticky":false,"template":"","format":"standard","meta":{"_uf_show_specific_survey":0,"_uf_disable_surveys":false,"site-sidebar-layout":"default","site-content-layout":"default","ast-global-header-display":"","ast-main-header-display":"","ast-hfb-above-header-display":"","ast-hfb-below-header-display":"","ast-hfb-mobile-header-display":"","site-post-title":"","ast-breadcrumbs-content":"","ast-featured-img":"","footer-sml-layout":"","theme-transparent-header-meta":"default","adv-header-id-meta":"","stick-header-meta":"","header-above-stick-meta":"","header-main-stick-meta":"","header-below-stick-meta":""},"categories":[9,20,1],"tags":[40],"acf":[],"aioseo_notices":[],"yoast_head":"<!-- This site is optimized with the Yoast SEO plugin v14.5 - https:\/\/yoast.com\/wordpress\/plugins\/seo\/ -->\n<title>EE.UU.: Un nuevo informe de Amnist\u00eda Internacional detalla las violaciones a los derechos humanos en el centro de detenci\u00f3n de la Bah\u00eda de Guant\u00e1namo - amnistia.org.mx<\/title>\n<meta name=\"robots\" content=\"index, follow\" \/>\n<meta name=\"googlebot\" content=\"index, follow, max-snippet:-1, max-image-preview:large, max-video-preview:-1\" \/>\n<meta name=\"bingbot\" content=\"index, follow, max-snippet:-1, max-image-preview:large, max-video-preview:-1\" \/>\n<link rel=\"canonical\" href=\"https:\/\/amnistia.org.mx\/contenido\/index.php\/ee-uu-un-nuevo-informe-de-amnistia-internacional-detalla-las-violaciones-a-los-derechos-humanos-en-el-centro-de-detencion-de-la-bahia-de-guantanamo\/\" \/>\n<meta property=\"og:locale\" content=\"es_MX\" \/>\n<meta property=\"og:type\" content=\"article\" \/>\n<meta property=\"og:title\" content=\"EE.UU.: Un nuevo informe de Amnist\u00eda Internacional detalla las violaciones a los derechos humanos en el centro de detenci\u00f3n de la Bah\u00eda de Guant\u00e1namo - amnistia.org.mx\" \/>\n<meta property=\"og:description\" content=\"Activistas de Amnist\u00eda Internacional durante una acci\u00f3n efectuada el lunes 11 de enero de 2021, para denunciar las violaciones de derechos humanos que se cometen en el centro de detenci\u00f3n &hellip; EE.UU.: Un nuevo informe de Amnist\u00eda Internacional detalla las violaciones a los derechos humanos en el centro de detenci\u00f3n de la Bah\u00eda de Guant\u00e1namo Leer m\u00e1s &raquo;\" \/>\n<meta property=\"og:url\" content=\"https:\/\/amnistia.org.mx\/contenido\/index.php\/ee-uu-un-nuevo-informe-de-amnistia-internacional-detalla-las-violaciones-a-los-derechos-humanos-en-el-centro-de-detencion-de-la-bahia-de-guantanamo\/\" \/>\n<meta property=\"og:site_name\" content=\"amnistia.org.mx\" \/>\n<meta property=\"article:published_time\" content=\"2021-01-13T16:15:37+00:00\" \/>\n<meta property=\"article:modified_time\" content=\"2021-01-13T17:17:56+00:00\" \/>\n<meta property=\"og:image\" content=\"https:\/\/amnistia.org.mx\/contenido\/wp-content\/uploads\/2021\/01\/Foto-Guant\u00e1namo-ajustada-13-enero-21.jpg\" \/>\n\t<meta property=\"og:image:width\" content=\"563\" \/>\n\t<meta property=\"og:image:height\" content=\"422\" \/>\n<meta name=\"twitter:card\" content=\"summary_large_image\" \/>\n<script type=\"application\/ld+json\" class=\"yoast-schema-graph\">{\"@context\":\"https:\/\/schema.org\",\"@graph\":[{\"@type\":\"WebSite\",\"@id\":\"https:\/\/amnistia.org.mx\/contenido\/#website\",\"url\":\"https:\/\/amnistia.org.mx\/contenido\/\",\"name\":\"amnistia.org.mx\",\"description\":\"Nueva p\\u00e1gina de Amnist\\u00eda\",\"potentialAction\":[{\"@type\":\"SearchAction\",\"target\":\"https:\/\/amnistia.org.mx\/contenido\/?s={search_term_string}\",\"query-input\":\"required name=search_term_string\"}],\"inLanguage\":\"es-MX\"},{\"@type\":\"ImageObject\",\"@id\":\"https:\/\/amnistia.org.mx\/contenido\/index.php\/ee-uu-un-nuevo-informe-de-amnistia-internacional-detalla-las-violaciones-a-los-derechos-humanos-en-el-centro-de-detencion-de-la-bahia-de-guantanamo\/#primaryimage\",\"inLanguage\":\"es-MX\",\"url\":\"https:\/\/amnistia.org.mx\/contenido\/wp-content\/uploads\/2021\/01\/Foto-Guant\\u00e1namo-ajustada-13-enero-21.jpg\",\"width\":563,\"height\":422,\"caption\":\"Guantanamo\"},{\"@type\":\"WebPage\",\"@id\":\"https:\/\/amnistia.org.mx\/contenido\/index.php\/ee-uu-un-nuevo-informe-de-amnistia-internacional-detalla-las-violaciones-a-los-derechos-humanos-en-el-centro-de-detencion-de-la-bahia-de-guantanamo\/#webpage\",\"url\":\"https:\/\/amnistia.org.mx\/contenido\/index.php\/ee-uu-un-nuevo-informe-de-amnistia-internacional-detalla-las-violaciones-a-los-derechos-humanos-en-el-centro-de-detencion-de-la-bahia-de-guantanamo\/\",\"name\":\"EE.UU.: Un nuevo informe de Amnist\\u00eda Internacional detalla las violaciones a los derechos humanos en el centro de detenci\\u00f3n de la Bah\\u00eda de Guant\\u00e1namo - amnistia.org.mx\",\"isPartOf\":{\"@id\":\"https:\/\/amnistia.org.mx\/contenido\/#website\"},\"primaryImageOfPage\":{\"@id\":\"https:\/\/amnistia.org.mx\/contenido\/index.php\/ee-uu-un-nuevo-informe-de-amnistia-internacional-detalla-las-violaciones-a-los-derechos-humanos-en-el-centro-de-detencion-de-la-bahia-de-guantanamo\/#primaryimage\"},\"datePublished\":\"2021-01-13T16:15:37+00:00\",\"dateModified\":\"2021-01-13T17:17:56+00:00\",\"author\":{\"@id\":\"https:\/\/amnistia.org.mx\/contenido\/#\/schema\/person\/7db421c495688267ce8ede4625c17fa5\"},\"breadcrumb\":{\"@id\":\"https:\/\/amnistia.org.mx\/contenido\/index.php\/ee-uu-un-nuevo-informe-de-amnistia-internacional-detalla-las-violaciones-a-los-derechos-humanos-en-el-centro-de-detencion-de-la-bahia-de-guantanamo\/#breadcrumb\"},\"inLanguage\":\"es-MX\",\"potentialAction\":[{\"@type\":\"ReadAction\",\"target\":[\"https:\/\/amnistia.org.mx\/contenido\/index.php\/ee-uu-un-nuevo-informe-de-amnistia-internacional-detalla-las-violaciones-a-los-derechos-humanos-en-el-centro-de-detencion-de-la-bahia-de-guantanamo\/\"]}]},{\"@type\":\"BreadcrumbList\",\"@id\":\"https:\/\/amnistia.org.mx\/contenido\/index.php\/ee-uu-un-nuevo-informe-de-amnistia-internacional-detalla-las-violaciones-a-los-derechos-humanos-en-el-centro-de-detencion-de-la-bahia-de-guantanamo\/#breadcrumb\",\"itemListElement\":[{\"@type\":\"ListItem\",\"position\":1,\"item\":{\"@type\":\"WebPage\",\"@id\":\"https:\/\/amnistia.org.mx\/contenido\/\",\"url\":\"https:\/\/amnistia.org.mx\/contenido\/\",\"name\":\"Home\"}},{\"@type\":\"ListItem\",\"position\":2,\"item\":{\"@type\":\"WebPage\",\"@id\":\"https:\/\/amnistia.org.mx\/contenido\/index.php\/ee-uu-un-nuevo-informe-de-amnistia-internacional-detalla-las-violaciones-a-los-derechos-humanos-en-el-centro-de-detencion-de-la-bahia-de-guantanamo\/\",\"url\":\"https:\/\/amnistia.org.mx\/contenido\/index.php\/ee-uu-un-nuevo-informe-de-amnistia-internacional-detalla-las-violaciones-a-los-derechos-humanos-en-el-centro-de-detencion-de-la-bahia-de-guantanamo\/\",\"name\":\"EE.UU.: Un nuevo informe de Amnist\\u00eda Internacional detalla las violaciones a los derechos humanos en el centro de detenci\\u00f3n de la Bah\\u00eda de Guant\\u00e1namo\"}}]},{\"@type\":[\"Person\"],\"@id\":\"https:\/\/amnistia.org.mx\/contenido\/#\/schema\/person\/7db421c495688267ce8ede4625c17fa5\",\"name\":\"Alejandro Ju\\u00e1rez Gamero\",\"image\":{\"@type\":\"ImageObject\",\"@id\":\"https:\/\/amnistia.org.mx\/contenido\/#personlogo\",\"inLanguage\":\"es-MX\",\"url\":\"https:\/\/secure.gravatar.com\/avatar\/e312d5566d1c3ffb56f86415d6f0e606?s=96&d=mm&r=g\",\"caption\":\"Alejandro Ju\\u00e1rez Gamero\"}}]}<\/script>\n<!-- \/ Yoast SEO plugin. -->","_links":{"self":[{"href":"https:\/\/amnistia.org.mx\/contenido\/index.php\/wp-json\/wp\/v2\/posts\/12725"}],"collection":[{"href":"https:\/\/amnistia.org.mx\/contenido\/index.php\/wp-json\/wp\/v2\/posts"}],"about":[{"href":"https:\/\/amnistia.org.mx\/contenido\/index.php\/wp-json\/wp\/v2\/types\/post"}],"author":[{"embeddable":true,"href":"https:\/\/amnistia.org.mx\/contenido\/index.php\/wp-json\/wp\/v2\/users\/4"}],"replies":[{"embeddable":true,"href":"https:\/\/amnistia.org.mx\/contenido\/index.php\/wp-json\/wp\/v2\/comments?post=12725"}],"version-history":[{"count":5,"href":"https:\/\/amnistia.org.mx\/contenido\/index.php\/wp-json\/wp\/v2\/posts\/12725\/revisions"}],"predecessor-version":[{"id":12740,"href":"https:\/\/amnistia.org.mx\/contenido\/index.php\/wp-json\/wp\/v2\/posts\/12725\/revisions\/12740"}],"wp:featuredmedia":[{"embeddable":true,"href":"https:\/\/amnistia.org.mx\/contenido\/index.php\/wp-json\/wp\/v2\/media\/12727"}],"wp:attachment":[{"href":"https:\/\/amnistia.org.mx\/contenido\/index.php\/wp-json\/wp\/v2\/media?parent=12725"}],"wp:term":[{"taxonomy":"category","embeddable":true,"href":"https:\/\/amnistia.org.mx\/contenido\/index.php\/wp-json\/wp\/v2\/categories?post=12725"},{"taxonomy":"post_tag","embeddable":true,"href":"https:\/\/amnistia.org.mx\/contenido\/index.php\/wp-json\/wp\/v2\/tags?post=12725"}],"curies":[{"name":"wp","href":"https:\/\/api.w.org\/{rel}","templated":true}]}}