
{"id":12781,"date":"2021-01-21T17:11:20","date_gmt":"2021-01-21T17:11:20","guid":{"rendered":"https:\/\/amnistia.org.mx\/contenido\/?p=12781"},"modified":"2021-01-21T17:57:01","modified_gmt":"2021-01-21T17:57:01","slug":"venezuela-amnistia-internacional-nombra-presos-de-conciencia-a-cinco-miembros-de-la-ong-humanitaria-azul-positivo","status":"publish","type":"post","link":"https:\/\/amnistia.org.mx\/contenido\/index.php\/venezuela-amnistia-internacional-nombra-presos-de-conciencia-a-cinco-miembros-de-la-ong-humanitaria-azul-positivo\/","title":{"rendered":"Venezuela: Amnist\u00eda Internacional nombra presos de conciencia a cinco miembros de la ONG humanitaria Azul Positivo"},"content":{"rendered":"\n<p>Ante la detenci\u00f3n y acusaci\u00f3n de Johan Le\u00f3n Reyes, Yordy Berm\u00fadez, Layners Guti\u00e9rrez D\u00edaz, Alejandro G\u00f3mez Di Maggio y Luis Ferrabuz de la ONG venezolana <strong>Azul Positivo<\/strong>, Erika Guevara Rosas, directora para las Am\u00e9ricas de <strong>Amnist\u00eda Internacional<\/strong>, dijo:<\/p>\n\n\n\n<p>\u201cJohan, Yordy, Layners, Alejandro y Luis son presos de conciencia, detenidos \u00fanicamente por el trabajo humanitario que realizan en Venezuela con Azul Positivo. Las autoridades del gobierno de Nicol\u00e1s Maduro deben liberarles inmediata e incondicionalmente y poner fin al acoso, el enjuiciamiento y la censura de todas las organizaciones de la sociedad civil que trabajan para proteger derechos del pueblo venezolano. La labor de <strong>Azul Positivo<\/strong> es admirable y muy necesaria para mitigar el impacto de la crisis humanitaria en las personas. Su trabajo debe ser garantizado, protegido y celebrado, no criminalizado.\u201d Johan, Yordy, Layners, Alejandro y Luis son presos de conciencia, detenidos \u00fanicamente por el trabajo humanitario que realizan en Venezuela con Azul Positivo&nbsp;Erika Guevara Rosas, directora para las Am\u00e9ricas de <strong>Amnist\u00eda Internacional<\/strong>.<\/p>\n\n\n\n<p>Agentes de la Direcci\u00f3n General de Contrainteligencia Militar&nbsp;(DGCIM) del estado Zulia detuvieron a Johan Le\u00f3n Reyes, Yordy Berm\u00fadez, Layners Guti\u00e9rrez D\u00eda y Alejandro G\u00f3mez Di Maggio en la sede de Azul Positivo en Maracaibo el 12 de enero de 2021, junto con Miguel Guerra Raydan, quien fue liberado sin cargos. Luis Ferrabuz fue detenido en su domicilio en la misma ciudad. Los cinco presos de conciencia enfrentan cargos relacionados con la Ley de Delitos Inform\u00e1ticos y la Ley contra la Delincuencia Organizada y el Financiamiento al Terrorismo, los cuales Amnist\u00eda Internacional considera infundados y motivados pol\u00edticamente.<\/p>\n\n\n\n<p><strong>Para m\u00e1s informaci\u00f3n o para concertar una entrevista, por favor contacte a Duncan Tucker:&nbsp;<\/strong><a href=\"mailto:duncan.tucker@amnesty.org\"><strong>duncan.tucker@amnesty.org<\/strong><\/a><\/p>\n","protected":false},"excerpt":{"rendered":"<p>Ante la detenci\u00f3n y acusaci\u00f3n de Johan Le\u00f3n Reyes, Yordy Berm\u00fadez, Layners Guti\u00e9rrez D\u00edaz, Alejandro G\u00f3mez Di Maggio y Luis Ferrabuz de la ONG venezolana Azul Positivo, Erika Guevara Rosas, &hellip;<\/p>\n<p class=\"read-more\"> <a class=\"\" href=\"https:\/\/amnistia.org.mx\/contenido\/index.php\/venezuela-amnistia-internacional-nombra-presos-de-conciencia-a-cinco-miembros-de-la-ong-humanitaria-azul-positivo\/\"> <span class=\"screen-reader-text\">Venezuela: Amnist\u00eda Internacional nombra presos de conciencia a cinco miembros de la ONG humanitaria Azul Positivo<\/span> Leer m\u00e1s &raquo;<\/a><\/p>\n","protected":false},"author":8,"featured_media":12783,"comment_status":"open","ping_status":"open","sticky":false,"template":"","format":"standard","meta":{"_uf_show_specific_survey":0,"_uf_disable_surveys":false,"site-sidebar-layout":"default","site-content-layout":"default","ast-global-header-display":"","ast-main-header-display":"","ast-hfb-above-header-display":"","ast-hfb-below-header-display":"","ast-hfb-mobile-header-display":"","site-post-title":"","ast-breadcrumbs-content":"","ast-featured-img":"","footer-sml-layout":"","theme-transparent-header-meta":"default","adv-header-id-meta":"","stick-header-meta":"","header-above-stick-meta":"","header-main-stick-meta":"","header-below-stick-meta":""},"categories":[9],"tags":[40],"acf":[],"aioseo_notices":[],"yoast_head":"<!-- This site is optimized with the Yoast SEO plugin v14.5 - https:\/\/yoast.com\/wordpress\/plugins\/seo\/ -->\n<title>Venezuela: Amnist\u00eda Internacional nombra presos de conciencia a cinco miembros de la ONG humanitaria Azul Positivo - amnistia.org.mx<\/title>\n<meta name=\"description\" content=\"Johan, Yordy, Layners, Alejandro y Luis son presos de conciencia, detenidos \u00fanicamente por el trabajo humanitario que realizan en Venezuela con Azul Positivo. Las autoridades del gobierno de Nicol\u00e1s Maduro deben liberarles inmediata e incondicionalmente y poner fin al acoso, el enjuiciamiento y la censura de todas las organizaciones de la sociedad civil que trabajan para proteger derechos del pueblo venezolano.\" \/>\n<meta name=\"robots\" content=\"index, follow\" \/>\n<meta name=\"googlebot\" content=\"index, follow, max-snippet:-1, max-image-preview:large, max-video-preview:-1\" \/>\n<meta name=\"bingbot\" content=\"index, follow, max-snippet:-1, max-image-preview:large, max-video-preview:-1\" \/>\n<link rel=\"canonical\" href=\"https:\/\/amnistia.org.mx\/contenido\/index.php\/venezuela-amnistia-internacional-nombra-presos-de-conciencia-a-cinco-miembros-de-la-ong-humanitaria-azul-positivo\/\" \/>\n<meta property=\"og:locale\" content=\"es_MX\" \/>\n<meta property=\"og:type\" content=\"article\" \/>\n<meta property=\"og:title\" content=\"Venezuela: Amnist\u00eda Internacional nombra presos de conciencia a cinco miembros de la ONG humanitaria Azul Positivo - amnistia.org.mx\" \/>\n<meta property=\"og:description\" content=\"Johan, Yordy, Layners, Alejandro y Luis son presos de conciencia, detenidos \u00fanicamente por el trabajo humanitario que realizan en Venezuela con Azul Positivo. Las autoridades del gobierno de Nicol\u00e1s Maduro deben liberarles inmediata e incondicionalmente y poner fin al acoso, el enjuiciamiento y la censura de todas las organizaciones de la sociedad civil que trabajan para proteger derechos del pueblo venezolano.\" \/>\n<meta property=\"og:url\" content=\"https:\/\/amnistia.org.mx\/contenido\/index.php\/venezuela-amnistia-internacional-nombra-presos-de-conciencia-a-cinco-miembros-de-la-ong-humanitaria-azul-positivo\/\" \/>\n<meta property=\"og:site_name\" content=\"amnistia.org.mx\" \/>\n<meta property=\"article:published_time\" content=\"2021-01-21T17:11:20+00:00\" \/>\n<meta property=\"article:modified_time\" content=\"2021-01-21T17:57:01+00:00\" \/>\n<meta property=\"og:image\" content=\"https:\/\/amnistia.org.mx\/contenido\/wp-content\/uploads\/2021\/01\/WhatsApp-Image-2021-01-21-at-8.22.53-AM.jpeg\" \/>\n\t<meta property=\"og:image:width\" content=\"1024\" \/>\n\t<meta property=\"og:image:height\" content=\"512\" \/>\n<meta name=\"twitter:card\" content=\"summary_large_image\" \/>\n<script type=\"application\/ld+json\" class=\"yoast-schema-graph\">{\"@context\":\"https:\/\/schema.org\",\"@graph\":[{\"@type\":\"WebSite\",\"@id\":\"https:\/\/amnistia.org.mx\/contenido\/#website\",\"url\":\"https:\/\/amnistia.org.mx\/contenido\/\",\"name\":\"amnistia.org.mx\",\"description\":\"Nueva p\\u00e1gina de Amnist\\u00eda\",\"potentialAction\":[{\"@type\":\"SearchAction\",\"target\":\"https:\/\/amnistia.org.mx\/contenido\/?s={search_term_string}\",\"query-input\":\"required name=search_term_string\"}],\"inLanguage\":\"es-MX\"},{\"@type\":\"ImageObject\",\"@id\":\"https:\/\/amnistia.org.mx\/contenido\/index.php\/venezuela-amnistia-internacional-nombra-presos-de-conciencia-a-cinco-miembros-de-la-ong-humanitaria-azul-positivo\/#primaryimage\",\"inLanguage\":\"es-MX\",\"url\":\"https:\/\/amnistia.org.mx\/contenido\/wp-content\/uploads\/2021\/01\/WhatsApp-Image-2021-01-21-at-8.22.53-AM.jpeg\",\"width\":1024,\"height\":512},{\"@type\":\"WebPage\",\"@id\":\"https:\/\/amnistia.org.mx\/contenido\/index.php\/venezuela-amnistia-internacional-nombra-presos-de-conciencia-a-cinco-miembros-de-la-ong-humanitaria-azul-positivo\/#webpage\",\"url\":\"https:\/\/amnistia.org.mx\/contenido\/index.php\/venezuela-amnistia-internacional-nombra-presos-de-conciencia-a-cinco-miembros-de-la-ong-humanitaria-azul-positivo\/\",\"name\":\"Venezuela: Amnist\\u00eda Internacional nombra presos de conciencia a cinco miembros de la ONG humanitaria Azul Positivo - amnistia.org.mx\",\"isPartOf\":{\"@id\":\"https:\/\/amnistia.org.mx\/contenido\/#website\"},\"primaryImageOfPage\":{\"@id\":\"https:\/\/amnistia.org.mx\/contenido\/index.php\/venezuela-amnistia-internacional-nombra-presos-de-conciencia-a-cinco-miembros-de-la-ong-humanitaria-azul-positivo\/#primaryimage\"},\"datePublished\":\"2021-01-21T17:11:20+00:00\",\"dateModified\":\"2021-01-21T17:57:01+00:00\",\"author\":{\"@id\":\"https:\/\/amnistia.org.mx\/contenido\/#\/schema\/person\/2d2b29996a9513767aea81f8ae57bdeb\"},\"description\":\"Johan, Yordy, Layners, Alejandro y Luis son presos de conciencia, detenidos \\u00fanicamente por el trabajo humanitario que realizan en Venezuela con Azul Positivo. Las autoridades del gobierno de Nicol\\u00e1s Maduro deben liberarles inmediata e incondicionalmente y poner fin al acoso, el enjuiciamiento y la censura de todas las organizaciones de la sociedad civil que trabajan para proteger derechos del pueblo venezolano.\",\"breadcrumb\":{\"@id\":\"https:\/\/amnistia.org.mx\/contenido\/index.php\/venezuela-amnistia-internacional-nombra-presos-de-conciencia-a-cinco-miembros-de-la-ong-humanitaria-azul-positivo\/#breadcrumb\"},\"inLanguage\":\"es-MX\",\"potentialAction\":[{\"@type\":\"ReadAction\",\"target\":[\"https:\/\/amnistia.org.mx\/contenido\/index.php\/venezuela-amnistia-internacional-nombra-presos-de-conciencia-a-cinco-miembros-de-la-ong-humanitaria-azul-positivo\/\"]}]},{\"@type\":\"BreadcrumbList\",\"@id\":\"https:\/\/amnistia.org.mx\/contenido\/index.php\/venezuela-amnistia-internacional-nombra-presos-de-conciencia-a-cinco-miembros-de-la-ong-humanitaria-azul-positivo\/#breadcrumb\",\"itemListElement\":[{\"@type\":\"ListItem\",\"position\":1,\"item\":{\"@type\":\"WebPage\",\"@id\":\"https:\/\/amnistia.org.mx\/contenido\/\",\"url\":\"https:\/\/amnistia.org.mx\/contenido\/\",\"name\":\"Home\"}},{\"@type\":\"ListItem\",\"position\":2,\"item\":{\"@type\":\"WebPage\",\"@id\":\"https:\/\/amnistia.org.mx\/contenido\/index.php\/venezuela-amnistia-internacional-nombra-presos-de-conciencia-a-cinco-miembros-de-la-ong-humanitaria-azul-positivo\/\",\"url\":\"https:\/\/amnistia.org.mx\/contenido\/index.php\/venezuela-amnistia-internacional-nombra-presos-de-conciencia-a-cinco-miembros-de-la-ong-humanitaria-azul-positivo\/\",\"name\":\"Venezuela: Amnist\\u00eda Internacional nombra presos de conciencia a cinco miembros de la ONG humanitaria Azul Positivo\"}}]},{\"@type\":[\"Person\"],\"@id\":\"https:\/\/amnistia.org.mx\/contenido\/#\/schema\/person\/2d2b29996a9513767aea81f8ae57bdeb\",\"name\":\"Carolina Flores\",\"image\":{\"@type\":\"ImageObject\",\"@id\":\"https:\/\/amnistia.org.mx\/contenido\/#personlogo\",\"inLanguage\":\"es-MX\",\"url\":\"https:\/\/secure.gravatar.com\/avatar\/e2d29811923c60594035966b365ce272?s=96&d=mm&r=g\",\"caption\":\"Carolina Flores\"}}]}<\/script>\n<!-- \/ Yoast SEO plugin. -->","_links":{"self":[{"href":"https:\/\/amnistia.org.mx\/contenido\/index.php\/wp-json\/wp\/v2\/posts\/12781"}],"collection":[{"href":"https:\/\/amnistia.org.mx\/contenido\/index.php\/wp-json\/wp\/v2\/posts"}],"about":[{"href":"https:\/\/amnistia.org.mx\/contenido\/index.php\/wp-json\/wp\/v2\/types\/post"}],"author":[{"embeddable":true,"href":"https:\/\/amnistia.org.mx\/contenido\/index.php\/wp-json\/wp\/v2\/users\/8"}],"replies":[{"embeddable":true,"href":"https:\/\/amnistia.org.mx\/contenido\/index.php\/wp-json\/wp\/v2\/comments?post=12781"}],"version-history":[{"count":2,"href":"https:\/\/amnistia.org.mx\/contenido\/index.php\/wp-json\/wp\/v2\/posts\/12781\/revisions"}],"predecessor-version":[{"id":12790,"href":"https:\/\/amnistia.org.mx\/contenido\/index.php\/wp-json\/wp\/v2\/posts\/12781\/revisions\/12790"}],"wp:featuredmedia":[{"embeddable":true,"href":"https:\/\/amnistia.org.mx\/contenido\/index.php\/wp-json\/wp\/v2\/media\/12783"}],"wp:attachment":[{"href":"https:\/\/amnistia.org.mx\/contenido\/index.php\/wp-json\/wp\/v2\/media?parent=12781"}],"wp:term":[{"taxonomy":"category","embeddable":true,"href":"https:\/\/amnistia.org.mx\/contenido\/index.php\/wp-json\/wp\/v2\/categories?post=12781"},{"taxonomy":"post_tag","embeddable":true,"href":"https:\/\/amnistia.org.mx\/contenido\/index.php\/wp-json\/wp\/v2\/tags?post=12781"}],"curies":[{"name":"wp","href":"https:\/\/api.w.org\/{rel}","templated":true}]}}