
{"id":12882,"date":"2021-02-03T09:00:00","date_gmt":"2021-02-03T09:00:00","guid":{"rendered":"https:\/\/amnistia.org.mx\/contenido\/?p=12882"},"modified":"2021-05-12T22:56:45","modified_gmt":"2021-05-12T22:56:45","slug":"exige-una-compensacion-justa-para-jorgito","status":"publish","type":"post","link":"https:\/\/amnistia.org.mx\/contenido\/index.php\/exige-una-compensacion-justa-para-jorgito\/","title":{"rendered":"Exige una indemnizaci\u00f3n justa para Jorgito"},"content":{"rendered":"\t\t<div data-elementor-type=\"wp-post\" data-elementor-id=\"12882\" class=\"elementor elementor-12882\">\n\t\t\t\t\t\t\t\t\t<section class=\"elementor-section elementor-top-section elementor-element elementor-element-52510f6d elementor-section-full_width elementor-section-stretched elementor-hidden-tablet elementor-hidden-phone elementor-section-height-default elementor-section-height-default\" data-id=\"52510f6d\" data-element_type=\"section\" data-settings=\"{&quot;stretch_section&quot;:&quot;section-stretched&quot;}\">\n\t\t\t\t\t\t<div class=\"elementor-container elementor-column-gap-wider\">\n\t\t\t\t\t<div class=\"elementor-column elementor-col-50 elementor-top-column elementor-element elementor-element-5c9167f1\" data-id=\"5c9167f1\" data-element_type=\"column\">\n\t\t\t<div class=\"elementor-widget-wrap elementor-element-populated\">\n\t\t\t\t\t\t\t\t<div class=\"elementor-element elementor-element-6dc23d99 elementor-widget elementor-widget-post-info\" data-id=\"6dc23d99\" data-element_type=\"widget\" data-widget_type=\"post-info.default\">\n\t\t\t\t<div class=\"elementor-widget-container\">\n\t\t\t<link rel=\"stylesheet\" href=\"https:\/\/amnistia.org.mx\/contenido\/wp-content\/plugins\/elementor\/assets\/css\/widget-icon-list.min.css\"><link rel=\"stylesheet\" href=\"https:\/\/amnistia.org.mx\/contenido\/wp-content\/plugins\/elementor-pro\/assets\/css\/widget-theme-elements.min.css\">\t\t<ul class=\"elementor-inline-items elementor-icon-list-items elementor-post-info\">\n\t\t\t\t\t\t\t\t<li class=\"elementor-icon-list-item elementor-repeater-item-5183f9f elementor-inline-item\" itemprop=\"datePublished\">\n\t\t\t\t\t\t\t\t\t\t<span class=\"elementor-icon-list-icon\">\n\t\t\t\t\t\t\t\t<svg aria-hidden=\"true\" class=\"e-font-icon-svg e-fas-calendar\" viewBox=\"0 0 448 512\" xmlns=\"http:\/\/www.w3.org\/2000\/svg\"><path d=\"M12 192h424c6.6 0 12 5.4 12 12v260c0 26.5-21.5 48-48 48H48c-26.5 0-48-21.5-48-48V204c0-6.6 5.4-12 12-12zm436-44v-36c0-26.5-21.5-48-48-48h-48V12c0-6.6-5.4-12-12-12h-40c-6.6 0-12 5.4-12 12v52H160V12c0-6.6-5.4-12-12-12h-40c-6.6 0-12 5.4-12 12v52H48C21.5 64 0 85.5 0 112v36c0 6.6 5.4 12 12 12h424c6.6 0 12-5.4 12-12z\"><\/path><\/svg>\t\t\t\t\t\t\t<\/span>\n\t\t\t\t\t\t\t\t\t<span class=\"elementor-icon-list-text elementor-post-info__item elementor-post-info__item--type-date\">\n\t\t\t\t\t\t\t\t\t\tfebrero 3, 2021\t\t\t\t\t<\/span>\n\t\t\t\t\t\t\t\t<\/li>\n\t\t\t\t<\/ul>\n\t\t\t\t<\/div>\n\t\t\t\t<\/div>\n\t\t\t\t<div class=\"elementor-element elementor-element-18dde31a elementor-align-left elementor-widget__width-initial elementor-widget elementor-widget-breadcrumbs\" data-id=\"18dde31a\" data-element_type=\"widget\" data-widget_type=\"breadcrumbs.default\">\n\t\t\t\t<div class=\"elementor-widget-container\">\n\t\t\t<p id=\"breadcrumbs\"><span><span><a href=\"https:\/\/amnistia.org.mx\/contenido\/\">Home<\/a><\/span><\/p>\t\t<\/div>\n\t\t\t\t<\/div>\n\t\t\t\t<div class=\"elementor-element elementor-element-2ec9f382 elementor-widget elementor-widget-text-editor\" data-id=\"2ec9f382\" data-element_type=\"widget\" data-widget_type=\"text-editor.default\">\n\t\t\t\t<div class=\"elementor-widget-container\">\n\t\t\t<style>\/*! elementor - v3.11.5 - 14-03-2023 *\/\n.elementor-widget-text-editor.elementor-drop-cap-view-stacked .elementor-drop-cap{background-color:#69727d;color:#fff}.elementor-widget-text-editor.elementor-drop-cap-view-framed .elementor-drop-cap{color:#69727d;border:3px solid;background-color:transparent}.elementor-widget-text-editor:not(.elementor-drop-cap-view-default) .elementor-drop-cap{margin-top:8px}.elementor-widget-text-editor:not(.elementor-drop-cap-view-default) .elementor-drop-cap-letter{width:1em;height:1em}.elementor-widget-text-editor .elementor-drop-cap{float:left;text-align:center;line-height:1;font-size:50px}.elementor-widget-text-editor .elementor-drop-cap-letter{display:inline-block}<\/style>\t\t\t\t<p style=\"font-size: 16px; font-style: normal; font-weight: 400;\"><span style=\"font-size: 16px; font-weight: bold;\">\u00a0<\/span><\/p><p style=\"font-size: 16px; font-style: normal; font-weight: 400;\"><span style=\"font-size: 16px; font-weight: bold;\">Jorge P\u00e9rez Ortega (Jorgito) fue despedido injustamente en junio de 2020 tras denunciar p\u00fablicamente que el personal de limpieza del hospital p\u00fablico \u201c20 de Noviembre\u201d, en la Ciudad de M\u00e9xico, carec\u00eda de protecci\u00f3n para el COVID-19.<\/span><\/p><p style=\"font-size: 16px; font-style: normal; font-weight: 400;\">Jorgito, a sus 70 a\u00f1os, formaba parte del personal de limpieza del hospital p\u00fablico \u201c20 de Noviembre\u201d de la Ciudad de M\u00e9xico cuando inici\u00f3 la pandemia del COVID-19. Este hospital fue, y sigue siendo, un punto central para atender pacientes de COVID-19. La empresa privada que empleaba a Jorgito, contratada por el Instituto de Seguridad y Servicios Sociales de los Trabajadores del Estado (ISSSTE) \u2013parte del gobierno federal\u2013, no le proporcion\u00f3 el Equipo de Protecci\u00f3n Personal (EPP) necesario para protegerle del virus, a pesar de estar en alto riesgo de contagio, debido a su edad.\u00a0<\/p><p style=\"font-size: 16px; font-style: normal; font-weight: 400;\">El 16 de junio de 2020, Jorgito comparti\u00f3 su situaci\u00f3n en una breve entrevista en un canal de televisi\u00f3n local. Seis d\u00edas despu\u00e9s, Jorgito fue despedido por la empresa sin justificaci\u00f3n escrita ni indemnizaci\u00f3n.<\/p><p style=\"font-size: 16px; font-style: normal; font-weight: 400;\">Hoy Jorgito y su familia se esfuerzan por llegar a fin de mes.<\/p><p style=\"font-size: 16px; font-style: normal; font-weight: 400;\">Firma esta petici\u00f3n para exigir a las autoridades mexicanas una indemnizaci\u00f3n justa para Jorgito por su despido injusto, y que garanticen los derechos de todo el personal de salud que est\u00e1 en primera l\u00ednea de atenci\u00f3n del COVID-19, incluido el de la limpieza.<\/p><p style=\"font-size: 16px; font-style: normal; font-weight: 400;\">Mtro. Luis Antonio Ram\u00edrez<\/p><p style=\"font-size: 16px; font-style: normal; font-weight: 400;\">Director General del ISSSTE<\/p><p style=\"font-size: 16px; font-style: normal; font-weight: 400;\">Tengo conocimiento de que el se\u00f1or Jorge P\u00e9rez Ortega se desempe\u00f1aba como personal de limpieza en el hospital p\u00fablico \u201c20 de Noviembre\u201d a trav\u00e9s de la empresa privada Grupo Relissa, contratada por el Instituto de Seguridad y Servicios Sociales de los Trabajadores del Estado (ISSSTE), y de que el 22 de junio de 2020 fue despedido sin justificaci\u00f3n escrita ni indemnizaci\u00f3n.<\/p><p style=\"font-size: 16px; font-style: normal; font-weight: 400;\">Seg\u00fan la Ley Federal del Trabajo de M\u00e9xico, el despido de una persona trabajadora sin notificaci\u00f3n por escrito se considera ilegal e injustificado. Por lo tanto, Jorge P\u00e9rez Ortega tiene derecho a una reparaci\u00f3n adecuada mediante una indemnizaci\u00f3n por su despido ilegal.<\/p><p style=\"font-size: 16px; font-style: normal; font-weight: 400;\">A pesar de que Jorge P\u00e9rez Ortega trabajaba para una empresa privada, de acuerdo con la legislaci\u00f3n laboral mexicana, el ISSSTE es responsable en \u00faltima instancia de las personas empleadas que realizan trabajo en sus instalaciones. Adem\u00e1s, el Estado mexicano es responsable de garantizar los derechos humanos y supervisar el actuar de las empresas privadas que contrata seg\u00fan los Principios Rectores sobre Empresas y Derechos Humanos de la ONU.<\/p><p style=\"font-size: 16px; font-style: normal; font-weight: 400;\">Por otro lado, de acuerdo con la informaci\u00f3n recibida por Amnist\u00eda Internacional, ni Jorge P\u00e9rez Ortega ni sus colegas recibieron Equipo de Protecci\u00f3n Personal (EPP) suficiente para prevenir enfermarse de COVID-19. El personal de limpieza en los centros de salud est\u00e1 particularmente\u00a0en riesgo en el contexto de la pandemia de COVID-19 y las directrices de la Organizaci\u00f3n Mundial de la Salud\u00a0(OMS) se\u00f1alan que los limpiadores, en efecto,\u00a0necesitan tambi\u00e9n una cantidad significativa de EPP. Cabe se\u00f1alar adem\u00e1s que Jorge P\u00e9rez Ortega ten\u00eda ya entonces m\u00e1s de 65 a\u00f1os y por lo tanto se encontraba en un grupo de alto riesgo.<\/p><p style=\"font-size: 16px; font-style: normal; font-weight: 400;\">Por ello, le insto a que:<\/p><ul style=\"font-size: 16px; font-style: normal; font-weight: 400;\"><li style=\"font-size: 16px;\">El ISSSTE proporcione a Jorge P\u00e9rez Ortega una indemnizaci\u00f3n justa por su despido injustificado y cualquier otro da\u00f1o resultante.<\/li><li style=\"font-size: 16px;\">El ISSSTE garantice que todo el personal sanitario, incluido el de limpieza, de todos sus hospitales e instalaciones cuente con el EPP adecuado para el COVID-19.<\/li><\/ul><p style=\"font-size: 16px; font-style: normal; font-weight: 400;\">Atentamente,<\/p>\t\t\t\t\t\t<\/div>\n\t\t\t\t<\/div>\n\t\t\t\t\t<\/div>\n\t\t<\/div>\n\t\t\t\t<div class=\"elementor-column elementor-col-50 elementor-top-column elementor-element elementor-element-1a66396 elementor-hidden-phone\" data-id=\"1a66396\" data-element_type=\"column\" data-settings=\"{&quot;background_background&quot;:&quot;classic&quot;}\">\n\t\t\t<div class=\"elementor-widget-wrap elementor-element-populated\">\n\t\t\t\t\t\t\t\t<div class=\"elementor-element elementor-element-4c6e0c6 elementor-invisible elementor-widget elementor-widget-html\" data-id=\"4c6e0c6\" data-element_type=\"widget\" data-settings=\"{&quot;_animation&quot;:&quot;fadeInUp&quot;}\" data-widget_type=\"html.default\">\n\t\t\t\t<div class=\"elementor-widget-container\">\n\t\t\t\t<iframe loading=\"lazy\" class=\"embed-responsive-item\" align=\"left\" width=\"45%\" height=\"1450\" src=\"https:\/\/amnistia.org.mx\/peticiones\/Jorgito\/\" frameborder=\"0\" allowfullscreen scrolling=\"no\"><\/iframe>\t\t<\/div>\n\t\t\t\t<\/div>\n\t\t\t\t\t<\/div>\n\t\t<\/div>\n\t\t\t\t\t\t\t<\/div>\n\t\t<\/section>\n\t\t\t\t<section class=\"elementor-section elementor-top-section elementor-element elementor-element-27083b4 elementor-section-full_width elementor-section-stretched elementor-hidden-desktop elementor-section-height-default elementor-section-height-default\" data-id=\"27083b4\" data-element_type=\"section\" data-settings=\"{&quot;stretch_section&quot;:&quot;section-stretched&quot;}\">\n\t\t\t\t\t\t<div class=\"elementor-container elementor-column-gap-wider\">\n\t\t\t\t\t<div class=\"elementor-column elementor-col-50 elementor-top-column elementor-element elementor-element-c46a4b7\" data-id=\"c46a4b7\" data-element_type=\"column\" data-settings=\"{&quot;background_background&quot;:&quot;classic&quot;}\">\n\t\t\t<div class=\"elementor-widget-wrap elementor-element-populated\">\n\t\t\t\t\t\t\t\t<div class=\"elementor-element elementor-element-9ec55a9 elementor-invisible elementor-widget elementor-widget-html\" data-id=\"9ec55a9\" data-element_type=\"widget\" data-settings=\"{&quot;_animation&quot;:&quot;fadeInUp&quot;}\" data-widget_type=\"html.default\">\n\t\t\t\t<div class=\"elementor-widget-container\">\n\t\t\t\t<iframe loading=\"lazy\" class=\"embed-responsive-item\" align=\"left\" width=\"45%\" height=\"1180\" src=\"https:\/\/amnistia.org.mx\/peticiones\/Jorgito\/\" frameborder=\"0\" allowfullscreen scrolling=\"no\"><\/iframe>\t\t<\/div>\n\t\t\t\t<\/div>\n\t\t\t\t\t<\/div>\n\t\t<\/div>\n\t\t\t\t<div class=\"elementor-column elementor-col-50 elementor-top-column elementor-element elementor-element-d5d0d0c\" data-id=\"d5d0d0c\" data-element_type=\"column\">\n\t\t\t<div class=\"elementor-widget-wrap elementor-element-populated\">\n\t\t\t\t\t\t\t\t<div class=\"elementor-element elementor-element-cb68ce3 elementor-widget elementor-widget-post-info\" data-id=\"cb68ce3\" data-element_type=\"widget\" data-widget_type=\"post-info.default\">\n\t\t\t\t<div class=\"elementor-widget-container\">\n\t\t\t\t\t<ul class=\"elementor-inline-items elementor-icon-list-items elementor-post-info\">\n\t\t\t\t\t\t\t\t<li class=\"elementor-icon-list-item elementor-repeater-item-5183f9f elementor-inline-item\" itemprop=\"datePublished\">\n\t\t\t\t\t\t\t\t\t\t<span class=\"elementor-icon-list-icon\">\n\t\t\t\t\t\t\t\t<svg aria-hidden=\"true\" class=\"e-font-icon-svg e-fas-calendar\" viewBox=\"0 0 448 512\" xmlns=\"http:\/\/www.w3.org\/2000\/svg\"><path d=\"M12 192h424c6.6 0 12 5.4 12 12v260c0 26.5-21.5 48-48 48H48c-26.5 0-48-21.5-48-48V204c0-6.6 5.4-12 12-12zm436-44v-36c0-26.5-21.5-48-48-48h-48V12c0-6.6-5.4-12-12-12h-40c-6.6 0-12 5.4-12 12v52H160V12c0-6.6-5.4-12-12-12h-40c-6.6 0-12 5.4-12 12v52H48C21.5 64 0 85.5 0 112v36c0 6.6 5.4 12 12 12h424c6.6 0 12-5.4 12-12z\"><\/path><\/svg>\t\t\t\t\t\t\t<\/span>\n\t\t\t\t\t\t\t\t\t<span class=\"elementor-icon-list-text elementor-post-info__item elementor-post-info__item--type-date\">\n\t\t\t\t\t\t\t\t\t\tfebrero 3, 2021\t\t\t\t\t<\/span>\n\t\t\t\t\t\t\t\t<\/li>\n\t\t\t\t<\/ul>\n\t\t\t\t<\/div>\n\t\t\t\t<\/div>\n\t\t\t\t<div class=\"elementor-element elementor-element-6b47011 elementor-align-left elementor-widget__width-initial elementor-widget elementor-widget-breadcrumbs\" data-id=\"6b47011\" data-element_type=\"widget\" data-widget_type=\"breadcrumbs.default\">\n\t\t\t\t<div class=\"elementor-widget-container\">\n\t\t\t<p id=\"breadcrumbs\"><span><span><a href=\"https:\/\/amnistia.org.mx\/contenido\/\">Home<\/a><\/span><\/p>\t\t<\/div>\n\t\t\t\t<\/div>\n\t\t\t\t<div class=\"elementor-element elementor-element-147c136 elementor-widget elementor-widget-text-editor\" data-id=\"147c136\" data-element_type=\"widget\" data-widget_type=\"text-editor.default\">\n\t\t\t\t<div class=\"elementor-widget-container\">\n\t\t\t\t\t\t\t<p style=\"font-size: 16px; font-style: normal; font-weight: 400;\"><span style=\"font-size: 16px; font-weight: bold;\">Jorge P\u00e9rez Ortega (Jorgito) fue despedido injustamente en junio de 2020 tras denunciar p\u00fablicamente que el personal de limpieza del hospital p\u00fablico \u201c20 de Noviembre\u201d, en la Ciudad de M\u00e9xico, carec\u00eda de protecci\u00f3n para el COVID-19.<\/span><\/p><p style=\"font-size: 16px; font-style: normal; font-weight: 400;\">Jorgito, a sus 70 a\u00f1os, formaba parte del personal de limpieza del hospital p\u00fablico \u201c20 de Noviembre\u201d de la Ciudad de M\u00e9xico cuando inici\u00f3 la pandemia del COVID-19. Este hospital fue, y sigue siendo, un punto central para atender pacientes de COVID-19. La empresa privada que empleaba a Jorgito, contratada por el Instituto de Seguridad y Servicios Sociales de los Trabajadores del Estado (ISSSTE) \u2013parte del gobierno federal\u2013, no le proporcion\u00f3 el Equipo de Protecci\u00f3n Personal (EPP) necesario para protegerle del virus, a pesar de estar en alto riesgo de contagio, debido a su edad.\u00a0<\/p><p style=\"font-size: 16px; font-style: normal; font-weight: 400;\">El 16 de junio de 2020, Jorgito comparti\u00f3 su situaci\u00f3n en una breve entrevista en un canal de televisi\u00f3n local. Seis d\u00edas despu\u00e9s, Jorgito fue despedido por la empresa sin justificaci\u00f3n escrita ni compensaci\u00f3n.<\/p><p style=\"font-size: 16px; font-style: normal; font-weight: 400;\">Hoy Jorgito y su familia se esfuerzan por llegar a fin de mes.<\/p><p style=\"font-size: 16px; font-style: normal; font-weight: 400;\">Firma esta petici\u00f3n para exigir a las autoridades mexicanas una compensaci\u00f3n justa para Jorgito por su despido injusto, y que garanticen los derechos de todo el personal de salud que est\u00e1 en primera l\u00ednea de atenci\u00f3n del COVID-19, incluido el de la limpieza.<\/p><p style=\"font-size: 16px; font-style: normal; font-weight: 400;\">Mtro. Luis Antonio Ram\u00edrez<\/p><p style=\"font-size: 16px; font-style: normal; font-weight: 400;\">Director General del ISSSTE<\/p><p style=\"font-size: 16px; font-style: normal; font-weight: 400;\">Tengo conocimiento de que el se\u00f1or Jorge P\u00e9rez Ortega se desempe\u00f1aba como personal de limpieza en el hospital p\u00fablico \u201c20 de Noviembre\u201d a trav\u00e9s de la empresa privada Grupo Relissa, contratada por el Instituto de Seguridad y Servicios Sociales de los Trabajadores del Estado (ISSSTE), y de que el 22 de junio de 2020 fue despedido sin justificaci\u00f3n escrita ni compensaci\u00f3n.<\/p><p style=\"font-size: 16px; font-style: normal; font-weight: 400;\">Seg\u00fan la Ley Federal del Trabajo de M\u00e9xico, el despido de una persona trabajadora sin notificaci\u00f3n por escrito se considera ilegal e injustificado. Por lo tanto, Jorge P\u00e9rez Ortega tiene derecho a una reparaci\u00f3n adecuada mediante una indemnizaci\u00f3n por su despido ilegal.<\/p><p style=\"font-size: 16px; font-style: normal; font-weight: 400;\">A pesar de que Jorge P\u00e9rez Ortega trabajaba para una empresa privada, de acuerdo con la legislaci\u00f3n laboral mexicana, el ISSSTE es responsable en \u00faltima instancia de las personas empleadas que realizan trabajo en sus instalaciones. Adem\u00e1s, el Estado mexicano es responsable de garantizar los derechos humanos y supervisar el actuar de las empresas privadas que contrata seg\u00fan los Principios Rectores sobre Empresas y Derechos Humanos de la ONU.<\/p><p style=\"font-size: 16px; font-style: normal; font-weight: 400;\">Por otro lado, de acuerdo con la informaci\u00f3n recibida por Amnist\u00eda Internacional, ni Jorge P\u00e9rez Ortega ni sus colegas recibieron Equipo de Protecci\u00f3n Personal (EPP) suficiente para prevenir enfermarse de COVID-19. El personal de limpieza en los centros de salud est\u00e1 particularmente\u00a0en riesgo en el contexto de la pandemia de COVID-19 y las directrices de la Organizaci\u00f3n Mundial de la Salud\u00a0(OMS) se\u00f1alan que los limpiadores, en efecto,\u00a0necesitan tambi\u00e9n una cantidad significativa de EPP. Cabe se\u00f1alar adem\u00e1s que Jorge P\u00e9rez Ortega ten\u00eda ya entonces m\u00e1s de 65 a\u00f1os y por lo tanto se encontraba en un grupo de alto riesgo.<\/p><p style=\"font-size: 16px; font-style: normal; font-weight: 400;\">Por ello, le insto a que:<\/p><ul style=\"font-size: 16px; font-style: normal; font-weight: 400;\"><li style=\"font-size: 16px;\">El ISSSTE proporcione a Jorge P\u00e9rez Ortega con una compensaci\u00f3n justa por su despido injustificado y cualquier otro da\u00f1o resultante.<\/li><li style=\"font-size: 16px;\">El ISSSTE garantice que todo el personal sanitario, incluido el de limpieza, de todos sus hospitales e instalaciones cuente con el EPP adecuado para el COVID-19.<\/li><\/ul><p style=\"font-size: 16px; font-style: normal; font-weight: 400;\">Atentamente,<\/p>\t\t\t\t\t\t<\/div>\n\t\t\t\t<\/div>\n\t\t\t\t\t<\/div>\n\t\t<\/div>\n\t\t\t\t\t\t\t<\/div>\n\t\t<\/section>\n\t\t\t\t\t\t\t<\/div>\n\t\t","protected":false},"excerpt":{"rendered":"<p>Jorge P\u00e9rez Ortega (Jorgito) fue despedido injustamente en junio de 2020 tras denunciar p\u00fablicamente que el personal de limpieza del hospital p\u00fablico \u201c20 de Noviembre\u201d, en la Ciudad de M\u00e9xico, &hellip;<\/p>\n<p class=\"read-more\"> <a class=\"\" href=\"https:\/\/amnistia.org.mx\/contenido\/index.php\/exige-una-compensacion-justa-para-jorgito\/\"> <span class=\"screen-reader-text\">Exige una indemnizaci\u00f3n justa para Jorgito<\/span> Leer m\u00e1s &raquo;<\/a><\/p>\n","protected":false},"author":8,"featured_media":13192,"comment_status":"open","ping_status":"open","sticky":false,"template":"","format":"standard","meta":{"_uf_show_specific_survey":0,"_uf_disable_surveys":false,"site-sidebar-layout":"default","site-content-layout":"default","ast-global-header-display":"","ast-main-header-display":"","ast-hfb-above-header-display":"","ast-hfb-below-header-display":"","ast-hfb-mobile-header-display":"","site-post-title":"","ast-breadcrumbs-content":"","ast-featured-img":"","footer-sml-layout":"","theme-transparent-header-meta":"default","adv-header-id-meta":"","stick-header-meta":"","header-above-stick-meta":"","header-main-stick-meta":"","header-below-stick-meta":""},"categories":[102,10],"tags":[28],"acf":[],"aioseo_notices":[],"yoast_head":"<!-- This site is optimized with the Yoast SEO plugin v14.5 - https:\/\/yoast.com\/wordpress\/plugins\/seo\/ -->\n<title>Exige una indemnizaci\u00f3n justa para Jorgito - amnistia.org.mx<\/title>\n<meta name=\"description\" content=\"Exige a las autoridades mexicanas una compensaci\u00f3n justa para Jorgito por su despido injusto, y que garanticen los derechos de todo el personal de salud que est\u00e1 en primera l\u00ednea de atenci\u00f3n del COVID-19, incluido el de la limpieza.\" \/>\n<meta name=\"robots\" content=\"index, follow\" \/>\n<meta name=\"googlebot\" content=\"index, follow, max-snippet:-1, max-image-preview:large, max-video-preview:-1\" \/>\n<meta name=\"bingbot\" content=\"index, follow, max-snippet:-1, max-image-preview:large, max-video-preview:-1\" \/>\n<link rel=\"canonical\" href=\"https:\/\/amnistia.org.mx\/contenido\/index.php\/exige-una-compensacion-justa-para-jorgito\/\" \/>\n<meta property=\"og:locale\" content=\"es_MX\" \/>\n<meta property=\"og:type\" content=\"article\" \/>\n<meta property=\"og:title\" content=\"Exige una indemnizaci\u00f3n justa para Jorgito - amnistia.org.mx\" \/>\n<meta property=\"og:description\" content=\"Exige a las autoridades mexicanas una compensaci\u00f3n justa para Jorgito por su despido injusto, y que garanticen los derechos de todo el personal de salud que est\u00e1 en primera l\u00ednea de atenci\u00f3n del COVID-19, incluido el de la limpieza.\" \/>\n<meta property=\"og:url\" content=\"https:\/\/amnistia.org.mx\/contenido\/index.php\/exige-una-compensacion-justa-para-jorgito\/\" \/>\n<meta property=\"og:site_name\" content=\"amnistia.org.mx\" \/>\n<meta property=\"article:published_time\" content=\"2021-02-03T09:00:00+00:00\" \/>\n<meta property=\"article:modified_time\" content=\"2021-05-12T22:56:45+00:00\" \/>\n<meta property=\"og:image\" content=\"https:\/\/amnistia.org.mx\/contenido\/wp-content\/uploads\/2021\/02\/jorgito-BANNER-1024x576.png\" \/>\n\t<meta property=\"og:image:width\" content=\"1024\" \/>\n\t<meta property=\"og:image:height\" content=\"576\" \/>\n<meta name=\"twitter:card\" content=\"summary_large_image\" \/>\n<script type=\"application\/ld+json\" class=\"yoast-schema-graph\">{\"@context\":\"https:\/\/schema.org\",\"@graph\":[{\"@type\":\"WebSite\",\"@id\":\"https:\/\/amnistia.org.mx\/contenido\/#website\",\"url\":\"https:\/\/amnistia.org.mx\/contenido\/\",\"name\":\"amnistia.org.mx\",\"description\":\"Nueva p\\u00e1gina de Amnist\\u00eda\",\"potentialAction\":[{\"@type\":\"SearchAction\",\"target\":\"https:\/\/amnistia.org.mx\/contenido\/?s={search_term_string}\",\"query-input\":\"required name=search_term_string\"}],\"inLanguage\":\"es-MX\"},{\"@type\":\"ImageObject\",\"@id\":\"https:\/\/amnistia.org.mx\/contenido\/index.php\/exige-una-compensacion-justa-para-jorgito\/#primaryimage\",\"inLanguage\":\"es-MX\",\"url\":\"https:\/\/amnistia.org.mx\/contenido\/wp-content\/uploads\/2021\/02\/jorgito-BANNER.png\",\"width\":1600,\"height\":900},{\"@type\":\"WebPage\",\"@id\":\"https:\/\/amnistia.org.mx\/contenido\/index.php\/exige-una-compensacion-justa-para-jorgito\/#webpage\",\"url\":\"https:\/\/amnistia.org.mx\/contenido\/index.php\/exige-una-compensacion-justa-para-jorgito\/\",\"name\":\"Exige una indemnizaci\\u00f3n justa para Jorgito - amnistia.org.mx\",\"isPartOf\":{\"@id\":\"https:\/\/amnistia.org.mx\/contenido\/#website\"},\"primaryImageOfPage\":{\"@id\":\"https:\/\/amnistia.org.mx\/contenido\/index.php\/exige-una-compensacion-justa-para-jorgito\/#primaryimage\"},\"datePublished\":\"2021-02-03T09:00:00+00:00\",\"dateModified\":\"2021-05-12T22:56:45+00:00\",\"author\":{\"@id\":\"https:\/\/amnistia.org.mx\/contenido\/#\/schema\/person\/2d2b29996a9513767aea81f8ae57bdeb\"},\"description\":\"Exige a las autoridades mexicanas una compensaci\\u00f3n justa para Jorgito por su despido injusto, y que garanticen los derechos de todo el personal de salud que est\\u00e1 en primera l\\u00ednea de atenci\\u00f3n del COVID-19, incluido el de la limpieza.\",\"breadcrumb\":{\"@id\":\"https:\/\/amnistia.org.mx\/contenido\/index.php\/exige-una-compensacion-justa-para-jorgito\/#breadcrumb\"},\"inLanguage\":\"es-MX\",\"potentialAction\":[{\"@type\":\"ReadAction\",\"target\":[\"https:\/\/amnistia.org.mx\/contenido\/index.php\/exige-una-compensacion-justa-para-jorgito\/\"]}]},{\"@type\":\"BreadcrumbList\",\"@id\":\"https:\/\/amnistia.org.mx\/contenido\/index.php\/exige-una-compensacion-justa-para-jorgito\/#breadcrumb\",\"itemListElement\":[{\"@type\":\"ListItem\",\"position\":1,\"item\":{\"@type\":\"WebPage\",\"@id\":\"https:\/\/amnistia.org.mx\/contenido\/\",\"url\":\"https:\/\/amnistia.org.mx\/contenido\/\",\"name\":\"Home\"}},{\"@type\":\"ListItem\",\"position\":2,\"item\":{\"@type\":\"WebPage\",\"@id\":\"https:\/\/amnistia.org.mx\/contenido\/index.php\/exige-una-compensacion-justa-para-jorgito\/\",\"url\":\"https:\/\/amnistia.org.mx\/contenido\/index.php\/exige-una-compensacion-justa-para-jorgito\/\",\"name\":\"Exige una indemnizaci\\u00f3n justa para Jorgito\"}}]},{\"@type\":[\"Person\"],\"@id\":\"https:\/\/amnistia.org.mx\/contenido\/#\/schema\/person\/2d2b29996a9513767aea81f8ae57bdeb\",\"name\":\"Carolina Flores\",\"image\":{\"@type\":\"ImageObject\",\"@id\":\"https:\/\/amnistia.org.mx\/contenido\/#personlogo\",\"inLanguage\":\"es-MX\",\"url\":\"https:\/\/secure.gravatar.com\/avatar\/e2d29811923c60594035966b365ce272?s=96&d=mm&r=g\",\"caption\":\"Carolina Flores\"}}]}<\/script>\n<!-- \/ Yoast SEO plugin. -->","_links":{"self":[{"href":"https:\/\/amnistia.org.mx\/contenido\/index.php\/wp-json\/wp\/v2\/posts\/12882"}],"collection":[{"href":"https:\/\/amnistia.org.mx\/contenido\/index.php\/wp-json\/wp\/v2\/posts"}],"about":[{"href":"https:\/\/amnistia.org.mx\/contenido\/index.php\/wp-json\/wp\/v2\/types\/post"}],"author":[{"embeddable":true,"href":"https:\/\/amnistia.org.mx\/contenido\/index.php\/wp-json\/wp\/v2\/users\/8"}],"replies":[{"embeddable":true,"href":"https:\/\/amnistia.org.mx\/contenido\/index.php\/wp-json\/wp\/v2\/comments?post=12882"}],"version-history":[{"count":31,"href":"https:\/\/amnistia.org.mx\/contenido\/index.php\/wp-json\/wp\/v2\/posts\/12882\/revisions"}],"predecessor-version":[{"id":13081,"href":"https:\/\/amnistia.org.mx\/contenido\/index.php\/wp-json\/wp\/v2\/posts\/12882\/revisions\/13081"}],"wp:featuredmedia":[{"embeddable":true,"href":"https:\/\/amnistia.org.mx\/contenido\/index.php\/wp-json\/wp\/v2\/media\/13192"}],"wp:attachment":[{"href":"https:\/\/amnistia.org.mx\/contenido\/index.php\/wp-json\/wp\/v2\/media?parent=12882"}],"wp:term":[{"taxonomy":"category","embeddable":true,"href":"https:\/\/amnistia.org.mx\/contenido\/index.php\/wp-json\/wp\/v2\/categories?post=12882"},{"taxonomy":"post_tag","embeddable":true,"href":"https:\/\/amnistia.org.mx\/contenido\/index.php\/wp-json\/wp\/v2\/tags?post=12882"}],"curies":[{"name":"wp","href":"https:\/\/api.w.org\/{rel}","templated":true}]}}