
{"id":13225,"date":"2021-03-16T17:08:40","date_gmt":"2021-03-16T17:08:40","guid":{"rendered":"https:\/\/amnistia.org.mx\/contenido\/?p=13225"},"modified":"2021-03-16T20:44:38","modified_gmt":"2021-03-16T20:44:38","slug":"espana-inaceptable-impunidad-decadas-sin-respuesta-a-miles-de-denuncias-de-desaparicion-forzada-apropiacion-y-o-sustitucion-de-identidad-de-ninos-y-ninas","status":"publish","type":"post","link":"https:\/\/amnistia.org.mx\/contenido\/index.php\/espana-inaceptable-impunidad-decadas-sin-respuesta-a-miles-de-denuncias-de-desaparicion-forzada-apropiacion-y-o-sustitucion-de-identidad-de-ninos-y-ninas\/","title":{"rendered":"Espa\u00f1a: Inaceptable impunidad. D\u00e9cadas sin respuesta a miles de denuncias de desaparici\u00f3n forzada, apropiaci\u00f3n y\/o sustituci\u00f3n de identidad de ni\u00f1os y ni\u00f1as"},"content":{"rendered":"\n<ul><li>La falta de respuesta por parte del Estado a quienes llevan d\u00e9cadas buscando los llamados \u201cbeb\u00e9s robados\u201d acrecienta un sufrimiento psicol\u00f3gico que alcanza el umbral de la tortura y otros malos tratos, seg\u00fan reconocen organismos internacionales.<\/li><\/ul>\n\n\n\n<ul><li>El Parlamento tiene una oportunidad hist\u00f3rica de aprobar una <em>Ley sobre beb\u00e9s robados<\/em> que permita la b\u00fasqueda e identificaci\u00f3n de ni\u00f1os y ni\u00f1as, y garantice verdad, justicia y reparaci\u00f3n.<\/li><\/ul>\n\n\n\n<p>Durante m\u00e1s de 50 a\u00f1os, desde finales de la Guerra Civil hasta los 90, miles de personas pudieron ser objeto de desaparici\u00f3n forzada, o de sustracci\u00f3n y sustituci\u00f3n de sus identidades. Se vulner\u00f3, tambi\u00e9n, el derecho a la protecci\u00f3n de la vida familiar, el derecho a la identidad, a la nacionalidad, al nombre, y a las relaciones familiares sin injerencias il\u00edcitas. Son los conocidos como \u201cbeb\u00e9s robados\u201d. La respuesta por parte del Estado ha ido desde la autor\u00eda o complicidad en los primeros a\u00f1os, hasta la actual atenci\u00f3n desinteresada, inadecuada e insuficiente a los miles de procesos de b\u00fasqueda iniciados por personas que no conocen su identidad ni la de su familia biol\u00f3gica; o por madres y padres, hermanos o hermanas, que desconocen la suerte y paradero de sus hijos o hijas, o familiares.<\/p>\n\n\n\n<p>Las sustracciones ilegales denunciadas se habr\u00edan producido primero en c\u00e1rceles, y luego en hospitales, maternidades, casas cuna, centros de beneficencia, en algunos casos directamente gestionados por congregaciones religiosas, que carec\u00edan de una adecuada supervisi\u00f3n por parte del Estado. Amnist\u00eda Internacional ha constatado c\u00f3mo beb\u00e9s llegaron a ser entregados a familias de M\u00e9xico o Chile, siendo registrados como hijos e hijas biol\u00f3gicos. La ideolog\u00eda de g\u00e9nero franquista que puso el foco en el control de las mujeres, su sexualidad y su maternidad, impuso la creaci\u00f3n de leyes, algunas vigentes hasta finales de los 90, que permitieron amparar la sustracci\u00f3n ilegal de beb\u00e9s. Estas son algunas de las principales conclusiones del informe, <strong><a href=\"https:\/\/amnistia.org.mx\/contenido\/index.php\/tiempo-de-verdad-y-de-justicia-vulneraciones-de-derechos-humanos-en-los-casos-de-bebes-robados\/\">&#8216;Tiempo de verdad y de justicia&#8217;<em>. Vulneraciones de derechos humanos en los casos de &#8220;beb\u00e9s robados&#8221;<\/em><\/a><\/strong>,presentado hoy por Amnist\u00eda Internacional.<\/p>\n\n\n\n<p>&#8220;Durante la investigaci\u00f3n, hemos documentado casos en los que hay indicios de que se den los tres elementos que establece el derecho internacional para considerar que podemos hablar de desaparici\u00f3n forzada: primero, la sustracci\u00f3n del beb\u00e9; segundo, con la participaci\u00f3n, o con la tolerancia o aquiescencia del Estado; y, tercero, la negativa por parte de las autoridades para revelar la suerte o el paradero de la persona desaparecida&#8221;, explica Daniel Canales, investigador del informe.<\/p>\n\n\n\n<p><strong><em>D\u00e9cadas sin respuesta<\/em><\/strong><\/p>\n\n\n\n<p>&#8220;Lo que busco es un beb\u00e9 muerto, como no lo encuentro, lo busco vivo&#8221;, son palabras de Marga Calvo que busca a su hijo nacido en julio de 1975.<strong><\/strong><\/p>\n\n\n\n<p>Siempre que hay sospecha de que puede darse un caso de desaparici\u00f3n forzada, el Estado tiene la obligaci\u00f3n absoluta de investigar estos delitos, que no prescriben hasta que se esclarezca la suerte y paradero de las personas desaparecidas, y se les garantiza la posibilidad real y legal de restablecer su verdadera identidad.<\/p>\n\n\n\n<p>Sin embargo, Amnist\u00eda Internacional ha podido constatar que los procesos de b\u00fasqueda contin\u00faan encontrando obst\u00e1culos, y resultan ser en su mayor\u00eda, infructuosos. Aunque en los \u00faltimos a\u00f1os se han puesto en marcha algunos recursos para abordar este tema, como el Servicio de Afectados del Ministerio de Justicia, no cuenta con los medios suficientes, no hacen acompa\u00f1amiento a las v\u00edctimas, apenas siguen los casos, y no proporcionan apoyo psicol\u00f3gico, ni orientaci\u00f3n jur\u00eddica.<\/p>\n\n\n\n<p>&#8220;Pese a los esfuerzos realizados, la mayor\u00eda de las investigaciones emprendidas por la Fiscal\u00eda fueron cerradas sin haber podido proporcionar certeza ni avances significativos en la b\u00fasqueda de verdad, justicia y reparaci\u00f3n de las v\u00edctimas. Desde 2011 hasta enero de 2021, se emprendieron 2 mil 138 diligencias, de \u00e9stas solo una, que se inici\u00f3 en Barcelona en febrero de 2020, permanece todav\u00eda abierta. Del total de estas diligencias, 526 llegaron a ser judicializadas. Sin embargo, m\u00faltiples juzgados aplicaron la prescripci\u00f3n de los hechos, negando con ello el car\u00e1cter continuo de la desaparici\u00f3n forzada y cerrando los casos sin una m\u00ednima actividad de investigaci\u00f3n para esclarecer los hechos&#8221;, se\u00f1al\u00f3 Daniel Canales.<\/p>\n\n\n\n<p>El peso de los procesos de b\u00fasqueda sigue recayendo en las propias familias y en las personas en b\u00fasqueda de su identidad, que se encuentran con que ni el Estado, ni la Iglesia (que archiva documentos relacionados con adopciones anteriores a la <em>Ley de Adopci\u00f3n de 1987<\/em>) les facilitan el acceso a informaci\u00f3n relevante que podr\u00eda contribuir al esclarecimiento de los hechos.<\/p>\n\n\n\n<p>Durante la investigaci\u00f3n, Amnist\u00eda Internacional ha identificado algunos elementos comunes en estos casos. Es recurrente encontrar que las mujeres que denuncian la sustracci\u00f3n de sus hijos\/as eran de origen humilde, madres j\u00f3venes, e incluso madres solteras, en un contexto en el que se negaba a la mujer capacidad de decisi\u00f3n sobre su vida, su maternidad y sus hijos. Las denuncias por estos hechos alegan circunstancias que se repiten con frecuencia: se informaba de la muerte del beb\u00e9, que en muchos casos no se pod\u00eda ver, y\/o de cuyo entierro se encargaba el hospital. En los procesos de b\u00fasqueda se une la falta de informaci\u00f3n, o la documentaci\u00f3n err\u00f3nea o falsa, y un acompa\u00f1amiento inexistente o escaso por parte de las autoridades a quienes emprenden la b\u00fasqueda.<\/p>\n\n\n\n<p><strong>Ideolog\u00eda contra la mujer<\/strong><\/p>\n\n\n\n<p>A lo largo de la investigaci\u00f3n, hemos podido constatar una ideolog\u00eda de g\u00e9nero franquista que explica y da contexto a los hechos denunciados como sustracciones ilegales de beb\u00e9s. Comienza en la posguerra, con una represi\u00f3n que incide de forma particular en la mujer represaliada, y contin\u00faa durante el franquismo, a trav\u00e9s del control sobre la mujer, cuya \u00fanica funci\u00f3n es ser madre, y a la que se priva de autonom\u00eda y capacidad de decisi\u00f3n, tambi\u00e9n respecto de su propia maternidad.<\/p>\n\n\n\n<p>&#8220;M\u00e1s all\u00e1 de esta ideolog\u00eda franquista, desde el fin de la Guerra Civil se aprobaron leyes, muchas de ellas vigentes hasta finales de los 90, que somet\u00edan y limitaban los derechos de las mujeres, regulaban el registro de los y las menores, y permitieron que la adopci\u00f3n fuera un negocio entre particulares hasta 1987. Tambi\u00e9n hasta 1963 se publicaron numerosos informes m\u00e9dicos que pretend\u00edan demostrar que la mortalidad infantil era mayor cuando la madre era pobre, trabajadora, o madre soltera. Un entramado legal e ideol\u00f3gico en el que pudieron ampararse estas violaciones de derechos humanos&#8221;, relat\u00f3 Daniel Canales.<\/p>\n\n\n\n<p>La desconfianza hacia las madres, el discurso de que quienes no superan la muerte de su beb\u00e9 pueden terminar locas, se ha prolongado en el tiempo, y sigue teniendo especial impacto en las mujeres que todav\u00eda hoy buscan a sus hijos e hijas: no se las cree, se las considera locas, e incluso se les achaca haberse arrepentido de haber entregado a sus beb\u00e9s en adopci\u00f3n.<\/p>\n\n\n\n<p>A Ruth Puertas, presuntamente le sustrajeron su beb\u00e9 en 1993, se trata del \u00faltimo caso documentado por la organizaci\u00f3n. A lo largo de a\u00f1os de b\u00fasqueda solo ha encontrado falta de informaci\u00f3n, falta de respuestas, y un cuestionamiento constante a su testimonio. &#8220;Yo quiero verdad, quiero que se sepa que no estamos locas&#8221;, contaba Ruth a Amnist\u00eda Internacional.<\/p>\n\n\n\n<p><strong>No es un tema del pasado<\/strong><\/p>\n\n\n\n<p>Para Amnist\u00eda Internacional, no se trata de una violaci\u00f3n de derechos humanos del pasado, sus efectos no han cesado y persisten hoy. Si algo ha podido constatar Amnist\u00eda Internacional a lo largo de esta investigaci\u00f3n es el profundo dolor que soportan las familias y personas inmersas en estos procesos de b\u00fasqueda, incrementado por la falta de respuestas y la impunidad. Este sufrimiento moral y psicol\u00f3gico puede llegar a alcanzar el umbral de la tortura y otros malos tratos, tal y como han se\u00f1alado mecanismos internacionales como el <em>Tribunal Europeo de Derechos Humanos<\/em>, o el <em>Grupo de Trabajo sobre desapariciones forzadas de Naciones Unidas.<\/em><\/p>\n\n\n\n<p><strong>Momento hist\u00f3rico<\/strong><\/p>\n\n\n\n<p>El Estado espa\u00f1ol debe adoptar medidas con un enfoque global para dar respuesta a estos procesos de b\u00fasqueda en su totalidad, y proporcionar de forma proactiva&nbsp; acompa\u00f1amiento a las v\u00edctimas. Esto requiere que todas las autoridades implicadas garanticen mecanismos adecuados de acceso a la informaci\u00f3n, rendici\u00f3n de cuentas, as\u00ed como apoyo jur\u00eddico y psicol\u00f3gico.<\/p>\n\n\n\n<p><em>&#8220;<\/em>En estos momentos estamos ante una oportunidad hist\u00f3rica para impulsar el esclarecimiento efectivo de estas violaciones de derechos humanos. Esperamos que el Parlamento apruebe una <em>Ley sobre beb\u00e9s robados<\/em> destinada a la b\u00fasqueda e identificaci\u00f3n de ni\u00f1os y ni\u00f1as; que el Ejecutivo garantice una asistencia integral, tanto jur\u00eddica como psicosocial para las v\u00edctimas y se reconozca p\u00fablicamente el impacto que este tipo de violencia ha tenido espec\u00edficamente contra las mujeres; y que desde tribunales y fiscal\u00eda se impulsen investigaciones exhaustivas e independientes para esclarecer los hechos&#8221;, manifest\u00f3 Esteban Beltr\u00e1n, director de Amnist\u00eda Internacional Espa\u00f1a.<\/p>\n\n\n\n<p><strong>Informaci\u00f3n de contexto<\/strong><\/p>\n\n\n\n<p>La investigaci\u00f3n de Amnist\u00eda Internacional se ha llevado a cabo en Andaluc\u00eda, Comunidad de Madrid, Comunidad Valenciana, Catalu\u00f1a y Pa\u00eds Vasco por concentrar m\u00e1s del 80 por cien de las diligencias de investigaci\u00f3n emprendidas por las Fiscal\u00eda General del Estado desde 2011.<\/p>\n","protected":false},"excerpt":{"rendered":"<p>La falta de respuesta por parte del Estado a quienes llevan d\u00e9cadas buscando los llamados \u201cbeb\u00e9s robados\u201d acrecienta un sufrimiento psicol\u00f3gico que alcanza el umbral de la tortura y otros &hellip;<\/p>\n<p class=\"read-more\"> <a class=\"\" href=\"https:\/\/amnistia.org.mx\/contenido\/index.php\/espana-inaceptable-impunidad-decadas-sin-respuesta-a-miles-de-denuncias-de-desaparicion-forzada-apropiacion-y-o-sustitucion-de-identidad-de-ninos-y-ninas\/\"> <span class=\"screen-reader-text\">Espa\u00f1a: Inaceptable impunidad. D\u00e9cadas sin respuesta a miles de denuncias de desaparici\u00f3n forzada, apropiaci\u00f3n y\/o sustituci\u00f3n de identidad de ni\u00f1os y ni\u00f1as<\/span> Leer m\u00e1s &raquo;<\/a><\/p>\n","protected":false},"author":4,"featured_media":13230,"comment_status":"open","ping_status":"open","sticky":false,"template":"","format":"standard","meta":{"_uf_show_specific_survey":0,"_uf_disable_surveys":false,"site-sidebar-layout":"default","site-content-layout":"default","ast-global-header-display":"","ast-main-header-display":"","ast-hfb-above-header-display":"","ast-hfb-below-header-display":"","ast-hfb-mobile-header-display":"","site-post-title":"","ast-breadcrumbs-content":"","ast-featured-img":"","footer-sml-layout":"","theme-transparent-header-meta":"default","adv-header-id-meta":"","stick-header-meta":"","header-above-stick-meta":"","header-main-stick-meta":"","header-below-stick-meta":""},"categories":[9],"tags":[40],"acf":[],"aioseo_notices":[],"yoast_head":"<!-- This site is optimized with the Yoast SEO plugin v14.5 - https:\/\/yoast.com\/wordpress\/plugins\/seo\/ -->\n<title>Espa\u00f1a: Inaceptable impunidad. D\u00e9cadas sin respuesta a miles de denuncias de desaparici\u00f3n forzada, apropiaci\u00f3n y\/o sustituci\u00f3n de identidad de ni\u00f1os y ni\u00f1as - amnistia.org.mx<\/title>\n<meta name=\"robots\" content=\"index, follow\" \/>\n<meta name=\"googlebot\" content=\"index, follow, max-snippet:-1, max-image-preview:large, max-video-preview:-1\" \/>\n<meta name=\"bingbot\" content=\"index, follow, max-snippet:-1, max-image-preview:large, max-video-preview:-1\" \/>\n<link rel=\"canonical\" href=\"https:\/\/amnistia.org.mx\/contenido\/index.php\/espana-inaceptable-impunidad-decadas-sin-respuesta-a-miles-de-denuncias-de-desaparicion-forzada-apropiacion-y-o-sustitucion-de-identidad-de-ninos-y-ninas\/\" \/>\n<meta property=\"og:locale\" content=\"es_MX\" \/>\n<meta property=\"og:type\" content=\"article\" \/>\n<meta property=\"og:title\" content=\"Espa\u00f1a: Inaceptable impunidad. D\u00e9cadas sin respuesta a miles de denuncias de desaparici\u00f3n forzada, apropiaci\u00f3n y\/o sustituci\u00f3n de identidad de ni\u00f1os y ni\u00f1as - amnistia.org.mx\" \/>\n<meta property=\"og:description\" content=\"La falta de respuesta por parte del Estado a quienes llevan d\u00e9cadas buscando los llamados \u201cbeb\u00e9s robados\u201d acrecienta un sufrimiento psicol\u00f3gico que alcanza el umbral de la tortura y otros &hellip; Espa\u00f1a: Inaceptable impunidad. D\u00e9cadas sin respuesta a miles de denuncias de desaparici\u00f3n forzada, apropiaci\u00f3n y\/o sustituci\u00f3n de identidad de ni\u00f1os y ni\u00f1as Leer m\u00e1s &raquo;\" \/>\n<meta property=\"og:url\" content=\"https:\/\/amnistia.org.mx\/contenido\/index.php\/espana-inaceptable-impunidad-decadas-sin-respuesta-a-miles-de-denuncias-de-desaparicion-forzada-apropiacion-y-o-sustitucion-de-identidad-de-ninos-y-ninas\/\" \/>\n<meta property=\"og:site_name\" content=\"amnistia.org.mx\" \/>\n<meta property=\"article:published_time\" content=\"2021-03-16T17:08:40+00:00\" \/>\n<meta property=\"article:modified_time\" content=\"2021-03-16T20:44:38+00:00\" \/>\n<meta property=\"og:image\" content=\"https:\/\/amnistia.org.mx\/contenido\/wp-content\/uploads\/2021\/03\/BEBES-ROBADOS-ajustada-para-publicar-3.jpg\" \/>\n\t<meta property=\"og:image:width\" content=\"395\" \/>\n\t<meta property=\"og:image:height\" content=\"493\" \/>\n<meta name=\"twitter:card\" content=\"summary_large_image\" \/>\n<script type=\"application\/ld+json\" class=\"yoast-schema-graph\">{\"@context\":\"https:\/\/schema.org\",\"@graph\":[{\"@type\":\"WebSite\",\"@id\":\"https:\/\/amnistia.org.mx\/contenido\/#website\",\"url\":\"https:\/\/amnistia.org.mx\/contenido\/\",\"name\":\"amnistia.org.mx\",\"description\":\"Nueva p\\u00e1gina de Amnist\\u00eda\",\"potentialAction\":[{\"@type\":\"SearchAction\",\"target\":\"https:\/\/amnistia.org.mx\/contenido\/?s={search_term_string}\",\"query-input\":\"required name=search_term_string\"}],\"inLanguage\":\"es-MX\"},{\"@type\":\"ImageObject\",\"@id\":\"https:\/\/amnistia.org.mx\/contenido\/index.php\/espana-inaceptable-impunidad-decadas-sin-respuesta-a-miles-de-denuncias-de-desaparicion-forzada-apropiacion-y-o-sustitucion-de-identidad-de-ninos-y-ninas\/#primaryimage\",\"inLanguage\":\"es-MX\",\"url\":\"https:\/\/amnistia.org.mx\/contenido\/wp-content\/uploads\/2021\/03\/BEBES-ROBADOS-ajustada-para-publicar-3.jpg\",\"width\":395,\"height\":493},{\"@type\":\"WebPage\",\"@id\":\"https:\/\/amnistia.org.mx\/contenido\/index.php\/espana-inaceptable-impunidad-decadas-sin-respuesta-a-miles-de-denuncias-de-desaparicion-forzada-apropiacion-y-o-sustitucion-de-identidad-de-ninos-y-ninas\/#webpage\",\"url\":\"https:\/\/amnistia.org.mx\/contenido\/index.php\/espana-inaceptable-impunidad-decadas-sin-respuesta-a-miles-de-denuncias-de-desaparicion-forzada-apropiacion-y-o-sustitucion-de-identidad-de-ninos-y-ninas\/\",\"name\":\"Espa\\u00f1a: Inaceptable impunidad. D\\u00e9cadas sin respuesta a miles de denuncias de desaparici\\u00f3n forzada, apropiaci\\u00f3n y\/o sustituci\\u00f3n de identidad de ni\\u00f1os y ni\\u00f1as - amnistia.org.mx\",\"isPartOf\":{\"@id\":\"https:\/\/amnistia.org.mx\/contenido\/#website\"},\"primaryImageOfPage\":{\"@id\":\"https:\/\/amnistia.org.mx\/contenido\/index.php\/espana-inaceptable-impunidad-decadas-sin-respuesta-a-miles-de-denuncias-de-desaparicion-forzada-apropiacion-y-o-sustitucion-de-identidad-de-ninos-y-ninas\/#primaryimage\"},\"datePublished\":\"2021-03-16T17:08:40+00:00\",\"dateModified\":\"2021-03-16T20:44:38+00:00\",\"author\":{\"@id\":\"https:\/\/amnistia.org.mx\/contenido\/#\/schema\/person\/7db421c495688267ce8ede4625c17fa5\"},\"breadcrumb\":{\"@id\":\"https:\/\/amnistia.org.mx\/contenido\/index.php\/espana-inaceptable-impunidad-decadas-sin-respuesta-a-miles-de-denuncias-de-desaparicion-forzada-apropiacion-y-o-sustitucion-de-identidad-de-ninos-y-ninas\/#breadcrumb\"},\"inLanguage\":\"es-MX\",\"potentialAction\":[{\"@type\":\"ReadAction\",\"target\":[\"https:\/\/amnistia.org.mx\/contenido\/index.php\/espana-inaceptable-impunidad-decadas-sin-respuesta-a-miles-de-denuncias-de-desaparicion-forzada-apropiacion-y-o-sustitucion-de-identidad-de-ninos-y-ninas\/\"]}]},{\"@type\":\"BreadcrumbList\",\"@id\":\"https:\/\/amnistia.org.mx\/contenido\/index.php\/espana-inaceptable-impunidad-decadas-sin-respuesta-a-miles-de-denuncias-de-desaparicion-forzada-apropiacion-y-o-sustitucion-de-identidad-de-ninos-y-ninas\/#breadcrumb\",\"itemListElement\":[{\"@type\":\"ListItem\",\"position\":1,\"item\":{\"@type\":\"WebPage\",\"@id\":\"https:\/\/amnistia.org.mx\/contenido\/\",\"url\":\"https:\/\/amnistia.org.mx\/contenido\/\",\"name\":\"Home\"}},{\"@type\":\"ListItem\",\"position\":2,\"item\":{\"@type\":\"WebPage\",\"@id\":\"https:\/\/amnistia.org.mx\/contenido\/index.php\/espana-inaceptable-impunidad-decadas-sin-respuesta-a-miles-de-denuncias-de-desaparicion-forzada-apropiacion-y-o-sustitucion-de-identidad-de-ninos-y-ninas\/\",\"url\":\"https:\/\/amnistia.org.mx\/contenido\/index.php\/espana-inaceptable-impunidad-decadas-sin-respuesta-a-miles-de-denuncias-de-desaparicion-forzada-apropiacion-y-o-sustitucion-de-identidad-de-ninos-y-ninas\/\",\"name\":\"Espa\\u00f1a: Inaceptable impunidad. D\\u00e9cadas sin respuesta a miles de denuncias de desaparici\\u00f3n forzada, apropiaci\\u00f3n y\/o sustituci\\u00f3n de identidad de ni\\u00f1os y ni\\u00f1as\"}}]},{\"@type\":[\"Person\"],\"@id\":\"https:\/\/amnistia.org.mx\/contenido\/#\/schema\/person\/7db421c495688267ce8ede4625c17fa5\",\"name\":\"Alejandro Ju\\u00e1rez Gamero\",\"image\":{\"@type\":\"ImageObject\",\"@id\":\"https:\/\/amnistia.org.mx\/contenido\/#personlogo\",\"inLanguage\":\"es-MX\",\"url\":\"https:\/\/secure.gravatar.com\/avatar\/e312d5566d1c3ffb56f86415d6f0e606?s=96&d=mm&r=g\",\"caption\":\"Alejandro Ju\\u00e1rez Gamero\"}}]}<\/script>\n<!-- \/ Yoast SEO plugin. -->","_links":{"self":[{"href":"https:\/\/amnistia.org.mx\/contenido\/index.php\/wp-json\/wp\/v2\/posts\/13225"}],"collection":[{"href":"https:\/\/amnistia.org.mx\/contenido\/index.php\/wp-json\/wp\/v2\/posts"}],"about":[{"href":"https:\/\/amnistia.org.mx\/contenido\/index.php\/wp-json\/wp\/v2\/types\/post"}],"author":[{"embeddable":true,"href":"https:\/\/amnistia.org.mx\/contenido\/index.php\/wp-json\/wp\/v2\/users\/4"}],"replies":[{"embeddable":true,"href":"https:\/\/amnistia.org.mx\/contenido\/index.php\/wp-json\/wp\/v2\/comments?post=13225"}],"version-history":[{"count":2,"href":"https:\/\/amnistia.org.mx\/contenido\/index.php\/wp-json\/wp\/v2\/posts\/13225\/revisions"}],"predecessor-version":[{"id":13238,"href":"https:\/\/amnistia.org.mx\/contenido\/index.php\/wp-json\/wp\/v2\/posts\/13225\/revisions\/13238"}],"wp:featuredmedia":[{"embeddable":true,"href":"https:\/\/amnistia.org.mx\/contenido\/index.php\/wp-json\/wp\/v2\/media\/13230"}],"wp:attachment":[{"href":"https:\/\/amnistia.org.mx\/contenido\/index.php\/wp-json\/wp\/v2\/media?parent=13225"}],"wp:term":[{"taxonomy":"category","embeddable":true,"href":"https:\/\/amnistia.org.mx\/contenido\/index.php\/wp-json\/wp\/v2\/categories?post=13225"},{"taxonomy":"post_tag","embeddable":true,"href":"https:\/\/amnistia.org.mx\/contenido\/index.php\/wp-json\/wp\/v2\/tags?post=13225"}],"curies":[{"name":"wp","href":"https:\/\/api.w.org\/{rel}","templated":true}]}}