
{"id":13284,"date":"2021-03-24T23:40:41","date_gmt":"2021-03-24T23:40:41","guid":{"rendered":"https:\/\/amnistia.org.mx\/contenido\/?p=13284"},"modified":"2021-06-24T16:24:27","modified_gmt":"2021-06-24T16:24:27","slug":"informe-anual-2020","status":"publish","type":"post","link":"https:\/\/amnistia.org.mx\/contenido\/index.php\/informe-anual-2020\/","title":{"rendered":"Informe Anual 2020"},"content":{"rendered":"\t\t<div data-elementor-type=\"wp-post\" data-elementor-id=\"13284\" class=\"elementor elementor-13284\">\n\t\t\t\t\t\t\t\t\t<section class=\"elementor-section elementor-top-section elementor-element elementor-element-2172e97 elementor-section-boxed elementor-section-height-default elementor-section-height-default\" data-id=\"2172e97\" data-element_type=\"section\">\n\t\t\t\t\t\t<div class=\"elementor-container elementor-column-gap-default\">\n\t\t\t\t\t<div class=\"elementor-column elementor-col-100 elementor-top-column elementor-element elementor-element-4f02d8d\" data-id=\"4f02d8d\" data-element_type=\"column\">\n\t\t\t<div class=\"elementor-widget-wrap elementor-element-populated\">\n\t\t\t\t\t\t\t\t<div class=\"elementor-element elementor-element-bca1f7a elementor-widget elementor-widget-text-editor\" data-id=\"bca1f7a\" data-element_type=\"widget\" data-widget_type=\"text-editor.default\">\n\t\t\t\t<div class=\"elementor-widget-container\">\n\t\t\t<style>\/*! elementor - v3.11.5 - 14-03-2023 *\/\n.elementor-widget-text-editor.elementor-drop-cap-view-stacked .elementor-drop-cap{background-color:#69727d;color:#fff}.elementor-widget-text-editor.elementor-drop-cap-view-framed .elementor-drop-cap{color:#69727d;border:3px solid;background-color:transparent}.elementor-widget-text-editor:not(.elementor-drop-cap-view-default) .elementor-drop-cap{margin-top:8px}.elementor-widget-text-editor:not(.elementor-drop-cap-view-default) .elementor-drop-cap-letter{width:1em;height:1em}.elementor-widget-text-editor .elementor-drop-cap{float:left;text-align:center;line-height:1;font-size:50px}.elementor-widget-text-editor .elementor-drop-cap-letter{display:inline-block}<\/style>\t\t\t\t<p>Para la secci\u00f3n mexicana <strong>2020<\/strong> ha sido un a\u00f1o de muchos aprendizajes y logros. Como ver\u00e1s en detalle en las siguientes p\u00e1ginas hemos logrado avances significativos en los casos que acompa\u00f1amos; continuamos posicionando a la secci\u00f3n mexicana como un referente pol\u00edtico y en la agenda medi\u00e1tica a nivel nacional e internacional; consolidamos nuestras alianzas con organizaciones y colectivos a nivel nacional y con secciones del movimiento; fortalecimos nuestra comunidad para aprender y actuar de manera conjunta; y, nos seguimos posicionado en el movimiento internacional como un referente en materia de violencia contra las mujeres y como un ejemplo de secci\u00f3n que se adapta y responde a contextos complejos.<\/p><p>En 2020, nada de lo logrado hubiera sido posible sin la colaboraci\u00f3n y participaci\u00f3n de <strong>la membres\u00eda, el Comit\u00e9 Directivo, la Oficina Nacional, donantes y nuestras personas activistas<\/strong>. Este a\u00f1o signific\u00f3 repensar c\u00f3mo trabajamos, qu\u00e9 estrategias debemos seguir, cu\u00e1les son nuestras prioridades para poder continuar trabajando para nuestra misi\u00f3n. Cada acci\u00f3n nos hace m\u00e1s fuertes y nos hace seguir la direcci\u00f3n correcta para poner a <strong>M\u00e9xico como un pa\u00eds referente en el movimiento internacional<\/strong> y continuar como la organizaci\u00f3n l\u00edder en materia de derechos humanos en el pa\u00eds.<span style=\"font-size: 16px;\">\u00a0<\/span><\/p><div class=\"wp-block-file\" style=\"text-align: center;\"><a class=\"wp-block-file__button\" href=\"https:\/\/amnistia.org.mx\/contenido\/wp-content\/uploads\/2021\/03\/04-Informe-trimestral_2020-FINAL-OK-spreads.pdf\" download=\"\">Descargar<\/a><\/div><p><!-- \/wp:file --><\/p>\t\t\t\t\t\t<\/div>\n\t\t\t\t<\/div>\n\t\t\t\t\t<\/div>\n\t\t<\/div>\n\t\t\t\t\t\t\t<\/div>\n\t\t<\/section>\n\t\t\t\t\t\t\t<\/div>\n\t\t","protected":false},"excerpt":{"rendered":"<p>Para la secci\u00f3n mexicana 2020 ha sido un a\u00f1o de muchos aprendizajes y logros. Como ver\u00e1s en detalle en las siguientes p\u00e1ginas hemos logrado avances significativos en los casos que &hellip;<\/p>\n<p class=\"read-more\"> <a class=\"\" href=\"https:\/\/amnistia.org.mx\/contenido\/index.php\/informe-anual-2020\/\"> <span class=\"screen-reader-text\">Informe Anual 2020<\/span> Leer m\u00e1s &raquo;<\/a><\/p>\n","protected":false},"author":8,"featured_media":13322,"comment_status":"closed","ping_status":"closed","sticky":false,"template":"","format":"standard","meta":{"_uf_show_specific_survey":0,"_uf_disable_surveys":false,"site-sidebar-layout":"default","site-content-layout":"default","ast-global-header-display":"","ast-main-header-display":"","ast-hfb-above-header-display":"","ast-hfb-below-header-display":"","ast-hfb-mobile-header-display":"","site-post-title":"","ast-breadcrumbs-content":"","ast-featured-img":"","footer-sml-layout":"","theme-transparent-header-meta":"default","adv-header-id-meta":"","stick-header-meta":"","header-above-stick-meta":"","header-main-stick-meta":"","header-below-stick-meta":""},"categories":[8],"tags":[92],"acf":[],"aioseo_notices":[],"yoast_head":"<!-- This site is optimized with the Yoast SEO plugin v14.5 - https:\/\/yoast.com\/wordpress\/plugins\/seo\/ -->\n<title>Informe Anual 2020 - amnistia.org.mx<\/title>\n<meta name=\"description\" content=\"A nivel global 2020 ha sido un a\u00f1o impactante en muchos sentidos, enfrentamos la emergencia sanitaria deCOVID-19 y una crisis econ\u00f3mica sin precedentes, lamentamos la muerte de aquellas personas que hemos perdido,atesoramos las muestras de solidaridad y alzamos nuestras voces para defender los derechos humanosde todas las personas.\" \/>\n<meta name=\"robots\" content=\"index, follow\" \/>\n<meta name=\"googlebot\" content=\"index, follow, max-snippet:-1, max-image-preview:large, max-video-preview:-1\" \/>\n<meta name=\"bingbot\" content=\"index, follow, max-snippet:-1, max-image-preview:large, max-video-preview:-1\" \/>\n<link rel=\"canonical\" href=\"https:\/\/amnistia.org.mx\/contenido\/index.php\/informe-anual-2020\/\" \/>\n<meta property=\"og:locale\" content=\"es_MX\" \/>\n<meta property=\"og:type\" content=\"article\" \/>\n<meta property=\"og:title\" content=\"Informe Anual 2020 - amnistia.org.mx\" \/>\n<meta property=\"og:description\" content=\"A nivel global 2020 ha sido un a\u00f1o impactante en muchos sentidos, enfrentamos la emergencia sanitaria deCOVID-19 y una crisis econ\u00f3mica sin precedentes, lamentamos la muerte de aquellas personas que hemos perdido,atesoramos las muestras de solidaridad y alzamos nuestras voces para defender los derechos humanosde todas las personas.\" \/>\n<meta property=\"og:url\" content=\"https:\/\/amnistia.org.mx\/contenido\/index.php\/informe-anual-2020\/\" \/>\n<meta property=\"og:site_name\" content=\"amnistia.org.mx\" \/>\n<meta property=\"article:published_time\" content=\"2021-03-24T23:40:41+00:00\" \/>\n<meta property=\"article:modified_time\" content=\"2021-06-24T16:24:27+00:00\" \/>\n<meta property=\"og:image\" content=\"https:\/\/amnistia.org.mx\/contenido\/wp-content\/uploads\/2021\/03\/Screenshot_20210327_130428_com.google.android.apps_.docs2_.jpg\" \/>\n\t<meta property=\"og:image:width\" content=\"1080\" \/>\n\t<meta property=\"og:image:height\" content=\"1477\" \/>\n<meta name=\"twitter:card\" content=\"summary_large_image\" \/>\n<script type=\"application\/ld+json\" class=\"yoast-schema-graph\">{\"@context\":\"https:\/\/schema.org\",\"@graph\":[{\"@type\":\"WebSite\",\"@id\":\"https:\/\/amnistia.org.mx\/contenido\/#website\",\"url\":\"https:\/\/amnistia.org.mx\/contenido\/\",\"name\":\"amnistia.org.mx\",\"description\":\"Nueva p\\u00e1gina de Amnist\\u00eda\",\"potentialAction\":[{\"@type\":\"SearchAction\",\"target\":\"https:\/\/amnistia.org.mx\/contenido\/?s={search_term_string}\",\"query-input\":\"required name=search_term_string\"}],\"inLanguage\":\"es-MX\"},{\"@type\":\"ImageObject\",\"@id\":\"https:\/\/amnistia.org.mx\/contenido\/index.php\/informe-anual-2020\/#primaryimage\",\"inLanguage\":\"es-MX\",\"url\":\"https:\/\/amnistia.org.mx\/contenido\/wp-content\/uploads\/2021\/03\/Screenshot_20210327_130428_com.google.android.apps_.docs2_.jpg\",\"width\":1080,\"height\":1477},{\"@type\":\"WebPage\",\"@id\":\"https:\/\/amnistia.org.mx\/contenido\/index.php\/informe-anual-2020\/#webpage\",\"url\":\"https:\/\/amnistia.org.mx\/contenido\/index.php\/informe-anual-2020\/\",\"name\":\"Informe Anual 2020 - amnistia.org.mx\",\"isPartOf\":{\"@id\":\"https:\/\/amnistia.org.mx\/contenido\/#website\"},\"primaryImageOfPage\":{\"@id\":\"https:\/\/amnistia.org.mx\/contenido\/index.php\/informe-anual-2020\/#primaryimage\"},\"datePublished\":\"2021-03-24T23:40:41+00:00\",\"dateModified\":\"2021-06-24T16:24:27+00:00\",\"author\":{\"@id\":\"https:\/\/amnistia.org.mx\/contenido\/#\/schema\/person\/2d2b29996a9513767aea81f8ae57bdeb\"},\"description\":\"A nivel global 2020 ha sido un a\\u00f1o impactante en muchos sentidos, enfrentamos la emergencia sanitaria deCOVID-19 y una crisis econ\\u00f3mica sin precedentes, lamentamos la muerte de aquellas personas que hemos perdido,atesoramos las muestras de solidaridad y alzamos nuestras voces para defender los derechos humanosde todas las personas.\",\"breadcrumb\":{\"@id\":\"https:\/\/amnistia.org.mx\/contenido\/index.php\/informe-anual-2020\/#breadcrumb\"},\"inLanguage\":\"es-MX\",\"potentialAction\":[{\"@type\":\"ReadAction\",\"target\":[\"https:\/\/amnistia.org.mx\/contenido\/index.php\/informe-anual-2020\/\"]}]},{\"@type\":\"BreadcrumbList\",\"@id\":\"https:\/\/amnistia.org.mx\/contenido\/index.php\/informe-anual-2020\/#breadcrumb\",\"itemListElement\":[{\"@type\":\"ListItem\",\"position\":1,\"item\":{\"@type\":\"WebPage\",\"@id\":\"https:\/\/amnistia.org.mx\/contenido\/\",\"url\":\"https:\/\/amnistia.org.mx\/contenido\/\",\"name\":\"Home\"}},{\"@type\":\"ListItem\",\"position\":2,\"item\":{\"@type\":\"WebPage\",\"@id\":\"https:\/\/amnistia.org.mx\/contenido\/index.php\/informe-anual-2020\/\",\"url\":\"https:\/\/amnistia.org.mx\/contenido\/index.php\/informe-anual-2020\/\",\"name\":\"Informe Anual 2020\"}}]},{\"@type\":[\"Person\"],\"@id\":\"https:\/\/amnistia.org.mx\/contenido\/#\/schema\/person\/2d2b29996a9513767aea81f8ae57bdeb\",\"name\":\"Carolina Flores\",\"image\":{\"@type\":\"ImageObject\",\"@id\":\"https:\/\/amnistia.org.mx\/contenido\/#personlogo\",\"inLanguage\":\"es-MX\",\"url\":\"https:\/\/secure.gravatar.com\/avatar\/e2d29811923c60594035966b365ce272?s=96&d=mm&r=g\",\"caption\":\"Carolina Flores\"}}]}<\/script>\n<!-- \/ Yoast SEO plugin. -->","_links":{"self":[{"href":"https:\/\/amnistia.org.mx\/contenido\/index.php\/wp-json\/wp\/v2\/posts\/13284"}],"collection":[{"href":"https:\/\/amnistia.org.mx\/contenido\/index.php\/wp-json\/wp\/v2\/posts"}],"about":[{"href":"https:\/\/amnistia.org.mx\/contenido\/index.php\/wp-json\/wp\/v2\/types\/post"}],"author":[{"embeddable":true,"href":"https:\/\/amnistia.org.mx\/contenido\/index.php\/wp-json\/wp\/v2\/users\/8"}],"replies":[{"embeddable":true,"href":"https:\/\/amnistia.org.mx\/contenido\/index.php\/wp-json\/wp\/v2\/comments?post=13284"}],"version-history":[{"count":6,"href":"https:\/\/amnistia.org.mx\/contenido\/index.php\/wp-json\/wp\/v2\/posts\/13284\/revisions"}],"predecessor-version":[{"id":13912,"href":"https:\/\/amnistia.org.mx\/contenido\/index.php\/wp-json\/wp\/v2\/posts\/13284\/revisions\/13912"}],"wp:featuredmedia":[{"embeddable":true,"href":"https:\/\/amnistia.org.mx\/contenido\/index.php\/wp-json\/wp\/v2\/media\/13322"}],"wp:attachment":[{"href":"https:\/\/amnistia.org.mx\/contenido\/index.php\/wp-json\/wp\/v2\/media?parent=13284"}],"wp:term":[{"taxonomy":"category","embeddable":true,"href":"https:\/\/amnistia.org.mx\/contenido\/index.php\/wp-json\/wp\/v2\/categories?post=13284"},{"taxonomy":"post_tag","embeddable":true,"href":"https:\/\/amnistia.org.mx\/contenido\/index.php\/wp-json\/wp\/v2\/tags?post=13284"}],"curies":[{"name":"wp","href":"https:\/\/api.w.org\/{rel}","templated":true}]}}