
{"id":13303,"date":"2021-03-26T00:37:55","date_gmt":"2021-03-26T00:37:55","guid":{"rendered":"https:\/\/amnistia.org.mx\/contenido\/?p=13303"},"modified":"2021-03-26T00:54:29","modified_gmt":"2021-03-26T00:54:29","slug":"la-periodista-andrea-sahouri-en-libertad-gracias-a-amnistia-y-al-apoyo-internacional","status":"publish","type":"post","link":"https:\/\/amnistia.org.mx\/contenido\/index.php\/la-periodista-andrea-sahouri-en-libertad-gracias-a-amnistia-y-al-apoyo-internacional\/","title":{"rendered":"La periodista Andrea Sahouri en libertad gracias a Amnist\u00eda y al apoyo internacional"},"content":{"rendered":"\t\t<div data-elementor-type=\"wp-post\" data-elementor-id=\"13303\" class=\"elementor elementor-13303\">\n\t\t\t\t\t\t\t\t\t<section class=\"elementor-section elementor-top-section elementor-element elementor-element-25e5f3cb elementor-section-boxed elementor-section-height-default elementor-section-height-default\" data-id=\"25e5f3cb\" data-element_type=\"section\">\n\t\t\t\t\t\t<div class=\"elementor-container elementor-column-gap-default\">\n\t\t\t\t\t<div class=\"elementor-column elementor-col-100 elementor-top-column elementor-element elementor-element-bc5b74c\" data-id=\"bc5b74c\" data-element_type=\"column\">\n\t\t\t<div class=\"elementor-widget-wrap elementor-element-populated\">\n\t\t\t\t\t\t\t\t<div class=\"elementor-element elementor-element-4c4da28c elementor-author-box--layout-image-above elementor-author-box--align-center elementor-widget elementor-widget-author-box\" data-id=\"4c4da28c\" data-element_type=\"widget\" data-widget_type=\"author-box.default\">\n\t\t\t\t<div class=\"elementor-widget-container\">\n\t\t\t<link rel=\"stylesheet\" href=\"https:\/\/amnistia.org.mx\/contenido\/wp-content\/plugins\/elementor-pro\/assets\/css\/widget-theme-elements.min.css\">\t\t<div class=\"elementor-author-box\">\n\t\t\t\t\t\t\t<div  class=\"elementor-author-box__avatar\">\n\t\t\t\t\t<img decoding=\"async\" src=\"https:\/\/amnistia.org.mx\/contenido\/wp-content\/uploads\/2020\/06\/circle-cropped-6-300x300.png\" alt=\"Amnist\u00eda Internacional\">\n\t\t\t\t<\/div>\n\t\t\t\n\t\t\t<div class=\"elementor-author-box__text\">\n\t\t\t\t\t\t\t\t\t<div >\n\t\t\t\t\t\t<h4 class=\"elementor-author-box__name\">\n\t\t\t\t\t\t\tAmnist\u00eda Internacional\t\t\t\t\t\t<\/h4>\n\t\t\t\t\t<\/div>\n\t\t\t\t\n\t\t\t\t\n\t\t\t\t\t\t\t<\/div>\n\t\t<\/div>\n\t\t\t\t<\/div>\n\t\t\t\t<\/div>\n\t\t\t\t<div class=\"elementor-element elementor-element-13758485 elementor-widget-divider--view-line elementor-widget elementor-widget-divider\" data-id=\"13758485\" data-element_type=\"widget\" data-widget_type=\"divider.default\">\n\t\t\t\t<div class=\"elementor-widget-container\">\n\t\t\t<style>\/*! elementor - v3.11.5 - 14-03-2023 *\/\n.elementor-widget-divider{--divider-border-style:none;--divider-border-width:1px;--divider-color:#0c0d0e;--divider-icon-size:20px;--divider-element-spacing:10px;--divider-pattern-height:24px;--divider-pattern-size:20px;--divider-pattern-url:none;--divider-pattern-repeat:repeat-x}.elementor-widget-divider .elementor-divider{display:flex}.elementor-widget-divider .elementor-divider__text{font-size:15px;line-height:1;max-width:95%}.elementor-widget-divider .elementor-divider__element{margin:0 var(--divider-element-spacing);flex-shrink:0}.elementor-widget-divider .elementor-icon{font-size:var(--divider-icon-size)}.elementor-widget-divider .elementor-divider-separator{display:flex;margin:0;direction:ltr}.elementor-widget-divider--view-line_icon .elementor-divider-separator,.elementor-widget-divider--view-line_text .elementor-divider-separator{align-items:center}.elementor-widget-divider--view-line_icon .elementor-divider-separator:after,.elementor-widget-divider--view-line_icon .elementor-divider-separator:before,.elementor-widget-divider--view-line_text .elementor-divider-separator:after,.elementor-widget-divider--view-line_text .elementor-divider-separator:before{display:block;content:\"\";border-bottom:0;flex-grow:1;border-top:var(--divider-border-width) var(--divider-border-style) var(--divider-color)}.elementor-widget-divider--element-align-left .elementor-divider .elementor-divider-separator>.elementor-divider__svg:first-of-type{flex-grow:0;flex-shrink:100}.elementor-widget-divider--element-align-left .elementor-divider-separator:before{content:none}.elementor-widget-divider--element-align-left .elementor-divider__element{margin-left:0}.elementor-widget-divider--element-align-right .elementor-divider .elementor-divider-separator>.elementor-divider__svg:last-of-type{flex-grow:0;flex-shrink:100}.elementor-widget-divider--element-align-right .elementor-divider-separator:after{content:none}.elementor-widget-divider--element-align-right .elementor-divider__element{margin-right:0}.elementor-widget-divider:not(.elementor-widget-divider--view-line_text):not(.elementor-widget-divider--view-line_icon) .elementor-divider-separator{border-top:var(--divider-border-width) var(--divider-border-style) var(--divider-color)}.elementor-widget-divider--separator-type-pattern{--divider-border-style:none}.elementor-widget-divider--separator-type-pattern.elementor-widget-divider--view-line .elementor-divider-separator,.elementor-widget-divider--separator-type-pattern:not(.elementor-widget-divider--view-line) .elementor-divider-separator:after,.elementor-widget-divider--separator-type-pattern:not(.elementor-widget-divider--view-line) .elementor-divider-separator:before,.elementor-widget-divider--separator-type-pattern:not([class*=elementor-widget-divider--view]) .elementor-divider-separator{width:100%;min-height:var(--divider-pattern-height);-webkit-mask-size:var(--divider-pattern-size) 100%;mask-size:var(--divider-pattern-size) 100%;-webkit-mask-repeat:var(--divider-pattern-repeat);mask-repeat:var(--divider-pattern-repeat);background-color:var(--divider-color);-webkit-mask-image:var(--divider-pattern-url);mask-image:var(--divider-pattern-url)}.elementor-widget-divider--no-spacing{--divider-pattern-size:auto}.elementor-widget-divider--bg-round{--divider-pattern-repeat:round}.rtl .elementor-widget-divider .elementor-divider__text{direction:rtl}.e-con-inner>.elementor-widget-divider,.e-con>.elementor-widget-divider{width:var(--container-widget-width,100%);--flex-grow:var(--container-widget-flex-grow)}<\/style>\t\t<div class=\"elementor-divider\">\n\t\t\t<span class=\"elementor-divider-separator\">\n\t\t\t\t\t\t<\/span>\n\t\t<\/div>\n\t\t\t\t<\/div>\n\t\t\t\t<\/div>\n\t\t\t\t\t<\/div>\n\t\t<\/div>\n\t\t\t\t\t\t\t<\/div>\n\t\t<\/section>\n\t\t\t\t<section class=\"elementor-section elementor-top-section elementor-element elementor-element-5fb79887 elementor-section-boxed elementor-section-height-default elementor-section-height-default\" data-id=\"5fb79887\" data-element_type=\"section\">\n\t\t\t\t\t\t<div class=\"elementor-container elementor-column-gap-default\">\n\t\t\t\t\t<div class=\"elementor-column elementor-col-100 elementor-top-column elementor-element elementor-element-6e87262\" data-id=\"6e87262\" data-element_type=\"column\">\n\t\t\t<div class=\"elementor-widget-wrap elementor-element-populated\">\n\t\t\t\t\t\t\t\t<div class=\"elementor-element elementor-element-357a44ed elementor-align-center elementor-widget elementor-widget-post-info\" data-id=\"357a44ed\" data-element_type=\"widget\" data-widget_type=\"post-info.default\">\n\t\t\t\t<div class=\"elementor-widget-container\">\n\t\t\t<link rel=\"stylesheet\" href=\"https:\/\/amnistia.org.mx\/contenido\/wp-content\/plugins\/elementor\/assets\/css\/widget-icon-list.min.css\">\t\t<ul class=\"elementor-inline-items elementor-icon-list-items elementor-post-info\">\n\t\t\t\t\t\t\t\t<li class=\"elementor-icon-list-item elementor-repeater-item-faf80c6 elementor-inline-item\" itemprop=\"datePublished\">\n\t\t\t\t\t\t<a href=\"https:\/\/amnistia.org.mx\/contenido\/index.php\/2021\/03\/26\/\">\n\t\t\t\t\t\t\t\t\t\t\t<span class=\"elementor-icon-list-icon\">\n\t\t\t\t\t\t\t\t<svg aria-hidden=\"true\" class=\"e-font-icon-svg e-fas-calendar\" viewBox=\"0 0 448 512\" xmlns=\"http:\/\/www.w3.org\/2000\/svg\"><path d=\"M12 192h424c6.6 0 12 5.4 12 12v260c0 26.5-21.5 48-48 48H48c-26.5 0-48-21.5-48-48V204c0-6.6 5.4-12 12-12zm436-44v-36c0-26.5-21.5-48-48-48h-48V12c0-6.6-5.4-12-12-12h-40c-6.6 0-12 5.4-12 12v52H160V12c0-6.6-5.4-12-12-12h-40c-6.6 0-12 5.4-12 12v52H48C21.5 64 0 85.5 0 112v36c0 6.6 5.4 12 12 12h424c6.6 0 12-5.4 12-12z\"><\/path><\/svg>\t\t\t\t\t\t\t<\/span>\n\t\t\t\t\t\t\t\t\t<span class=\"elementor-icon-list-text elementor-post-info__item elementor-post-info__item--type-date\">\n\t\t\t\t\t\t\t\t\t\tmarzo 26, 2021\t\t\t\t\t<\/span>\n\t\t\t\t\t\t\t\t\t<\/a>\n\t\t\t\t<\/li>\n\t\t\t\t<\/ul>\n\t\t\t\t<\/div>\n\t\t\t\t<\/div>\n\t\t\t\t\t<\/div>\n\t\t<\/div>\n\t\t\t\t\t\t\t<\/div>\n\t\t<\/section>\n\t\t\t\t<section class=\"elementor-section elementor-top-section elementor-element elementor-element-34d199ad elementor-section-boxed elementor-section-height-default elementor-section-height-default\" data-id=\"34d199ad\" data-element_type=\"section\">\n\t\t\t\t\t\t<div class=\"elementor-container elementor-column-gap-wide\">\n\t\t\t\t\t<div class=\"elementor-column elementor-col-66 elementor-top-column elementor-element elementor-element-38515331\" data-id=\"38515331\" data-element_type=\"column\">\n\t\t\t<div class=\"elementor-widget-wrap elementor-element-populated\">\n\t\t\t\t\t\t\t\t<div class=\"elementor-element elementor-element-b7ea6a3 elementor-widget elementor-widget-text-editor\" data-id=\"b7ea6a3\" data-element_type=\"widget\" data-widget_type=\"text-editor.default\">\n\t\t\t\t<div class=\"elementor-widget-container\">\n\t\t\t<style>\/*! elementor - v3.11.5 - 14-03-2023 *\/\n.elementor-widget-text-editor.elementor-drop-cap-view-stacked .elementor-drop-cap{background-color:#69727d;color:#fff}.elementor-widget-text-editor.elementor-drop-cap-view-framed .elementor-drop-cap{color:#69727d;border:3px solid;background-color:transparent}.elementor-widget-text-editor:not(.elementor-drop-cap-view-default) .elementor-drop-cap{margin-top:8px}.elementor-widget-text-editor:not(.elementor-drop-cap-view-default) .elementor-drop-cap-letter{width:1em;height:1em}.elementor-widget-text-editor .elementor-drop-cap{float:left;text-align:center;line-height:1;font-size:50px}.elementor-widget-text-editor .elementor-drop-cap-letter{display:inline-block}<\/style>\t\t\t\t<h2 class=\"h4\">La noche del 31 de mayo de 2020, la polic\u00eda de la ciudad de Des Moines, Iowa, roci\u00f3 con pulverizador de pimienta, detuvo y recluy\u00f3 a la periodista Andrea Sahouri mientras esta informaba sobre una protesta de Black Lives Matter, a pesar de que ella grit\u00f3: \u201c<em>\u00a1Soy de la prensa, soy de la prensa!\u201d.<\/em><\/h2><p>\u00a0<\/p><p>Mientras la polic\u00eda disparaba gas lacrim\u00f3geno, Andrea corri\u00f3 junto a otros manifestantes a un concurrido cruce comercial, y la polic\u00eda carg\u00f3 contra ellos. Aunque ella no dej\u00f3 de gritar \u201c<em>\u00a1Soy de la prensa!\u201d<\/em>, la rociaron dos veces a quemarropa con pulverizador de pimienta en los brazos y la cara. Andrea dijo a Amnist\u00eda: \u201c<em>Me ard\u00edan toda la cara y los ojos, y lloraba de dolor\u201d<\/em>. La polic\u00eda la detuvo, le espos\u00f3 las manos a la espalda con abrazaderas y la hizo subir a un furg\u00f3n policial. Se la acus\u00f3 de no dispersarse y de interferir en actos oficiales.<\/p><blockquote class=\"blockquote\"><div class=\"blockquote__content\"><p class=\"blockquote__text\">\u201cQuiero dar las gracias a Amnist\u00eda Internacional (&#8230;) y a cada uno de vosotros y vosotras que me hab\u00e9is apoyado y que os hab\u00e9is solidarizado conmigo en esta lucha por la libertad de prensa.\u00a0<\/p><p class=\"blockquote__author\">Andrea Sahouri<\/p><\/div><\/blockquote>\t\t\t\t\t\t<\/div>\n\t\t\t\t<\/div>\n\t\t\t\t<div class=\"elementor-element elementor-element-4553073 elementor-widget elementor-widget-video\" data-id=\"4553073\" data-element_type=\"widget\" data-settings=\"{&quot;youtube_url&quot;:&quot;https:\\\/\\\/youtu.be\\\/_0-tan_3zRA&quot;,&quot;video_type&quot;:&quot;youtube&quot;,&quot;controls&quot;:&quot;yes&quot;}\" data-widget_type=\"video.default\">\n\t\t\t\t<div class=\"elementor-widget-container\">\n\t\t\t<style>\/*! elementor - v3.11.5 - 14-03-2023 *\/\n.elementor-widget-video .elementor-widget-container{overflow:hidden;transform:translateZ(0)}.elementor-widget-video .elementor-wrapper iframe,.elementor-widget-video .elementor-wrapper video{height:100%;width:100%;display:flex;border:none;background-color:#000}.elementor-widget-video .elementor-open-inline .elementor-custom-embed-image-overlay{position:absolute;top:0;left:0;width:100%;height:100%;background-size:cover;background-position:50%}.elementor-widget-video .elementor-custom-embed-image-overlay{cursor:pointer;text-align:center}.elementor-widget-video .elementor-custom-embed-image-overlay:hover .elementor-custom-embed-play i{opacity:1}.elementor-widget-video .elementor-custom-embed-image-overlay img{display:block;width:100%}.elementor-widget-video .e-hosted-video .elementor-video{-o-object-fit:cover;object-fit:cover}.e-con-inner>.elementor-widget-video,.e-con>.elementor-widget-video{width:var(--container-widget-width);--flex-grow:var(--container-widget-flex-grow)}<\/style>\t\t<div class=\"elementor-wrapper elementor-open-inline\">\n\t\t\t<div class=\"elementor-video\"><\/div>\t\t<\/div>\n\t\t\t\t<\/div>\n\t\t\t\t<\/div>\n\t\t\t\t<div class=\"elementor-element elementor-element-7a13e91 elementor-widget elementor-widget-text-editor\" data-id=\"7a13e91\" data-element_type=\"widget\" data-widget_type=\"text-editor.default\">\n\t\t\t\t<div class=\"elementor-widget-container\">\n\t\t\t\t\t\t\t<p>Amnist\u00eda Internacional puso en marcha una\u00a0<strong>recogida de firmas<\/strong>\u00a0a nivel internacional\u00a0<strong>pidiendo que se desestimasen todos los cargos contra ella<\/strong>\u00a0porque\u00a0<strong>informar, en el lugar de la protesta como periodista, no es un delito.<\/strong>\u00a0Es un derecho que debe ser protegido.<\/p><p>Amnist\u00eda Internacional document\u00f3 el caso de Andrea en su informe de agosto de 2020\u00a0<em><a href=\"http:\/\/bit.ly\/3i0L2pR\" target=\"_blank\" rel=\"noopener\">El mundo est\u00e1 observando: Violaciones masivas de los derechos de manifestantes del movimiento Black Lives Matter por la polic\u00eda estadounidense<\/a>,<\/em>\u00a0en el que describi\u00f3 c\u00f3mo, en muchas protestas de 2020 mayoritariamente pac\u00edficas, la polic\u00eda hab\u00eda hecho un uso excesivo de la fuerza contra periodistas, personas que realizaban labores autorizadas de observaci\u00f3n y personal de primeros auxilios, adem\u00e1s de contra manifestantes. Ese uso excesivo de la fuerza vulner\u00f3 su derecho a la libertad de reuni\u00f3n pac\u00edfica y de expresi\u00f3n, caus\u00f3 lesiones y puso en peligro a todas las personas afectadas.<\/p><p>A pesar de la presi\u00f3n mundial para que se retiraran los cargos, la fiscal\u00eda insisti\u00f3 en seguir adelante con el juicio que dur\u00f3 tres d\u00edas y atrajo la atenci\u00f3n de los medios de comunicaci\u00f3n internacionales. Finalmente,\u00a0<strong>el 10 de marzo de 2021, Andrea fue declarada inocente.<\/strong><\/p><p>Amnist\u00eda Internacional se congraluta del veredicto y\u00a0<strong>agradece la movilizaci\u00f3n mundial de toda su membres\u00eda.<\/strong>\u00a0Andrea Sahouri tambi\u00e9n se ha mostrado feliz y ha manifestado su m\u00e1s sincero agradecimiento por el apoyo\u00a0recibido\u00a0de todos los rincones del mundo.<\/p>\t\t\t\t\t\t<\/div>\n\t\t\t\t<\/div>\n\t\t\t\t<div class=\"elementor-element elementor-element-73c12c81 elementor-post-navigation-borders-yes elementor-widget elementor-widget-post-navigation\" data-id=\"73c12c81\" data-element_type=\"widget\" data-widget_type=\"post-navigation.default\">\n\t\t\t\t<div class=\"elementor-widget-container\">\n\t\t\t\t\t<div class=\"elementor-post-navigation\">\n\t\t\t<div class=\"elementor-post-navigation__prev elementor-post-navigation__link\">\n\t\t\t\t<a href=\"https:\/\/amnistia.org.mx\/contenido\/index.php\/sustracciones-ilegales-de-bebes-en-espana\/\" rel=\"prev\"><span class=\"post-navigation__arrow-wrapper post-navigation__arrow-prev\"><i class=\"fa fa-angle-left\" aria-hidden=\"true\"><\/i><span class=\"elementor-screen-only\">Previo<\/span><\/span><span class=\"elementor-post-navigation__link__prev\"><span class=\"post-navigation__prev--label\">Anterior<\/span><span class=\"post-navigation__prev--title\">Sustracciones ilegales de beb\u00e9s en Espa\u00f1a<\/span><\/span><\/a>\t\t\t<\/div>\n\t\t\t\t\t\t\t<div class=\"elementor-post-navigation__separator-wrapper\">\n\t\t\t\t\t<div class=\"elementor-post-navigation__separator\"><\/div>\n\t\t\t\t<\/div>\n\t\t\t\t\t\t<div class=\"elementor-post-navigation__next elementor-post-navigation__link\">\n\t\t\t\t<a href=\"https:\/\/amnistia.org.mx\/contenido\/index.php\/los-derechos-humanos-estan-en-riesgo\/\" rel=\"next\"><span class=\"elementor-post-navigation__link__next\"><span class=\"post-navigation__next--label\">Siguiente<\/span><span class=\"post-navigation__next--title\">Los Derechos Humanos est\u00e1n en riesgo<\/span><\/span><span class=\"post-navigation__arrow-wrapper post-navigation__arrow-next\"><i class=\"fa fa-angle-right\" aria-hidden=\"true\"><\/i><span class=\"elementor-screen-only\">Next<\/span><\/span><\/a>\t\t\t<\/div>\n\t\t<\/div>\n\t\t\t\t<\/div>\n\t\t\t\t<\/div>\n\t\t\t\t<div class=\"elementor-element elementor-element-61fa495 elementor-widget elementor-widget-facebook-comments\" data-id=\"61fa495\" data-element_type=\"widget\" data-widget_type=\"facebook-comments.default\">\n\t\t\t\t<div class=\"elementor-widget-container\">\n\t\t\t<style>\/*! elementor-pro - v3.11.7 - 22-03-2023 *\/\n.elementor-facebook-widget.fb_iframe_widget,.elementor-facebook-widget.fb_iframe_widget span{width:100%!important}.elementor-facebook-widget.fb_iframe_widget iframe{position:relative;width:100%!important}.elementor-facebook-widget.fb-like{height:1px}.elementor-widget-facebook-comments iframe{width:100%!important}<\/style>\t\t<div class=\"elementor-facebook-widget fb-comments\" data-href=\"https:\/\/amnistia.org.mx\/contenido?p=13303\" data-width=\"100%\" data-numposts=\"10\" data-order-by=\"social\" style=\"min-height: 1px\"><\/div>\n\t\t\t\t<\/div>\n\t\t\t\t<\/div>\n\t\t\t\t\t<\/div>\n\t\t<\/div>\n\t\t\t\t<div class=\"elementor-column elementor-col-33 elementor-top-column elementor-element elementor-element-776c144e\" data-id=\"776c144e\" data-element_type=\"column\">\n\t\t\t<div class=\"elementor-widget-wrap elementor-element-populated\">\n\t\t\t\t\t\t\t\t<section class=\"elementor-section elementor-inner-section elementor-element elementor-element-5fd3fd44 elementor-section-boxed elementor-section-height-default elementor-section-height-default\" data-id=\"5fd3fd44\" data-element_type=\"section\">\n\t\t\t\t\t\t<div class=\"elementor-container elementor-column-gap-default\">\n\t\t\t\t\t<div class=\"elementor-column elementor-col-100 elementor-inner-column elementor-element elementor-element-445a0e5f\" data-id=\"445a0e5f\" data-element_type=\"column\">\n\t\t\t<div class=\"elementor-widget-wrap elementor-element-populated\">\n\t\t\t\t\t\t\t\t<div class=\"elementor-element elementor-element-5a28618b elementor-widget elementor-widget-heading\" data-id=\"5a28618b\" data-element_type=\"widget\" data-widget_type=\"heading.default\">\n\t\t\t\t<div class=\"elementor-widget-container\">\n\t\t\t<style>\/*! elementor - v3.11.5 - 14-03-2023 *\/\n.elementor-heading-title{padding:0;margin:0;line-height:1}.elementor-widget-heading .elementor-heading-title[class*=elementor-size-]>a{color:inherit;font-size:inherit;line-height:inherit}.elementor-widget-heading .elementor-heading-title.elementor-size-small{font-size:15px}.elementor-widget-heading .elementor-heading-title.elementor-size-medium{font-size:19px}.elementor-widget-heading .elementor-heading-title.elementor-size-large{font-size:29px}.elementor-widget-heading .elementor-heading-title.elementor-size-xl{font-size:39px}.elementor-widget-heading .elementor-heading-title.elementor-size-xxl{font-size:59px}<\/style><h4 class=\"elementor-heading-title elementor-size-default\">Comp\u00e1rtelo en redes<\/h4>\t\t<\/div>\n\t\t\t\t<\/div>\n\t\t\t\t<div class=\"elementor-element elementor-element-1077ddf4 elementor-share-buttons--view-icon elementor-share-buttons--shape-circle elementor-share-buttons--skin-framed elementor-share-buttons--color-custom elementor-grid-0 elementor-widget elementor-widget-share-buttons\" data-id=\"1077ddf4\" data-element_type=\"widget\" data-widget_type=\"share-buttons.default\">\n\t\t\t\t<div class=\"elementor-widget-container\">\n\t\t\t<link rel=\"stylesheet\" href=\"https:\/\/amnistia.org.mx\/contenido\/wp-content\/plugins\/elementor-pro\/assets\/css\/widget-share-buttons.min.css\">\t\t<div class=\"elementor-grid\">\n\t\t\t\t\t\t\t\t<div class=\"elementor-grid-item\">\n\t\t\t\t\t\t<div\n\t\t\t\t\t\t\tclass=\"elementor-share-btn elementor-share-btn_facebook\"\n\t\t\t\t\t\t\trole=\"button\"\n\t\t\t\t\t\t\ttabindex=\"0\"\n\t\t\t\t\t\t\taria-label=\"Compartir en facebook\"\n\t\t\t\t\t\t>\n\t\t\t\t\t\t\t\t\t\t\t\t\t\t\t<span class=\"elementor-share-btn__icon\">\n\t\t\t\t\t\t\t\t<svg class=\"e-font-icon-svg e-fab-facebook\" viewBox=\"0 0 512 512\" xmlns=\"http:\/\/www.w3.org\/2000\/svg\"><path d=\"M504 256C504 119 393 8 256 8S8 119 8 256c0 123.78 90.69 226.38 209.25 245V327.69h-63V256h63v-54.64c0-62.15 37-96.48 93.67-96.48 27.14 0 55.52 4.84 55.52 4.84v61h-31.28c-30.8 0-40.41 19.12-40.41 38.73V256h68.78l-11 71.69h-57.78V501C413.31 482.38 504 379.78 504 256z\"><\/path><\/svg>\t\t\t\t\t\t\t<\/span>\n\t\t\t\t\t\t\t\t\t\t\t\t\t\t\t\t\t\t\t\t<\/div>\n\t\t\t\t\t<\/div>\n\t\t\t\t\t\t\t\t\t<div class=\"elementor-grid-item\">\n\t\t\t\t\t\t<div\n\t\t\t\t\t\t\tclass=\"elementor-share-btn elementor-share-btn_twitter\"\n\t\t\t\t\t\t\trole=\"button\"\n\t\t\t\t\t\t\ttabindex=\"0\"\n\t\t\t\t\t\t\taria-label=\"Compartir en twitter\"\n\t\t\t\t\t\t>\n\t\t\t\t\t\t\t\t\t\t\t\t\t\t\t<span class=\"elementor-share-btn__icon\">\n\t\t\t\t\t\t\t\t<svg class=\"e-font-icon-svg e-fab-twitter\" viewBox=\"0 0 512 512\" xmlns=\"http:\/\/www.w3.org\/2000\/svg\"><path d=\"M459.37 151.716c.325 4.548.325 9.097.325 13.645 0 138.72-105.583 298.558-298.558 298.558-59.452 0-114.68-17.219-161.137-47.106 8.447.974 16.568 1.299 25.34 1.299 49.055 0 94.213-16.568 130.274-44.832-46.132-.975-84.792-31.188-98.112-72.772 6.498.974 12.995 1.624 19.818 1.624 9.421 0 18.843-1.3 27.614-3.573-48.081-9.747-84.143-51.98-84.143-102.985v-1.299c13.969 7.797 30.214 12.67 47.431 13.319-28.264-18.843-46.781-51.005-46.781-87.391 0-19.492 5.197-37.36 14.294-52.954 51.655 63.675 129.3 105.258 216.365 109.807-1.624-7.797-2.599-15.918-2.599-24.04 0-57.828 46.782-104.934 104.934-104.934 30.213 0 57.502 12.67 76.67 33.137 23.715-4.548 46.456-13.32 66.599-25.34-7.798 24.366-24.366 44.833-46.132 57.827 21.117-2.273 41.584-8.122 60.426-16.243-14.292 20.791-32.161 39.308-52.628 54.253z\"><\/path><\/svg>\t\t\t\t\t\t\t<\/span>\n\t\t\t\t\t\t\t\t\t\t\t\t\t\t\t\t\t\t\t\t<\/div>\n\t\t\t\t\t<\/div>\n\t\t\t\t\t\t\t\t\t<div class=\"elementor-grid-item\">\n\t\t\t\t\t\t<div\n\t\t\t\t\t\t\tclass=\"elementor-share-btn elementor-share-btn_email\"\n\t\t\t\t\t\t\trole=\"button\"\n\t\t\t\t\t\t\ttabindex=\"0\"\n\t\t\t\t\t\t\taria-label=\"Compartir en email\"\n\t\t\t\t\t\t>\n\t\t\t\t\t\t\t\t\t\t\t\t\t\t\t<span class=\"elementor-share-btn__icon\">\n\t\t\t\t\t\t\t\t<svg class=\"e-font-icon-svg e-fas-envelope\" viewBox=\"0 0 512 512\" xmlns=\"http:\/\/www.w3.org\/2000\/svg\"><path d=\"M502.3 190.8c3.9-3.1 9.7-.2 9.7 4.7V400c0 26.5-21.5 48-48 48H48c-26.5 0-48-21.5-48-48V195.6c0-5 5.7-7.8 9.7-4.7 22.4 17.4 52.1 39.5 154.1 113.6 21.1 15.4 56.7 47.8 92.2 47.6 35.7.3 72-32.8 92.3-47.6 102-74.1 131.6-96.3 154-113.7zM256 320c23.2.4 56.6-29.2 73.4-41.4 132.7-96.3 142.8-104.7 173.4-128.7 5.8-4.5 9.2-11.5 9.2-18.9v-19c0-26.5-21.5-48-48-48H48C21.5 64 0 85.5 0 112v19c0 7.4 3.4 14.3 9.2 18.9 30.6 23.9 40.7 32.4 173.4 128.7 16.8 12.2 50.2 41.8 73.4 41.4z\"><\/path><\/svg>\t\t\t\t\t\t\t<\/span>\n\t\t\t\t\t\t\t\t\t\t\t\t\t\t\t\t\t\t\t\t<\/div>\n\t\t\t\t\t<\/div>\n\t\t\t\t\t\t\t\t\t<div class=\"elementor-grid-item\">\n\t\t\t\t\t\t<div\n\t\t\t\t\t\t\tclass=\"elementor-share-btn elementor-share-btn_whatsapp\"\n\t\t\t\t\t\t\trole=\"button\"\n\t\t\t\t\t\t\ttabindex=\"0\"\n\t\t\t\t\t\t\taria-label=\"Compartir en whatsapp\"\n\t\t\t\t\t\t>\n\t\t\t\t\t\t\t\t\t\t\t\t\t\t\t<span class=\"elementor-share-btn__icon\">\n\t\t\t\t\t\t\t\t<svg class=\"e-font-icon-svg e-fab-whatsapp\" viewBox=\"0 0 448 512\" xmlns=\"http:\/\/www.w3.org\/2000\/svg\"><path d=\"M380.9 97.1C339 55.1 283.2 32 223.9 32c-122.4 0-222 99.6-222 222 0 39.1 10.2 77.3 29.6 111L0 480l117.7-30.9c32.4 17.7 68.9 27 106.1 27h.1c122.3 0 224.1-99.6 224.1-222 0-59.3-25.2-115-67.1-157zm-157 341.6c-33.2 0-65.7-8.9-94-25.7l-6.7-4-69.8 18.3L72 359.2l-4.4-7c-18.5-29.4-28.2-63.3-28.2-98.2 0-101.7 82.8-184.5 184.6-184.5 49.3 0 95.6 19.2 130.4 54.1 34.8 34.9 56.2 81.2 56.1 130.5 0 101.8-84.9 184.6-186.6 184.6zm101.2-138.2c-5.5-2.8-32.8-16.2-37.9-18-5.1-1.9-8.8-2.8-12.5 2.8-3.7 5.6-14.3 18-17.6 21.8-3.2 3.7-6.5 4.2-12 1.4-32.6-16.3-54-29.1-75.5-66-5.7-9.8 5.7-9.1 16.3-30.3 1.8-3.7.9-6.9-.5-9.7-1.4-2.8-12.5-30.1-17.1-41.2-4.5-10.8-9.1-9.3-12.5-9.5-3.2-.2-6.9-.2-10.6-.2-3.7 0-9.7 1.4-14.8 6.9-5.1 5.6-19.4 19-19.4 46.3 0 27.3 19.9 53.7 22.6 57.4 2.8 3.7 39.1 59.7 94.8 83.8 35.2 15.2 49 16.5 66.6 13.9 10.7-1.6 32.8-13.4 37.4-26.4 4.6-13 4.6-24.1 3.2-26.4-1.3-2.5-5-3.9-10.5-6.6z\"><\/path><\/svg>\t\t\t\t\t\t\t<\/span>\n\t\t\t\t\t\t\t\t\t\t\t\t\t\t\t\t\t\t\t\t<\/div>\n\t\t\t\t\t<\/div>\n\t\t\t\t\t\t<\/div>\n\t\t\t\t<\/div>\n\t\t\t\t<\/div>\n\t\t\t\t\t<\/div>\n\t\t<\/div>\n\t\t\t\t\t\t\t<\/div>\n\t\t<\/section>\n\t\t\t\t\t<\/div>\n\t\t<\/div>\n\t\t\t\t\t\t\t<\/div>\n\t\t<\/section>\n\t\t\t\t<section class=\"elementor-section elementor-top-section elementor-element elementor-element-4538ec82 elementor-section-boxed elementor-section-height-default elementor-section-height-default\" data-id=\"4538ec82\" data-element_type=\"section\" data-settings=\"{&quot;background_background&quot;:&quot;classic&quot;}\">\n\t\t\t\t\t\t<div class=\"elementor-container elementor-column-gap-default\">\n\t\t\t\t\t<div class=\"elementor-column elementor-col-100 elementor-top-column elementor-element elementor-element-8e3ad1e\" data-id=\"8e3ad1e\" data-element_type=\"column\">\n\t\t\t<div class=\"elementor-widget-wrap elementor-element-populated\">\n\t\t\t\t\t\t\t\t<section class=\"elementor-section elementor-inner-section elementor-element elementor-element-29aa3302 elementor-section-boxed elementor-section-height-default elementor-section-height-default\" data-id=\"29aa3302\" data-element_type=\"section\">\n\t\t\t\t\t\t<div class=\"elementor-container elementor-column-gap-default\">\n\t\t\t\t\t<div class=\"elementor-column elementor-col-33 elementor-inner-column elementor-element elementor-element-132082ce\" data-id=\"132082ce\" data-element_type=\"column\">\n\t\t\t<div class=\"elementor-widget-wrap elementor-element-populated\">\n\t\t\t\t\t\t\t\t<div class=\"elementor-element elementor-element-4eca051a elementor-position-left elementor-vertical-align-middle elementor-view-default elementor-mobile-position-top elementor-widget elementor-widget-icon-box\" data-id=\"4eca051a\" data-element_type=\"widget\" data-widget_type=\"icon-box.default\">\n\t\t\t\t<div class=\"elementor-widget-container\">\n\t\t\t<link rel=\"stylesheet\" href=\"https:\/\/amnistia.org.mx\/contenido\/wp-content\/plugins\/elementor\/assets\/css\/widget-icon-box.min.css\">\t\t<div class=\"elementor-icon-box-wrapper\">\n\t\t\t\t\t\t<div class=\"elementor-icon-box-icon\">\n\t\t\t\t<span class=\"elementor-icon elementor-animation-\" >\n\t\t\t\t<svg xmlns=\"http:\/\/www.w3.org\/2000\/svg\" width=\"82.818\" height=\"136.515\" viewBox=\"0 0 82.818 136.515\">\n  <g id=\"hand\" transform=\"translate(-100.695)\">\n    <g id=\"Grupo_115\" data-name=\"Grupo 115\" transform=\"translate(100.695)\">\n      <path id=\"Trazado_2550\" data-name=\"Trazado 2550\" d=\"M183.513,12.138H169.144V3.376H154.776V0H118.039V11.5l-12.581,1.44L100.695,48.2l24.481,31.943-1.455,56.37h8l1.354-52.429,9.461,2.58,2.105-7.719-13.028-3.553L109.07,45.975l3.484-25.8,13.225-1.515a4.07,4.07,0,0,1,2.265,7.692l-10,4.941V44.565l3.512.432c.226.028,22.659,3,23.3,21.184l8-.28c-.355-10.163-5.561-18.33-15.065-23.668q.238-.283.458-.581a11.163,11.163,0,0,0,10.622.048,11.16,11.16,0,0,0,15.071,2.964,11.16,11.16,0,0,0,11.582,3.347V67.423L168.9,80.686l.736,55.828h8l-.712-53.995,6.588-13.214V12.138Zm-57.473-1.5V8h6.367v4.317A12.016,12.016,0,0,0,126.04,10.636Zm6.368,24.4h0a3.184,3.184,0,0,1-6.161,1.129l5.34-2.638c.282-.139.555-.289.821-.447v1.955Zm11.183-.017a3.186,3.186,0,0,1-3.183-3.163V8h6.366V31.837h0A3.187,3.187,0,0,1,143.592,35.02Zm17.552.193h0a3.183,3.183,0,0,1-6.367,0V11.377h6.367V35.213Zm14.368,2.078a3.183,3.183,0,1,1-6.367,0V20.139h6.367V37.29Z\" transform=\"translate(-100.695)\"\/>\n    <\/g>\n  <\/g>\n<\/svg>\n\t\t\t\t<\/span>\n\t\t\t<\/div>\n\t\t\t\t\t\t<div class=\"elementor-icon-box-content\">\n\t\t\t\t<h3 class=\"elementor-icon-box-title\">\n\t\t\t\t\t<span  >\n\t\t\t\t\t\tDona\t\t\t\t\t<\/span>\n\t\t\t\t<\/h3>\n\t\t\t\t\t\t\t\t\t<p class=\"elementor-icon-box-description\">\n\t\t\t\t\t\tTrabajamos para exponer las violaciones de los derechos humanos, dando una luz de esperanza a quienes a\u00fan esperan justicia.\t\t\t\t\t<\/p>\n\t\t\t\t\t\t\t<\/div>\n\t\t<\/div>\n\t\t\t\t<\/div>\n\t\t\t\t<\/div>\n\t\t\t\t\t<\/div>\n\t\t<\/div>\n\t\t\t\t<div class=\"elementor-column elementor-col-33 elementor-inner-column elementor-element elementor-element-78525070\" data-id=\"78525070\" data-element_type=\"column\">\n\t\t\t<div class=\"elementor-widget-wrap elementor-element-populated\">\n\t\t\t\t\t\t\t\t<div class=\"elementor-element elementor-element-2d855c5f elementor-position-left elementor-vertical-align-middle elementor-view-default elementor-mobile-position-top elementor-widget elementor-widget-icon-box\" data-id=\"2d855c5f\" data-element_type=\"widget\" data-widget_type=\"icon-box.default\">\n\t\t\t\t<div class=\"elementor-widget-container\">\n\t\t\t\t\t<div class=\"elementor-icon-box-wrapper\">\n\t\t\t\t\t\t<div class=\"elementor-icon-box-icon\">\n\t\t\t\t<span class=\"elementor-icon elementor-animation-\" >\n\t\t\t\t<svg xmlns=\"http:\/\/www.w3.org\/2000\/svg\" width=\"134.598\" height=\"104.976\" viewBox=\"0 0 134.598 104.976\">\n  <g id=\"Amnesty_Icons_041\" data-name=\"Amnesty Icons 041\" transform=\"translate(-12.5 -23.49)\">\n    <rect id=\"Rect\u00e1ngulo_38\" data-name=\"Rect\u00e1ngulo 38\" width=\"22.879\" height=\"2.692\" transform=\"translate(23.267 77.351)\"\/>\n    <rect id=\"Rect\u00e1ngulo_39\" data-name=\"Rect\u00e1ngulo 39\" width=\"22.879\" height=\"2.692\" transform=\"translate(50.184 77.351)\"\/>\n    <rect id=\"Rect\u00e1ngulo_40\" data-name=\"Rect\u00e1ngulo 40\" width=\"22.879\" height=\"2.692\" transform=\"translate(23.267 82.734)\"\/>\n    <rect id=\"Rect\u00e1ngulo_41\" data-name=\"Rect\u00e1ngulo 41\" width=\"22.879\" height=\"2.692\" transform=\"translate(50.184 82.734)\"\/>\n    <rect id=\"Rect\u00e1ngulo_42\" data-name=\"Rect\u00e1ngulo 42\" width=\"22.879\" height=\"2.692\" transform=\"translate(23.267 88.118)\"\/>\n    <rect id=\"Rect\u00e1ngulo_43\" data-name=\"Rect\u00e1ngulo 43\" width=\"22.879\" height=\"2.692\" transform=\"translate(50.184 88.118)\"\/>\n    <rect id=\"Rect\u00e1ngulo_44\" data-name=\"Rect\u00e1ngulo 44\" width=\"22.879\" height=\"2.692\" transform=\"translate(23.267 93.501)\"\/>\n    <rect id=\"Rect\u00e1ngulo_45\" data-name=\"Rect\u00e1ngulo 45\" width=\"22.879\" height=\"2.692\" transform=\"translate(50.184 93.501)\"\/>\n    <rect id=\"Rect\u00e1ngulo_46\" data-name=\"Rect\u00e1ngulo 46\" width=\"22.879\" height=\"2.692\" transform=\"translate(23.267 98.884)\"\/>\n    <rect id=\"Rect\u00e1ngulo_47\" data-name=\"Rect\u00e1ngulo 47\" width=\"22.879\" height=\"2.692\" transform=\"translate(50.184 98.884)\"\/>\n    <rect id=\"Rect\u00e1ngulo_48\" data-name=\"Rect\u00e1ngulo 48\" width=\"22.879\" height=\"2.692\" transform=\"translate(23.267 104.268)\"\/>\n    <rect id=\"Rect\u00e1ngulo_49\" data-name=\"Rect\u00e1ngulo 49\" width=\"22.879\" height=\"2.692\" transform=\"translate(50.184 104.268)\"\/>\n    <rect id=\"Rect\u00e1ngulo_50\" data-name=\"Rect\u00e1ngulo 50\" width=\"22.879\" height=\"2.692\" transform=\"translate(86.522 77.351)\"\/>\n    <rect id=\"Rect\u00e1ngulo_51\" data-name=\"Rect\u00e1ngulo 51\" width=\"22.879\" height=\"2.692\" transform=\"translate(113.439 77.351)\"\/>\n    <rect id=\"Rect\u00e1ngulo_52\" data-name=\"Rect\u00e1ngulo 52\" width=\"22.879\" height=\"2.692\" transform=\"translate(86.522 82.734)\"\/>\n    <rect id=\"Rect\u00e1ngulo_53\" data-name=\"Rect\u00e1ngulo 53\" width=\"22.879\" height=\"2.692\" transform=\"translate(113.439 82.734)\"\/>\n    <rect id=\"Rect\u00e1ngulo_54\" data-name=\"Rect\u00e1ngulo 54\" width=\"22.879\" height=\"2.692\" transform=\"translate(86.522 88.118)\"\/>\n    <rect id=\"Rect\u00e1ngulo_55\" data-name=\"Rect\u00e1ngulo 55\" width=\"22.879\" height=\"2.692\" transform=\"translate(113.439 88.118)\"\/>\n    <rect id=\"Rect\u00e1ngulo_56\" data-name=\"Rect\u00e1ngulo 56\" width=\"22.879\" height=\"2.692\" transform=\"translate(86.522 93.501)\"\/>\n    <rect id=\"Rect\u00e1ngulo_57\" data-name=\"Rect\u00e1ngulo 57\" width=\"22.879\" height=\"2.692\" transform=\"translate(113.439 93.501)\"\/>\n    <rect id=\"Rect\u00e1ngulo_58\" data-name=\"Rect\u00e1ngulo 58\" width=\"22.879\" height=\"2.692\" transform=\"translate(86.522 98.884)\"\/>\n    <rect id=\"Rect\u00e1ngulo_59\" data-name=\"Rect\u00e1ngulo 59\" width=\"22.879\" height=\"2.692\" transform=\"translate(113.439 98.884)\"\/>\n    <rect id=\"Rect\u00e1ngulo_60\" data-name=\"Rect\u00e1ngulo 60\" width=\"22.879\" height=\"2.692\" transform=\"translate(86.522 104.268)\"\/>\n    <rect id=\"Rect\u00e1ngulo_61\" data-name=\"Rect\u00e1ngulo 61\" width=\"22.879\" height=\"2.692\" transform=\"translate(113.439 104.268)\"\/>\n    <rect id=\"Rect\u00e1ngulo_62\" data-name=\"Rect\u00e1ngulo 62\" width=\"43.067\" height=\"8.075\" rx=\"1\" transform=\"translate(23.267 41.013)\"\/>\n    <rect id=\"Rect\u00e1ngulo_63\" data-name=\"Rect\u00e1ngulo 63\" width=\"32.3\" height=\"8.075\" rx=\"1\" transform=\"translate(23.267 51.78)\"\/>\n    <path id=\"Trazado_47\" data-name=\"Trazado 47\" d=\"M147.085,24.836a1.346,1.346,0,0,0-1.346-1.346H83.83a5.383,5.383,0,0,0-4.038,1.871,5.383,5.383,0,0,0-4.038-1.871H13.846A1.356,1.356,0,0,0,12.5,24.836v96.9a1.346,1.346,0,0,0,1.346,1.346H71.96a4.011,4.011,0,0,0,3.8,5.383H83.83a4.01,4.01,0,0,0,3.8-5.383h58.127a1.356,1.356,0,0,0,1.346-1.346ZM15.192,26.182H75.755a2.692,2.692,0,0,1,2.692,2.692v91.518H15.192ZM83.83,120.391H81.138V28.873a2.692,2.692,0,0,1,2.692-2.692h60.563v94.209Z\" transform=\"translate(0)\"\/>\n    <rect id=\"Rect\u00e1ngulo_64\" data-name=\"Rect\u00e1ngulo 64\" width=\"49.796\" height=\"33.646\" rx=\"1\" transform=\"translate(86.522 35.63)\"\/>\n  <\/g>\n<\/svg>\n\t\t\t\t<\/span>\n\t\t\t<\/div>\n\t\t\t\t\t\t<div class=\"elementor-icon-box-content\">\n\t\t\t\t<h3 class=\"elementor-icon-box-title\">\n\t\t\t\t\t<span  >\n\t\t\t\t\t\tFirma nuestras peticiones\t\t\t\t\t<\/span>\n\t\t\t\t<\/h3>\n\t\t\t\t\t\t\t\t\t<p class=\"elementor-icon-box-description\">\n\t\t\t\t\t\tCon tu \ufb01rma podemos presentarnos frente a las autoridades no solo como Amnist\u00eda Internacional \u00a1sino como miles de personas exigen un mundo mejor!\n\n\t\t\t\t\t<\/p>\n\t\t\t\t\t\t\t<\/div>\n\t\t<\/div>\n\t\t\t\t<\/div>\n\t\t\t\t<\/div>\n\t\t\t\t\t<\/div>\n\t\t<\/div>\n\t\t\t\t<div class=\"elementor-column elementor-col-33 elementor-inner-column elementor-element elementor-element-30599dae\" data-id=\"30599dae\" data-element_type=\"column\">\n\t\t\t<div class=\"elementor-widget-wrap elementor-element-populated\">\n\t\t\t\t\t\t\t\t<div class=\"elementor-element elementor-element-27e8d232 elementor-position-left elementor-vertical-align-middle elementor-view-default elementor-mobile-position-top elementor-widget elementor-widget-icon-box\" data-id=\"27e8d232\" data-element_type=\"widget\" data-widget_type=\"icon-box.default\">\n\t\t\t\t<div class=\"elementor-widget-container\">\n\t\t\t\t\t<div class=\"elementor-icon-box-wrapper\">\n\t\t\t\t\t\t<div class=\"elementor-icon-box-icon\">\n\t\t\t\t<span class=\"elementor-icon elementor-animation-\" >\n\t\t\t\t<svg xmlns=\"http:\/\/www.w3.org\/2000\/svg\" id=\"tres-personas-icono\" width=\"92.484\" height=\"64.15\" viewBox=\"0 0 92.484 64.15\"><path id=\"Trazado_20\" data-name=\"Trazado 20\" d=\"M16.41,64.633c.406-2.073,1.2-2.229,3.238-2.229H32.875A14.279,14.279,0,0,1,33.5,60.57H19.666c-2.564,0-4.4.449-5.036,3.669L12.564,74.951c-.4,1.834-.461,4.21,2.527,5.723,1.411.706,5.313,2.449,7.518,3.421a2.343,2.343,0,0,0,3.118-1.247l1.061-2.522a2.331,2.331,0,0,0-.775-2.752l-4.538-3.146a.53.53,0,0,1-.184-.541L22.3,69.723a.913.913,0,0,0-.142-.984.924.924,0,0,0-1.61.48l-1.015,4.164a2.36,2.36,0,0,0,.922,2.449l4.492,3.183a.512.512,0,0,1,.148.615l-1.024,2.522a.515.515,0,0,1-.3.294.547.547,0,0,1-.415,0c-2.186-.963-6.06-2.66-7.379-3.357-1.78-.917-1.919-1.99-1.568-3.669Z\" transform=\"translate(-12.368 -30.273)\"><\/path><path id=\"Trazado_21\" data-name=\"Trazado 21\" d=\"M110.66,74.952l-2.048-10.7c-.636-3.265-2.472-3.669-5.036-3.669H89.74a11.876,11.876,0,0,1,.609,1.834h13.246c2.039,0,2.832.156,3.238,2.229l2.048,10.823c.351,1.688.212,2.752-1.568,3.669-1.365.7-5.239,2.394-7.379,3.357a.547.547,0,0,1-.415,0,.515.515,0,0,1-.3-.293l-1.052-2.522a.512.512,0,0,1,.148-.615l4.548-3.146a2.36,2.36,0,0,0,.922-2.449l-1.107-4.247a.922.922,0,1,0-1.78.422l1.005,4.164a.53.53,0,0,1-.184.541l-4.538,3.146a2.331,2.331,0,0,0-.775,2.752l1.052,2.522a2.343,2.343,0,0,0,3.118,1.247c2.2-.972,6.106-2.752,7.518-3.421C111.122,79.162,111.057,76.814,110.66,74.952Z\" transform=\"translate(-18.371 -30.274)\"><\/path><path id=\"Trazado_22\" data-name=\"Trazado 22\" d=\"M57.437,50.68a.923.923,0,0,0,1.218-.624l.535-2.091a2.744,2.744,0,0,0-1.125-3.045,6.448,6.448,0,1,1,6.807,0,2.743,2.743,0,0,0-1.07,3l.581,2.137a.923.923,0,0,0,1.218.624,11.981,11.981,0,1,0-8.117,0Z\" transform=\"translate(-15.253 -27.537)\"><\/path><path id=\"Trazado_23\" data-name=\"Trazado 23\" d=\"M86.629,54.456a.924.924,0,0,0,1.218-.6.916.916,0,0,0-.507-1.055,6.45,6.45,0,1,1,4.889,0,.916.916,0,0,0-.507,1.064h0a.924.924,0,0,0,1.218.6A8.249,8.249,0,0,0,89.562,38.58,8.36,8.36,0,0,0,81.5,46.761a8.254,8.254,0,0,0,5.129,7.7Z\" transform=\"translate(-17.732 -28.452)\"><\/path><path id=\"Trazado_24\" data-name=\"Trazado 24\" d=\"M30.666,54.477a.924.924,0,0,0,1.218-.6h0a.916.916,0,0,0-.507-1.055,6.45,6.45,0,1,1,4.9,0,.883.883,0,0,0-.042,1.615.927.927,0,0,0,.743.036A8.249,8.249,0,0,0,33.562,38.61,8.369,8.369,0,0,0,25.5,46.791a8.254,8.254,0,0,0,5.166,7.686Z\" transform=\"translate(-13.387 -28.454)\"><\/path><path id=\"Trazado_25\" data-name=\"Trazado 25\" d=\"M84.328,63.283a11.551,11.551,0,0,0-.609-2.22h0c-1.642-3.981-5.055-4.5-8-4.5h-31c-2.933,0-6.337.523-7.988,4.5h0a8.569,8.569,0,0,0-.341.972h0c-.111.394-.221.807-.314,1.266L33.143,78.893c-.36,1.7-1.439,6.842,4.391,9.8,2.048,1.036,7.7,3.54,10.894,4.953a4.862,4.862,0,0,0,6.457-2.559L57.1,87.01c.858-2.045-.48-3.962-2.278-5.283h-.111l-6.042-4.247,1.753-7.209a.917.917,0,0,0-.618-1.064l-3.69-.862H45.9a.922.922,0,0,0-.922.7l-1.421,5.842-.424,1.752a4.819,4.819,0,0,0,1.845,5h.065L51.057,85.8l-1.052,2.513c-5.027-2.174-8.625-3.834-9.99-4.512-1.67-.853-1.965-1.6-1.494-3.907L41.473,64.3c.415-2.11.775-2.284,3.247-2.284H75.667c2.472,0,2.841.174,3.247,2.265l2.961,15.748c.461,2.22.175,2.944-1.5,3.788-1.365.7-4.99,2.33-10,4.586l-1.052-2.55,6.014-4.127a.167.167,0,0,0,.065,0,4.783,4.783,0,0,0,1.845-5L75.4,69.1a.922.922,0,0,0-.922-.7h-.138l-3.69.853a.917.917,0,0,0-.627,1.073l1.706,7.154-6.042,4.247-.065.046a4.8,4.8,0,0,0-1.6,5.732l1.522,3.623a4.843,4.843,0,0,0,4.474,2.962,4.9,4.9,0,0,0,1.965-.44c3.182-1.4,8.828-3.916,10.885-4.962,5.839-2.953,4.75-8.126,4.409-9.759Z\" transform=\"translate(-13.955 -29.941)\"><\/path><\/svg>\t\t\t\t<\/span>\n\t\t\t<\/div>\n\t\t\t\t\t\t<div class=\"elementor-icon-box-content\">\n\t\t\t\t<h3 class=\"elementor-icon-box-title\">\n\t\t\t\t\t<span  >\n\t\t\t\t\t\tHazte miembro\t\t\t\t\t<\/span>\n\t\t\t\t<\/h3>\n\t\t\t\t\t\t\t\t\t<p class=\"elementor-icon-box-description\">\n\t\t\t\t\t\tAdem\u00e1s de donar, las personas que forman parte de la membres\u00eda cuentan con voz y voto para participar en las actividades de gobernanza de Amnist\u00eda Internacional Secci\u00f3n Mexicana.\t\t\t\t\t<\/p>\n\t\t\t\t\t\t\t<\/div>\n\t\t<\/div>\n\t\t\t\t<\/div>\n\t\t\t\t<\/div>\n\t\t\t\t\t<\/div>\n\t\t<\/div>\n\t\t\t\t\t\t\t<\/div>\n\t\t<\/section>\n\t\t\t\t\t<\/div>\n\t\t<\/div>\n\t\t\t\t\t\t\t<\/div>\n\t\t<\/section>\n\t\t\t\t\t\t\t<\/div>\n\t\t","protected":false},"excerpt":{"rendered":"<p>La noche del 31 de mayo de 2020, la polic\u00eda de la ciudad de Des Moines, Iowa, roci\u00f3 con pulverizador de pimienta, detuvo y recluy\u00f3 a la periodista Andrea Sahouri &hellip;<\/p>\n<p class=\"read-more\"> <a class=\"\" href=\"https:\/\/amnistia.org.mx\/contenido\/index.php\/la-periodista-andrea-sahouri-en-libertad-gracias-a-amnistia-y-al-apoyo-internacional\/\"> <span class=\"screen-reader-text\">La periodista Andrea Sahouri en libertad gracias a Amnist\u00eda y al apoyo internacional<\/span> Leer m\u00e1s &raquo;<\/a><\/p>\n","protected":false},"author":8,"featured_media":13304,"comment_status":"open","ping_status":"open","sticky":false,"template":"","format":"standard","meta":{"_uf_show_specific_survey":0,"_uf_disable_surveys":false,"site-sidebar-layout":"default","site-content-layout":"default","ast-global-header-display":"","ast-main-header-display":"","ast-hfb-above-header-display":"","ast-hfb-below-header-display":"","ast-hfb-mobile-header-display":"","site-post-title":"","ast-breadcrumbs-content":"","ast-featured-img":"","footer-sml-layout":"","theme-transparent-header-meta":"default","adv-header-id-meta":"","stick-header-meta":"","header-above-stick-meta":"","header-main-stick-meta":"","header-below-stick-meta":""},"categories":[18],"tags":[],"acf":[],"aioseo_notices":[],"yoast_head":"<!-- This site is optimized with the Yoast SEO plugin v14.5 - https:\/\/yoast.com\/wordpress\/plugins\/seo\/ -->\n<title>La periodista Andrea Sahouri en libertad gracias a Amnist\u00eda y al apoyo internacional - amnistia.org.mx<\/title>\n<meta name=\"description\" content=\"A pesar de la presi\u00f3n mundial para que se retiraran los cargos, la fiscal\u00eda insisti\u00f3 en seguir adelante con el juicio que dur\u00f3 tres d\u00edas y atrajo la atenci\u00f3n de los medios de comunicaci\u00f3n internacionales. Finalmente, el 10 de marzo de 2021, Andrea fue declarada inocente.\" \/>\n<meta name=\"robots\" content=\"index, follow\" \/>\n<meta name=\"googlebot\" content=\"index, follow, max-snippet:-1, max-image-preview:large, max-video-preview:-1\" \/>\n<meta name=\"bingbot\" content=\"index, follow, max-snippet:-1, max-image-preview:large, max-video-preview:-1\" \/>\n<link rel=\"canonical\" href=\"https:\/\/amnistia.org.mx\/contenido\/index.php\/la-periodista-andrea-sahouri-en-libertad-gracias-a-amnistia-y-al-apoyo-internacional\/\" \/>\n<meta property=\"og:locale\" content=\"es_MX\" \/>\n<meta property=\"og:type\" content=\"article\" \/>\n<meta property=\"og:title\" content=\"La periodista Andrea Sahouri en libertad gracias a Amnist\u00eda y al apoyo internacional - amnistia.org.mx\" \/>\n<meta property=\"og:description\" content=\"A pesar de la presi\u00f3n mundial para que se retiraran los cargos, la fiscal\u00eda insisti\u00f3 en seguir adelante con el juicio que dur\u00f3 tres d\u00edas y atrajo la atenci\u00f3n de los medios de comunicaci\u00f3n internacionales. Finalmente, el 10 de marzo de 2021, Andrea fue declarada inocente.\" \/>\n<meta property=\"og:url\" content=\"https:\/\/amnistia.org.mx\/contenido\/index.php\/la-periodista-andrea-sahouri-en-libertad-gracias-a-amnistia-y-al-apoyo-internacional\/\" \/>\n<meta property=\"og:site_name\" content=\"amnistia.org.mx\" \/>\n<meta property=\"article:published_time\" content=\"2021-03-26T00:37:55+00:00\" \/>\n<meta property=\"article:modified_time\" content=\"2021-03-26T00:54:29+00:00\" \/>\n<meta property=\"og:image\" content=\"https:\/\/amnistia.org.mx\/contenido\/wp-content\/uploads\/2021\/03\/SAHOURI-AMNIST\u00cdA-INTERNACIONAL-1024x576.png\" \/>\n\t<meta property=\"og:image:width\" content=\"1024\" \/>\n\t<meta property=\"og:image:height\" content=\"576\" \/>\n<meta name=\"twitter:card\" content=\"summary_large_image\" \/>\n<script type=\"application\/ld+json\" class=\"yoast-schema-graph\">{\"@context\":\"https:\/\/schema.org\",\"@graph\":[{\"@type\":\"WebSite\",\"@id\":\"https:\/\/amnistia.org.mx\/contenido\/#website\",\"url\":\"https:\/\/amnistia.org.mx\/contenido\/\",\"name\":\"amnistia.org.mx\",\"description\":\"Nueva p\\u00e1gina de Amnist\\u00eda\",\"potentialAction\":[{\"@type\":\"SearchAction\",\"target\":\"https:\/\/amnistia.org.mx\/contenido\/?s={search_term_string}\",\"query-input\":\"required name=search_term_string\"}],\"inLanguage\":\"es-MX\"},{\"@type\":\"ImageObject\",\"@id\":\"https:\/\/amnistia.org.mx\/contenido\/index.php\/la-periodista-andrea-sahouri-en-libertad-gracias-a-amnistia-y-al-apoyo-internacional\/#primaryimage\",\"inLanguage\":\"es-MX\",\"url\":\"https:\/\/amnistia.org.mx\/contenido\/wp-content\/uploads\/2021\/03\/SAHOURI-AMNIST\\u00cdA-INTERNACIONAL.png\",\"width\":1600,\"height\":900},{\"@type\":\"WebPage\",\"@id\":\"https:\/\/amnistia.org.mx\/contenido\/index.php\/la-periodista-andrea-sahouri-en-libertad-gracias-a-amnistia-y-al-apoyo-internacional\/#webpage\",\"url\":\"https:\/\/amnistia.org.mx\/contenido\/index.php\/la-periodista-andrea-sahouri-en-libertad-gracias-a-amnistia-y-al-apoyo-internacional\/\",\"name\":\"La periodista Andrea Sahouri en libertad gracias a Amnist\\u00eda y al apoyo internacional - amnistia.org.mx\",\"isPartOf\":{\"@id\":\"https:\/\/amnistia.org.mx\/contenido\/#website\"},\"primaryImageOfPage\":{\"@id\":\"https:\/\/amnistia.org.mx\/contenido\/index.php\/la-periodista-andrea-sahouri-en-libertad-gracias-a-amnistia-y-al-apoyo-internacional\/#primaryimage\"},\"datePublished\":\"2021-03-26T00:37:55+00:00\",\"dateModified\":\"2021-03-26T00:54:29+00:00\",\"author\":{\"@id\":\"https:\/\/amnistia.org.mx\/contenido\/#\/schema\/person\/2d2b29996a9513767aea81f8ae57bdeb\"},\"description\":\"A pesar de la presi\\u00f3n mundial para que se retiraran los cargos, la fiscal\\u00eda insisti\\u00f3 en seguir adelante con el juicio que dur\\u00f3 tres d\\u00edas y atrajo la atenci\\u00f3n de los medios de comunicaci\\u00f3n internacionales. Finalmente, el 10 de marzo de 2021, Andrea fue declarada inocente.\",\"breadcrumb\":{\"@id\":\"https:\/\/amnistia.org.mx\/contenido\/index.php\/la-periodista-andrea-sahouri-en-libertad-gracias-a-amnistia-y-al-apoyo-internacional\/#breadcrumb\"},\"inLanguage\":\"es-MX\",\"potentialAction\":[{\"@type\":\"ReadAction\",\"target\":[\"https:\/\/amnistia.org.mx\/contenido\/index.php\/la-periodista-andrea-sahouri-en-libertad-gracias-a-amnistia-y-al-apoyo-internacional\/\"]}]},{\"@type\":\"BreadcrumbList\",\"@id\":\"https:\/\/amnistia.org.mx\/contenido\/index.php\/la-periodista-andrea-sahouri-en-libertad-gracias-a-amnistia-y-al-apoyo-internacional\/#breadcrumb\",\"itemListElement\":[{\"@type\":\"ListItem\",\"position\":1,\"item\":{\"@type\":\"WebPage\",\"@id\":\"https:\/\/amnistia.org.mx\/contenido\/\",\"url\":\"https:\/\/amnistia.org.mx\/contenido\/\",\"name\":\"Home\"}},{\"@type\":\"ListItem\",\"position\":2,\"item\":{\"@type\":\"WebPage\",\"@id\":\"https:\/\/amnistia.org.mx\/contenido\/index.php\/la-periodista-andrea-sahouri-en-libertad-gracias-a-amnistia-y-al-apoyo-internacional\/\",\"url\":\"https:\/\/amnistia.org.mx\/contenido\/index.php\/la-periodista-andrea-sahouri-en-libertad-gracias-a-amnistia-y-al-apoyo-internacional\/\",\"name\":\"La periodista Andrea Sahouri en libertad gracias a Amnist\\u00eda y al apoyo internacional\"}}]},{\"@type\":[\"Person\"],\"@id\":\"https:\/\/amnistia.org.mx\/contenido\/#\/schema\/person\/2d2b29996a9513767aea81f8ae57bdeb\",\"name\":\"Carolina Flores\",\"image\":{\"@type\":\"ImageObject\",\"@id\":\"https:\/\/amnistia.org.mx\/contenido\/#personlogo\",\"inLanguage\":\"es-MX\",\"url\":\"https:\/\/secure.gravatar.com\/avatar\/e2d29811923c60594035966b365ce272?s=96&d=mm&r=g\",\"caption\":\"Carolina Flores\"}}]}<\/script>\n<!-- \/ Yoast SEO plugin. -->","_links":{"self":[{"href":"https:\/\/amnistia.org.mx\/contenido\/index.php\/wp-json\/wp\/v2\/posts\/13303"}],"collection":[{"href":"https:\/\/amnistia.org.mx\/contenido\/index.php\/wp-json\/wp\/v2\/posts"}],"about":[{"href":"https:\/\/amnistia.org.mx\/contenido\/index.php\/wp-json\/wp\/v2\/types\/post"}],"author":[{"embeddable":true,"href":"https:\/\/amnistia.org.mx\/contenido\/index.php\/wp-json\/wp\/v2\/users\/8"}],"replies":[{"embeddable":true,"href":"https:\/\/amnistia.org.mx\/contenido\/index.php\/wp-json\/wp\/v2\/comments?post=13303"}],"version-history":[{"count":3,"href":"https:\/\/amnistia.org.mx\/contenido\/index.php\/wp-json\/wp\/v2\/posts\/13303\/revisions"}],"predecessor-version":[{"id":13315,"href":"https:\/\/amnistia.org.mx\/contenido\/index.php\/wp-json\/wp\/v2\/posts\/13303\/revisions\/13315"}],"wp:featuredmedia":[{"embeddable":true,"href":"https:\/\/amnistia.org.mx\/contenido\/index.php\/wp-json\/wp\/v2\/media\/13304"}],"wp:attachment":[{"href":"https:\/\/amnistia.org.mx\/contenido\/index.php\/wp-json\/wp\/v2\/media?parent=13303"}],"wp:term":[{"taxonomy":"category","embeddable":true,"href":"https:\/\/amnistia.org.mx\/contenido\/index.php\/wp-json\/wp\/v2\/categories?post=13303"},{"taxonomy":"post_tag","embeddable":true,"href":"https:\/\/amnistia.org.mx\/contenido\/index.php\/wp-json\/wp\/v2\/tags?post=13303"}],"curies":[{"name":"wp","href":"https:\/\/api.w.org\/{rel}","templated":true}]}}