
{"id":13527,"date":"2021-05-05T16:46:26","date_gmt":"2021-05-05T16:46:26","guid":{"rendered":"https:\/\/amnistia.org.mx\/contenido\/?p=13527"},"modified":"2021-05-05T16:46:27","modified_gmt":"2021-05-05T16:46:27","slug":"amnistia-internacional-mexico-expresa-su-beneplacito-por-la-designacion-de-su-directora-ejecutiva-como-secretaria-ejecutiva-de-la-cidh","status":"publish","type":"post","link":"https:\/\/amnistia.org.mx\/contenido\/index.php\/amnistia-internacional-mexico-expresa-su-beneplacito-por-la-designacion-de-su-directora-ejecutiva-como-secretaria-ejecutiva-de-la-cidh\/","title":{"rendered":"Amnist\u00eda Internacional M\u00e9xico expresa su benepl\u00e1cito por la designaci\u00f3n de su Directora Ejecutiva como Secretaria Ejecutiva de la CIDH"},"content":{"rendered":"\n<ul><li>La Dra. Tania Reneaum Panszi result\u00f3 electa en el proceso que concluy\u00f3 esta semana y en breve asumir\u00e1 dicho cargo<\/li><\/ul>\n\n\n\n<ul><li>La secci\u00f3n mexicana de AI reconoce el excelente trabajo realizado por la Dra. Tania Reneaum Panszi, que permiti\u00f3 consolidar con creces las metas y objetivos de nuestro movimiento y le desea el mayor \u00e9xito<\/li><\/ul>\n\n\n\n<ul><li>La Mtra. Edith Olivares Ferreto asume de manera interina la Direcci\u00f3n Ejecutiva, en tanto se lleva a cabo la elecci\u00f3n de quien ocupar\u00e1 ese cargo<\/li><\/ul>\n\n\n\n<p>Amnist\u00eda Internacional M\u00e9xico informa que su Directora Ejecutiva, la Dra. Tania Reneaum Panszi, ha sido designada para ocupar la Secretar\u00eda Ejecutiva de la Comisi\u00f3n Interamericana de Derechos Humanos (CIDH), en el proceso de selecci\u00f3n iniciado en septiembre de 2020 por dicho organismo y que ha concluido esta semana.<\/p>\n\n\n\n<p>Amnist\u00eda Internacional expresa su gran satisfacci\u00f3n y alegr\u00eda por esta designaci\u00f3n y desea a la Dra. Tania Reneaum Panszi el mayor de los \u00e9xitos en este nuevo camino, que transitar\u00e1 con las personas que integran a tan reconocido e importante organismo aut\u00f3nomo de la Organizaci\u00f3n de Estados Americanos (OEA).<\/p>\n\n\n\n<p>La secci\u00f3n mexicana reconoce tambi\u00e9n el trabajo de excelencia desempe\u00f1ado por la Dra. Tania Reneaum Panszi durante los cuatro a\u00f1os que ha estado al frente de nuestro movimiento en M\u00e9xico, tiempo en el que llev\u00f3 a cabo importantes cambios en la planeaci\u00f3n, gesti\u00f3n y direcci\u00f3n de nuestra oficina, lo que contribuy\u00f3 enormemente a concretar, con creces, las metas y objetivos establecidos.<\/p>\n\n\n\n<p>Su compromiso y dedicaci\u00f3n contribuyeron a impulsar avances sustanciales en los temas de nuestra agenda de derechos humanos, entre ellos, los feminicidios de Alondra Guadalupe y Karla Pontigo; as\u00ed como en el caso de Jos\u00e9 Adri\u00e1n, joven yucateco que fue v\u00edctima de detenci\u00f3n arbitraria cuando a\u00fan era un ni\u00f1o.<\/p>\n\n\n\n<p>Impuls\u00f3 la participaci\u00f3n de la secci\u00f3n mexicana en la iniciativa promovida por diversas organizaciones de la sociedad civil, para que M\u00e9xico aprobara el Acuerdo de Escaz\u00fa. \u00c9ste importante acuerdo fue finalmente aprobado por el Senado mexicano el 5 de noviembre de 2020 y fue publicado en el Diario Oficial de la Federaci\u00f3n el 9 de diciembre del mismo a\u00f1o, por lo que ya es vigente en M\u00e9xico.<\/p>\n\n\n\n<p>Amnist\u00eda Internacional informa tambi\u00e9n que, como parte del proceso de cambio que se genera a su interior, durante el mes de junio de 2021 se abrir\u00e1 la convocatoria para ocupar el puesto de la Direcci\u00f3n Ejecutiva.<\/p>\n\n\n\n<p>Entretanto, la Maestra Edith Olivares Ferreto, actual Jefa de la Unidad de Derechos Humanos, quien cuenta con una amplia trayectoria en la defensa de los derechos humanos, asumir\u00e1 de manera interina la Direcci\u00f3n Ejecutiva y ser\u00e1 portavoz de Amnist\u00eda Internacional M\u00e9xico.<\/p>\n\n\n\n<p>Para m\u00e1s informaci\u00f3n, puede contactar a:<\/p>\n\n\n\n<p>Alejandro Ju\u00e1rez Gamero (Amnist\u00eda Internacional M\u00e9xico):<\/p>\n\n\n\n<p><a href=\"mailto:prensa@amnist\u00eda.org.mx\">prensa@amnist\u00eda.org.mx<\/a><\/p>\n\n\n\n<p>+52 55 2265 4331<\/p>\n","protected":false},"excerpt":{"rendered":"<p>La Dra. Tania Reneaum Panszi result\u00f3 electa en el proceso que concluy\u00f3 esta semana y en breve asumir\u00e1 dicho cargo La secci\u00f3n mexicana de AI reconoce el excelente trabajo realizado &hellip;<\/p>\n<p class=\"read-more\"> <a class=\"\" href=\"https:\/\/amnistia.org.mx\/contenido\/index.php\/amnistia-internacional-mexico-expresa-su-beneplacito-por-la-designacion-de-su-directora-ejecutiva-como-secretaria-ejecutiva-de-la-cidh\/\"> <span class=\"screen-reader-text\">Amnist\u00eda Internacional M\u00e9xico expresa su benepl\u00e1cito por la designaci\u00f3n de su Directora Ejecutiva como Secretaria Ejecutiva de la CIDH<\/span> Leer m\u00e1s &raquo;<\/a><\/p>\n","protected":false},"author":4,"featured_media":2225,"comment_status":"open","ping_status":"open","sticky":false,"template":"","format":"standard","meta":{"_uf_show_specific_survey":0,"_uf_disable_surveys":false,"site-sidebar-layout":"default","site-content-layout":"default","ast-global-header-display":"","ast-main-header-display":"","ast-hfb-above-header-display":"","ast-hfb-below-header-display":"","ast-hfb-mobile-header-display":"","site-post-title":"","ast-breadcrumbs-content":"","ast-featured-img":"","footer-sml-layout":"","theme-transparent-header-meta":"default","adv-header-id-meta":"","stick-header-meta":"","header-above-stick-meta":"","header-main-stick-meta":"","header-below-stick-meta":""},"categories":[20],"tags":[28],"acf":[],"aioseo_notices":[],"yoast_head":"<!-- This site is optimized with the Yoast SEO plugin v14.5 - https:\/\/yoast.com\/wordpress\/plugins\/seo\/ -->\n<title>Amnist\u00eda Internacional M\u00e9xico expresa su benepl\u00e1cito por la designaci\u00f3n de su Directora Ejecutiva como Secretaria Ejecutiva de la CIDH - amnistia.org.mx<\/title>\n<meta name=\"robots\" content=\"index, follow\" \/>\n<meta name=\"googlebot\" content=\"index, follow, max-snippet:-1, max-image-preview:large, max-video-preview:-1\" \/>\n<meta name=\"bingbot\" content=\"index, follow, max-snippet:-1, max-image-preview:large, max-video-preview:-1\" \/>\n<link rel=\"canonical\" href=\"https:\/\/amnistia.org.mx\/contenido\/index.php\/amnistia-internacional-mexico-expresa-su-beneplacito-por-la-designacion-de-su-directora-ejecutiva-como-secretaria-ejecutiva-de-la-cidh\/\" \/>\n<meta property=\"og:locale\" content=\"es_MX\" \/>\n<meta property=\"og:type\" content=\"article\" \/>\n<meta property=\"og:title\" content=\"Amnist\u00eda Internacional M\u00e9xico expresa su benepl\u00e1cito por la designaci\u00f3n de su Directora Ejecutiva como Secretaria Ejecutiva de la CIDH - amnistia.org.mx\" \/>\n<meta property=\"og:description\" content=\"La Dra. Tania Reneaum Panszi result\u00f3 electa en el proceso que concluy\u00f3 esta semana y en breve asumir\u00e1 dicho cargo La secci\u00f3n mexicana de AI reconoce el excelente trabajo realizado &hellip; Amnist\u00eda Internacional M\u00e9xico expresa su benepl\u00e1cito por la designaci\u00f3n de su Directora Ejecutiva como Secretaria Ejecutiva de la CIDH Leer m\u00e1s &raquo;\" \/>\n<meta property=\"og:url\" content=\"https:\/\/amnistia.org.mx\/contenido\/index.php\/amnistia-internacional-mexico-expresa-su-beneplacito-por-la-designacion-de-su-directora-ejecutiva-como-secretaria-ejecutiva-de-la-cidh\/\" \/>\n<meta property=\"og:site_name\" content=\"amnistia.org.mx\" \/>\n<meta property=\"article:published_time\" content=\"2021-05-05T16:46:26+00:00\" \/>\n<meta property=\"article:modified_time\" content=\"2021-05-05T16:46:27+00:00\" \/>\n<meta property=\"og:image\" content=\"https:\/\/amnistia.org.mx\/contenido\/wp-content\/uploads\/2020\/01\/Prensa-scaled.jpg\" \/>\n\t<meta property=\"og:image:width\" content=\"2560\" \/>\n\t<meta property=\"og:image:height\" content=\"1707\" \/>\n<meta name=\"twitter:card\" content=\"summary_large_image\" \/>\n<script type=\"application\/ld+json\" class=\"yoast-schema-graph\">{\"@context\":\"https:\/\/schema.org\",\"@graph\":[{\"@type\":\"WebSite\",\"@id\":\"https:\/\/amnistia.org.mx\/contenido\/#website\",\"url\":\"https:\/\/amnistia.org.mx\/contenido\/\",\"name\":\"amnistia.org.mx\",\"description\":\"Nueva p\\u00e1gina de Amnist\\u00eda\",\"potentialAction\":[{\"@type\":\"SearchAction\",\"target\":\"https:\/\/amnistia.org.mx\/contenido\/?s={search_term_string}\",\"query-input\":\"required name=search_term_string\"}],\"inLanguage\":\"es-MX\"},{\"@type\":\"ImageObject\",\"@id\":\"https:\/\/amnistia.org.mx\/contenido\/index.php\/amnistia-internacional-mexico-expresa-su-beneplacito-por-la-designacion-de-su-directora-ejecutiva-como-secretaria-ejecutiva-de-la-cidh\/#primaryimage\",\"inLanguage\":\"es-MX\",\"url\":\"https:\/\/amnistia.org.mx\/contenido\/wp-content\/uploads\/2020\/01\/Prensa-scaled.jpg\",\"width\":2560,\"height\":1707},{\"@type\":\"WebPage\",\"@id\":\"https:\/\/amnistia.org.mx\/contenido\/index.php\/amnistia-internacional-mexico-expresa-su-beneplacito-por-la-designacion-de-su-directora-ejecutiva-como-secretaria-ejecutiva-de-la-cidh\/#webpage\",\"url\":\"https:\/\/amnistia.org.mx\/contenido\/index.php\/amnistia-internacional-mexico-expresa-su-beneplacito-por-la-designacion-de-su-directora-ejecutiva-como-secretaria-ejecutiva-de-la-cidh\/\",\"name\":\"Amnist\\u00eda Internacional M\\u00e9xico expresa su benepl\\u00e1cito por la designaci\\u00f3n de su Directora Ejecutiva como Secretaria Ejecutiva de la CIDH - amnistia.org.mx\",\"isPartOf\":{\"@id\":\"https:\/\/amnistia.org.mx\/contenido\/#website\"},\"primaryImageOfPage\":{\"@id\":\"https:\/\/amnistia.org.mx\/contenido\/index.php\/amnistia-internacional-mexico-expresa-su-beneplacito-por-la-designacion-de-su-directora-ejecutiva-como-secretaria-ejecutiva-de-la-cidh\/#primaryimage\"},\"datePublished\":\"2021-05-05T16:46:26+00:00\",\"dateModified\":\"2021-05-05T16:46:27+00:00\",\"author\":{\"@id\":\"https:\/\/amnistia.org.mx\/contenido\/#\/schema\/person\/7db421c495688267ce8ede4625c17fa5\"},\"breadcrumb\":{\"@id\":\"https:\/\/amnistia.org.mx\/contenido\/index.php\/amnistia-internacional-mexico-expresa-su-beneplacito-por-la-designacion-de-su-directora-ejecutiva-como-secretaria-ejecutiva-de-la-cidh\/#breadcrumb\"},\"inLanguage\":\"es-MX\",\"potentialAction\":[{\"@type\":\"ReadAction\",\"target\":[\"https:\/\/amnistia.org.mx\/contenido\/index.php\/amnistia-internacional-mexico-expresa-su-beneplacito-por-la-designacion-de-su-directora-ejecutiva-como-secretaria-ejecutiva-de-la-cidh\/\"]}]},{\"@type\":\"BreadcrumbList\",\"@id\":\"https:\/\/amnistia.org.mx\/contenido\/index.php\/amnistia-internacional-mexico-expresa-su-beneplacito-por-la-designacion-de-su-directora-ejecutiva-como-secretaria-ejecutiva-de-la-cidh\/#breadcrumb\",\"itemListElement\":[{\"@type\":\"ListItem\",\"position\":1,\"item\":{\"@type\":\"WebPage\",\"@id\":\"https:\/\/amnistia.org.mx\/contenido\/\",\"url\":\"https:\/\/amnistia.org.mx\/contenido\/\",\"name\":\"Home\"}},{\"@type\":\"ListItem\",\"position\":2,\"item\":{\"@type\":\"WebPage\",\"@id\":\"https:\/\/amnistia.org.mx\/contenido\/index.php\/amnistia-internacional-mexico-expresa-su-beneplacito-por-la-designacion-de-su-directora-ejecutiva-como-secretaria-ejecutiva-de-la-cidh\/\",\"url\":\"https:\/\/amnistia.org.mx\/contenido\/index.php\/amnistia-internacional-mexico-expresa-su-beneplacito-por-la-designacion-de-su-directora-ejecutiva-como-secretaria-ejecutiva-de-la-cidh\/\",\"name\":\"Amnist\\u00eda Internacional M\\u00e9xico expresa su benepl\\u00e1cito por la designaci\\u00f3n de su Directora Ejecutiva como Secretaria Ejecutiva de la CIDH\"}}]},{\"@type\":[\"Person\"],\"@id\":\"https:\/\/amnistia.org.mx\/contenido\/#\/schema\/person\/7db421c495688267ce8ede4625c17fa5\",\"name\":\"Alejandro Ju\\u00e1rez Gamero\",\"image\":{\"@type\":\"ImageObject\",\"@id\":\"https:\/\/amnistia.org.mx\/contenido\/#personlogo\",\"inLanguage\":\"es-MX\",\"url\":\"https:\/\/secure.gravatar.com\/avatar\/e312d5566d1c3ffb56f86415d6f0e606?s=96&d=mm&r=g\",\"caption\":\"Alejandro Ju\\u00e1rez Gamero\"}}]}<\/script>\n<!-- \/ Yoast SEO plugin. -->","_links":{"self":[{"href":"https:\/\/amnistia.org.mx\/contenido\/index.php\/wp-json\/wp\/v2\/posts\/13527"}],"collection":[{"href":"https:\/\/amnistia.org.mx\/contenido\/index.php\/wp-json\/wp\/v2\/posts"}],"about":[{"href":"https:\/\/amnistia.org.mx\/contenido\/index.php\/wp-json\/wp\/v2\/types\/post"}],"author":[{"embeddable":true,"href":"https:\/\/amnistia.org.mx\/contenido\/index.php\/wp-json\/wp\/v2\/users\/4"}],"replies":[{"embeddable":true,"href":"https:\/\/amnistia.org.mx\/contenido\/index.php\/wp-json\/wp\/v2\/comments?post=13527"}],"version-history":[{"count":5,"href":"https:\/\/amnistia.org.mx\/contenido\/index.php\/wp-json\/wp\/v2\/posts\/13527\/revisions"}],"predecessor-version":[{"id":13532,"href":"https:\/\/amnistia.org.mx\/contenido\/index.php\/wp-json\/wp\/v2\/posts\/13527\/revisions\/13532"}],"wp:featuredmedia":[{"embeddable":true,"href":"https:\/\/amnistia.org.mx\/contenido\/index.php\/wp-json\/wp\/v2\/media\/2225"}],"wp:attachment":[{"href":"https:\/\/amnistia.org.mx\/contenido\/index.php\/wp-json\/wp\/v2\/media?parent=13527"}],"wp:term":[{"taxonomy":"category","embeddable":true,"href":"https:\/\/amnistia.org.mx\/contenido\/index.php\/wp-json\/wp\/v2\/categories?post=13527"},{"taxonomy":"post_tag","embeddable":true,"href":"https:\/\/amnistia.org.mx\/contenido\/index.php\/wp-json\/wp\/v2\/tags?post=13527"}],"curies":[{"name":"wp","href":"https:\/\/api.w.org\/{rel}","templated":true}]}}