
{"id":13566,"date":"2021-05-12T21:51:24","date_gmt":"2021-05-12T21:51:24","guid":{"rendered":"https:\/\/amnistia.org.mx\/contenido\/?p=13566"},"modified":"2021-08-05T04:46:23","modified_gmt":"2021-08-05T04:46:23","slug":"no-a-la-represion-en-colombia","status":"publish","type":"post","link":"https:\/\/amnistia.org.mx\/contenido\/index.php\/no-a-la-represion-en-colombia\/","title":{"rendered":"\u00a1No a la represi\u00f3n en Colombia!"},"content":{"rendered":"\t\t<div data-elementor-type=\"wp-post\" data-elementor-id=\"13566\" class=\"elementor elementor-13566\">\n\t\t\t\t\t\t\t\t\t<section class=\"elementor-section elementor-top-section elementor-element elementor-element-5385bfe6 elementor-section-full_width elementor-section-stretched elementor-section-height-default elementor-section-height-default\" data-id=\"5385bfe6\" data-element_type=\"section\" data-settings=\"{&quot;stretch_section&quot;:&quot;section-stretched&quot;}\">\n\t\t\t\t\t\t<div class=\"elementor-container elementor-column-gap-wider\">\n\t\t\t\t\t<div class=\"elementor-column elementor-col-50 elementor-top-column elementor-element elementor-element-298e4531 elementor-hidden-phone\" data-id=\"298e4531\" data-element_type=\"column\">\n\t\t\t<div class=\"elementor-widget-wrap elementor-element-populated\">\n\t\t\t\t\t\t\t\t<div class=\"elementor-element elementor-element-952d6ce elementor-widget elementor-widget-post-info\" data-id=\"952d6ce\" data-element_type=\"widget\" data-widget_type=\"post-info.default\">\n\t\t\t\t<div class=\"elementor-widget-container\">\n\t\t\t<link rel=\"stylesheet\" href=\"https:\/\/amnistia.org.mx\/contenido\/wp-content\/plugins\/elementor\/assets\/css\/widget-icon-list.min.css\"><link rel=\"stylesheet\" href=\"https:\/\/amnistia.org.mx\/contenido\/wp-content\/plugins\/elementor-pro\/assets\/css\/widget-theme-elements.min.css\">\t\t<ul class=\"elementor-inline-items elementor-icon-list-items elementor-post-info\">\n\t\t\t\t\t\t\t\t<li class=\"elementor-icon-list-item elementor-repeater-item-5183f9f elementor-inline-item\" itemprop=\"datePublished\">\n\t\t\t\t\t\t\t\t\t\t<span class=\"elementor-icon-list-icon\">\n\t\t\t\t\t\t\t\t<svg aria-hidden=\"true\" class=\"e-font-icon-svg e-fas-calendar\" viewBox=\"0 0 448 512\" xmlns=\"http:\/\/www.w3.org\/2000\/svg\"><path d=\"M12 192h424c6.6 0 12 5.4 12 12v260c0 26.5-21.5 48-48 48H48c-26.5 0-48-21.5-48-48V204c0-6.6 5.4-12 12-12zm436-44v-36c0-26.5-21.5-48-48-48h-48V12c0-6.6-5.4-12-12-12h-40c-6.6 0-12 5.4-12 12v52H160V12c0-6.6-5.4-12-12-12h-40c-6.6 0-12 5.4-12 12v52H48C21.5 64 0 85.5 0 112v36c0 6.6 5.4 12 12 12h424c6.6 0 12-5.4 12-12z\"><\/path><\/svg>\t\t\t\t\t\t\t<\/span>\n\t\t\t\t\t\t\t\t\t<span class=\"elementor-icon-list-text elementor-post-info__item elementor-post-info__item--type-date\">\n\t\t\t\t\t\t\t\t\t\tmayo 12, 2021\t\t\t\t\t<\/span>\n\t\t\t\t\t\t\t\t<\/li>\n\t\t\t\t<\/ul>\n\t\t\t\t<\/div>\n\t\t\t\t<\/div>\n\t\t\t\t<div class=\"elementor-element elementor-element-4035b100 elementor-align-left elementor-widget__width-initial elementor-widget elementor-widget-breadcrumbs\" data-id=\"4035b100\" data-element_type=\"widget\" data-widget_type=\"breadcrumbs.default\">\n\t\t\t\t<div class=\"elementor-widget-container\">\n\t\t\t<p id=\"breadcrumbs\"><span><span><a href=\"https:\/\/amnistia.org.mx\/contenido\/\">Home<\/a><\/span><\/p>\t\t<\/div>\n\t\t\t\t<\/div>\n\t\t\t\t<div class=\"elementor-element elementor-element-3128d355 elementor-widget elementor-widget-text-editor\" data-id=\"3128d355\" data-element_type=\"widget\" data-widget_type=\"text-editor.default\">\n\t\t\t\t<div class=\"elementor-widget-container\">\n\t\t\t<style>\/*! elementor - v3.11.5 - 14-03-2023 *\/\n.elementor-widget-text-editor.elementor-drop-cap-view-stacked .elementor-drop-cap{background-color:#69727d;color:#fff}.elementor-widget-text-editor.elementor-drop-cap-view-framed .elementor-drop-cap{color:#69727d;border:3px solid;background-color:transparent}.elementor-widget-text-editor:not(.elementor-drop-cap-view-default) .elementor-drop-cap{margin-top:8px}.elementor-widget-text-editor:not(.elementor-drop-cap-view-default) .elementor-drop-cap-letter{width:1em;height:1em}.elementor-widget-text-editor .elementor-drop-cap{float:left;text-align:center;line-height:1;font-size:50px}.elementor-widget-text-editor .elementor-drop-cap-letter{display:inline-block}<\/style>\t\t\t\t<div id=\"c30329\" class=\"ai-c\">\n<p>En estos momentos, miles de personas en <strong>Colombia<\/strong> lo arriesgan todo para tener un futuro mejor. Ellas salen a marchar con miedo a perder su vida, resultar heridas, ser detenidas o inclusive torturadas, todo para exigir al gobierno que garantice su derecho a la salud y a la educaci\u00f3n. Act\u00faa y exige a la <strong>fiscal\u00eda de Colombia<\/strong> que investigue las violaciones de derechos humanos y cr\u00edmenes de derecho internacional cometidos en medio del Paro Nacional.<\/p>\n<p>Desde el 28 de abril de 2021, las personas en Colombia resisten de manera valiente y creativa en un pa\u00eds atravesado por desigualdades, exclusi\u00f3n y con un conflicto armado latente. La respuesta del gobierno en <strong>Cali<\/strong>, uno de los epicentros de las manifestaciones por parte de j\u00f3venes, comunidades ind\u00edgenas y otras hist\u00f3ricamente discriminadas ha sido el castigo y la represi\u00f3n a quienes alzan su voz.<\/p>\n<p>En la noche del 3 de mayo la fuerza p\u00fablica irrumpi\u00f3 en <strong>Silo\u00e9<\/strong> \u2013 un barrio de la ciudad &#8211; con armas letales para reprimir a quienes se manifestaban pac\u00edficamente. Esa noche se registraron al menos tres personas muertas por herida de arma de fuego, cientos de personas lesionadas y varias detenciones arbitrarias.<\/p>\n<p>Seis d\u00edas despu\u00e9s, el 9 de\u202fmayo\u202fverificamos\u202fun ataque armado coordinado entre agentes de la Polic\u00eda y civiles armados contra la minga ind\u00edgena, resultando herida una defensora de derechos humanos ind\u00edgena y diez personas pertenecientes a Pueblos Ind\u00edgenas. Si esto no bastara, el 28 de mayo\u202fciviles armados dispararon contra manifestantes\u202fen presencia y complicidad\u202fde agentes de la Polic\u00eda Nacional.\u202f Ese d\u00eda una decena de j\u00f3venes manifestantes fueron golpeados y detenidos por civiles armados, quienes luego los entregaron a la Polic\u00eda Nacional. Varios de ellxs denuncian haber sido sometidos a torturas y tratos crueles e inhumanos durante esa detenci\u00f3n ilegal<\/p>\n<p>Cada d\u00eda el castigo por alzar la voz en <strong>Colombia<\/strong> es m\u00e1s fuerte y cruel.<\/p>\n<p style=\"text-align: center;\"><strong>Act\u00faa ya y exige a la Fiscal\u00eda de Colombia que investigue a quienes ordenaron, torturaron, reprimieron y detuvieron arbitrariamente a las personas que salieron a la calle.<\/strong><\/p>\n<\/div>\n<p>\u00a0<\/p>\n<p><em><strong>Estimado Sr. Francisco Roberto Barbosa<\/strong><\/em><\/p>\n<p>Amnist\u00eda Internacional considera que las violaciones de derechos humanos y cr\u00edmenes de derecho internacional cometidos por la fuerza p\u00fablica no son hechos aislados o espor\u00e1dicos, sino que responden a un patr\u00f3n de accionar violento, infligir miedo y desincentivar la protesta pac\u00edfica. En vez de escuchar sus reclamos, la respuesta del gobierno castiga a quienes tienen la esperanza de un futuro mejor. Le insto a que, inicie investigaciones de manera diligente, independiente e imparcial sobre las violaciones de derechos humanos y cr\u00edmenes de derecho internacional cometidos en el contexto del Paro Nacional y de existir pruebas suficientes y admisibles contra las personas sospechosas de responsabilidad penal, someterlas a un proceso justo ante los tribunales civiles ordinarios. La investigaci\u00f3n debe incluir todas las responsabilidades dentro de la l\u00ednea de mando de la Fuerza P\u00fablica, as\u00ed como en la participaci\u00f3n de civiles armados con su aquiescencia y tolerancia.<\/p>\n<p>Saludos cordiales,<\/p>\t\t\t\t\t\t<\/div>\n\t\t\t\t<\/div>\n\t\t\t\t\t<\/div>\n\t\t<\/div>\n\t\t\t\t<div class=\"elementor-column elementor-col-50 elementor-top-column elementor-element elementor-element-2686495d\" data-id=\"2686495d\" data-element_type=\"column\" data-settings=\"{&quot;background_background&quot;:&quot;classic&quot;}\">\n\t\t\t<div class=\"elementor-widget-wrap elementor-element-populated\">\n\t\t\t\t\t\t\t\t<div class=\"elementor-element elementor-element-62d64c9c elementor-invisible elementor-widget elementor-widget-html\" data-id=\"62d64c9c\" data-element_type=\"widget\" data-settings=\"{&quot;_animation&quot;:&quot;fadeInUp&quot;}\" data-widget_type=\"html.default\">\n\t\t\t\t<div class=\"elementor-widget-container\">\n\t\t\t\t<iframe loading=\"lazy\" class=\"embed-responsive-item\" align=\"left\" width=\"47%\" height=\"1270\" src=\"https:\/\/amnistia.org.mx\/peticiones\/soscolombia\/\" frameborder=\"0\" allowfullscreen scrolling=\"no\"><\/iframe>\t\t<\/div>\n\t\t\t\t<\/div>\n\t\t\t\t\t<\/div>\n\t\t<\/div>\n\t\t\t\t\t\t\t<\/div>\n\t\t<\/section>\n\t\t\t\t<section class=\"elementor-section elementor-top-section elementor-element elementor-element-a7bf41c elementor-section-full_width elementor-section-stretched elementor-hidden-desktop elementor-section-height-default elementor-section-height-default\" data-id=\"a7bf41c\" data-element_type=\"section\" data-settings=\"{&quot;stretch_section&quot;:&quot;section-stretched&quot;}\">\n\t\t\t\t\t\t<div class=\"elementor-container elementor-column-gap-no\">\n\t\t\t\t\t<div class=\"elementor-column elementor-col-50 elementor-top-column elementor-element elementor-element-6f652ef\" data-id=\"6f652ef\" data-element_type=\"column\">\n\t\t\t<div class=\"elementor-widget-wrap elementor-element-populated\">\n\t\t\t\t\t\t\t\t<div class=\"elementor-element elementor-element-a7e5a92 elementor-widget elementor-widget-post-info\" data-id=\"a7e5a92\" data-element_type=\"widget\" data-widget_type=\"post-info.default\">\n\t\t\t\t<div class=\"elementor-widget-container\">\n\t\t\t\t\t<ul class=\"elementor-inline-items elementor-icon-list-items elementor-post-info\">\n\t\t\t\t\t\t\t\t<li class=\"elementor-icon-list-item elementor-repeater-item-5183f9f elementor-inline-item\" itemprop=\"datePublished\">\n\t\t\t\t\t\t\t\t\t\t<span class=\"elementor-icon-list-icon\">\n\t\t\t\t\t\t\t\t<svg aria-hidden=\"true\" class=\"e-font-icon-svg e-fas-calendar\" viewBox=\"0 0 448 512\" xmlns=\"http:\/\/www.w3.org\/2000\/svg\"><path d=\"M12 192h424c6.6 0 12 5.4 12 12v260c0 26.5-21.5 48-48 48H48c-26.5 0-48-21.5-48-48V204c0-6.6 5.4-12 12-12zm436-44v-36c0-26.5-21.5-48-48-48h-48V12c0-6.6-5.4-12-12-12h-40c-6.6 0-12 5.4-12 12v52H160V12c0-6.6-5.4-12-12-12h-40c-6.6 0-12 5.4-12 12v52H48C21.5 64 0 85.5 0 112v36c0 6.6 5.4 12 12 12h424c6.6 0 12-5.4 12-12z\"><\/path><\/svg>\t\t\t\t\t\t\t<\/span>\n\t\t\t\t\t\t\t\t\t<span class=\"elementor-icon-list-text elementor-post-info__item elementor-post-info__item--type-date\">\n\t\t\t\t\t\t\t\t\t\tmayo 12, 2021\t\t\t\t\t<\/span>\n\t\t\t\t\t\t\t\t<\/li>\n\t\t\t\t<\/ul>\n\t\t\t\t<\/div>\n\t\t\t\t<\/div>\n\t\t\t\t<div class=\"elementor-element elementor-element-4c08416 elementor-align-left elementor-widget__width-initial elementor-widget elementor-widget-breadcrumbs\" data-id=\"4c08416\" data-element_type=\"widget\" data-widget_type=\"breadcrumbs.default\">\n\t\t\t\t<div class=\"elementor-widget-container\">\n\t\t\t<p id=\"breadcrumbs\"><span><span><a href=\"https:\/\/amnistia.org.mx\/contenido\/\">Home<\/a><\/span><\/p>\t\t<\/div>\n\t\t\t\t<\/div>\n\t\t\t\t<div class=\"elementor-element elementor-element-bab436a elementor-widget elementor-widget-text-editor\" data-id=\"bab436a\" data-element_type=\"widget\" data-widget_type=\"text-editor.default\">\n\t\t\t\t<div class=\"elementor-widget-container\">\n\t\t\t\t\t\t\t<p><span style=\"font-weight: 400;\">En estos momentos, miles de personas en <\/span><b>Colombia<\/b><span style=\"font-weight: 400;\"> lo arriesgan todo para tener un futuro mejor. Ellas salen a marchar con miedo a perder su vida, resultar heridas, ser detenidas o inclusive torturadas, todo para exigir al gobierno que garantice su derecho a la salud y a la educaci\u00f3n. Act\u00faa y exige a la <\/span><b>fiscal\u00eda de Colombia<\/b><span style=\"font-weight: 400;\"> que investigue las violaciones de derechos humanos y cr\u00edmenes de derecho internacional cometidos en medio del Paro Nacional.<\/span><\/p>\n<p><span style=\"font-weight: 400;\">Desde el 28 de abril de 2021, las personas en Colombia resisten de manera valiente y creativa en un pa\u00eds atravesado por desigualdades, exclusi\u00f3n y con un conflicto armado latente. La respuesta del gobierno en <\/span><b>Cali<\/b><span style=\"font-weight: 400;\">, uno de los epicentros de las manifestaciones por parte de j\u00f3venes, comunidades ind\u00edgenas y otras hist\u00f3ricamente discriminadas ha sido el castigo y la represi\u00f3n a quienes alzan su voz.<\/span><\/p>\n<p><span style=\"font-weight: 400;\">En la noche del 3 de mayo la fuerza p\u00fablica irrumpi\u00f3 en <\/span><b>Silo\u00e9<\/b><span style=\"font-weight: 400;\"> \u2013 un barrio de la ciudad &#8211; con armas letales para reprimir a quienes se manifestaban pac\u00edficamente. Esa noche se registraron al menos tres personas muertas por herida de arma de fuego, cientos de personas lesionadas y varias detenciones arbitrarias.<\/span><\/p>\n<p><span style=\"font-weight: 400;\">Seis d\u00edas despu\u00e9s, el 9 de\u202fmayo\u202fverificamos\u202fun ataque armado coordinado entre agentes de la Polic\u00eda y civiles armados contra la minga ind\u00edgena, resultando herida una defensora de derechos humanos ind\u00edgena y diez personas pertenecientes a Pueblos Ind\u00edgenas. Si esto no bastara, el 28 de mayo\u202fciviles armados dispararon contra manifestantes\u202fen presencia y complicidad\u202fde agentes de la Polic\u00eda Nacional.\u202f Ese d\u00eda una decena de j\u00f3venes manifestantes fueron golpeados y detenidos por civiles armados, quienes luego los entregaron a la Polic\u00eda Nacional. Varios de ellxs denuncian haber sido sometidos a torturas y tratos crueles e inhumanos durante esa detenci\u00f3n ilegal<\/span><\/p>\n<p><span style=\"font-weight: 400;\">Cada d\u00eda el castigo por alzar la voz en <\/span><b>Colombia<\/b><span style=\"font-weight: 400;\"> es m\u00e1s fuerte y cruel.<\/span><\/p>\n<p><b>Act\u00faa ya y exige a la fiscal\u00eda que investigue a quienes ordenaron, torturaron, reprimieron y detuvieron arbitrariamente a las personas que salieron a la calle.<\/b><\/p>\n<p><br \/><br \/><\/p>\t\t\t\t\t\t<\/div>\n\t\t\t\t<\/div>\n\t\t\t\t\t<\/div>\n\t\t<\/div>\n\t\t\t\t<div class=\"elementor-column elementor-col-50 elementor-top-column elementor-element elementor-element-a0ff46a\" data-id=\"a0ff46a\" data-element_type=\"column\" data-settings=\"{&quot;background_background&quot;:&quot;classic&quot;}\">\n\t\t\t<div class=\"elementor-widget-wrap\">\n\t\t\t\t\t\t\t\t\t<\/div>\n\t\t<\/div>\n\t\t\t\t\t\t\t<\/div>\n\t\t<\/section>\n\t\t\t\t<section class=\"elementor-section elementor-top-section elementor-element elementor-element-1574ba6b elementor-section-stretched elementor-section-boxed elementor-section-height-default elementor-section-height-default\" data-id=\"1574ba6b\" data-element_type=\"section\" data-settings=\"{&quot;background_background&quot;:&quot;classic&quot;,&quot;stretch_section&quot;:&quot;section-stretched&quot;}\">\n\t\t\t\t\t\t<div class=\"elementor-container elementor-column-gap-default\">\n\t\t\t\t\t<div class=\"elementor-column elementor-col-100 elementor-top-column elementor-element elementor-element-7d437367\" data-id=\"7d437367\" data-element_type=\"column\">\n\t\t\t<div class=\"elementor-widget-wrap elementor-element-populated\">\n\t\t\t\t\t\t\t\t<div class=\"elementor-element elementor-element-16f26c23 elementor-widget elementor-widget-spacer\" data-id=\"16f26c23\" data-element_type=\"widget\" data-widget_type=\"spacer.default\">\n\t\t\t\t<div class=\"elementor-widget-container\">\n\t\t\t<style>\/*! elementor - v3.11.5 - 14-03-2023 *\/\n.elementor-column .elementor-spacer-inner{height:var(--spacer-size)}.e-con{--container-widget-width:100%}.e-con-inner>.elementor-widget-spacer,.e-con>.elementor-widget-spacer{width:var(--container-widget-width,var(--spacer-size));--align-self:var(--container-widget-align-self,initial);--flex-shrink:0}.e-con-inner>.elementor-widget-spacer>.elementor-widget-container,.e-con-inner>.elementor-widget-spacer>.elementor-widget-container>.elementor-spacer,.e-con>.elementor-widget-spacer>.elementor-widget-container,.e-con>.elementor-widget-spacer>.elementor-widget-container>.elementor-spacer{height:100%}.e-con-inner>.elementor-widget-spacer>.elementor-widget-container>.elementor-spacer>.elementor-spacer-inner,.e-con>.elementor-widget-spacer>.elementor-widget-container>.elementor-spacer>.elementor-spacer-inner{height:var(--container-widget-height,var(--spacer-size))}<\/style>\t\t<div class=\"elementor-spacer\">\n\t\t\t<div class=\"elementor-spacer-inner\"><\/div>\n\t\t<\/div>\n\t\t\t\t<\/div>\n\t\t\t\t<\/div>\n\t\t\t\t<div class=\"elementor-element elementor-element-4f044c2b elementor-widget elementor-widget-heading\" data-id=\"4f044c2b\" data-element_type=\"widget\" data-widget_type=\"heading.default\">\n\t\t\t\t<div class=\"elementor-widget-container\">\n\t\t\t<style>\/*! elementor - v3.11.5 - 14-03-2023 *\/\n.elementor-heading-title{padding:0;margin:0;line-height:1}.elementor-widget-heading .elementor-heading-title[class*=elementor-size-]>a{color:inherit;font-size:inherit;line-height:inherit}.elementor-widget-heading .elementor-heading-title.elementor-size-small{font-size:15px}.elementor-widget-heading .elementor-heading-title.elementor-size-medium{font-size:19px}.elementor-widget-heading .elementor-heading-title.elementor-size-large{font-size:29px}.elementor-widget-heading .elementor-heading-title.elementor-size-xl{font-size:39px}.elementor-widget-heading .elementor-heading-title.elementor-size-xxl{font-size:59px}<\/style><h2 class=\"elementor-heading-title elementor-size-default\">Otras peticiones<\/h2>\t\t<\/div>\n\t\t\t\t<\/div>\n\t\t\t\t<div class=\"elementor-element elementor-element-363a6fc elementor-widget elementor-widget-spacer\" data-id=\"363a6fc\" data-element_type=\"widget\" data-widget_type=\"spacer.default\">\n\t\t\t\t<div class=\"elementor-widget-container\">\n\t\t\t\t\t<div class=\"elementor-spacer\">\n\t\t\t<div class=\"elementor-spacer-inner\"><\/div>\n\t\t<\/div>\n\t\t\t\t<\/div>\n\t\t\t\t<\/div>\n\t\t\t\t\t<\/div>\n\t\t<\/div>\n\t\t\t\t\t\t\t<\/div>\n\t\t<\/section>\n\t\t\t\t<section class=\"elementor-section elementor-top-section elementor-element elementor-element-68d9fe7 elementor-section-boxed elementor-section-height-default elementor-section-height-default\" data-id=\"68d9fe7\" data-element_type=\"section\">\n\t\t\t\t\t\t<div class=\"elementor-container elementor-column-gap-default\">\n\t\t\t\t\t\t\t\t<\/div>\n\t\t<\/section>\n\t\t\t\t\t\t\t<\/div>\n\t\t","protected":false},"excerpt":{"rendered":"<p>En estos momentos, miles de personas en Colombia lo arriesgan todo para tener un futuro mejor. Ellas salen a marchar con miedo a perder su vida, resultar heridas, ser detenidas &hellip;<\/p>\n<p class=\"read-more\"> <a class=\"\" href=\"https:\/\/amnistia.org.mx\/contenido\/index.php\/no-a-la-represion-en-colombia\/\"> <span class=\"screen-reader-text\">\u00a1No a la represi\u00f3n en Colombia!<\/span> Leer m\u00e1s &raquo;<\/a><\/p>\n","protected":false},"author":8,"featured_media":13568,"comment_status":"closed","ping_status":"closed","sticky":false,"template":"","format":"standard","meta":{"_uf_show_specific_survey":0,"_uf_disable_surveys":false,"site-sidebar-layout":"default","site-content-layout":"default","ast-global-header-display":"","ast-main-header-display":"","ast-hfb-above-header-display":"","ast-hfb-below-header-display":"","ast-hfb-mobile-header-display":"","site-post-title":"","ast-breadcrumbs-content":"","ast-featured-img":"","footer-sml-layout":"","theme-transparent-header-meta":"default","adv-header-id-meta":"","stick-header-meta":"","header-above-stick-meta":"","header-main-stick-meta":"","header-below-stick-meta":""},"categories":[10,106],"tags":[40],"acf":[],"aioseo_notices":[],"yoast_head":"<!-- This site is optimized with the Yoast SEO plugin v14.5 - https:\/\/yoast.com\/wordpress\/plugins\/seo\/ -->\n<title>\u00a1No a la represi\u00f3n en Colombia! - amnistia.org.mx<\/title>\n<meta name=\"robots\" content=\"index, follow\" \/>\n<meta name=\"googlebot\" content=\"index, follow, max-snippet:-1, max-image-preview:large, max-video-preview:-1\" \/>\n<meta name=\"bingbot\" content=\"index, follow, max-snippet:-1, max-image-preview:large, max-video-preview:-1\" \/>\n<link rel=\"canonical\" href=\"https:\/\/amnistia.org.mx\/contenido\/index.php\/no-a-la-represion-en-colombia\/\" \/>\n<meta property=\"og:locale\" content=\"es_MX\" \/>\n<meta property=\"og:type\" content=\"article\" \/>\n<meta property=\"og:title\" content=\"\u00a1No a la represi\u00f3n en Colombia! - amnistia.org.mx\" \/>\n<meta property=\"og:description\" content=\"En estos momentos, miles de personas en Colombia lo arriesgan todo para tener un futuro mejor. Ellas salen a marchar con miedo a perder su vida, resultar heridas, ser detenidas &hellip; \u00a1No a la represi\u00f3n en Colombia! Leer m\u00e1s &raquo;\" \/>\n<meta property=\"og:url\" content=\"https:\/\/amnistia.org.mx\/contenido\/index.php\/no-a-la-represion-en-colombia\/\" \/>\n<meta property=\"og:site_name\" content=\"amnistia.org.mx\" \/>\n<meta property=\"article:published_time\" content=\"2021-05-12T21:51:24+00:00\" \/>\n<meta property=\"article:modified_time\" content=\"2021-08-05T04:46:23+00:00\" \/>\n<meta property=\"og:image\" content=\"https:\/\/amnistia.org.mx\/contenido\/wp-content\/uploads\/2021\/05\/BLOG-AMNIST\u00cdA-INTERNACIONAL-1-1024x576.png\" \/>\n\t<meta property=\"og:image:width\" content=\"1024\" \/>\n\t<meta property=\"og:image:height\" content=\"576\" \/>\n<meta name=\"twitter:card\" content=\"summary_large_image\" \/>\n<script type=\"application\/ld+json\" class=\"yoast-schema-graph\">{\"@context\":\"https:\/\/schema.org\",\"@graph\":[{\"@type\":\"WebSite\",\"@id\":\"https:\/\/amnistia.org.mx\/contenido\/#website\",\"url\":\"https:\/\/amnistia.org.mx\/contenido\/\",\"name\":\"amnistia.org.mx\",\"description\":\"Nueva p\\u00e1gina de Amnist\\u00eda\",\"potentialAction\":[{\"@type\":\"SearchAction\",\"target\":\"https:\/\/amnistia.org.mx\/contenido\/?s={search_term_string}\",\"query-input\":\"required name=search_term_string\"}],\"inLanguage\":\"es-MX\"},{\"@type\":\"ImageObject\",\"@id\":\"https:\/\/amnistia.org.mx\/contenido\/index.php\/no-a-la-represion-en-colombia\/#primaryimage\",\"inLanguage\":\"es-MX\",\"url\":\"https:\/\/amnistia.org.mx\/contenido\/wp-content\/uploads\/2021\/05\/BLOG-AMNIST\\u00cdA-INTERNACIONAL-1.png\",\"width\":1600,\"height\":900},{\"@type\":\"WebPage\",\"@id\":\"https:\/\/amnistia.org.mx\/contenido\/index.php\/no-a-la-represion-en-colombia\/#webpage\",\"url\":\"https:\/\/amnistia.org.mx\/contenido\/index.php\/no-a-la-represion-en-colombia\/\",\"name\":\"\\u00a1No a la represi\\u00f3n en Colombia! - amnistia.org.mx\",\"isPartOf\":{\"@id\":\"https:\/\/amnistia.org.mx\/contenido\/#website\"},\"primaryImageOfPage\":{\"@id\":\"https:\/\/amnistia.org.mx\/contenido\/index.php\/no-a-la-represion-en-colombia\/#primaryimage\"},\"datePublished\":\"2021-05-12T21:51:24+00:00\",\"dateModified\":\"2021-08-05T04:46:23+00:00\",\"author\":{\"@id\":\"https:\/\/amnistia.org.mx\/contenido\/#\/schema\/person\/2d2b29996a9513767aea81f8ae57bdeb\"},\"breadcrumb\":{\"@id\":\"https:\/\/amnistia.org.mx\/contenido\/index.php\/no-a-la-represion-en-colombia\/#breadcrumb\"},\"inLanguage\":\"es-MX\",\"potentialAction\":[{\"@type\":\"ReadAction\",\"target\":[\"https:\/\/amnistia.org.mx\/contenido\/index.php\/no-a-la-represion-en-colombia\/\"]}]},{\"@type\":\"BreadcrumbList\",\"@id\":\"https:\/\/amnistia.org.mx\/contenido\/index.php\/no-a-la-represion-en-colombia\/#breadcrumb\",\"itemListElement\":[{\"@type\":\"ListItem\",\"position\":1,\"item\":{\"@type\":\"WebPage\",\"@id\":\"https:\/\/amnistia.org.mx\/contenido\/\",\"url\":\"https:\/\/amnistia.org.mx\/contenido\/\",\"name\":\"Home\"}},{\"@type\":\"ListItem\",\"position\":2,\"item\":{\"@type\":\"WebPage\",\"@id\":\"https:\/\/amnistia.org.mx\/contenido\/index.php\/no-a-la-represion-en-colombia\/\",\"url\":\"https:\/\/amnistia.org.mx\/contenido\/index.php\/no-a-la-represion-en-colombia\/\",\"name\":\"\\u00a1No a la represi\\u00f3n en Colombia!\"}}]},{\"@type\":[\"Person\"],\"@id\":\"https:\/\/amnistia.org.mx\/contenido\/#\/schema\/person\/2d2b29996a9513767aea81f8ae57bdeb\",\"name\":\"Carolina Flores\",\"image\":{\"@type\":\"ImageObject\",\"@id\":\"https:\/\/amnistia.org.mx\/contenido\/#personlogo\",\"inLanguage\":\"es-MX\",\"url\":\"https:\/\/secure.gravatar.com\/avatar\/e2d29811923c60594035966b365ce272?s=96&d=mm&r=g\",\"caption\":\"Carolina Flores\"}}]}<\/script>\n<!-- \/ Yoast SEO plugin. -->","_links":{"self":[{"href":"https:\/\/amnistia.org.mx\/contenido\/index.php\/wp-json\/wp\/v2\/posts\/13566"}],"collection":[{"href":"https:\/\/amnistia.org.mx\/contenido\/index.php\/wp-json\/wp\/v2\/posts"}],"about":[{"href":"https:\/\/amnistia.org.mx\/contenido\/index.php\/wp-json\/wp\/v2\/types\/post"}],"author":[{"embeddable":true,"href":"https:\/\/amnistia.org.mx\/contenido\/index.php\/wp-json\/wp\/v2\/users\/8"}],"replies":[{"embeddable":true,"href":"https:\/\/amnistia.org.mx\/contenido\/index.php\/wp-json\/wp\/v2\/comments?post=13566"}],"version-history":[{"count":43,"href":"https:\/\/amnistia.org.mx\/contenido\/index.php\/wp-json\/wp\/v2\/posts\/13566\/revisions"}],"predecessor-version":[{"id":14346,"href":"https:\/\/amnistia.org.mx\/contenido\/index.php\/wp-json\/wp\/v2\/posts\/13566\/revisions\/14346"}],"wp:featuredmedia":[{"embeddable":true,"href":"https:\/\/amnistia.org.mx\/contenido\/index.php\/wp-json\/wp\/v2\/media\/13568"}],"wp:attachment":[{"href":"https:\/\/amnistia.org.mx\/contenido\/index.php\/wp-json\/wp\/v2\/media?parent=13566"}],"wp:term":[{"taxonomy":"category","embeddable":true,"href":"https:\/\/amnistia.org.mx\/contenido\/index.php\/wp-json\/wp\/v2\/categories?post=13566"},{"taxonomy":"post_tag","embeddable":true,"href":"https:\/\/amnistia.org.mx\/contenido\/index.php\/wp-json\/wp\/v2\/tags?post=13566"}],"curies":[{"name":"wp","href":"https:\/\/api.w.org\/{rel}","templated":true}]}}