
{"id":13696,"date":"2021-05-28T16:28:42","date_gmt":"2021-05-28T16:28:42","guid":{"rendered":"https:\/\/amnistia.org.mx\/contenido\/?p=13696"},"modified":"2021-05-28T16:28:44","modified_gmt":"2021-05-28T16:28:44","slug":"60-anos-de-humanidad-en-accion","status":"publish","type":"post","link":"https:\/\/amnistia.org.mx\/contenido\/index.php\/60-anos-de-humanidad-en-accion\/","title":{"rendered":"60 a\u00f1os de humanidad en acci\u00f3n"},"content":{"rendered":"\n<p>Fotograf\u00eda: Pierre Crom\/Amnesty International.<\/p>\n\n\n\n<p><em>Desde su fundaci\u00f3n, en 1961, Amnist\u00eda Internacional viene empoderando a personas como t\u00fa para emprender acciones por un mundo mejor Este art\u00edculo es una panor\u00e1mica de lo que has hecho posible.<\/em><\/p>\n\n\n\n<p><em>\u201cAbra el peri\u00f3dico cualquier d\u00eda de la semana y ver\u00e1 la noticia de que alguien, en alg\u00fan lugar del mundo, ha sido encarcelado, torturado o ejecutado porque sus opiniones o su religi\u00f3n son inaceptables para su gobierno. El lector tiene una desagradable sensaci\u00f3n de impotencia. Pero si estos sentimientos de rechazo que experimentan personas de todo el mundo pudieran unirse en una acci\u00f3n com\u00fan, podr\u00eda hacerse algo eficaz\u201d.<\/em><\/p>\n\n\n\n<p>Peter Benenson.<\/p>\n\n\n\n<figure class=\"wp-block-image size-large\"><img decoding=\"async\" loading=\"lazy\" width=\"650\" height=\"460\" src=\"https:\/\/amnistia.org.mx\/contenido\/wp-content\/uploads\/2021\/05\/Benenson-ajustada.jpg\" alt=\"\" class=\"wp-image-13697\"\/><\/figure>\n\n\n\n<p>Peter Benenson, fundador de Amnist\u00eda Internacional, in 1986. (Fotograf\u00eda: particular.)<\/p>\n\n\n\n<p>Amnist\u00eda Internacional fue fundada en 1961 con la idea de que, juntas, las personas pueden cambiar el mundo. En la actualidad, Amnist\u00eda es un movimiento mundial de derechos humanos, que se vale del poder colectivo de 10 millones de personas, cada una de las cuales est\u00e1 comprometida con la lucha por la justicia, la igualdad y la libertad en todas partes. De Londres a Santiago y de Sidney a Kampala, numerosas personas se han unido para insistir en que deben respetarse los derechos de cada ser humano.<\/p>\n\n\n\n<p>El cambio no se ha producido de la noche a la ma\u00f1ana. Se ha logrado con persistencia y con la creencia en el poder de la humanidad para cambiar las cosas. \u00bfCu\u00e1l ha sido el resultado? La libertad de decenas de miles de personas encarceladas por sus creencias o su forma de vida. El fin de la pena de muerte en decenas de pa\u00edses. La rendici\u00f3n de cuentas de l\u00edderes que eran intocables. Leyes reformadas y vidas transformadas.<\/p>\n\n\n\n<p>\u00bfC\u00f3mo medimos 60 a\u00f1os de acci\u00f3n colectiva? Con el caso de la persona acusada de un delito a la que se garantiza un juicio justo, la persona presa que se salva de la ejecuci\u00f3n o la persona detenida que deja de ser torturada. Con el caso del defensor o defensora de los derechos humanos que sale en libertad y puede continuar con su labor, de la escuela donde se imparte a los ni\u00f1os y las ni\u00f1as educaci\u00f3n sobre sus derechos o de las familias que regresan a sus hogares en condiciones de seguridad desde un campo de acogida. Y tambi\u00e9n con el caso de las comunidades marginadas que se manifiestan para exigir el fin de la discriminaci\u00f3n o que defienden sus hogares de la destrucci\u00f3n o el caso de la mujer cuyo gobierno proh\u00edbe por fin los malos tratos que sufre a diario.<\/p>\n\n\n\n<p>Al cabo de 60 a\u00f1os, seguimos luchando por un mundo donde todas las personas disfruten de los derechos humanos. No nos detendremos hasta lograrlo.<\/p>\n\n\n\n<p><em>\u201cLa primera vez que encend\u00ed la vela de Amnist\u00eda, ten\u00eda en mente el antiguo proverbio chino: \u2018Es mejor encender una vela que maldecir la oscuridad.\u2019\u201d<\/em><\/p>\n\n\n\n<p>Peter Benenson.<\/p>\n\n\n\n<p><strong>Los logros de la humanidad Tu impacto a lo largo de los \u00faltimos 60 a\u00f1os.<\/strong><\/p>\n\n\n\n<figure class=\"wp-block-image size-large\"><img decoding=\"async\" loading=\"lazy\" width=\"563\" height=\"776\" src=\"https:\/\/amnistia.org.mx\/contenido\/wp-content\/uploads\/2021\/05\/Art\u00edculo-benenson-ajustado.jpg\" alt=\"\" class=\"wp-image-13699\"\/><\/figure>\n\n\n\n<p>El abogado brit\u00e1nico Peter Benenson inicia una campa\u00f1a mundial, \u201cAppeal for Amnesty 1961\u201d (Llamamiento por la amnist\u00eda 1961), con la publicaci\u00f3n de un art\u00edculo en el peri\u00f3dico The Observer. (Fotograf\u00eda: Guardian News and Media Limited.)<\/p>\n\n\n\n<ul><li>En 1961, al saber que dos estudiantes portugueses hab\u00edan sido encarcelados por brindar por la libertad, el abogado brit\u00e1nico Peter Benenson emprende una acci\u00f3n mundial: la Campa\u00f1a en Pro de la Amnist\u00eda 1961. Su llamamiento a <strong>dejar en libertad a los presos y presas de conciencia <\/strong>se publica en otros peri\u00f3dicos de todo el mundo y se convierte en la g\u00e9nesis de Amnist\u00eda Internacional. En 1966 hab\u00edan sido excarceladas mil personas gracias los esfuerzos incansables de gente como t\u00fa, que quiere ver un mundo mejor.<\/li><\/ul>\n\n\n\n<figure class=\"wp-block-image size-large\"><img decoding=\"async\" loading=\"lazy\" width=\"650\" height=\"430\" src=\"https:\/\/amnistia.org.mx\/contenido\/wp-content\/uploads\/2021\/05\/Mandela-ajustada.jpg\" alt=\"\" class=\"wp-image-13700\"\/><\/figure>\n\n\n\n<p>Nelson Mandela. (Fotograf\u00eda: Jurgen Schadeberg.)<\/p>\n\n\n\n<ul><li>En 1962, Amnist\u00eda envi\u00f3 a un abogado a Sud\u00e1frica para que asistiera como observador al juicio de <strong>Nelson Mandela<\/strong>. En palabras de Mandela, &#8220;su mera presencia y la ayuda que prest\u00f3 nos resultaron tremendamente inspiradoras y alentadoras&#8221;.<\/li><\/ul>\n\n\n\n<ul><li>En 1973, Amnist\u00eda Internacional emite su <strong>primera Acci\u00f3n Urgente completa<\/strong>, para animar a la opini\u00f3n p\u00fablica a actuar en favor del profesor brasile\u00f1o Luiz Basilio Rossi, detenido por motivos pol\u00edticos. Luiz atribuy\u00f3 despu\u00e9s la mejora de su situaci\u00f3n al apoyo popular a este llamamiento: \u201csab\u00eda que mi caso se hab\u00eda hecho p\u00fablico, sab\u00eda que ya no pod\u00edan matarme. Entonces la presi\u00f3n sobre m\u00ed disminuy\u00f3 y las condiciones mejoraron&#8221;. Desde entonces, simpatizantes de Amnist\u00eda de todo el mundo han hecho campa\u00f1a en favor de miles de personas, familias y comunidades. En aproximadamente la tercera parte de este tipo de casos, se logra un cambio positivo o, si no, la acci\u00f3n sirve para levantar el \u00e1nimo y brindar esperanza.<\/li><\/ul>\n\n\n\n<p>\u201cRecib\u00eda con mucha alegr\u00eda y emoci\u00f3n la bonitas tarjetas postales y sus alentadores mensajes de solidaridad [&#8230;] Muchas gracias.\u201d<\/p>\n\n\n\n<p>Elmer Salvador Guti\u00e9rez V\u00e1squez, preso de conciencia, Per\u00fa.<\/p>\n\n\n\n<ul><li><strong>En la d\u00e9cada de 1970<\/strong>, el nuevo r\u00e9gimen chileno del general Augusto Pinochet accede a admitir a una delegaci\u00f3n de tres personas enviada por Amnist\u00eda Internacional para investigar denuncias de violaciones masivas de derechos humanos. M\u00e1s de 20 a\u00f1os despu\u00e9s, Amnist\u00eda Internacional es parte en procedimientos judiciales que conducen a la detenci\u00f3n de Pinochet en Reino Unido por cr\u00edmenes cometidos en Chile. En 1979, Amnist\u00eda Internacional publica una lista de 2 mil 665 casos de personas desaparecidas en Argentina tras el golpe militar de Jorge Rafael Videla, con el fin de ayudar a sus familiares y amigos a hacer rendir cuentas a los responsables. En la misma d\u00e9cada, Amnist\u00eda Internacional gana el Premio Nobel de la Paz por \u201chaber contribuido a afianzar la libertad, la justicia y, con ello, tambi\u00e9n la paz en el mundo\u201d, notable homenaje al duro trabajo y la determinaci\u00f3n de sus simpatizantes de todo el mundo.<\/li><\/ul>\n\n\n\n<figure class=\"wp-block-image size-large\"><img decoding=\"async\" loading=\"lazy\" width=\"650\" height=\"441\" src=\"https:\/\/amnistia.org.mx\/contenido\/wp-content\/uploads\/2021\/05\/Pena-de-muerte-ajustada.jpg\" alt=\"\" class=\"wp-image-13701\"\/><\/figure>\n\n\n\n<p>Amnist\u00eda Internacional en la Conferencia sobre la Abolici\u00f3n de la Pena de Muerte en 1977. (Fotograf\u00eda: Amnist\u00eda Internacional.)<\/p>\n\n\n\n<ul><li>Cuando Amnist\u00eda y sus simpatizantes inician la lucha contra la <strong>pena de muerte<\/strong> en 1977, s\u00f3lo la hab\u00edan abolido 16 pa\u00edses. En la actualidad, la cifra ha ascendido a 108, m\u00e1s de la mitad de los pa\u00edses del mundo. Desde 2011 han abolido la pena de muerte para todos los delitos pa\u00edses como Ben\u00edn, Chad, Fiyi, Guinea, Letonia, Madagascar, Mongolia, Nauru, Rep\u00fablica del Congo y Surinam. Nuestro \u00e9xito ha estado impulsado por la creencia de que el derecho a la vida es sagrado. Con tu ayuda, no nos detendremos hasta que el mundo entero est\u00e9 libre definitivamente de esa forma extrema de pena cruel, inhumana y degradante.<\/li><\/ul>\n\n\n\n<ul><li><strong>En 1984<\/strong>, tras el incansable trabajo de campa\u00f1a de gran n\u00famero de simpatizantes de Amnist\u00eda, la Asamblea General de las Naciones Unidas adopta la <strong>Convenci\u00f3n contra la Tortura y Otros Tratos o Penas Crueles, Inhumanos o Degradantes<\/strong>. Como consecuencia de ello, los pa\u00edses est\u00e1n ahora obligados por el derecho internacional a tomar medidas efectivas para prevenir la tortura en los territorios que controlan y tienen prohibido trasladar a personas a cualquier pa\u00eds donde haya razones para creer que ser\u00e1n torturadas.<\/li><\/ul>\n\n\n\n<ul><li>En la <strong>d\u00e9cada de 1990<\/strong> Amnist\u00eda Internacional denuncia abusos contra los derechos humanos en Kuwait tras la invasi\u00f3n de Irak y genera titulares en todo el mundo. Nuestros equipos lanzan tambi\u00e9n una acci\u00f3n sobre la tortura y las ejecuciones extrajudiciales en Brasil y reciben una respuesta inmediata del presidente Fernando Collor, que afirma: \u201cNo podemos ni queremos volver a ser un pa\u00eds ejemplo de violencia\u201d. Amnist\u00eda Internacional llama tambi\u00e9n la atenci\u00f3n mundial sobre la situaci\u00f3n de 300 mil ni\u00f1os y ni\u00f1as soldados y a\u00fana fuerzas con otras cinco ONG internacionales en la Coalici\u00f3n para Acabar con la Utilizaci\u00f3n de Ni\u00f1os y Ni\u00f1as Soldados.<\/li><\/ul>\n\n\n\n<figure class=\"wp-block-image size-large\"><img decoding=\"async\" loading=\"lazy\" width=\"650\" height=\"420\" src=\"https:\/\/amnistia.org.mx\/contenido\/wp-content\/uploads\/2021\/05\/Tribunal-penal-ajustada.jpg\" alt=\"\" class=\"wp-image-13702\"\/><\/figure>\n\n\n\n<p>Miembros de Amnist\u00eda Internacional Ben\u00edn, Costa de Marfil, Senegal y Togo hacen campa\u00f1a en favor de la Corte Penal Internacional. (Fotograf\u00eda: Amnist\u00eda Internacional.)<\/p>\n\n\n\n<ul><li>En <strong>2002<\/strong>, la presi\u00f3n que llevan ejerciendo simpatizantes de Amnist\u00eda durante mucho tiempo prepara por fin el terrero a la creaci\u00f3n de una <strong>Corte Penal Internacional (CPI<\/strong>) para iniciar investigaciones y enjuiciamientos contra personas \u2013incluidos l\u00edderes pol\u00edticos, dirigentes de grupos armados y otras figuras de alto rango\u2013 razonablemente sospechosas de cometer, cr\u00edmenes de lesa humanidad, genocidio, cr\u00edmenes de guerra o el crimen de agresi\u00f3n.<\/li><li>En <strong>2014<\/strong>, tras 20 a\u00f1os de presi\u00f3n de simpatizantes de Amnist\u00eda, entra en vigor el <strong>Tratado Internacional sobre el Comercio de Armas<\/strong>, importante triunfo para la humanidad. El tratado tiene por objeto poner fin a flujo irresponsable de armas que causan millones de muertes y fomentan los conflictos y los abusos generalizados contra los derechos humanos. Esta inmensa victoria no habr\u00eda sido posible sin el impresionante apoyo prestado a Amnist\u00eda por sus donantes, miembros y activistas.<\/li><\/ul>\n\n\n\n<ul><li>Las d\u00e9cadas de <strong>2010<\/strong> <strong>y<\/strong> <strong>2020<\/strong> se caracterizan por la consecuci\u00f3n de un n\u00famero cada vez mayor de triunfos en materia de derechos a medida que el activismo ha ido intensificando las demandas de cambio. En 2010, por ejemplo, Amnist\u00eda trabaja con <strong>la comunidad ind\u00edgena dongria kondh de Orissa, India<\/strong>, para evitar que la compa\u00f1\u00eda minera Vedanta la desaloje a la fuerza de sus tierras ancestrales. Tras esta labor, el gobierno indio rechaza el plan de emprender un proyecto minero en sus tierras.<\/li><\/ul>\n\n\n\n<figure class=\"wp-block-image size-large\"><img decoding=\"async\" loading=\"lazy\" width=\"650\" height=\"487\" src=\"https:\/\/amnistia.org.mx\/contenido\/wp-content\/uploads\/2021\/05\/Violencia-mujeres-ajustada.jpg\" alt=\"\" class=\"wp-image-13703\"\/><\/figure>\n\n\n\n<p>Activistas piden al gobierno que act\u00fae para poner fin a la violencia contra las mujeres en Pap\u00faa Nueva Guinea. (Fotograf\u00eda: Kate Schuetze\/Amnist\u00eda Internacional.)<\/p>\n\n\n\n<ul><li>En <strong>2013<\/strong>, Pap\u00faa Nueva Guinea deroga la controvertida Ley de Brujer\u00eda, que preve\u00eda sentencias reducidas por asesinato si la v\u00edctima hab\u00eda sido acusada de brujer\u00eda. Esta decisi\u00f3n supuso un gran avance en la lucha por <strong>poner fin a la violencia contra las mujeres <\/strong>en un pa\u00eds donde las acusaciones de brujer\u00eda serv\u00edan a menudo de excusa para golpear, matar y torturar a mujeres. Otra buena noticia fue la aprobaci\u00f3n, ese mismo a\u00f1o, de la Ley de Protecci\u00f3n de la Familia (sobre la violencia en el \u00e1mbito familiar).<\/li><\/ul>\n\n\n\n<ul><li>En <strong>2015<\/strong>, tras a\u00f1os de presi\u00f3n por parte de Amnist\u00eda y sus simpatizantes, la filial nigeriana de <strong>Shell<\/strong> anuncia el pago de 55 millones de libras esterlinas en concepto de indemnizaci\u00f3n a 15 mil 600 campesinos y pescadores de Bodo, Nigeria, cuyas vidas se hab\u00edan visto truncadas por dos grandes vertidos de petr\u00f3leo de Shell en 2008. El anuncio prepara el terreno para futuras acciones de otras comunidades nigerianas que ha sufrido las consecuencias de la negligencia de la compa\u00f1\u00eda. En 2021, el Tribunal Supremo de Reino Unido decide que otras dos comunidades del delta del N\u00edger afectadas por a\u00f1os de vertidos pueden demandar al gigante petrolero ante los tribunales brit\u00e1nicos.<\/li><\/ul>\n\n\n\n<ul><li>En <strong>2015<\/strong>, tras la presi\u00f3n de una coalici\u00f3n de ONG entre las que figura Amnist\u00eda Internacional, la ONU aprueba normas m\u00e1s estrictas sobre el <strong>trato humano a las personas presas<\/strong>. Las normas revisadas garantizan mejor el respeto de los derechos humanos de las personas presas, con especial atenci\u00f3n a la rehabilitaci\u00f3n, la protecci\u00f3n contra la tortura, la mejora de acceso a los servicios de salud y la restricci\u00f3n del uso de medidas disciplinarias punitivas, como la reclusi\u00f3n en r\u00e9gimen de aislamiento.<\/li><\/ul>\n\n\n\n<ul><li>En <strong>2015<\/strong>, Irlanda se convierte en el primer pa\u00eds del mundo donde se aprueba por voto popular la plena igualdad en el matrimonio civil. &#8220;[Esta decisi\u00f3n] manda a las personas LGBTI de todo el mundo el mensaje de que ellas, sus relaciones y sus familias son importantes&#8221;, dijo Colm O&#8217;Gorman, director ejecutivo de Amnist\u00eda Internacional Irlanda. En 2019, Taiw\u00e1n se convierte en el primer pa\u00eds de As\u00eda que <strong>legaliza el matrimonio homosexual<\/strong>, tras una campa\u00f1a constante sobre el tema.<\/li><\/ul>\n\n\n\n<ul><li>En una sentencia hist\u00f3rica para la justicia internacional, el 30 mayo de <strong>2016<\/strong>, el ex presidente de <strong>Chad<\/strong> Hiss\u00e8ne Habr\u00e9 es condenado a cadena perpetua por cr\u00edmenes de guerra y tortura cometidos en el pa\u00eds entre 1982 y1990. La acusaci\u00f3n se basa en informes de Amnist\u00eda de la d\u00e9cada de 1980 y en la declaraci\u00f3n pericial de un ex miembro del personal de la organizaci\u00f3n, entre otras pruebas.<\/li><\/ul>\n\n\n\n<figure class=\"wp-block-image size-large\"><img decoding=\"async\" loading=\"lazy\" width=\"650\" height=\"433\" src=\"https:\/\/amnistia.org.mx\/contenido\/wp-content\/uploads\/2021\/05\/Albert-Woox-ajustada.jpg\" alt=\"\" class=\"wp-image-13704\"\/><figcaption>.<\/figcaption><\/figure>\n\n\n\n<p>Albert Woodfox. (Fotograf\u00eda: Pierre-Yves Brunaud \/ Picturetank.)<\/p>\n\n\n\n<ul><li>Tambi\u00e9n en 2016, <strong>Albert Woodfox<\/strong> es excarcelado finalmente en Estados Unidos tras decenios de presi\u00f3n de simpatizantes de Amnist\u00eda. Hab\u00eda pasado 43 a\u00f1os y 10 meses en r\u00e9gimen de aislamiento en una prisi\u00f3n estatal de Luisiana; al parecer, nadie ha sobrevivido tanto tiempo en r\u00e9gimen de aislamiento en Estados Unidos. \u201cNunca insistir\u00e9 lo suficiente en lo importante que es recibir cartas de personas de todo el mundo \u2014dijo Albert\u2014. Me dieron un sentimiento de dignidad. Me dieron fuerza, me convencieron de que estaba haciendo lo correcto.\u201d<\/li><\/ul>\n\n\n\n<ul><li>En <strong>2017<\/strong>, el Tribunal Superior de Kenia bloquea la decisi\u00f3n unilateral del gobierno de cerrar el <strong>campo de refugiados de Dadaab<\/strong>, el mayor del mundo. La sentencia se dicta en respuesta a una petici\u00f3n de dos organizaciones kenianas de derechos humanos, a las que Amnist\u00eda apoy\u00f3. El cierre de Dadaab habr\u00eda dejado a m\u00e1s de 260 mil personas refugiadas somal\u00edes expuestas a ser devueltas a Somalia, pa\u00eds asolado por el conflicto armado.<\/li><li>En <strong>2018<\/strong> es excarcelada <strong>Teodora del Carmen V\u00e1squez<\/strong> tras pasar 10 a\u00f1os entre rejas en el Salvador como consecuencia de haber sufrido una emergencia obst\u00e9trica por la que la acusaron y declararon culpable de abortar, acto ilegal en el pa\u00eds. Qued\u00f3 en libertad al reducirle un tribunal la indignante pena de 30 a\u00f1os de prisi\u00f3n que le hab\u00eda sido impuesta. Desde peticiones a protestas, Amnist\u00eda y sus simpatizantes hab\u00edan venido llevando a cabo actividades de campa\u00f1a desde 2015 para conseguir que Teodora fuera puesta en libertad.<\/li><\/ul>\n\n\n\n<ul><li>En 2018, <strong>Irlanda revoca en refer\u00e9ndum la prohibici\u00f3n constitucional del aborto<\/strong> y logra una enorme victoria para los derechos de las mujeres, basada en a\u00f1os de activismo sobre el tema, en el que particip\u00f3 Amnist\u00eda Internacional. En 2020, <strong>Argentina legaliza por fin el aborto<\/strong>, aut\u00e9ntico triunfo para el movimiento de defensa de los derechos de las mujeres y para el gran n\u00famero de simpatizantes de Amnist\u00eda que llevaban decenios luchando por ello. La decisi\u00f3n sirve de inspiraci\u00f3n a otros pa\u00edses de la regi\u00f3n y del mundo para avanzar en el reconocimiento del acceso a servicios seguros y legales de aborto.<\/li><\/ul>\n\n\n\n<ul><li>En 2018, una sentencia del Tribunal Europeo de Derechos Humanos determin\u00f3 que la intercepci\u00f3n masiva de millones de comunicaciones privadas por parte de los servicios de inteligencia del Reino Unido infring\u00eda la legislaci\u00f3n sobre derechos humanos. En 2021, la Gran Sala del Tribunal Europeo de Derechos Humanos ampli\u00f3 la hist\u00f3rica sentencia, dejando claro que la vigilancia sin restricciones viola el derecho a la intimidad y a la libertad de expresi\u00f3n de las personas y exigiendo el establecimiento de s\u00f3lidas salvaguardias contra los abusos.<\/li><\/ul>\n\n\n\n<ul><li>En <strong>2019<\/strong>, <strong>Sierra Leona levanta la prohibici\u00f3n del acceso a la educaci\u00f3n impuesta a las ni\u00f1as embarazadas<\/strong> tras determinarse que es discriminatoria. Amnist\u00eda hab\u00eda intervenido en el caso, bas\u00e1ndose en su investigaci\u00f3n sobre el tema y en el derecho internacional pertinente. La decisi\u00f3n constituye un claro mensaje a otros pa\u00edses africanos que imponen o se plantean prohibiciones similares.<\/li><\/ul>\n\n\n\n<ul><li>Entre 2019 y 2020 se introducen en Dinamarca, Suecia y Grecia cambios legislativos por los que se reconoce por fin que el <strong>sexo sin consentimiento es violaci\u00f3n.<\/strong> La decisi\u00f3n se toma despu\u00e9s de a\u00f1os de activismo de grupos de sobrevivientes y de defensa de los derechos de las mujeres, y tambi\u00e9n de la campa\u00f1a Hablemos del S\u00cd de Amnist\u00eda. Espa\u00f1a anuncia tambi\u00e9n un proyecto de ley para definir como violaci\u00f3n el sexo sin consentimiento, de conformidad con las normas internacionales de derechos humanos.<\/li><\/ul>\n\n\n\n<p><em>\u201cHab\u00eda perdido toda la esperanza, pero todo cambi\u00f3 cuando intervino Amnist\u00eda. Los mensajes que recib\u00ed me abrumaron: Recuper\u00e9 la esperanza.\u201d<\/em><\/p>\n\n\n\n<p>Moses Akatugba.<\/p>\n\n\n\n<p><strong>Los mayores logros recientes en casos de personas concretas<\/strong><\/p>\n\n\n\n<ul><li><a href=\"https:\/\/www.amnesty.org\/es\/latest\/campaigns\/2017\/11\/15-big-wins-for-write-for-rights\/\">15 grandes logros de Escribe por los Derechos, campa\u00f1a de Amnist\u00eda Internacional<\/a><\/li><\/ul>\n\n\n\n<p><strong><u>Otros ejemplos recientes de \u00e9xito<\/u><\/strong><\/p>\n\n\n\n<ul><li>2015: <a href=\"https:\/\/www.amnesty.org\/es\/latest\/campaigns\/2015\/12\/50-ways-you-changed-lives-in-2015\/\">https:\/\/www.amnesty.org\/es\/latest\/campaigns\/2015\/12\/50-ways-you-changed-lives-in-2015\/<\/a><\/li><li>2016: <a href=\"https:\/\/www.amnesty.org\/es\/latest\/campaigns\/2016\/12\/human-rights-successes-33-reasons-to-be-positive-about-2016\/\">https:\/\/www.amnesty.org\/es\/latest\/campaigns\/2016\/12\/human-rights-successes-33-reasons-to-be-positive-about-2016\/<\/a><\/li><li>2017 <a href=\"https:\/\/www.amnesty.org.au\/human-rights-wins-2017\/\">Your support changes lives \u2013 here&#8217;s how, Amnist\u00eda Internacional Australia<\/a><\/li><li>2017 <a href=\"https:\/\/www.amnesty.org.uk\/blogs\/campaigns\/good-news-your-2017-human-rights-victories\">https:\/\/www.amnesty.org.uk\/blogs\/campaigns\/good-news-your-2017-human-rights-victories<\/a><\/li><li>2018 <a href=\"https:\/\/www.amnesty.org\/eslatest\/campaigns\/2018\/12\/this-years-epic-human-rights-wins\/\">Conquistas extraordinarias de derechos humanos de este a\u00f1o, Amnist\u00eda Internacional<\/a><\/li><li>2019 <a href=\"https:\/\/www.amnesty.org\/es\/latest\/campaigns\/2019\/08\/30-human-rights-wins-worth-celebrating\/\">30 victorias de derechos humanos que merecen celebrarse, Amnist\u00eda Internacional<\/a><\/li><li>2020 <a href=\"https:\/\/www.amnesty.org\/eslatest\/campaigns\/2020\/12\/41-human-rights-wins-to-celebrate-right-now\/\">Ya podemos celebrar 41 logros de derechos humanos, Amnist\u00eda Internacional<\/a><\/li><\/ul>\n","protected":false},"excerpt":{"rendered":"<p>Fotograf\u00eda: Pierre Crom\/Amnesty International. Desde su fundaci\u00f3n, en 1961, Amnist\u00eda Internacional viene empoderando a personas como t\u00fa para emprender acciones por un mundo mejor Este art\u00edculo es una panor\u00e1mica de &hellip;<\/p>\n<p class=\"read-more\"> <a class=\"\" href=\"https:\/\/amnistia.org.mx\/contenido\/index.php\/60-anos-de-humanidad-en-accion\/\"> <span class=\"screen-reader-text\">60 a\u00f1os de humanidad en acci\u00f3n<\/span> Leer m\u00e1s &raquo;<\/a><\/p>\n","protected":false},"author":4,"featured_media":13707,"comment_status":"open","ping_status":"open","sticky":false,"template":"","format":"standard","meta":{"_uf_show_specific_survey":0,"_uf_disable_surveys":false,"site-sidebar-layout":"default","site-content-layout":"default","ast-global-header-display":"","ast-main-header-display":"","ast-hfb-above-header-display":"","ast-hfb-below-header-display":"","ast-hfb-mobile-header-display":"","site-post-title":"","ast-breadcrumbs-content":"","ast-featured-img":"","footer-sml-layout":"","theme-transparent-header-meta":"default","adv-header-id-meta":"","stick-header-meta":"","header-above-stick-meta":"","header-main-stick-meta":"","header-below-stick-meta":""},"categories":[9,1],"tags":[40],"acf":[],"aioseo_notices":[],"yoast_head":"<!-- This site is optimized with the Yoast SEO plugin v14.5 - https:\/\/yoast.com\/wordpress\/plugins\/seo\/ -->\n<title>60 a\u00f1os de humanidad en acci\u00f3n - amnistia.org.mx<\/title>\n<meta name=\"robots\" content=\"index, follow\" \/>\n<meta name=\"googlebot\" content=\"index, follow, max-snippet:-1, max-image-preview:large, max-video-preview:-1\" \/>\n<meta name=\"bingbot\" content=\"index, follow, max-snippet:-1, max-image-preview:large, max-video-preview:-1\" \/>\n<link rel=\"canonical\" href=\"https:\/\/amnistia.org.mx\/contenido\/index.php\/60-anos-de-humanidad-en-accion\/\" \/>\n<meta property=\"og:locale\" content=\"es_MX\" \/>\n<meta property=\"og:type\" content=\"article\" \/>\n<meta property=\"og:title\" content=\"60 a\u00f1os de humanidad en acci\u00f3n - amnistia.org.mx\" \/>\n<meta property=\"og:description\" content=\"Fotograf\u00eda: Pierre Crom\/Amnesty International. Desde su fundaci\u00f3n, en 1961, Amnist\u00eda Internacional viene empoderando a personas como t\u00fa para emprender acciones por un mundo mejor Este art\u00edculo es una panor\u00e1mica de &hellip; 60 a\u00f1os de humanidad en acci\u00f3n Leer m\u00e1s &raquo;\" \/>\n<meta property=\"og:url\" content=\"https:\/\/amnistia.org.mx\/contenido\/index.php\/60-anos-de-humanidad-en-accion\/\" \/>\n<meta property=\"og:site_name\" content=\"amnistia.org.mx\" \/>\n<meta property=\"article:published_time\" content=\"2021-05-28T16:28:42+00:00\" \/>\n<meta property=\"article:modified_time\" content=\"2021-05-28T16:28:44+00:00\" \/>\n<meta property=\"og:image\" content=\"https:\/\/amnistia.org.mx\/contenido\/wp-content\/uploads\/2021\/05\/Foto-portada-ajustada-1.jpg\" \/>\n\t<meta property=\"og:image:width\" content=\"700\" \/>\n\t<meta property=\"og:image:height\" content=\"261\" \/>\n<meta name=\"twitter:card\" content=\"summary_large_image\" \/>\n<script type=\"application\/ld+json\" class=\"yoast-schema-graph\">{\"@context\":\"https:\/\/schema.org\",\"@graph\":[{\"@type\":\"WebSite\",\"@id\":\"https:\/\/amnistia.org.mx\/contenido\/#website\",\"url\":\"https:\/\/amnistia.org.mx\/contenido\/\",\"name\":\"amnistia.org.mx\",\"description\":\"Nueva p\\u00e1gina de Amnist\\u00eda\",\"potentialAction\":[{\"@type\":\"SearchAction\",\"target\":\"https:\/\/amnistia.org.mx\/contenido\/?s={search_term_string}\",\"query-input\":\"required name=search_term_string\"}],\"inLanguage\":\"es-MX\"},{\"@type\":\"ImageObject\",\"@id\":\"https:\/\/amnistia.org.mx\/contenido\/index.php\/60-anos-de-humanidad-en-accion\/#primaryimage\",\"inLanguage\":\"es-MX\",\"url\":\"https:\/\/amnistia.org.mx\/contenido\/wp-content\/uploads\/2021\/05\/Foto-portada-ajustada-1.jpg\",\"width\":700,\"height\":261,\"caption\":\"Rencontre avec deux figures des Black Panthers, Albert Woodfox et Robert King, organis\\u00e9e par Amnesty International \\u2013 Bourse du Travail, Paris, 15 novembre 2016 - Ces deux militants ont \\u00e9t\\u00e9 enferm\\u00e9s \\u00e0 l\\u2019isolement pendant des d\\u00e9cennies et se mobilisent depuis contre les discriminations raciales, les conditions carc\\u00e9rales aux Etats-Unis et appellent \\u00e0 la lib\\u00e9ration des autres prisonniers politiques aux Etats-Unis.\"},{\"@type\":\"WebPage\",\"@id\":\"https:\/\/amnistia.org.mx\/contenido\/index.php\/60-anos-de-humanidad-en-accion\/#webpage\",\"url\":\"https:\/\/amnistia.org.mx\/contenido\/index.php\/60-anos-de-humanidad-en-accion\/\",\"name\":\"60 a\\u00f1os de humanidad en acci\\u00f3n - amnistia.org.mx\",\"isPartOf\":{\"@id\":\"https:\/\/amnistia.org.mx\/contenido\/#website\"},\"primaryImageOfPage\":{\"@id\":\"https:\/\/amnistia.org.mx\/contenido\/index.php\/60-anos-de-humanidad-en-accion\/#primaryimage\"},\"datePublished\":\"2021-05-28T16:28:42+00:00\",\"dateModified\":\"2021-05-28T16:28:44+00:00\",\"author\":{\"@id\":\"https:\/\/amnistia.org.mx\/contenido\/#\/schema\/person\/7db421c495688267ce8ede4625c17fa5\"},\"breadcrumb\":{\"@id\":\"https:\/\/amnistia.org.mx\/contenido\/index.php\/60-anos-de-humanidad-en-accion\/#breadcrumb\"},\"inLanguage\":\"es-MX\",\"potentialAction\":[{\"@type\":\"ReadAction\",\"target\":[\"https:\/\/amnistia.org.mx\/contenido\/index.php\/60-anos-de-humanidad-en-accion\/\"]}]},{\"@type\":\"BreadcrumbList\",\"@id\":\"https:\/\/amnistia.org.mx\/contenido\/index.php\/60-anos-de-humanidad-en-accion\/#breadcrumb\",\"itemListElement\":[{\"@type\":\"ListItem\",\"position\":1,\"item\":{\"@type\":\"WebPage\",\"@id\":\"https:\/\/amnistia.org.mx\/contenido\/\",\"url\":\"https:\/\/amnistia.org.mx\/contenido\/\",\"name\":\"Home\"}},{\"@type\":\"ListItem\",\"position\":2,\"item\":{\"@type\":\"WebPage\",\"@id\":\"https:\/\/amnistia.org.mx\/contenido\/index.php\/60-anos-de-humanidad-en-accion\/\",\"url\":\"https:\/\/amnistia.org.mx\/contenido\/index.php\/60-anos-de-humanidad-en-accion\/\",\"name\":\"60 a\\u00f1os de humanidad en acci\\u00f3n\"}}]},{\"@type\":[\"Person\"],\"@id\":\"https:\/\/amnistia.org.mx\/contenido\/#\/schema\/person\/7db421c495688267ce8ede4625c17fa5\",\"name\":\"Alejandro Ju\\u00e1rez Gamero\",\"image\":{\"@type\":\"ImageObject\",\"@id\":\"https:\/\/amnistia.org.mx\/contenido\/#personlogo\",\"inLanguage\":\"es-MX\",\"url\":\"https:\/\/secure.gravatar.com\/avatar\/e312d5566d1c3ffb56f86415d6f0e606?s=96&d=mm&r=g\",\"caption\":\"Alejandro Ju\\u00e1rez Gamero\"}}]}<\/script>\n<!-- \/ Yoast SEO plugin. -->","_links":{"self":[{"href":"https:\/\/amnistia.org.mx\/contenido\/index.php\/wp-json\/wp\/v2\/posts\/13696"}],"collection":[{"href":"https:\/\/amnistia.org.mx\/contenido\/index.php\/wp-json\/wp\/v2\/posts"}],"about":[{"href":"https:\/\/amnistia.org.mx\/contenido\/index.php\/wp-json\/wp\/v2\/types\/post"}],"author":[{"embeddable":true,"href":"https:\/\/amnistia.org.mx\/contenido\/index.php\/wp-json\/wp\/v2\/users\/4"}],"replies":[{"embeddable":true,"href":"https:\/\/amnistia.org.mx\/contenido\/index.php\/wp-json\/wp\/v2\/comments?post=13696"}],"version-history":[{"count":4,"href":"https:\/\/amnistia.org.mx\/contenido\/index.php\/wp-json\/wp\/v2\/posts\/13696\/revisions"}],"predecessor-version":[{"id":13709,"href":"https:\/\/amnistia.org.mx\/contenido\/index.php\/wp-json\/wp\/v2\/posts\/13696\/revisions\/13709"}],"wp:featuredmedia":[{"embeddable":true,"href":"https:\/\/amnistia.org.mx\/contenido\/index.php\/wp-json\/wp\/v2\/media\/13707"}],"wp:attachment":[{"href":"https:\/\/amnistia.org.mx\/contenido\/index.php\/wp-json\/wp\/v2\/media?parent=13696"}],"wp:term":[{"taxonomy":"category","embeddable":true,"href":"https:\/\/amnistia.org.mx\/contenido\/index.php\/wp-json\/wp\/v2\/categories?post=13696"},{"taxonomy":"post_tag","embeddable":true,"href":"https:\/\/amnistia.org.mx\/contenido\/index.php\/wp-json\/wp\/v2\/tags?post=13696"}],"curies":[{"name":"wp","href":"https:\/\/api.w.org\/{rel}","templated":true}]}}