
{"id":13735,"date":"2021-06-04T09:00:00","date_gmt":"2021-06-04T09:00:00","guid":{"rendered":"https:\/\/amnistia.org.mx\/contenido\/?p=13735"},"modified":"2021-06-03T23:42:53","modified_gmt":"2021-06-03T23:42:53","slug":"comic-y-derechos-humanos-una-relacion-complice","status":"publish","type":"post","link":"https:\/\/amnistia.org.mx\/contenido\/index.php\/comic-y-derechos-humanos-una-relacion-complice\/","title":{"rendered":"C\u00f3mic y derechos humanos: una relaci\u00f3n c\u00f3mplice"},"content":{"rendered":"\t\t<div data-elementor-type=\"wp-post\" data-elementor-id=\"13735\" class=\"elementor elementor-13735\">\n\t\t\t\t\t\t\t\t\t<section class=\"elementor-section elementor-top-section elementor-element elementor-element-562d0552 elementor-section-boxed elementor-section-height-default elementor-section-height-default\" data-id=\"562d0552\" data-element_type=\"section\">\n\t\t\t\t\t\t<div class=\"elementor-container elementor-column-gap-default\">\n\t\t\t\t\t<div class=\"elementor-column elementor-col-100 elementor-top-column elementor-element elementor-element-346c32e6\" data-id=\"346c32e6\" data-element_type=\"column\">\n\t\t\t<div class=\"elementor-widget-wrap elementor-element-populated\">\n\t\t\t\t\t\t\t\t<div class=\"elementor-element elementor-element-3fe5efd9 elementor-author-box--layout-image-above elementor-author-box--align-center elementor-widget elementor-widget-author-box\" data-id=\"3fe5efd9\" data-element_type=\"widget\" data-widget_type=\"author-box.default\">\n\t\t\t\t<div class=\"elementor-widget-container\">\n\t\t\t<link rel=\"stylesheet\" href=\"https:\/\/amnistia.org.mx\/contenido\/wp-content\/plugins\/elementor-pro\/assets\/css\/widget-theme-elements.min.css\">\t\t<div class=\"elementor-author-box\">\n\t\t\t\t\t\t\t<div  class=\"elementor-author-box__avatar\">\n\t\t\t\t\t<img decoding=\"async\" src=\"https:\/\/amnistia.org.mx\/contenido\/wp-content\/uploads\/2020\/06\/circle-cropped-6-300x300.png\" alt=\"Juan Ignacio Cort\u00e9s (@JuanICortes)\">\n\t\t\t\t<\/div>\n\t\t\t\n\t\t\t<div class=\"elementor-author-box__text\">\n\t\t\t\t\t\t\t\t\t<div >\n\t\t\t\t\t\t<h4 class=\"elementor-author-box__name\">\n\t\t\t\t\t\t\tJuan Ignacio Cort\u00e9s (@JuanICortes)\t\t\t\t\t\t<\/h4>\n\t\t\t\t\t<\/div>\n\t\t\t\t\n\t\t\t\t\t\t\t\t\t<div class=\"elementor-author-box__bio\">\n\t\t\t\t\t\t<p>Colaborador de Amnist\u00eda Internacional<\/p>\n\t\t\t\t\t<\/div>\n\t\t\t\t\n\t\t\t\t\t\t\t<\/div>\n\t\t<\/div>\n\t\t\t\t<\/div>\n\t\t\t\t<\/div>\n\t\t\t\t<div class=\"elementor-element elementor-element-2d972b6 elementor-widget-divider--view-line elementor-widget elementor-widget-divider\" data-id=\"2d972b6\" data-element_type=\"widget\" data-widget_type=\"divider.default\">\n\t\t\t\t<div class=\"elementor-widget-container\">\n\t\t\t<style>\/*! elementor - v3.11.5 - 14-03-2023 *\/\n.elementor-widget-divider{--divider-border-style:none;--divider-border-width:1px;--divider-color:#0c0d0e;--divider-icon-size:20px;--divider-element-spacing:10px;--divider-pattern-height:24px;--divider-pattern-size:20px;--divider-pattern-url:none;--divider-pattern-repeat:repeat-x}.elementor-widget-divider .elementor-divider{display:flex}.elementor-widget-divider .elementor-divider__text{font-size:15px;line-height:1;max-width:95%}.elementor-widget-divider .elementor-divider__element{margin:0 var(--divider-element-spacing);flex-shrink:0}.elementor-widget-divider .elementor-icon{font-size:var(--divider-icon-size)}.elementor-widget-divider .elementor-divider-separator{display:flex;margin:0;direction:ltr}.elementor-widget-divider--view-line_icon .elementor-divider-separator,.elementor-widget-divider--view-line_text .elementor-divider-separator{align-items:center}.elementor-widget-divider--view-line_icon .elementor-divider-separator:after,.elementor-widget-divider--view-line_icon .elementor-divider-separator:before,.elementor-widget-divider--view-line_text .elementor-divider-separator:after,.elementor-widget-divider--view-line_text .elementor-divider-separator:before{display:block;content:\"\";border-bottom:0;flex-grow:1;border-top:var(--divider-border-width) var(--divider-border-style) var(--divider-color)}.elementor-widget-divider--element-align-left .elementor-divider .elementor-divider-separator>.elementor-divider__svg:first-of-type{flex-grow:0;flex-shrink:100}.elementor-widget-divider--element-align-left .elementor-divider-separator:before{content:none}.elementor-widget-divider--element-align-left .elementor-divider__element{margin-left:0}.elementor-widget-divider--element-align-right .elementor-divider .elementor-divider-separator>.elementor-divider__svg:last-of-type{flex-grow:0;flex-shrink:100}.elementor-widget-divider--element-align-right .elementor-divider-separator:after{content:none}.elementor-widget-divider--element-align-right .elementor-divider__element{margin-right:0}.elementor-widget-divider:not(.elementor-widget-divider--view-line_text):not(.elementor-widget-divider--view-line_icon) .elementor-divider-separator{border-top:var(--divider-border-width) var(--divider-border-style) var(--divider-color)}.elementor-widget-divider--separator-type-pattern{--divider-border-style:none}.elementor-widget-divider--separator-type-pattern.elementor-widget-divider--view-line .elementor-divider-separator,.elementor-widget-divider--separator-type-pattern:not(.elementor-widget-divider--view-line) .elementor-divider-separator:after,.elementor-widget-divider--separator-type-pattern:not(.elementor-widget-divider--view-line) .elementor-divider-separator:before,.elementor-widget-divider--separator-type-pattern:not([class*=elementor-widget-divider--view]) .elementor-divider-separator{width:100%;min-height:var(--divider-pattern-height);-webkit-mask-size:var(--divider-pattern-size) 100%;mask-size:var(--divider-pattern-size) 100%;-webkit-mask-repeat:var(--divider-pattern-repeat);mask-repeat:var(--divider-pattern-repeat);background-color:var(--divider-color);-webkit-mask-image:var(--divider-pattern-url);mask-image:var(--divider-pattern-url)}.elementor-widget-divider--no-spacing{--divider-pattern-size:auto}.elementor-widget-divider--bg-round{--divider-pattern-repeat:round}.rtl .elementor-widget-divider .elementor-divider__text{direction:rtl}.e-con-inner>.elementor-widget-divider,.e-con>.elementor-widget-divider{width:var(--container-widget-width,100%);--flex-grow:var(--container-widget-flex-grow)}<\/style>\t\t<div class=\"elementor-divider\">\n\t\t\t<span class=\"elementor-divider-separator\">\n\t\t\t\t\t\t<\/span>\n\t\t<\/div>\n\t\t\t\t<\/div>\n\t\t\t\t<\/div>\n\t\t\t\t\t<\/div>\n\t\t<\/div>\n\t\t\t\t\t\t\t<\/div>\n\t\t<\/section>\n\t\t\t\t<section class=\"elementor-section elementor-top-section elementor-element elementor-element-506199b0 elementor-section-boxed elementor-section-height-default elementor-section-height-default\" data-id=\"506199b0\" data-element_type=\"section\">\n\t\t\t\t\t\t<div class=\"elementor-container elementor-column-gap-default\">\n\t\t\t\t\t<div class=\"elementor-column elementor-col-100 elementor-top-column elementor-element elementor-element-204c1e31\" data-id=\"204c1e31\" data-element_type=\"column\">\n\t\t\t<div class=\"elementor-widget-wrap elementor-element-populated\">\n\t\t\t\t\t\t\t\t<div class=\"elementor-element elementor-element-68aaf6d3 elementor-align-center elementor-widget elementor-widget-post-info\" data-id=\"68aaf6d3\" data-element_type=\"widget\" data-widget_type=\"post-info.default\">\n\t\t\t\t<div class=\"elementor-widget-container\">\n\t\t\t<link rel=\"stylesheet\" href=\"https:\/\/amnistia.org.mx\/contenido\/wp-content\/plugins\/elementor\/assets\/css\/widget-icon-list.min.css\">\t\t<ul class=\"elementor-inline-items elementor-icon-list-items elementor-post-info\">\n\t\t\t\t\t\t\t\t<li class=\"elementor-icon-list-item elementor-repeater-item-faf80c6 elementor-inline-item\" itemprop=\"datePublished\">\n\t\t\t\t\t\t<a href=\"https:\/\/amnistia.org.mx\/contenido\/index.php\/2021\/06\/04\/\">\n\t\t\t\t\t\t\t\t\t\t\t<span class=\"elementor-icon-list-icon\">\n\t\t\t\t\t\t\t\t<svg aria-hidden=\"true\" class=\"e-font-icon-svg e-fas-calendar\" viewBox=\"0 0 448 512\" xmlns=\"http:\/\/www.w3.org\/2000\/svg\"><path d=\"M12 192h424c6.6 0 12 5.4 12 12v260c0 26.5-21.5 48-48 48H48c-26.5 0-48-21.5-48-48V204c0-6.6 5.4-12 12-12zm436-44v-36c0-26.5-21.5-48-48-48h-48V12c0-6.6-5.4-12-12-12h-40c-6.6 0-12 5.4-12 12v52H160V12c0-6.6-5.4-12-12-12h-40c-6.6 0-12 5.4-12 12v52H48C21.5 64 0 85.5 0 112v36c0 6.6 5.4 12 12 12h424c6.6 0 12-5.4 12-12z\"><\/path><\/svg>\t\t\t\t\t\t\t<\/span>\n\t\t\t\t\t\t\t\t\t<span class=\"elementor-icon-list-text elementor-post-info__item elementor-post-info__item--type-date\">\n\t\t\t\t\t\t\t\t\t\tjunio 4, 2021\t\t\t\t\t<\/span>\n\t\t\t\t\t\t\t\t\t<\/a>\n\t\t\t\t<\/li>\n\t\t\t\t<\/ul>\n\t\t\t\t<\/div>\n\t\t\t\t<\/div>\n\t\t\t\t\t<\/div>\n\t\t<\/div>\n\t\t\t\t\t\t\t<\/div>\n\t\t<\/section>\n\t\t\t\t<section class=\"elementor-section elementor-top-section elementor-element elementor-element-43c7d63e elementor-section-boxed elementor-section-height-default elementor-section-height-default\" data-id=\"43c7d63e\" data-element_type=\"section\">\n\t\t\t\t\t\t<div class=\"elementor-container elementor-column-gap-wide\">\n\t\t\t\t\t<div class=\"elementor-column elementor-col-66 elementor-top-column elementor-element elementor-element-7a007e93\" data-id=\"7a007e93\" data-element_type=\"column\">\n\t\t\t<div class=\"elementor-widget-wrap elementor-element-populated\">\n\t\t\t\t\t\t\t\t<div class=\"elementor-element elementor-element-c0ce948 elementor-widget elementor-widget-text-editor\" data-id=\"c0ce948\" data-element_type=\"widget\" data-widget_type=\"text-editor.default\">\n\t\t\t\t<div class=\"elementor-widget-container\">\n\t\t\t<style>\/*! elementor - v3.11.5 - 14-03-2023 *\/\n.elementor-widget-text-editor.elementor-drop-cap-view-stacked .elementor-drop-cap{background-color:#69727d;color:#fff}.elementor-widget-text-editor.elementor-drop-cap-view-framed .elementor-drop-cap{color:#69727d;border:3px solid;background-color:transparent}.elementor-widget-text-editor:not(.elementor-drop-cap-view-default) .elementor-drop-cap{margin-top:8px}.elementor-widget-text-editor:not(.elementor-drop-cap-view-default) .elementor-drop-cap-letter{width:1em;height:1em}.elementor-widget-text-editor .elementor-drop-cap{float:left;text-align:center;line-height:1;font-size:50px}.elementor-widget-text-editor .elementor-drop-cap-letter{display:inline-block}<\/style>\t\t\t\t<h2 class=\"h4\">Desde\u00a0<a href=\"https:\/\/www.iberlibro.com\/blog\/index.php\/2014\/09\/11\/el-origen-de-la-historieta-o-comic-y-su-evolucion\/\" target=\"_blank\" rel=\"noopener\">las primeras tiras ilustradas<\/a>\u00a0aparecidas en los peri\u00f3dicos norteamericanos a finales del siglo XIX hasta las\u00a0actuales\u00a0<a href=\"https:\/\/elpais.com\/cultura\/2017\/03\/15\/ka_boom\/1489574683_699396.html\" target=\"_blank\" rel=\"noopener\"><em>novelas gr\u00e1ficas<\/em><\/a>\u00a0de m\u00e1s de\u00a0300 p\u00e1ginas, el c\u00f3mic\u00a0(la historieta, si prefer\u00eds)\u00a0ha ampliado constantemente\u00a0sus\u00a0recursos y formatos narrativos y\u00a0los\u00a0temas abordados en sus p\u00e1ginas, dejando claro que\u00a0puede ser mucho m\u00e1s que\u00a0mero entretenimiento\u00a0y\u00a0convertirse en\u00a0una forma de expresi\u00f3n art\u00edstica. De forma expl\u00edcita o impl\u00edcita, muchas obras del cada vez m\u00e1s amplio cat\u00e1logo\u00a0<em>comiquero<\/em>\u00a0disponible en espa\u00f1ol tienen que ver con los derechos humanos y\u00a0son una excelente excusa para\u00a0hablar de\u00a0ellos.<\/h2><h2 class=\"text-justify\">Una obra maestra<\/h2><p class=\"text-justify\">Primera novela gr\u00e1fica en\u00a0ganar un Premio Pulitzer en 1992,<a href=\"https:\/\/www.penguinlibros.com\/es\/comic\/29000-maus-9788439720713\" target=\"_blank\" rel=\"noopener\"><em>Maus<\/em><\/a>\u00a0es un cl\u00e1sico a la altura\u00a0de los\u00a0m\u00e1s importantes\u00a0documentales sobre el holocausto como pueda ser\u00a0<a href=\"https:\/\/es.wikipedia.org\/wiki\/Shoah_(pel%C3%ADcula)\" target=\"_blank\" rel=\"noopener\"><em>Shoah<\/em><\/a>, de Claude Lanzmann,\u00a0o los grandes relatos sobre el sufrimiento humano en tiempos de\u00a0guerra, como\u00a0<a href=\"http:\/\/www.galaxiagutenberg.com\/libros\/vida-y-destino-nueva-rustica\/\" target=\"_blank\" rel=\"noopener\">Vida y destino<\/a><em>,\u00a0<\/em>de Vasili Grossman.\u00a0Esta novela gr\u00e1fica narra la historia de Vladek y Anja,\u00a0los padres de\u00a0<a href=\"https:\/\/es.wikipedia.org\/wiki\/Art_Spiegelman\" target=\"_blank\" rel=\"noopener\">Art Spiegelman<\/a>, una de las figuras claves del c\u00f3mic\u00a0<em>underground<\/em>\u00a0norteamericano. Jud\u00edos polacos, los padres del dibujante pasaron innumerables penalidades y desventuras tratando de escapar al destino que la doctrina de la\u00a0<a href=\"https:\/\/es.wikipedia.org\/wiki\/Soluci%C3%B3n_final\" target=\"_blank\" rel=\"noopener\"><em>soluci\u00f3n final<\/em><\/a>\u00a0\u00a0establec\u00eda\u00a0para ellos\u00a0antes de\u00a0acabar siendo\u00a0deportados a Auschwitz.<\/p><p class=\"text-justify\">Aunque sobrevivieron al mayor campo de exterminio del holocausto\u00a0\u2012<a href=\"https:\/\/www.es.amnesty.org\/en-que-estamos\/blog\/historia\/articulo\/el-horror-de-auschwitz-y-la-declaracion-universal-de-los-derechos-humanos\/\" target=\"_blank\" rel=\"noopener\">m\u00e1s de un mill\u00f3n de de personas fueran ejecutadas en \u00e9l de forma sistem\u00e1tica<\/a>, casi industrial\u2012\u00a0y emigraron\u00a0a los Estados Unidos, el horror vivido marcar\u00eda sus existencias y la de su hijo. Anja se suicidar\u00eda en 1968 y Art siempre tendr\u00eda una relaci\u00f3n dif\u00edcil con\u00a0Vladek, quien muri\u00f3 en 1982, poco\u00a0despu\u00e9s\u00a0de que\u00a0su historia\u00a0comenzase a publicarse\u00a0por entregas\u00a0en la revista\u00a0<em>Raw<\/em>, que Art dirig\u00eda.\u00a0La obra es un extraordinario relato sobre las penalidades vividas por los padres de Spiegelman durante la persecuci\u00f3n nazi y sobre la necesidad de hacer memoria del horror, el miedo a mantener esa memoria viva, la culpabilidad que sintieron los supervivientes del holocausto por haber sobrevivido&#8230; Son muchos sus niveles de lectura y las reflexiones que se pueden extraer de ella.<\/p>\t\t\t\t\t\t<\/div>\n\t\t\t\t<\/div>\n\t\t\t\t<div class=\"elementor-element elementor-element-4c51446 elementor-widget elementor-widget-image\" data-id=\"4c51446\" data-element_type=\"widget\" data-widget_type=\"image.default\">\n\t\t\t\t<div class=\"elementor-widget-container\">\n\t\t\t<style>\/*! elementor - v3.11.5 - 14-03-2023 *\/\n.elementor-widget-image{text-align:center}.elementor-widget-image a{display:inline-block}.elementor-widget-image a img[src$=\".svg\"]{width:48px}.elementor-widget-image img{vertical-align:middle;display:inline-block}<\/style>\t\t\t\t\t\t\t\t\t\t\t\t<img decoding=\"async\" width=\"800\" height=\"432\" src=\"https:\/\/amnistia.org.mx\/contenido\/wp-content\/uploads\/2021\/06\/Maus_interior_4.png\" class=\"attachment-large size-large wp-image-13741\" alt=\"\" loading=\"lazy\" \/>\t\t\t\t\t\t\t\t\t\t\t\t\t\t\t<\/div>\n\t\t\t\t<\/div>\n\t\t\t\t<div class=\"elementor-element elementor-element-aa80ae4 elementor-widget elementor-widget-text-editor\" data-id=\"aa80ae4\" data-element_type=\"widget\" data-widget_type=\"text-editor.default\">\n\t\t\t\t<div class=\"elementor-widget-container\">\n\t\t\t\t\t\t\t<p class=\"text-justify\">Para subrayar lo inhumano de toda la historia, Spiegelman recurri\u00f3 a un brillante recurso formal que da t\u00edtulo a la obra.\u00a0<em>M<\/em><em>aus<\/em>\u00a0significa rat\u00f3n en alem\u00e1n y, efectivamente, todos los personajes jud\u00edos que son presentados bajo la figura de un rat\u00f3n \u2012y, correlativamente, todos los personajes nazis son presentados como gatos\u2012. Quien no conozca la obra puede pensar que este recurso caricaturesco le resta profundidad. Quien la conoce sabe que no es as\u00ed. Si\u00a0<em>Maus<\/em>\u00a0no te conmueve y no te hace pensar en el terror que pueden llegar a desatar las personas, realmente hay algo equivocado y deber\u00edas visitar a un terapeuta (cosa que Art Spiegelman ha hecho durante gran parte de su vida, por cierto).<\/p><h2 class=\"text-justify\">Dos maestros con estilo propio<\/h2><p class=\"text-justify\">Empezar hablando de\u00a0<em>Maus<\/em>\u00a0es uno de esos aciertos que pueden resultar un error: Me he comido gran parte del espacio de este blog y apenas he empezado. No me entretengo y paso a hablar de dos grandes maestros que han creado estilos muy reconocibles y hasta, seg\u00fan algunos, un nuevo g\u00e9nero \u00bfliterario? \u00bfgr\u00e1fico?: el periodismo de c\u00f3mic o el c\u00f3mic period\u00edstico.\u00a0Hablamos de\u00a0<a href=\"https:\/\/es.wikipedia.org\/wiki\/Joe_Sacco\" target=\"_blank\" rel=\"noopener\">Joe Sacco<\/a>, un malt\u00e9s-estadounidense que, ante el inicial fracaso de su carrera period\u00edstica, apost\u00f3 por lo que en principio era una mera afici\u00f3n \u2012el c\u00f3mic\u2012 como modo de ganarse la vida. Sacco terminar\u00eda uniendo periodismo y c\u00f3mic en una exitosa carrera que ha recibido numerosos reconocimientos, incluyendo el American Book Award.<\/p><p class=\"text-justify\">En 1993 comenz\u00f3 a publicarse por entregas\u00a0<a href=\"https:\/\/www.planetadelibros.com\/libro-palestina-trazado\/92273\" target=\"_blank\" rel=\"noopener\"><em>Palestina: en la Franja de Gaza<\/em><\/a>, que narra las penurias a las que se ve sometida la poblaci\u00f3n palestina recluida en este peque\u00f1o territorio, lo m\u00e1s parecido a un gigantesco gueto que se ha visto tras el holocausto. Desde entonces, Sacco ha ido acumulando obras maestras entre las que destacan\u00a0<a href=\"https:\/\/www.penguinlibros.com\/es\/comic\/29105-notas-al-pie-de-gaza-9788439722526\" target=\"_blank\" rel=\"noopener\"><em>Notas al pie de Gaza<\/em><\/a>, la reciente\u00a0<a href=\"https:\/\/www.penguinlibros.com\/es\/comic\/37312-un-tributo-a-la-tierra-9788417910884\" target=\"_blank\" rel=\"noopener\"><em>Un tributo a la tierra<\/em><\/a>\u00a0y, para muchos, la m\u00e1s completa de todas:\u00a0<a href=\"https:\/\/www.planetadelibros.com\/libro-gorazde-trazado\/92274\" target=\"_blank\" rel=\"noopener\"><em>Gorazde: zona\u00a0<\/em><\/a><a href=\"https:\/\/www.planetadelibros.com\/libro-gorazde-trazado\/92274\" target=\"_blank\" rel=\"noopener\"><em>segura<\/em><\/a>.<\/p>\t\t\t\t\t\t<\/div>\n\t\t\t\t<\/div>\n\t\t\t\t<div class=\"elementor-element elementor-element-630ce27 elementor-widget elementor-widget-image\" data-id=\"630ce27\" data-element_type=\"widget\" data-widget_type=\"image.default\">\n\t\t\t\t<div class=\"elementor-widget-container\">\n\t\t\t\t\t\t\t\t\t\t\t\t\t\t\t<img decoding=\"async\" width=\"504\" height=\"800\" src=\"https:\/\/amnistia.org.mx\/contenido\/wp-content\/uploads\/2021\/06\/csm_Palestina_Portada_d6a92538f2.jpg\" class=\"attachment-large size-large wp-image-13740\" alt=\"\" loading=\"lazy\" \/>\t\t\t\t\t\t\t\t\t\t\t\t\t\t\t<\/div>\n\t\t\t\t<\/div>\n\t\t\t\t<div class=\"elementor-element elementor-element-f6f392e elementor-widget elementor-widget-text-editor\" data-id=\"f6f392e\" data-element_type=\"widget\" data-widget_type=\"text-editor.default\">\n\t\t\t\t<div class=\"elementor-widget-container\">\n\t\t\t\t\t\t\t<p class=\"text-justify\">Esta monumental novela gr\u00e1fica \u2012documentada hasta el m\u00ednimo detalle, pues antes de empezar a dibujar Sacco pasa meses recogiendo informaci\u00f3n sobre el terreno, como cualquier buen periodista\u2012 cuenta c\u00f3mo Gorazde estuvo a punto de sucumbir en 1994 al empuje de las fuerzas serbo-bosnias alzadas contra el Gobierno multi\u00e9tnico de\u00a0<a href=\"https:\/\/es.wikipedia.org\/wiki\/Alija_Izetbegovi%C4%87\" target=\"_blank\" rel=\"noopener\">Alia Ize<\/a><a href=\"https:\/\/es.wikipedia.org\/wiki\/Alija_Izetbegovi%C4%87\" target=\"_blank\" rel=\"noopener\">tb<\/a><a href=\"https:\/\/es.wikipedia.org\/wiki\/Alija_Izetbegovi%C4%87\" target=\"_blank\" rel=\"noopener\">egovi<\/a><a href=\"https:\/\/es.wikipedia.org\/wiki\/Alija_Izetbegovi%C4%87\" target=\"_blank\" rel=\"noopener\">c<\/a>\u00a0para crear una Bosnia sometida a Serbia.\u00a0<a href=\"https:\/\/www.es.amnesty.org\/en-que-estamos\/noticias\/noticia\/articulo\/bosnia-y-herzegovina-25-aniversario-de-la-masacre-de-srebrenica-una-sombria-advertencia-desde-la-his\/\" target=\"_blank\" rel=\"noopener\">Al contrario de\u00a0<\/a><a href=\"https:\/\/www.es.amnesty.org\/en-que-estamos\/noticias\/noticia\/articulo\/bosnia-y-herzegovina-25-aniversario-de-la-masacre-de-srebrenica-una-sombria-advertencia-desde-la-his\/\" target=\"_blank\" rel=\"noopener\">lo que suced<\/a><a href=\"https:\/\/www.es.amnesty.org\/en-que-estamos\/noticias\/noticia\/articulo\/bosnia-y-herzegovina-25-aniversario-de-la-masacre-de-srebrenica-una-sombria-advertencia-desde-la-his\/\" target=\"_blank\" rel=\"noopener\">er\u00eda un a\u00f1o m\u00e1s tarde<\/a>\u00a0<a href=\"https:\/\/www.es.amnesty.org\/en-que-estamos\/noticias\/noticia\/articulo\/bosnia-y-herzegovina-25-aniversario-de-la-masacre-de-srebrenica-una-sombria-advertencia-desde-la-his\/\" target=\"_blank\" rel=\"noopener\">en la vecina<\/a><a href=\"https:\/\/www.es.amnesty.org\/en-que-estamos\/noticias\/noticia\/articulo\/bosnia-y-herzegovina-25-aniversario-de-la-masacre-de-srebrenica-una-sombria-advertencia-desde-la-his\/\" target=\"_blank\" rel=\"noopener\">\u00a0Sreb<\/a><a href=\"https:\/\/www.es.amnesty.org\/en-que-estamos\/noticias\/noticia\/articulo\/bosnia-y-herzegovina-25-aniversario-de-la-masacre-de-srebrenica-una-sombria-advertencia-desde-la-his\/\" target=\"_blank\" rel=\"noopener\">r<\/a><a href=\"https:\/\/www.es.amnesty.org\/en-que-estamos\/noticias\/noticia\/articulo\/bosnia-y-herzegovina-25-aniversario-de-la-masacre-de-srebrenica-una-sombria-advertencia-desde-la-his\/\" target=\"_blank\" rel=\"noopener\">enica<\/a>, en donde las milicias serbio-bosnias acabaron con la vida de m\u00e1s de 7.000 varones bosnios, la intervenci\u00f3n internacional detuvo la masacre. Hay mucho m\u00e1s Sacco que cortar, pero nos quedamos aqu\u00ed.<\/p><p class=\"text-justify\">Como Sacco,\u00a0<a href=\"https:\/\/www.guydelisle.com\/\" target=\"_blank\" rel=\"noopener\">Guy Delisle<\/a>\u00a0lleg\u00f3 al c\u00f3mic un poco de rebote. Este canadiense trabajaba para una compa\u00f1\u00eda de pel\u00edculas de animaci\u00f3n y un buen d\u00eda le enviaron a la ciudad china de Shenzen a impartir unos talleres de animaci\u00f3n a estudiantes chinos. El aburrimiento en una ciudad de cuyos habitantes le separaba una infranqueable barrera idiom\u00e1tica y la vigilancia de las autoridades chinas, le llev\u00f3 a escribir su primera novela gr\u00e1fica \u2012<a href=\"https:\/\/www.astiberri.com\/products\/shenzhen\" target=\"_blank\" rel=\"noopener\"><em>Shenzen<\/em><\/a>, la obra del tipo es tan original como obvios sus t\u00edtulos\u2012. Repiti\u00f3 la experiencia en\u00a0<a href=\"https:\/\/www.astiberri.com\/products\/pyongyang\" target=\"_blank\" rel=\"noopener\"><em>Pyong<\/em><\/a><a href=\"https:\/\/www.astiberri.com\/products\/pyongyang\" target=\"_blank\" rel=\"noopener\"><em>y<\/em><\/a><a href=\"https:\/\/www.astiberri.com\/products\/pyongyang\" target=\"_blank\" rel=\"noopener\"><em>ang<\/em><\/a>, tras un periodo impartiendo talleres de animaci\u00f3n en la capital del Corea del Norte, y tambi\u00e9n ha documentado sus viajes acompa\u00f1ando a su mujer, miembro de M\u00e9dicos sin Fronteras, a pa\u00edses como Myanmar o Israel.Todas sus obras est\u00e1n marcadas por una aproximaci\u00f3n aparentemente ingenua y no ideol\u00f3gica a las duras realidades con las que se encuentra. Esto, en lugar de restarles fuerza, las hace m\u00e1s poderosas. Guy Delisle no remarca, no narra desde una posici\u00f3n previa, pero lo que cuenta es tan evidentemente inhumano e injusto que nos conmueve hasta el tu\u00e9tano.<\/p>\t\t\t\t\t\t<\/div>\n\t\t\t\t<\/div>\n\t\t\t\t<div class=\"elementor-element elementor-element-86910e2 elementor-widget elementor-widget-image\" data-id=\"86910e2\" data-element_type=\"widget\" data-widget_type=\"image.default\">\n\t\t\t\t<div class=\"elementor-widget-container\">\n\t\t\t\t\t\t\t\t\t\t\t\t\t\t\t<img decoding=\"async\" width=\"562\" height=\"800\" src=\"https:\/\/amnistia.org.mx\/contenido\/wp-content\/uploads\/2021\/06\/csm_cronicasdejerusalen_46e3c3aee8.jpg\" class=\"attachment-large size-large wp-image-13739\" alt=\"\" loading=\"lazy\" \/>\t\t\t\t\t\t\t\t\t\t\t\t\t\t\t<\/div>\n\t\t\t\t<\/div>\n\t\t\t\t<div class=\"elementor-element elementor-element-fd4dc11 elementor-widget elementor-widget-text-editor\" data-id=\"fd4dc11\" data-element_type=\"widget\" data-widget_type=\"text-editor.default\">\n\t\t\t\t<div class=\"elementor-widget-container\">\n\t\t\t\t\t\t\t<p class=\"text-justify\">Si no puedes repasar toda su obra y tienes que elegir una, no lo dudes:\u00a0<a href=\"https:\/\/www.astiberri.com\/products\/cronicas-de-jerusalen\" target=\"_blank\" rel=\"noopener\"><em>Cr\u00f3nicas de Jerusal\u00e9<\/em><\/a><a href=\"https:\/\/www.astiberri.com\/products\/cronicas-de-jerusalen\" target=\"_blank\" rel=\"noopener\"><em>n<\/em><\/a>. Esta vez, los jud\u00edos son los victimarios y no las v\u00edctimas. Pero la conclusi\u00f3n es la misma: si no sientes indignaci\u00f3n, tristeza y compasi\u00f3n con este c\u00f3mic, si los dibujos de Delisle no te hacen preguntarte de d\u00f3nde nace la injusticia y la maldad que hacen que tantas vidas humanas en el planeta carezcan de dignidad, deber\u00edas visitar un terapeuta.<\/p><h2 class=\"text-justify\">Una lista interminable<\/h2><p class=\"text-justify\">Me he vuelto a calentar hablando de estos maestros y debo empezar a cerrar este texto cuando apenas estoy empezando a entrar en materia. A toda prisa os dejo aqu\u00ed muy breves apuntes sobre otras obras de c\u00f3mic\/novela gr\u00e1fica que pueden servir c\u00f3mo bander\u00edn de enganche para charlar sobre Derechos Humanos. Si lo consideran oportuno, volveremos sobre el tema.<\/p><p class=\"text-justify\"><a href=\"http:\/\/www.carlosgimenez.com\/menu.htm\" target=\"_blank\" rel=\"noopener\">Carlos Gim\u00e9nez<\/a>, posiblemente el mayor dibujante espa\u00f1ol vivo, tiene muchas obras maestras, pero\u00a0<a href=\"http:\/\/www.carlosgimenez.com\/obra\/paracuellos.htm\" target=\"_blank\" rel=\"noopener\"><em>Paracuellos<\/em><\/a>\u00a0retrata con una tierna brutalidad las consecuencias de la Guerra Civil espa\u00f1ola para los perdedores de la contienda. Dentro de la amplia lista de c\u00f3mics sobre el conflicto,\u00a0<a href=\"https:\/\/www.normaeditorial.com\/ficha\/comic-europeo\/el-arte-de-volar\" target=\"_blank\" rel=\"noopener\"><em>El arte de volar<\/em><\/a>\u00a0es tambi\u00e9n una gran reflexi\u00f3n sobre la memoria y la desmemoria. La profundidad de la obra de\u00a0<a href=\"http:\/\/www.antonioaltarriba.com\/\" target=\"_blank\" rel=\"noopener\">Antonio<\/a><a href=\"http:\/\/www.antonioaltarriba.com\/\" target=\"_blank\" rel=\"noopener\">\u00a0Altarriba<\/a>\u00a0(guionista) y\u00a0<a href=\"https:\/\/es.wikipedia.org\/wiki\/Kim_(historietista)\" target=\"_blank\" rel=\"noopener\">Kim<\/a>\u00a0(dibujante) no tiene nada que envidiar a\u00a0<em>Maus<\/em>.<\/p><p class=\"text-justify\">Un cl\u00e1sico del c\u00f3mic espa\u00f1ol que versa expl\u00edcitamente sobre el tema que nos ocupa es el \u00e1lbum\u00a0<a href=\"https:\/\/www.tebeosfera.com\/numeros\/imagenes_de_la_historia_1979_ikusager_11.html\" target=\"_blank\" rel=\"noopener\"><em>Los De<\/em><\/a><a href=\"https:\/\/www.tebeosfera.com\/numeros\/imagenes_de_la_historia_1979_ikusager_11.html\" target=\"_blank\" rel=\"noopener\"><em>rechos Humanos<\/em><\/a>, de la desaparecida editorial Ikusager, que todav\u00eda se puede conseguir en librer\u00edas de coleccionista. Es una recopilaci\u00f3n de historias cortas sobre distintos art\u00edculos de la Declaraci\u00f3n Universal de los Derechos Humanos que re\u00fane las firmas de algunos de los m\u00e1s grandes dibujantes de la historia del c\u00f3mic: el italiano\u00a0<a href=\"https:\/\/es.wikipedia.org\/wiki\/Milo_Manara\" target=\"_blank\" rel=\"noopener\">Milo Manara<\/a>, el norteamericano\u00a0<a href=\"https:\/\/es.wikipedia.org\/wiki\/Will_Eisner\" target=\"_blank\" rel=\"noopener\">Will E<\/a><a href=\"https:\/\/es.wikipedia.org\/wiki\/Will_Eisner\" target=\"_blank\" rel=\"noopener\">i<\/a><a href=\"https:\/\/es.wikipedia.org\/wiki\/Will_Eisner\" target=\"_blank\" rel=\"noopener\">sner<\/a>\u00a0\u2012creador de uno de los personajes m\u00e1s famosos de la historia del c\u00f3mic, el detective enmascarado\u00a0<a href=\"https:\/\/www.normaeditorial.com\/catalogo\/comic-americano\/the-spirit\/the-spirit\" target=\"_blank\" rel=\"noopener\">The\u00a0<\/a><a href=\"https:\/\/www.normaeditorial.com\/catalogo\/comic-americano\/the-spirit\/the-spirit\" target=\"_blank\" rel=\"noopener\">Spirit<\/a>\u2012 y el uruguayo\u00a0<a href=\"https:\/\/es.wikipedia.org\/wiki\/Alberto_Breccia\" target=\"_blank\" rel=\"noopener\">Alberto Bre<\/a><a href=\"https:\/\/es.wikipedia.org\/wiki\/Alberto_Breccia\" target=\"_blank\" rel=\"noopener\">c<\/a><a href=\"https:\/\/es.wikipedia.org\/wiki\/Alberto_Breccia\" target=\"_blank\" rel=\"noopener\">cia<\/a>\u00a0\u2012autor del monumental\u00a0<a href=\"https:\/\/www.astiberri.com\/products\/informe-sobre-ciegos\" target=\"_blank\" rel=\"noopener\"><em>Informe sobre Ciegos<\/em><\/a>, traducci\u00f3n visual del texto hom\u00f3nimo del novelista argentino Ernesto S\u00e1bato, un verdadero viaje al coraz\u00f3n de las tinieblas del coraz\u00f3n humano\u2012. Tinieblas que provocan hecho como la desaparici\u00f3n, durante la dictadura argentina, de entre 30.000 y 40.000 personas.<\/p><p class=\"text-justify\">Algunos c\u00f3mics relacionados con los Derechos Humanos son m\u00e1s reflexivos, o filos\u00f3ficos.\u00a0<a href=\"https:\/\/www.universal-comics.com\/products\/132072-v-de-vendetta-10-edicion.html\" target=\"_blank\" rel=\"noopener\"><em>V de Vendetta<\/em><\/a>, un hito fundamental de la historia de este arte que es fruto de la colaboraci\u00f3n entre el idolatrado guionista\u00a0<a href=\"https:\/\/es.wikipedia.org\/wiki\/Alan_Moore\" target=\"_blank\" rel=\"noopener\">Alan Moore<\/a>\u00a0y el dibujante\u00a0<a href=\"https:\/\/es.wikipedia.org\/wiki\/David_Lloyd\" target=\"_blank\" rel=\"noopener\">David Lloyd<\/a>, nos hace pensar en la libertad y la posibilidad de que el ansia de seguridad de nuestra sociedad acabe transform\u00e1ndola en una completa distop\u00eda. Algo sobre lo que nos toca pensar a todos en este delicado momento, me temo.<\/p><p class=\"text-justify\">Otros c\u00f3mics como\u00a0<a href=\"https:\/\/www.normacomics.com\/persepolis-edicio-definitiva.html\" target=\"_blank\" rel=\"noopener\"><em>Pers\u00e9polis<\/em><\/a>\u00a0de\u00a0<a href=\"https:\/\/es.wikipedia.org\/wiki\/Marjane_Satrapi\" target=\"_blank\" rel=\"noopener\">Marjane Satrapi<\/a>, nos narran historias muy concretas. En este caso particular, esta exiliada iran\u00ed en Francia, nos cuenta su infancia, vivida en el contexto de la represi\u00f3n impuesta por el r\u00e9gimen iran\u00ed del Ayatollah Jomeini tras su ascension al poder en 1979.<\/p><h2 class=\"text-justify\">Una manera de pasear por el mundo y por la historia<\/h2><p class=\"text-justify\">Son numerosos los c\u00f3mics que nos permiten repasar la historia de conflictos y luchas sociales \u2012demasiado a menudo unidas a violaciones de los derechos humanos\u2012 en los m\u00e1s diversos lugares del mundo, incluso de algunos poco habituados a asomar por nuestros telediarios. Desde \u00c1frica,\u00a0<a href=\"https:\/\/elpais.com\/elpais\/2014\/03\/14\/africa_no_es_un_pais\/1394816026_139481.html\" target=\"_blank\" rel=\"noopener\">Didier Kassa\u00ef<\/a>\u00a0nos cuenta en\u00a0<em>Bangui<\/em>\u00a0la historia del conflicto que asola desde hace a\u00f1os la vida de la Rep\u00fablica Centroafricana.\u00a0<a href=\"https:\/\/es.wikipedia.org\/wiki\/Ram%C3%B3n_Esono_Ebal%C3%A9\" target=\"_blank\" rel=\"noopener\">Ram\u00f3n Esono<\/a>\u00a0nos cuenta en\u00a0<a href=\"https:\/\/www.traficantes.net\/libros\/la-pesadilla-de-obi\" target=\"_blank\" rel=\"noopener\"><em>La pesadilla de Obi<\/em><\/a>\u00a0la vida cotidiana en Guinea Ecuatorial bajo el r\u00e9gimen dictatorial de Teodoro Obiang Nguema. Seguro que volveremos a hablar en este blog de este c\u00f3mic y de su autor.<\/p><p class=\"text-justify\">Desde Am\u00e9rica Latina, son muchas las obras que nos hablan de las venas siempre abiertas del continente. En\u00a0<a href=\"https:\/\/www.tiendascosmic.com\/comics_detalle.aspx?Id=43815\" target=\"_blank\" rel=\"noopener\"><em>!Maldito Allende!<\/em><\/a>\u00a0Oliver Bras y Jorge Gonz\u00e1lez narran los \u00faltimos momentos del gobierno de Salvador Allende en Chile y el golpe de Estado encabezado por Pinochet. En\u00a0<a href=\"http:\/\/www.laovejaroja.es\/rupay.htm\" target=\"_blank\" rel=\"noopener\"><em>Rupay<\/em><\/a>, Luis Rossell, Alfredo Villar y Jes\u00fas Coss\u00edo nos cuentan las atrocidades cometidas por ambos bandos durante el conflicto entre el Gobierno peruano y de Sendero Luminoso. Volviendo sobre el tema de la dictadura argentina,\u00a0<a href=\"https:\/\/www.normaeditorial.com\/ficha\/comic-europeo\/el-eternauta-edicion-remasterizada\" target=\"_blank\" rel=\"noopener\"><em>El Eterna<\/em><\/a><a href=\"https:\/\/www.normaeditorial.com\/ficha\/comic-europeo\/el-eternauta-edicion-remasterizada\" target=\"_blank\" rel=\"noopener\"><em>ut<\/em><\/a><em><a href=\"https:\/\/www.normaeditorial.com\/ficha\/comic-europeo\/el-eternauta-edicion-remasterizada\" target=\"_blank\" rel=\"noopener\">a<\/a>\u00a0\u00a0<\/em>es una referencia m\u00edtica. La historia de unos extraterrestres que invaden Buenos Aires siempre fue le\u00edda como una met\u00e1fora de la represi\u00f3n. Desde luego, esta fue la interpretaci\u00f3n de los militares, que\u00a0<em>desaparecieron<\/em>\u00a0al guionista,\u00a0<a href=\"https:\/\/es.wikipedia.org\/wiki\/H%C3%A9ctor_Germ%C3%A1n_Oesterheld\" target=\"_blank\" rel=\"noopener\">H\u00e9ctor Germ\u00e1n Oesterheld<\/a>.<\/p>\t\t\t\t\t\t<\/div>\n\t\t\t\t<\/div>\n\t\t\t\t<div class=\"elementor-element elementor-element-7623e01 elementor-widget elementor-widget-image\" data-id=\"7623e01\" data-element_type=\"widget\" data-widget_type=\"image.default\">\n\t\t\t\t<div class=\"elementor-widget-container\">\n\t\t\t\t\t\t\t\t\t\t\t\t\t\t\t<img decoding=\"async\" width=\"756\" height=\"600\" src=\"https:\/\/amnistia.org.mx\/contenido\/wp-content\/uploads\/2021\/06\/El_Eternauta_Portada.jpeg\" class=\"attachment-large size-large wp-image-13738\" alt=\"\" loading=\"lazy\" \/>\t\t\t\t\t\t\t\t\t\t\t\t\t\t\t<\/div>\n\t\t\t\t<\/div>\n\t\t\t\t<div class=\"elementor-element elementor-element-2639455 elementor-widget elementor-widget-text-editor\" data-id=\"2639455\" data-element_type=\"widget\" data-widget_type=\"text-editor.default\">\n\t\t\t\t<div class=\"elementor-widget-container\">\n\t\t\t\t\t\t\t<p class=\"text-justify\">Por supuesto, no todo son historias de desastres. Hay c\u00f3mics que nos cuentan las vidas de figuras esenciales en la lucha por los derechos humanos, como\u00a0<a href=\"https:\/\/elpais.com\/cultura\/2019\/04\/18\/actualidad\/1555597215_088841.html\" target=\"_blank\" rel=\"noopener\">Nelson Mandela<\/a>\u00a0o\u00a0<a href=\"https:\/\/www.universal-comics.com\/comic-usa\/34761-king-una-biografia-en-comic-de-martin-luther-king.html\" target=\"_blank\" rel=\"noopener\">Martin Luther King<\/a>. Obras como\u00a0<a href=\"https:\/\/www.astiberri.com\/products\/arrugas\" target=\"_blank\" rel=\"noopener\"><em>Arrugas<\/em><\/a>, de Paco Roca, y\u00a0<a href=\"https:\/\/www.astiberri.com\/products\/maria-y-yo\" target=\"_blank\" rel=\"noopener\"><em>Mar\u00eda y yo<\/em><\/a><em>,\u00a0<\/em>de Miguel Gallardo, nos hacen pensar acerca de los derechos de colectivos como la tercera edad y las personas con diversidad funcional en la vida cotidiana. La\u00a0<em>marea morada<\/em>\u00a0de estos \u00faltimos a\u00f1os tambi\u00e9n ha dado lugar a una gran cantidad de obras que podr\u00edamos colocar en la estanter\u00eda de c\u00f3mic feminista. Como muestra, un bot\u00f3n:\u00a0Ana Penyas y\u00a0<a href=\"https:\/\/www.penguinlibros.com\/es\/tematicas\/27370-estamos-todas-bien\" target=\"_blank\" rel=\"noopener\"><em>Estamos todas bien<\/em><\/a><em>,\u00a0<\/em>obra que le\u00a0hizo merecedora\u00a0\u00a0del Premio Nacional de C\u00f3mic.<\/p><p class=\"text-justify\">Y hasta aqu\u00ed podemos escribir.<\/p>\t\t\t\t\t\t<\/div>\n\t\t\t\t<\/div>\n\t\t\t\t<div class=\"elementor-element elementor-element-1a31e85f elementor-post-navigation-borders-yes elementor-widget elementor-widget-post-navigation\" data-id=\"1a31e85f\" data-element_type=\"widget\" data-widget_type=\"post-navigation.default\">\n\t\t\t\t<div class=\"elementor-widget-container\">\n\t\t\t\t\t<div class=\"elementor-post-navigation\">\n\t\t\t<div class=\"elementor-post-navigation__prev elementor-post-navigation__link\">\n\t\t\t\t<a href=\"https:\/\/amnistia.org.mx\/contenido\/index.php\/s-o-s-colombia-por-la-vida-el-territorio-y-la-paz\/\" rel=\"prev\"><span class=\"post-navigation__arrow-wrapper post-navigation__arrow-prev\"><i class=\"fa fa-angle-left\" aria-hidden=\"true\"><\/i><span class=\"elementor-screen-only\">Previo<\/span><\/span><span class=\"elementor-post-navigation__link__prev\"><span class=\"post-navigation__prev--label\">Anterior<\/span><span class=\"post-navigation__prev--title\">S.O.S Colombia: por la vida, el territorio y la paz<\/span><\/span><\/a>\t\t\t<\/div>\n\t\t\t\t\t\t\t<div class=\"elementor-post-navigation__separator-wrapper\">\n\t\t\t\t\t<div class=\"elementor-post-navigation__separator\"><\/div>\n\t\t\t\t<\/div>\n\t\t\t\t\t\t<div class=\"elementor-post-navigation__next elementor-post-navigation__link\">\n\t\t\t\t<a href=\"https:\/\/amnistia.org.mx\/contenido\/index.php\/el-desafio-de-una-generacion-que-grita-futuro\/\" rel=\"next\"><span class=\"elementor-post-navigation__link__next\"><span class=\"post-navigation__next--label\">Siguiente<\/span><span class=\"post-navigation__next--title\">El desaf\u00edo de una generaci\u00f3n que grita \u00a1futuro!<\/span><\/span><span class=\"post-navigation__arrow-wrapper post-navigation__arrow-next\"><i class=\"fa fa-angle-right\" aria-hidden=\"true\"><\/i><span class=\"elementor-screen-only\">Next<\/span><\/span><\/a>\t\t\t<\/div>\n\t\t<\/div>\n\t\t\t\t<\/div>\n\t\t\t\t<\/div>\n\t\t\t\t<div class=\"elementor-element elementor-element-67560ccd elementor-widget elementor-widget-facebook-comments\" data-id=\"67560ccd\" data-element_type=\"widget\" data-widget_type=\"facebook-comments.default\">\n\t\t\t\t<div class=\"elementor-widget-container\">\n\t\t\t<style>\/*! elementor-pro - v3.11.7 - 22-03-2023 *\/\n.elementor-facebook-widget.fb_iframe_widget,.elementor-facebook-widget.fb_iframe_widget span{width:100%!important}.elementor-facebook-widget.fb_iframe_widget iframe{position:relative;width:100%!important}.elementor-facebook-widget.fb-like{height:1px}.elementor-widget-facebook-comments iframe{width:100%!important}<\/style>\t\t<div class=\"elementor-facebook-widget fb-comments\" data-href=\"https:\/\/amnistia.org.mx\/contenido?p=13735\" data-width=\"100%\" data-numposts=\"10\" data-order-by=\"social\" style=\"min-height: 1px\"><\/div>\n\t\t\t\t<\/div>\n\t\t\t\t<\/div>\n\t\t\t\t\t<\/div>\n\t\t<\/div>\n\t\t\t\t<div class=\"elementor-column elementor-col-33 elementor-top-column elementor-element elementor-element-17fcc0ec\" data-id=\"17fcc0ec\" data-element_type=\"column\">\n\t\t\t<div class=\"elementor-widget-wrap elementor-element-populated\">\n\t\t\t\t\t\t\t\t<section class=\"elementor-section elementor-inner-section elementor-element elementor-element-42006ea8 elementor-section-boxed elementor-section-height-default elementor-section-height-default\" data-id=\"42006ea8\" data-element_type=\"section\">\n\t\t\t\t\t\t<div class=\"elementor-container elementor-column-gap-default\">\n\t\t\t\t\t<div class=\"elementor-column elementor-col-100 elementor-inner-column elementor-element elementor-element-50bf708c\" data-id=\"50bf708c\" data-element_type=\"column\">\n\t\t\t<div class=\"elementor-widget-wrap elementor-element-populated\">\n\t\t\t\t\t\t\t\t<div class=\"elementor-element elementor-element-14c1e02 elementor-widget elementor-widget-heading\" data-id=\"14c1e02\" data-element_type=\"widget\" data-widget_type=\"heading.default\">\n\t\t\t\t<div class=\"elementor-widget-container\">\n\t\t\t<style>\/*! elementor - v3.11.5 - 14-03-2023 *\/\n.elementor-heading-title{padding:0;margin:0;line-height:1}.elementor-widget-heading .elementor-heading-title[class*=elementor-size-]>a{color:inherit;font-size:inherit;line-height:inherit}.elementor-widget-heading .elementor-heading-title.elementor-size-small{font-size:15px}.elementor-widget-heading .elementor-heading-title.elementor-size-medium{font-size:19px}.elementor-widget-heading .elementor-heading-title.elementor-size-large{font-size:29px}.elementor-widget-heading .elementor-heading-title.elementor-size-xl{font-size:39px}.elementor-widget-heading .elementor-heading-title.elementor-size-xxl{font-size:59px}<\/style><h4 class=\"elementor-heading-title elementor-size-default\">Comp\u00e1rtelo en redes<\/h4>\t\t<\/div>\n\t\t\t\t<\/div>\n\t\t\t\t<div class=\"elementor-element elementor-element-4a414e6c elementor-share-buttons--view-icon elementor-share-buttons--shape-circle elementor-share-buttons--skin-framed elementor-share-buttons--color-custom elementor-grid-0 elementor-widget elementor-widget-share-buttons\" data-id=\"4a414e6c\" data-element_type=\"widget\" data-widget_type=\"share-buttons.default\">\n\t\t\t\t<div class=\"elementor-widget-container\">\n\t\t\t<link rel=\"stylesheet\" href=\"https:\/\/amnistia.org.mx\/contenido\/wp-content\/plugins\/elementor-pro\/assets\/css\/widget-share-buttons.min.css\">\t\t<div class=\"elementor-grid\">\n\t\t\t\t\t\t\t\t<div class=\"elementor-grid-item\">\n\t\t\t\t\t\t<div\n\t\t\t\t\t\t\tclass=\"elementor-share-btn elementor-share-btn_facebook\"\n\t\t\t\t\t\t\trole=\"button\"\n\t\t\t\t\t\t\ttabindex=\"0\"\n\t\t\t\t\t\t\taria-label=\"Compartir en facebook\"\n\t\t\t\t\t\t>\n\t\t\t\t\t\t\t\t\t\t\t\t\t\t\t<span class=\"elementor-share-btn__icon\">\n\t\t\t\t\t\t\t\t<svg class=\"e-font-icon-svg e-fab-facebook\" viewBox=\"0 0 512 512\" xmlns=\"http:\/\/www.w3.org\/2000\/svg\"><path d=\"M504 256C504 119 393 8 256 8S8 119 8 256c0 123.78 90.69 226.38 209.25 245V327.69h-63V256h63v-54.64c0-62.15 37-96.48 93.67-96.48 27.14 0 55.52 4.84 55.52 4.84v61h-31.28c-30.8 0-40.41 19.12-40.41 38.73V256h68.78l-11 71.69h-57.78V501C413.31 482.38 504 379.78 504 256z\"><\/path><\/svg>\t\t\t\t\t\t\t<\/span>\n\t\t\t\t\t\t\t\t\t\t\t\t\t\t\t\t\t\t\t\t<\/div>\n\t\t\t\t\t<\/div>\n\t\t\t\t\t\t\t\t\t<div class=\"elementor-grid-item\">\n\t\t\t\t\t\t<div\n\t\t\t\t\t\t\tclass=\"elementor-share-btn elementor-share-btn_twitter\"\n\t\t\t\t\t\t\trole=\"button\"\n\t\t\t\t\t\t\ttabindex=\"0\"\n\t\t\t\t\t\t\taria-label=\"Compartir en twitter\"\n\t\t\t\t\t\t>\n\t\t\t\t\t\t\t\t\t\t\t\t\t\t\t<span class=\"elementor-share-btn__icon\">\n\t\t\t\t\t\t\t\t<svg class=\"e-font-icon-svg e-fab-twitter\" viewBox=\"0 0 512 512\" xmlns=\"http:\/\/www.w3.org\/2000\/svg\"><path d=\"M459.37 151.716c.325 4.548.325 9.097.325 13.645 0 138.72-105.583 298.558-298.558 298.558-59.452 0-114.68-17.219-161.137-47.106 8.447.974 16.568 1.299 25.34 1.299 49.055 0 94.213-16.568 130.274-44.832-46.132-.975-84.792-31.188-98.112-72.772 6.498.974 12.995 1.624 19.818 1.624 9.421 0 18.843-1.3 27.614-3.573-48.081-9.747-84.143-51.98-84.143-102.985v-1.299c13.969 7.797 30.214 12.67 47.431 13.319-28.264-18.843-46.781-51.005-46.781-87.391 0-19.492 5.197-37.36 14.294-52.954 51.655 63.675 129.3 105.258 216.365 109.807-1.624-7.797-2.599-15.918-2.599-24.04 0-57.828 46.782-104.934 104.934-104.934 30.213 0 57.502 12.67 76.67 33.137 23.715-4.548 46.456-13.32 66.599-25.34-7.798 24.366-24.366 44.833-46.132 57.827 21.117-2.273 41.584-8.122 60.426-16.243-14.292 20.791-32.161 39.308-52.628 54.253z\"><\/path><\/svg>\t\t\t\t\t\t\t<\/span>\n\t\t\t\t\t\t\t\t\t\t\t\t\t\t\t\t\t\t\t\t<\/div>\n\t\t\t\t\t<\/div>\n\t\t\t\t\t\t\t\t\t<div class=\"elementor-grid-item\">\n\t\t\t\t\t\t<div\n\t\t\t\t\t\t\tclass=\"elementor-share-btn elementor-share-btn_email\"\n\t\t\t\t\t\t\trole=\"button\"\n\t\t\t\t\t\t\ttabindex=\"0\"\n\t\t\t\t\t\t\taria-label=\"Compartir en email\"\n\t\t\t\t\t\t>\n\t\t\t\t\t\t\t\t\t\t\t\t\t\t\t<span class=\"elementor-share-btn__icon\">\n\t\t\t\t\t\t\t\t<svg class=\"e-font-icon-svg e-fas-envelope\" viewBox=\"0 0 512 512\" xmlns=\"http:\/\/www.w3.org\/2000\/svg\"><path d=\"M502.3 190.8c3.9-3.1 9.7-.2 9.7 4.7V400c0 26.5-21.5 48-48 48H48c-26.5 0-48-21.5-48-48V195.6c0-5 5.7-7.8 9.7-4.7 22.4 17.4 52.1 39.5 154.1 113.6 21.1 15.4 56.7 47.8 92.2 47.6 35.7.3 72-32.8 92.3-47.6 102-74.1 131.6-96.3 154-113.7zM256 320c23.2.4 56.6-29.2 73.4-41.4 132.7-96.3 142.8-104.7 173.4-128.7 5.8-4.5 9.2-11.5 9.2-18.9v-19c0-26.5-21.5-48-48-48H48C21.5 64 0 85.5 0 112v19c0 7.4 3.4 14.3 9.2 18.9 30.6 23.9 40.7 32.4 173.4 128.7 16.8 12.2 50.2 41.8 73.4 41.4z\"><\/path><\/svg>\t\t\t\t\t\t\t<\/span>\n\t\t\t\t\t\t\t\t\t\t\t\t\t\t\t\t\t\t\t\t<\/div>\n\t\t\t\t\t<\/div>\n\t\t\t\t\t\t\t\t\t<div class=\"elementor-grid-item\">\n\t\t\t\t\t\t<div\n\t\t\t\t\t\t\tclass=\"elementor-share-btn elementor-share-btn_whatsapp\"\n\t\t\t\t\t\t\trole=\"button\"\n\t\t\t\t\t\t\ttabindex=\"0\"\n\t\t\t\t\t\t\taria-label=\"Compartir en whatsapp\"\n\t\t\t\t\t\t>\n\t\t\t\t\t\t\t\t\t\t\t\t\t\t\t<span class=\"elementor-share-btn__icon\">\n\t\t\t\t\t\t\t\t<svg class=\"e-font-icon-svg e-fab-whatsapp\" viewBox=\"0 0 448 512\" xmlns=\"http:\/\/www.w3.org\/2000\/svg\"><path d=\"M380.9 97.1C339 55.1 283.2 32 223.9 32c-122.4 0-222 99.6-222 222 0 39.1 10.2 77.3 29.6 111L0 480l117.7-30.9c32.4 17.7 68.9 27 106.1 27h.1c122.3 0 224.1-99.6 224.1-222 0-59.3-25.2-115-67.1-157zm-157 341.6c-33.2 0-65.7-8.9-94-25.7l-6.7-4-69.8 18.3L72 359.2l-4.4-7c-18.5-29.4-28.2-63.3-28.2-98.2 0-101.7 82.8-184.5 184.6-184.5 49.3 0 95.6 19.2 130.4 54.1 34.8 34.9 56.2 81.2 56.1 130.5 0 101.8-84.9 184.6-186.6 184.6zm101.2-138.2c-5.5-2.8-32.8-16.2-37.9-18-5.1-1.9-8.8-2.8-12.5 2.8-3.7 5.6-14.3 18-17.6 21.8-3.2 3.7-6.5 4.2-12 1.4-32.6-16.3-54-29.1-75.5-66-5.7-9.8 5.7-9.1 16.3-30.3 1.8-3.7.9-6.9-.5-9.7-1.4-2.8-12.5-30.1-17.1-41.2-4.5-10.8-9.1-9.3-12.5-9.5-3.2-.2-6.9-.2-10.6-.2-3.7 0-9.7 1.4-14.8 6.9-5.1 5.6-19.4 19-19.4 46.3 0 27.3 19.9 53.7 22.6 57.4 2.8 3.7 39.1 59.7 94.8 83.8 35.2 15.2 49 16.5 66.6 13.9 10.7-1.6 32.8-13.4 37.4-26.4 4.6-13 4.6-24.1 3.2-26.4-1.3-2.5-5-3.9-10.5-6.6z\"><\/path><\/svg>\t\t\t\t\t\t\t<\/span>\n\t\t\t\t\t\t\t\t\t\t\t\t\t\t\t\t\t\t\t\t<\/div>\n\t\t\t\t\t<\/div>\n\t\t\t\t\t\t<\/div>\n\t\t\t\t<\/div>\n\t\t\t\t<\/div>\n\t\t\t\t\t<\/div>\n\t\t<\/div>\n\t\t\t\t\t\t\t<\/div>\n\t\t<\/section>\n\t\t\t\t\t<\/div>\n\t\t<\/div>\n\t\t\t\t\t\t\t<\/div>\n\t\t<\/section>\n\t\t\t\t<section class=\"elementor-section elementor-top-section elementor-element elementor-element-73d10bce elementor-section-boxed elementor-section-height-default elementor-section-height-default\" data-id=\"73d10bce\" data-element_type=\"section\" data-settings=\"{&quot;background_background&quot;:&quot;classic&quot;}\">\n\t\t\t\t\t\t<div class=\"elementor-container elementor-column-gap-default\">\n\t\t\t\t\t<div class=\"elementor-column elementor-col-100 elementor-top-column elementor-element elementor-element-79cab37f\" data-id=\"79cab37f\" data-element_type=\"column\">\n\t\t\t<div class=\"elementor-widget-wrap elementor-element-populated\">\n\t\t\t\t\t\t\t\t<section class=\"elementor-section elementor-inner-section elementor-element elementor-element-6aa41e9a elementor-section-boxed elementor-section-height-default elementor-section-height-default\" data-id=\"6aa41e9a\" data-element_type=\"section\">\n\t\t\t\t\t\t<div class=\"elementor-container elementor-column-gap-default\">\n\t\t\t\t\t<div class=\"elementor-column elementor-col-33 elementor-inner-column elementor-element elementor-element-14fe20ad\" data-id=\"14fe20ad\" data-element_type=\"column\">\n\t\t\t<div class=\"elementor-widget-wrap elementor-element-populated\">\n\t\t\t\t\t\t\t\t<div class=\"elementor-element elementor-element-3876233d elementor-position-left elementor-vertical-align-middle elementor-view-default elementor-mobile-position-top elementor-widget elementor-widget-icon-box\" data-id=\"3876233d\" data-element_type=\"widget\" data-widget_type=\"icon-box.default\">\n\t\t\t\t<div class=\"elementor-widget-container\">\n\t\t\t<link rel=\"stylesheet\" href=\"https:\/\/amnistia.org.mx\/contenido\/wp-content\/plugins\/elementor\/assets\/css\/widget-icon-box.min.css\">\t\t<div class=\"elementor-icon-box-wrapper\">\n\t\t\t\t\t\t<div class=\"elementor-icon-box-icon\">\n\t\t\t\t<span class=\"elementor-icon elementor-animation-\" >\n\t\t\t\t<svg xmlns=\"http:\/\/www.w3.org\/2000\/svg\" width=\"82.818\" height=\"136.515\" viewBox=\"0 0 82.818 136.515\">\n  <g id=\"hand\" transform=\"translate(-100.695)\">\n    <g id=\"Grupo_115\" data-name=\"Grupo 115\" transform=\"translate(100.695)\">\n      <path id=\"Trazado_2550\" data-name=\"Trazado 2550\" d=\"M183.513,12.138H169.144V3.376H154.776V0H118.039V11.5l-12.581,1.44L100.695,48.2l24.481,31.943-1.455,56.37h8l1.354-52.429,9.461,2.58,2.105-7.719-13.028-3.553L109.07,45.975l3.484-25.8,13.225-1.515a4.07,4.07,0,0,1,2.265,7.692l-10,4.941V44.565l3.512.432c.226.028,22.659,3,23.3,21.184l8-.28c-.355-10.163-5.561-18.33-15.065-23.668q.238-.283.458-.581a11.163,11.163,0,0,0,10.622.048,11.16,11.16,0,0,0,15.071,2.964,11.16,11.16,0,0,0,11.582,3.347V67.423L168.9,80.686l.736,55.828h8l-.712-53.995,6.588-13.214V12.138Zm-57.473-1.5V8h6.367v4.317A12.016,12.016,0,0,0,126.04,10.636Zm6.368,24.4h0a3.184,3.184,0,0,1-6.161,1.129l5.34-2.638c.282-.139.555-.289.821-.447v1.955Zm11.183-.017a3.186,3.186,0,0,1-3.183-3.163V8h6.366V31.837h0A3.187,3.187,0,0,1,143.592,35.02Zm17.552.193h0a3.183,3.183,0,0,1-6.367,0V11.377h6.367V35.213Zm14.368,2.078a3.183,3.183,0,1,1-6.367,0V20.139h6.367V37.29Z\" transform=\"translate(-100.695)\"\/>\n    <\/g>\n  <\/g>\n<\/svg>\n\t\t\t\t<\/span>\n\t\t\t<\/div>\n\t\t\t\t\t\t<div class=\"elementor-icon-box-content\">\n\t\t\t\t<h3 class=\"elementor-icon-box-title\">\n\t\t\t\t\t<span  >\n\t\t\t\t\t\tDona\t\t\t\t\t<\/span>\n\t\t\t\t<\/h3>\n\t\t\t\t\t\t\t\t\t<p class=\"elementor-icon-box-description\">\n\t\t\t\t\t\tTrabajamos para exponer las violaciones de los derechos humanos, dando una luz de esperanza a quienes a\u00fan esperan justicia.\t\t\t\t\t<\/p>\n\t\t\t\t\t\t\t<\/div>\n\t\t<\/div>\n\t\t\t\t<\/div>\n\t\t\t\t<\/div>\n\t\t\t\t\t<\/div>\n\t\t<\/div>\n\t\t\t\t<div class=\"elementor-column elementor-col-33 elementor-inner-column elementor-element elementor-element-55400d91\" data-id=\"55400d91\" data-element_type=\"column\">\n\t\t\t<div class=\"elementor-widget-wrap elementor-element-populated\">\n\t\t\t\t\t\t\t\t<div class=\"elementor-element elementor-element-2a494f50 elementor-position-left elementor-vertical-align-middle elementor-view-default elementor-mobile-position-top elementor-widget elementor-widget-icon-box\" data-id=\"2a494f50\" data-element_type=\"widget\" data-widget_type=\"icon-box.default\">\n\t\t\t\t<div class=\"elementor-widget-container\">\n\t\t\t\t\t<div class=\"elementor-icon-box-wrapper\">\n\t\t\t\t\t\t<div class=\"elementor-icon-box-icon\">\n\t\t\t\t<span class=\"elementor-icon elementor-animation-\" >\n\t\t\t\t<svg xmlns=\"http:\/\/www.w3.org\/2000\/svg\" width=\"134.598\" height=\"104.976\" viewBox=\"0 0 134.598 104.976\">\n  <g id=\"Amnesty_Icons_041\" data-name=\"Amnesty Icons 041\" transform=\"translate(-12.5 -23.49)\">\n    <rect id=\"Rect\u00e1ngulo_38\" data-name=\"Rect\u00e1ngulo 38\" width=\"22.879\" height=\"2.692\" transform=\"translate(23.267 77.351)\"\/>\n    <rect id=\"Rect\u00e1ngulo_39\" data-name=\"Rect\u00e1ngulo 39\" width=\"22.879\" height=\"2.692\" transform=\"translate(50.184 77.351)\"\/>\n    <rect id=\"Rect\u00e1ngulo_40\" data-name=\"Rect\u00e1ngulo 40\" width=\"22.879\" height=\"2.692\" transform=\"translate(23.267 82.734)\"\/>\n    <rect id=\"Rect\u00e1ngulo_41\" data-name=\"Rect\u00e1ngulo 41\" width=\"22.879\" height=\"2.692\" transform=\"translate(50.184 82.734)\"\/>\n    <rect id=\"Rect\u00e1ngulo_42\" data-name=\"Rect\u00e1ngulo 42\" width=\"22.879\" height=\"2.692\" transform=\"translate(23.267 88.118)\"\/>\n    <rect id=\"Rect\u00e1ngulo_43\" data-name=\"Rect\u00e1ngulo 43\" width=\"22.879\" height=\"2.692\" transform=\"translate(50.184 88.118)\"\/>\n    <rect id=\"Rect\u00e1ngulo_44\" data-name=\"Rect\u00e1ngulo 44\" width=\"22.879\" height=\"2.692\" transform=\"translate(23.267 93.501)\"\/>\n    <rect id=\"Rect\u00e1ngulo_45\" data-name=\"Rect\u00e1ngulo 45\" width=\"22.879\" height=\"2.692\" transform=\"translate(50.184 93.501)\"\/>\n    <rect id=\"Rect\u00e1ngulo_46\" data-name=\"Rect\u00e1ngulo 46\" width=\"22.879\" height=\"2.692\" transform=\"translate(23.267 98.884)\"\/>\n    <rect id=\"Rect\u00e1ngulo_47\" data-name=\"Rect\u00e1ngulo 47\" width=\"22.879\" height=\"2.692\" transform=\"translate(50.184 98.884)\"\/>\n    <rect id=\"Rect\u00e1ngulo_48\" data-name=\"Rect\u00e1ngulo 48\" width=\"22.879\" height=\"2.692\" transform=\"translate(23.267 104.268)\"\/>\n    <rect id=\"Rect\u00e1ngulo_49\" data-name=\"Rect\u00e1ngulo 49\" width=\"22.879\" height=\"2.692\" transform=\"translate(50.184 104.268)\"\/>\n    <rect id=\"Rect\u00e1ngulo_50\" data-name=\"Rect\u00e1ngulo 50\" width=\"22.879\" height=\"2.692\" transform=\"translate(86.522 77.351)\"\/>\n    <rect id=\"Rect\u00e1ngulo_51\" data-name=\"Rect\u00e1ngulo 51\" width=\"22.879\" height=\"2.692\" transform=\"translate(113.439 77.351)\"\/>\n    <rect id=\"Rect\u00e1ngulo_52\" data-name=\"Rect\u00e1ngulo 52\" width=\"22.879\" height=\"2.692\" transform=\"translate(86.522 82.734)\"\/>\n    <rect id=\"Rect\u00e1ngulo_53\" data-name=\"Rect\u00e1ngulo 53\" width=\"22.879\" height=\"2.692\" transform=\"translate(113.439 82.734)\"\/>\n    <rect id=\"Rect\u00e1ngulo_54\" data-name=\"Rect\u00e1ngulo 54\" width=\"22.879\" height=\"2.692\" transform=\"translate(86.522 88.118)\"\/>\n    <rect id=\"Rect\u00e1ngulo_55\" data-name=\"Rect\u00e1ngulo 55\" width=\"22.879\" height=\"2.692\" transform=\"translate(113.439 88.118)\"\/>\n    <rect id=\"Rect\u00e1ngulo_56\" data-name=\"Rect\u00e1ngulo 56\" width=\"22.879\" height=\"2.692\" transform=\"translate(86.522 93.501)\"\/>\n    <rect id=\"Rect\u00e1ngulo_57\" data-name=\"Rect\u00e1ngulo 57\" width=\"22.879\" height=\"2.692\" transform=\"translate(113.439 93.501)\"\/>\n    <rect id=\"Rect\u00e1ngulo_58\" data-name=\"Rect\u00e1ngulo 58\" width=\"22.879\" height=\"2.692\" transform=\"translate(86.522 98.884)\"\/>\n    <rect id=\"Rect\u00e1ngulo_59\" data-name=\"Rect\u00e1ngulo 59\" width=\"22.879\" height=\"2.692\" transform=\"translate(113.439 98.884)\"\/>\n    <rect id=\"Rect\u00e1ngulo_60\" data-name=\"Rect\u00e1ngulo 60\" width=\"22.879\" height=\"2.692\" transform=\"translate(86.522 104.268)\"\/>\n    <rect id=\"Rect\u00e1ngulo_61\" data-name=\"Rect\u00e1ngulo 61\" width=\"22.879\" height=\"2.692\" transform=\"translate(113.439 104.268)\"\/>\n    <rect id=\"Rect\u00e1ngulo_62\" data-name=\"Rect\u00e1ngulo 62\" width=\"43.067\" height=\"8.075\" rx=\"1\" transform=\"translate(23.267 41.013)\"\/>\n    <rect id=\"Rect\u00e1ngulo_63\" data-name=\"Rect\u00e1ngulo 63\" width=\"32.3\" height=\"8.075\" rx=\"1\" transform=\"translate(23.267 51.78)\"\/>\n    <path id=\"Trazado_47\" data-name=\"Trazado 47\" d=\"M147.085,24.836a1.346,1.346,0,0,0-1.346-1.346H83.83a5.383,5.383,0,0,0-4.038,1.871,5.383,5.383,0,0,0-4.038-1.871H13.846A1.356,1.356,0,0,0,12.5,24.836v96.9a1.346,1.346,0,0,0,1.346,1.346H71.96a4.011,4.011,0,0,0,3.8,5.383H83.83a4.01,4.01,0,0,0,3.8-5.383h58.127a1.356,1.356,0,0,0,1.346-1.346ZM15.192,26.182H75.755a2.692,2.692,0,0,1,2.692,2.692v91.518H15.192ZM83.83,120.391H81.138V28.873a2.692,2.692,0,0,1,2.692-2.692h60.563v94.209Z\" transform=\"translate(0)\"\/>\n    <rect id=\"Rect\u00e1ngulo_64\" data-name=\"Rect\u00e1ngulo 64\" width=\"49.796\" height=\"33.646\" rx=\"1\" transform=\"translate(86.522 35.63)\"\/>\n  <\/g>\n<\/svg>\n\t\t\t\t<\/span>\n\t\t\t<\/div>\n\t\t\t\t\t\t<div class=\"elementor-icon-box-content\">\n\t\t\t\t<h3 class=\"elementor-icon-box-title\">\n\t\t\t\t\t<span  >\n\t\t\t\t\t\tFirma nuestras peticiones\t\t\t\t\t<\/span>\n\t\t\t\t<\/h3>\n\t\t\t\t\t\t\t\t\t<p class=\"elementor-icon-box-description\">\n\t\t\t\t\t\tCon tu \ufb01rma podemos presentarnos frente a las autoridades no solo como Amnist\u00eda Internacional \u00a1sino como miles de personas exigen un mundo mejor!\n\n\t\t\t\t\t<\/p>\n\t\t\t\t\t\t\t<\/div>\n\t\t<\/div>\n\t\t\t\t<\/div>\n\t\t\t\t<\/div>\n\t\t\t\t\t<\/div>\n\t\t<\/div>\n\t\t\t\t<div class=\"elementor-column elementor-col-33 elementor-inner-column elementor-element elementor-element-4d9890c6\" data-id=\"4d9890c6\" data-element_type=\"column\">\n\t\t\t<div class=\"elementor-widget-wrap elementor-element-populated\">\n\t\t\t\t\t\t\t\t<div class=\"elementor-element elementor-element-52823c elementor-position-left elementor-vertical-align-middle elementor-view-default elementor-mobile-position-top elementor-widget elementor-widget-icon-box\" data-id=\"52823c\" data-element_type=\"widget\" data-widget_type=\"icon-box.default\">\n\t\t\t\t<div class=\"elementor-widget-container\">\n\t\t\t\t\t<div class=\"elementor-icon-box-wrapper\">\n\t\t\t\t\t\t<div class=\"elementor-icon-box-icon\">\n\t\t\t\t<span class=\"elementor-icon elementor-animation-\" >\n\t\t\t\t<svg xmlns=\"http:\/\/www.w3.org\/2000\/svg\" id=\"tres-personas-icono\" width=\"92.484\" height=\"64.15\" viewBox=\"0 0 92.484 64.15\"><path id=\"Trazado_20\" data-name=\"Trazado 20\" d=\"M16.41,64.633c.406-2.073,1.2-2.229,3.238-2.229H32.875A14.279,14.279,0,0,1,33.5,60.57H19.666c-2.564,0-4.4.449-5.036,3.669L12.564,74.951c-.4,1.834-.461,4.21,2.527,5.723,1.411.706,5.313,2.449,7.518,3.421a2.343,2.343,0,0,0,3.118-1.247l1.061-2.522a2.331,2.331,0,0,0-.775-2.752l-4.538-3.146a.53.53,0,0,1-.184-.541L22.3,69.723a.913.913,0,0,0-.142-.984.924.924,0,0,0-1.61.48l-1.015,4.164a2.36,2.36,0,0,0,.922,2.449l4.492,3.183a.512.512,0,0,1,.148.615l-1.024,2.522a.515.515,0,0,1-.3.294.547.547,0,0,1-.415,0c-2.186-.963-6.06-2.66-7.379-3.357-1.78-.917-1.919-1.99-1.568-3.669Z\" transform=\"translate(-12.368 -30.273)\"><\/path><path id=\"Trazado_21\" data-name=\"Trazado 21\" d=\"M110.66,74.952l-2.048-10.7c-.636-3.265-2.472-3.669-5.036-3.669H89.74a11.876,11.876,0,0,1,.609,1.834h13.246c2.039,0,2.832.156,3.238,2.229l2.048,10.823c.351,1.688.212,2.752-1.568,3.669-1.365.7-5.239,2.394-7.379,3.357a.547.547,0,0,1-.415,0,.515.515,0,0,1-.3-.293l-1.052-2.522a.512.512,0,0,1,.148-.615l4.548-3.146a2.36,2.36,0,0,0,.922-2.449l-1.107-4.247a.922.922,0,1,0-1.78.422l1.005,4.164a.53.53,0,0,1-.184.541l-4.538,3.146a2.331,2.331,0,0,0-.775,2.752l1.052,2.522a2.343,2.343,0,0,0,3.118,1.247c2.2-.972,6.106-2.752,7.518-3.421C111.122,79.162,111.057,76.814,110.66,74.952Z\" transform=\"translate(-18.371 -30.274)\"><\/path><path id=\"Trazado_22\" data-name=\"Trazado 22\" d=\"M57.437,50.68a.923.923,0,0,0,1.218-.624l.535-2.091a2.744,2.744,0,0,0-1.125-3.045,6.448,6.448,0,1,1,6.807,0,2.743,2.743,0,0,0-1.07,3l.581,2.137a.923.923,0,0,0,1.218.624,11.981,11.981,0,1,0-8.117,0Z\" transform=\"translate(-15.253 -27.537)\"><\/path><path id=\"Trazado_23\" data-name=\"Trazado 23\" d=\"M86.629,54.456a.924.924,0,0,0,1.218-.6.916.916,0,0,0-.507-1.055,6.45,6.45,0,1,1,4.889,0,.916.916,0,0,0-.507,1.064h0a.924.924,0,0,0,1.218.6A8.249,8.249,0,0,0,89.562,38.58,8.36,8.36,0,0,0,81.5,46.761a8.254,8.254,0,0,0,5.129,7.7Z\" transform=\"translate(-17.732 -28.452)\"><\/path><path id=\"Trazado_24\" data-name=\"Trazado 24\" d=\"M30.666,54.477a.924.924,0,0,0,1.218-.6h0a.916.916,0,0,0-.507-1.055,6.45,6.45,0,1,1,4.9,0,.883.883,0,0,0-.042,1.615.927.927,0,0,0,.743.036A8.249,8.249,0,0,0,33.562,38.61,8.369,8.369,0,0,0,25.5,46.791a8.254,8.254,0,0,0,5.166,7.686Z\" transform=\"translate(-13.387 -28.454)\"><\/path><path id=\"Trazado_25\" data-name=\"Trazado 25\" d=\"M84.328,63.283a11.551,11.551,0,0,0-.609-2.22h0c-1.642-3.981-5.055-4.5-8-4.5h-31c-2.933,0-6.337.523-7.988,4.5h0a8.569,8.569,0,0,0-.341.972h0c-.111.394-.221.807-.314,1.266L33.143,78.893c-.36,1.7-1.439,6.842,4.391,9.8,2.048,1.036,7.7,3.54,10.894,4.953a4.862,4.862,0,0,0,6.457-2.559L57.1,87.01c.858-2.045-.48-3.962-2.278-5.283h-.111l-6.042-4.247,1.753-7.209a.917.917,0,0,0-.618-1.064l-3.69-.862H45.9a.922.922,0,0,0-.922.7l-1.421,5.842-.424,1.752a4.819,4.819,0,0,0,1.845,5h.065L51.057,85.8l-1.052,2.513c-5.027-2.174-8.625-3.834-9.99-4.512-1.67-.853-1.965-1.6-1.494-3.907L41.473,64.3c.415-2.11.775-2.284,3.247-2.284H75.667c2.472,0,2.841.174,3.247,2.265l2.961,15.748c.461,2.22.175,2.944-1.5,3.788-1.365.7-4.99,2.33-10,4.586l-1.052-2.55,6.014-4.127a.167.167,0,0,0,.065,0,4.783,4.783,0,0,0,1.845-5L75.4,69.1a.922.922,0,0,0-.922-.7h-.138l-3.69.853a.917.917,0,0,0-.627,1.073l1.706,7.154-6.042,4.247-.065.046a4.8,4.8,0,0,0-1.6,5.732l1.522,3.623a4.843,4.843,0,0,0,4.474,2.962,4.9,4.9,0,0,0,1.965-.44c3.182-1.4,8.828-3.916,10.885-4.962,5.839-2.953,4.75-8.126,4.409-9.759Z\" transform=\"translate(-13.955 -29.941)\"><\/path><\/svg>\t\t\t\t<\/span>\n\t\t\t<\/div>\n\t\t\t\t\t\t<div class=\"elementor-icon-box-content\">\n\t\t\t\t<h3 class=\"elementor-icon-box-title\">\n\t\t\t\t\t<span  >\n\t\t\t\t\t\tHazte miembro\t\t\t\t\t<\/span>\n\t\t\t\t<\/h3>\n\t\t\t\t\t\t\t\t\t<p class=\"elementor-icon-box-description\">\n\t\t\t\t\t\tAdem\u00e1s de donar, las personas que forman parte de la membres\u00eda cuentan con voz y voto para participar en las actividades de gobernanza de Amnist\u00eda Internacional Secci\u00f3n Mexicana.\t\t\t\t\t<\/p>\n\t\t\t\t\t\t\t<\/div>\n\t\t<\/div>\n\t\t\t\t<\/div>\n\t\t\t\t<\/div>\n\t\t\t\t\t<\/div>\n\t\t<\/div>\n\t\t\t\t\t\t\t<\/div>\n\t\t<\/section>\n\t\t\t\t\t<\/div>\n\t\t<\/div>\n\t\t\t\t\t\t\t<\/div>\n\t\t<\/section>\n\t\t\t\t\t\t\t<\/div>\n\t\t","protected":false},"excerpt":{"rendered":"<p>Desde\u00a0las primeras tiras ilustradas\u00a0aparecidas en los peri\u00f3dicos norteamericanos a finales del siglo XIX hasta las\u00a0actuales\u00a0novelas gr\u00e1ficas\u00a0de m\u00e1s de\u00a0300 p\u00e1ginas, el c\u00f3mic\u00a0(la historieta, si prefer\u00eds)\u00a0ha ampliado constantemente\u00a0sus\u00a0recursos y formatos narrativos y\u00a0los\u00a0temas &hellip;<\/p>\n<p class=\"read-more\"> <a class=\"\" href=\"https:\/\/amnistia.org.mx\/contenido\/index.php\/comic-y-derechos-humanos-una-relacion-complice\/\"> <span class=\"screen-reader-text\">C\u00f3mic y derechos humanos: una relaci\u00f3n c\u00f3mplice<\/span> Leer m\u00e1s &raquo;<\/a><\/p>\n","protected":false},"author":8,"featured_media":13736,"comment_status":"closed","ping_status":"closed","sticky":false,"template":"","format":"standard","meta":{"_uf_show_specific_survey":0,"_uf_disable_surveys":false,"site-sidebar-layout":"default","site-content-layout":"default","ast-global-header-display":"","ast-main-header-display":"","ast-hfb-above-header-display":"","ast-hfb-below-header-display":"","ast-hfb-mobile-header-display":"","site-post-title":"","ast-breadcrumbs-content":"","ast-featured-img":"","footer-sml-layout":"","theme-transparent-header-meta":"default","adv-header-id-meta":"","stick-header-meta":"","header-above-stick-meta":"","header-main-stick-meta":"","header-below-stick-meta":""},"categories":[18],"tags":[],"acf":[],"aioseo_notices":[],"yoast_head":"<!-- This site is optimized with the Yoast SEO plugin v14.5 - https:\/\/yoast.com\/wordpress\/plugins\/seo\/ -->\n<title>C\u00f3mic y derechos humanos: una relaci\u00f3n c\u00f3mplice - amnistia.org.mx<\/title>\n<meta name=\"description\" content=\"Muchas obras del cada vez m\u00e1s amplio cat\u00e1logo de c\u00f3mics tienen que ver con los derechos humanos y son una excelente excusa para hablar de ellos.\" \/>\n<meta name=\"robots\" content=\"index, follow\" \/>\n<meta name=\"googlebot\" content=\"index, follow, max-snippet:-1, max-image-preview:large, max-video-preview:-1\" \/>\n<meta name=\"bingbot\" content=\"index, follow, max-snippet:-1, max-image-preview:large, max-video-preview:-1\" \/>\n<link rel=\"canonical\" href=\"https:\/\/amnistia.org.mx\/contenido\/index.php\/comic-y-derechos-humanos-una-relacion-complice\/\" \/>\n<meta property=\"og:locale\" content=\"es_MX\" \/>\n<meta property=\"og:type\" content=\"article\" \/>\n<meta property=\"og:title\" content=\"C\u00f3mic y derechos humanos: una relaci\u00f3n c\u00f3mplice - amnistia.org.mx\" \/>\n<meta property=\"og:description\" content=\"Muchas obras del cada vez m\u00e1s amplio cat\u00e1logo de c\u00f3mics tienen que ver con los derechos humanos y son una excelente excusa para hablar de ellos.\" \/>\n<meta property=\"og:url\" content=\"https:\/\/amnistia.org.mx\/contenido\/index.php\/comic-y-derechos-humanos-una-relacion-complice\/\" \/>\n<meta property=\"og:site_name\" content=\"amnistia.org.mx\" \/>\n<meta property=\"article:published_time\" content=\"2021-06-04T09:00:00+00:00\" \/>\n<meta property=\"article:modified_time\" content=\"2021-06-03T23:42:53+00:00\" \/>\n<meta property=\"og:image\" content=\"https:\/\/amnistia.org.mx\/contenido\/wp-content\/uploads\/2021\/06\/BLOG-AMNIST\u00cdA-INTERNACIONAL.png\" \/>\n\t<meta property=\"og:image:width\" content=\"1600\" \/>\n\t<meta property=\"og:image:height\" content=\"900\" \/>\n<meta name=\"twitter:card\" content=\"summary_large_image\" \/>\n<script type=\"application\/ld+json\" class=\"yoast-schema-graph\">{\"@context\":\"https:\/\/schema.org\",\"@graph\":[{\"@type\":\"WebSite\",\"@id\":\"https:\/\/amnistia.org.mx\/contenido\/#website\",\"url\":\"https:\/\/amnistia.org.mx\/contenido\/\",\"name\":\"amnistia.org.mx\",\"description\":\"Nueva p\\u00e1gina de Amnist\\u00eda\",\"potentialAction\":[{\"@type\":\"SearchAction\",\"target\":\"https:\/\/amnistia.org.mx\/contenido\/?s={search_term_string}\",\"query-input\":\"required name=search_term_string\"}],\"inLanguage\":\"es-MX\"},{\"@type\":\"ImageObject\",\"@id\":\"https:\/\/amnistia.org.mx\/contenido\/index.php\/comic-y-derechos-humanos-una-relacion-complice\/#primaryimage\",\"inLanguage\":\"es-MX\",\"url\":\"https:\/\/amnistia.org.mx\/contenido\/wp-content\/uploads\/2021\/06\/BLOG-AMNIST\\u00cdA-INTERNACIONAL.png\",\"width\":1600,\"height\":900},{\"@type\":\"WebPage\",\"@id\":\"https:\/\/amnistia.org.mx\/contenido\/index.php\/comic-y-derechos-humanos-una-relacion-complice\/#webpage\",\"url\":\"https:\/\/amnistia.org.mx\/contenido\/index.php\/comic-y-derechos-humanos-una-relacion-complice\/\",\"name\":\"C\\u00f3mic y derechos humanos: una relaci\\u00f3n c\\u00f3mplice - amnistia.org.mx\",\"isPartOf\":{\"@id\":\"https:\/\/amnistia.org.mx\/contenido\/#website\"},\"primaryImageOfPage\":{\"@id\":\"https:\/\/amnistia.org.mx\/contenido\/index.php\/comic-y-derechos-humanos-una-relacion-complice\/#primaryimage\"},\"datePublished\":\"2021-06-04T09:00:00+00:00\",\"dateModified\":\"2021-06-03T23:42:53+00:00\",\"author\":{\"@id\":\"https:\/\/amnistia.org.mx\/contenido\/#\/schema\/person\/2d2b29996a9513767aea81f8ae57bdeb\"},\"description\":\"Muchas obras del cada vez m\\u00e1s amplio cat\\u00e1logo de c\\u00f3mics tienen que ver con los derechos humanos y son una excelente excusa para hablar de ellos.\",\"breadcrumb\":{\"@id\":\"https:\/\/amnistia.org.mx\/contenido\/index.php\/comic-y-derechos-humanos-una-relacion-complice\/#breadcrumb\"},\"inLanguage\":\"es-MX\",\"potentialAction\":[{\"@type\":\"ReadAction\",\"target\":[\"https:\/\/amnistia.org.mx\/contenido\/index.php\/comic-y-derechos-humanos-una-relacion-complice\/\"]}]},{\"@type\":\"BreadcrumbList\",\"@id\":\"https:\/\/amnistia.org.mx\/contenido\/index.php\/comic-y-derechos-humanos-una-relacion-complice\/#breadcrumb\",\"itemListElement\":[{\"@type\":\"ListItem\",\"position\":1,\"item\":{\"@type\":\"WebPage\",\"@id\":\"https:\/\/amnistia.org.mx\/contenido\/\",\"url\":\"https:\/\/amnistia.org.mx\/contenido\/\",\"name\":\"Home\"}},{\"@type\":\"ListItem\",\"position\":2,\"item\":{\"@type\":\"WebPage\",\"@id\":\"https:\/\/amnistia.org.mx\/contenido\/index.php\/comic-y-derechos-humanos-una-relacion-complice\/\",\"url\":\"https:\/\/amnistia.org.mx\/contenido\/index.php\/comic-y-derechos-humanos-una-relacion-complice\/\",\"name\":\"C\\u00f3mic y derechos humanos: una relaci\\u00f3n c\\u00f3mplice\"}}]},{\"@type\":[\"Person\"],\"@id\":\"https:\/\/amnistia.org.mx\/contenido\/#\/schema\/person\/2d2b29996a9513767aea81f8ae57bdeb\",\"name\":\"Carolina Flores\",\"image\":{\"@type\":\"ImageObject\",\"@id\":\"https:\/\/amnistia.org.mx\/contenido\/#personlogo\",\"inLanguage\":\"es-MX\",\"url\":\"https:\/\/secure.gravatar.com\/avatar\/e2d29811923c60594035966b365ce272?s=96&d=mm&r=g\",\"caption\":\"Carolina Flores\"}}]}<\/script>\n<!-- \/ Yoast SEO plugin. -->","_links":{"self":[{"href":"https:\/\/amnistia.org.mx\/contenido\/index.php\/wp-json\/wp\/v2\/posts\/13735"}],"collection":[{"href":"https:\/\/amnistia.org.mx\/contenido\/index.php\/wp-json\/wp\/v2\/posts"}],"about":[{"href":"https:\/\/amnistia.org.mx\/contenido\/index.php\/wp-json\/wp\/v2\/types\/post"}],"author":[{"embeddable":true,"href":"https:\/\/amnistia.org.mx\/contenido\/index.php\/wp-json\/wp\/v2\/users\/8"}],"replies":[{"embeddable":true,"href":"https:\/\/amnistia.org.mx\/contenido\/index.php\/wp-json\/wp\/v2\/comments?post=13735"}],"version-history":[{"count":3,"href":"https:\/\/amnistia.org.mx\/contenido\/index.php\/wp-json\/wp\/v2\/posts\/13735\/revisions"}],"predecessor-version":[{"id":13743,"href":"https:\/\/amnistia.org.mx\/contenido\/index.php\/wp-json\/wp\/v2\/posts\/13735\/revisions\/13743"}],"wp:featuredmedia":[{"embeddable":true,"href":"https:\/\/amnistia.org.mx\/contenido\/index.php\/wp-json\/wp\/v2\/media\/13736"}],"wp:attachment":[{"href":"https:\/\/amnistia.org.mx\/contenido\/index.php\/wp-json\/wp\/v2\/media?parent=13735"}],"wp:term":[{"taxonomy":"category","embeddable":true,"href":"https:\/\/amnistia.org.mx\/contenido\/index.php\/wp-json\/wp\/v2\/categories?post=13735"},{"taxonomy":"post_tag","embeddable":true,"href":"https:\/\/amnistia.org.mx\/contenido\/index.php\/wp-json\/wp\/v2\/tags?post=13735"}],"curies":[{"name":"wp","href":"https:\/\/api.w.org\/{rel}","templated":true}]}}