
{"id":13888,"date":"2021-06-18T06:31:48","date_gmt":"2021-06-18T06:31:48","guid":{"rendered":"https:\/\/amnistia.org.mx\/contenido\/?p=13888"},"modified":"2021-06-30T15:57:10","modified_gmt":"2021-06-30T15:57:10","slug":"empujados-al-peligro-informe","status":"publish","type":"post","link":"https:\/\/amnistia.org.mx\/contenido\/index.php\/empujados-al-peligro-informe\/","title":{"rendered":"Empujados al Peligro &#8211; Informe"},"content":{"rendered":"\t\t<div data-elementor-type=\"wp-post\" data-elementor-id=\"13888\" class=\"elementor elementor-13888\">\n\t\t\t\t\t\t\t\t\t<section class=\"elementor-section elementor-top-section elementor-element elementor-element-316f7686 elementor-section-boxed elementor-section-height-default elementor-section-height-default\" data-id=\"316f7686\" data-element_type=\"section\">\n\t\t\t\t\t\t<div class=\"elementor-container elementor-column-gap-default\">\n\t\t\t\t\t<div class=\"elementor-column elementor-col-100 elementor-top-column elementor-element elementor-element-5014976e\" data-id=\"5014976e\" data-element_type=\"column\">\n\t\t\t<div class=\"elementor-widget-wrap elementor-element-populated\">\n\t\t\t\t\t\t\t\t<div class=\"elementor-element elementor-element-4177e25a elementor-widget elementor-widget-text-editor\" data-id=\"4177e25a\" data-element_type=\"widget\" data-widget_type=\"text-editor.default\">\n\t\t\t\t<div class=\"elementor-widget-container\">\n\t\t\t<style>\/*! elementor - v3.11.5 - 14-03-2023 *\/\n.elementor-widget-text-editor.elementor-drop-cap-view-stacked .elementor-drop-cap{background-color:#69727d;color:#fff}.elementor-widget-text-editor.elementor-drop-cap-view-framed .elementor-drop-cap{color:#69727d;border:3px solid;background-color:transparent}.elementor-widget-text-editor:not(.elementor-drop-cap-view-default) .elementor-drop-cap{margin-top:8px}.elementor-widget-text-editor:not(.elementor-drop-cap-view-default) .elementor-drop-cap-letter{width:1em;height:1em}.elementor-widget-text-editor .elementor-drop-cap{float:left;text-align:center;line-height:1;font-size:50px}.elementor-widget-text-editor .elementor-drop-cap-letter{display:inline-block}<\/style>\t\t\t\t<!-- wp:paragraph -->\n<p>Al igual que la poblaci\u00f3n adulta, los ni\u00f1os y ni\u00f1as tienen el derecho humano universal de solicitar y recibir asilo en caso de persecuci\u00f3n. Con frecuencia, se persigue a los ni\u00f1os y ni\u00f1as migrantes no acompa\u00f1ados precisamente por ser menores de edad, y ser m\u00e1s vulnerables a las violaciones de derechos humanos que las personas adultas. Los posibles da\u00f1os a los que se enfrentan en cada pa\u00eds y a cada paso del trayecto migratorio, se ven agravados por el hecho de que, habitualmente, se les niegue acceso a asilo y a otros sistemas de protecci\u00f3n.<\/p>\n<!-- \/wp:paragraph --><!-- wp:paragraph -->\n<p>Entre 2018 y 2021, los gobiernos de M\u00e9xico y Estados Unidos han devuelto a sus pa\u00edses de origen a ni\u00f1as y ni\u00f1os migrantes no acompa\u00f1ados, sin haber evaluado antes, de manera adecuada, los irreparables da\u00f1os que pueden sufrir all\u00ed. No obstante, antes incluso de esa fecha, las infancias migrantes no acompa\u00f1adas no ten\u00edan en todo momento acceso a procedimientos de asilo ni dentro de M\u00e9xico ni en la frontera de Estados Unidos con M\u00e9xico, situaci\u00f3n que persiste hoy en d\u00eda.<\/p>\n<!-- \/wp:paragraph --><!-- wp:paragraph {\"align\":\"center\"} -->\n<p class=\"has-text-align-center\"><strong>\u00a1Descarga el informe completo!<\/strong><\/p>\n<!-- \/wp:paragraph -->\t\t\t\t\t\t<\/div>\n\t\t\t\t<\/div>\n\t\t\t\t\t<\/div>\n\t\t<\/div>\n\t\t\t\t\t\t\t<\/div>\n\t\t<\/section>\n\t\t\t\t<section class=\"elementor-section elementor-top-section elementor-element elementor-element-c19bf74 elementor-section-boxed elementor-section-height-default elementor-section-height-default\" data-id=\"c19bf74\" data-element_type=\"section\">\n\t\t\t\t\t\t<div class=\"elementor-container elementor-column-gap-default\">\n\t\t\t\t\t<div class=\"elementor-column elementor-col-100 elementor-top-column elementor-element elementor-element-0802542\" data-id=\"0802542\" data-element_type=\"column\">\n\t\t\t<div class=\"elementor-widget-wrap elementor-element-populated\">\n\t\t\t\t\t\t\t\t<div class=\"elementor-element elementor-element-9b9d60a elementor-align-center elementor-widget elementor-widget-button\" data-id=\"9b9d60a\" data-element_type=\"widget\" data-widget_type=\"button.default\">\n\t\t\t\t<div class=\"elementor-widget-container\">\n\t\t\t\t\t<div class=\"elementor-button-wrapper\">\n\t\t\t<a href=\"https:\/\/amnistia.org.mx\/contenido\/wp-content\/uploads\/2021\/06\/Pushed-into-Harms-Way_Espanol.pdf\" class=\"elementor-button-link elementor-button elementor-size-sm\" role=\"button\">\n\t\t\t\t\t\t<span class=\"elementor-button-content-wrapper\">\n\t\t\t\t\t\t<span class=\"elementor-button-text\">Descargar<\/span>\n\t\t<\/span>\n\t\t\t\t\t<\/a>\n\t\t<\/div>\n\t\t\t\t<\/div>\n\t\t\t\t<\/div>\n\t\t\t\t\t<\/div>\n\t\t<\/div>\n\t\t\t\t\t\t\t<\/div>\n\t\t<\/section>\n\t\t\t\t\t\t\t<\/div>\n\t\t","protected":false},"excerpt":{"rendered":"<p>Al igual que la poblaci\u00f3n adulta, los ni\u00f1os y ni\u00f1as tienen el derecho humano universal de solicitar y recibir asilo en caso de persecuci\u00f3n. Con frecuencia, se persigue a los &hellip;<\/p>\n<p class=\"read-more\"> <a class=\"\" href=\"https:\/\/amnistia.org.mx\/contenido\/index.php\/empujados-al-peligro-informe\/\"> <span class=\"screen-reader-text\">Empujados al Peligro &#8211; Informe<\/span> Leer m\u00e1s &raquo;<\/a><\/p>\n","protected":false},"author":12,"featured_media":13789,"comment_status":"closed","ping_status":"closed","sticky":false,"template":"","format":"standard","meta":{"_uf_show_specific_survey":0,"_uf_disable_surveys":false,"site-sidebar-layout":"no-sidebar","site-content-layout":"plain-container","ast-global-header-display":"","ast-main-header-display":"","ast-hfb-above-header-display":"","ast-hfb-below-header-display":"","ast-hfb-mobile-header-display":"","site-post-title":"","ast-breadcrumbs-content":"","ast-featured-img":"","footer-sml-layout":"","theme-transparent-header-meta":"default","adv-header-id-meta":"","stick-header-meta":"","header-above-stick-meta":"","header-main-stick-meta":"","header-below-stick-meta":""},"categories":[108],"tags":[40],"acf":[],"aioseo_notices":[],"yoast_head":"<!-- This site is optimized with the Yoast SEO plugin v14.5 - https:\/\/yoast.com\/wordpress\/plugins\/seo\/ -->\n<title>Empujados al Peligro - Informe - amnistia.org.mx<\/title>\n<meta name=\"description\" content=\"Con frecuencia, se persigue a las infancias migrantes no acompa\u00f1adas precisamente por ser menores de edad, y ser m\u00e1s vulnerables a las violaciones de derechos humanos que las personas adultas.\" \/>\n<meta name=\"robots\" content=\"index, follow\" \/>\n<meta name=\"googlebot\" content=\"index, follow, max-snippet:-1, max-image-preview:large, max-video-preview:-1\" \/>\n<meta name=\"bingbot\" content=\"index, follow, max-snippet:-1, max-image-preview:large, max-video-preview:-1\" \/>\n<link rel=\"canonical\" href=\"https:\/\/amnistia.org.mx\/contenido\/index.php\/empujados-al-peligro-informe\/\" \/>\n<meta property=\"og:locale\" content=\"es_MX\" \/>\n<meta property=\"og:type\" content=\"article\" \/>\n<meta property=\"og:title\" content=\"Empujados al Peligro - Informe - amnistia.org.mx\" \/>\n<meta property=\"og:description\" content=\"Con frecuencia, se persigue a las infancias migrantes no acompa\u00f1adas precisamente por ser menores de edad, y ser m\u00e1s vulnerables a las violaciones de derechos humanos que las personas adultas.\" \/>\n<meta property=\"og:url\" content=\"https:\/\/amnistia.org.mx\/contenido\/index.php\/empujados-al-peligro-informe\/\" \/>\n<meta property=\"og:site_name\" content=\"amnistia.org.mx\" \/>\n<meta property=\"article:published_time\" content=\"2021-06-18T06:31:48+00:00\" \/>\n<meta property=\"article:modified_time\" content=\"2021-06-30T15:57:10+00:00\" \/>\n<meta property=\"og:image\" content=\"https:\/\/amnistia.org.mx\/contenido\/wp-content\/uploads\/2021\/06\/BLOG-AMNIST\u00cdA-INTERNACIONAL-1-1-1024x576.png\" \/>\n\t<meta property=\"og:image:width\" content=\"1024\" \/>\n\t<meta property=\"og:image:height\" content=\"576\" \/>\n<meta name=\"twitter:card\" content=\"summary_large_image\" \/>\n<script type=\"application\/ld+json\" class=\"yoast-schema-graph\">{\"@context\":\"https:\/\/schema.org\",\"@graph\":[{\"@type\":\"WebSite\",\"@id\":\"https:\/\/amnistia.org.mx\/contenido\/#website\",\"url\":\"https:\/\/amnistia.org.mx\/contenido\/\",\"name\":\"amnistia.org.mx\",\"description\":\"Nueva p\\u00e1gina de Amnist\\u00eda\",\"potentialAction\":[{\"@type\":\"SearchAction\",\"target\":\"https:\/\/amnistia.org.mx\/contenido\/?s={search_term_string}\",\"query-input\":\"required name=search_term_string\"}],\"inLanguage\":\"es-MX\"},{\"@type\":\"ImageObject\",\"@id\":\"https:\/\/amnistia.org.mx\/contenido\/index.php\/empujados-al-peligro-informe\/#primaryimage\",\"inLanguage\":\"es-MX\",\"url\":\"https:\/\/amnistia.org.mx\/contenido\/wp-content\/uploads\/2021\/06\/BLOG-AMNIST\\u00cdA-INTERNACIONAL-1-1.png\",\"width\":1600,\"height\":900},{\"@type\":\"WebPage\",\"@id\":\"https:\/\/amnistia.org.mx\/contenido\/index.php\/empujados-al-peligro-informe\/#webpage\",\"url\":\"https:\/\/amnistia.org.mx\/contenido\/index.php\/empujados-al-peligro-informe\/\",\"name\":\"Empujados al Peligro - Informe - amnistia.org.mx\",\"isPartOf\":{\"@id\":\"https:\/\/amnistia.org.mx\/contenido\/#website\"},\"primaryImageOfPage\":{\"@id\":\"https:\/\/amnistia.org.mx\/contenido\/index.php\/empujados-al-peligro-informe\/#primaryimage\"},\"datePublished\":\"2021-06-18T06:31:48+00:00\",\"dateModified\":\"2021-06-30T15:57:10+00:00\",\"author\":{\"@id\":\"https:\/\/amnistia.org.mx\/contenido\/#\/schema\/person\/a4c7bde97fe984e87fd4a6f2b56c4cc0\"},\"description\":\"Con frecuencia, se persigue a las infancias migrantes no acompa\\u00f1adas precisamente por ser menores de edad, y ser m\\u00e1s vulnerables a las violaciones de derechos humanos que las personas adultas.\",\"breadcrumb\":{\"@id\":\"https:\/\/amnistia.org.mx\/contenido\/index.php\/empujados-al-peligro-informe\/#breadcrumb\"},\"inLanguage\":\"es-MX\",\"potentialAction\":[{\"@type\":\"ReadAction\",\"target\":[\"https:\/\/amnistia.org.mx\/contenido\/index.php\/empujados-al-peligro-informe\/\"]}]},{\"@type\":\"BreadcrumbList\",\"@id\":\"https:\/\/amnistia.org.mx\/contenido\/index.php\/empujados-al-peligro-informe\/#breadcrumb\",\"itemListElement\":[{\"@type\":\"ListItem\",\"position\":1,\"item\":{\"@type\":\"WebPage\",\"@id\":\"https:\/\/amnistia.org.mx\/contenido\/\",\"url\":\"https:\/\/amnistia.org.mx\/contenido\/\",\"name\":\"Home\"}},{\"@type\":\"ListItem\",\"position\":2,\"item\":{\"@type\":\"WebPage\",\"@id\":\"https:\/\/amnistia.org.mx\/contenido\/index.php\/empujados-al-peligro-informe\/\",\"url\":\"https:\/\/amnistia.org.mx\/contenido\/index.php\/empujados-al-peligro-informe\/\",\"name\":\"Empujados al Peligro &#8211; Informe\"}}]},{\"@type\":[\"Person\"],\"@id\":\"https:\/\/amnistia.org.mx\/contenido\/#\/schema\/person\/a4c7bde97fe984e87fd4a6f2b56c4cc0\",\"name\":\"Jos\\u00e9 Gerardo Mart\\u00ednez Garc\\u00eda\",\"image\":{\"@type\":\"ImageObject\",\"@id\":\"https:\/\/amnistia.org.mx\/contenido\/#personlogo\",\"inLanguage\":\"es-MX\",\"url\":\"https:\/\/secure.gravatar.com\/avatar\/a2023f955512a54fec553beef352dd58?s=96&d=mm&r=g\",\"caption\":\"Jos\\u00e9 Gerardo Mart\\u00ednez Garc\\u00eda\"}}]}<\/script>\n<!-- \/ Yoast SEO plugin. -->","_links":{"self":[{"href":"https:\/\/amnistia.org.mx\/contenido\/index.php\/wp-json\/wp\/v2\/posts\/13888"}],"collection":[{"href":"https:\/\/amnistia.org.mx\/contenido\/index.php\/wp-json\/wp\/v2\/posts"}],"about":[{"href":"https:\/\/amnistia.org.mx\/contenido\/index.php\/wp-json\/wp\/v2\/types\/post"}],"author":[{"embeddable":true,"href":"https:\/\/amnistia.org.mx\/contenido\/index.php\/wp-json\/wp\/v2\/users\/12"}],"replies":[{"embeddable":true,"href":"https:\/\/amnistia.org.mx\/contenido\/index.php\/wp-json\/wp\/v2\/comments?post=13888"}],"version-history":[{"count":8,"href":"https:\/\/amnistia.org.mx\/contenido\/index.php\/wp-json\/wp\/v2\/posts\/13888\/revisions"}],"predecessor-version":[{"id":13945,"href":"https:\/\/amnistia.org.mx\/contenido\/index.php\/wp-json\/wp\/v2\/posts\/13888\/revisions\/13945"}],"wp:featuredmedia":[{"embeddable":true,"href":"https:\/\/amnistia.org.mx\/contenido\/index.php\/wp-json\/wp\/v2\/media\/13789"}],"wp:attachment":[{"href":"https:\/\/amnistia.org.mx\/contenido\/index.php\/wp-json\/wp\/v2\/media?parent=13888"}],"wp:term":[{"taxonomy":"category","embeddable":true,"href":"https:\/\/amnistia.org.mx\/contenido\/index.php\/wp-json\/wp\/v2\/categories?post=13888"},{"taxonomy":"post_tag","embeddable":true,"href":"https:\/\/amnistia.org.mx\/contenido\/index.php\/wp-json\/wp\/v2\/tags?post=13888"}],"curies":[{"name":"wp","href":"https:\/\/api.w.org\/{rel}","templated":true}]}}