
{"id":14370,"date":"2021-08-16T23:34:28","date_gmt":"2021-08-16T23:34:28","guid":{"rendered":"https:\/\/amnistia.org.mx\/contenido\/?p=14370"},"modified":"2021-08-16T23:34:29","modified_gmt":"2021-08-16T23:34:29","slug":"afganistan-la-comunidad-internacional-debe-actuar-decisivamente-para-evitar-una-tragedia-mayor","status":"publish","type":"post","link":"https:\/\/amnistia.org.mx\/contenido\/index.php\/afganistan-la-comunidad-internacional-debe-actuar-decisivamente-para-evitar-una-tragedia-mayor\/","title":{"rendered":"Afganist\u00e1n: La comunidad internacional debe actuar decisivamente para evitar una tragedia mayor"},"content":{"rendered":"\n<p>Miles de personas se agolpan en el aeropuerto de Kabul para salir del pa\u00eds, luego de que los talibanes asumieran el gobierno en Afganist\u00e1n. (Foto: Wakil Kohsar \/ AFP v\u00eda Getty Images).<\/p>\n\n\n\n<p>Ante la ca\u00edda del gobierno afgano como consecuencia de la toma del poder por los talibanes y las escenas de caos en el aeropuerto de Kabul con miles de personas tratando de huir del pa\u00eds, Agnes Callamard, Secretaria General de Amnist\u00eda Internacional, ha manifestado:<\/p>\n\n\n\n<p>\u201cLo que estamos presenciando en Afganist\u00e1n es una tragedia que se deber\u00eda haber previsto y evitado. Si no hay una acci\u00f3n r\u00e1pida y decisiva de la comunidad internacional, no har\u00e1 sino complicarse a\u00fan m\u00e1s. Miles de personas afganas en grave peligro de sufrir represalias a manos de los talibanes \u2014desde personal acad\u00e9mico hasta periodistas, activistas de la sociedad civil y defensoras de los derechos humanos\u2014 podr\u00edan verse abocadas a un futuro muy incierto.<\/p>\n\n\n\n<p>Los gobiernos extranjeros deben tomar todas las medidas necesarias para garantizar una salida segura de Afganist\u00e1n a todas las personas que est\u00e1n en el punto de mira de los talibanes. Esto incluye expedir visados, ofrecer apoyo a las evacuaciones desde el aeropuerto de Kabul, proporcionar plazas de reubicaci\u00f3n y reasentamiento, y suspender todas las deportaciones y devoluciones. Pedimos a Estados Unidos que garantice seguridad permanente en el aeropuerto mientras se llevan a cabo las evacuaciones.<\/p>\n\n\n\n<p>Ante la nueva y cruda realidad que debe afrontar la poblaci\u00f3n afgana, el Consejo de Seguridad de la ONU tambi\u00e9n debe aprobar una resoluci\u00f3n de emergencia para pedir a los talibanes \u2014que ya controlan en la pr\u00e1ctica el pa\u00eds\u2014 que respeten el derecho internacional de los derechos humanos, protejan a la poblaci\u00f3n civil y pongan fin a los ataques de represalia mientras se siguen negociando los acuerdos para la transici\u00f3n.\u201d<\/p>\n\n\n\n<p><strong>Informaci\u00f3n complementaria<\/strong><\/p>\n\n\n\n<p>Miles de nacionales de Afganist\u00e1n que temen la vuelta al r\u00e9gimen talib\u00e1n intentan huir del pa\u00eds por el Aeropuerto Internacional Hamid Karzai de Kabul. Est\u00e1n circulando v\u00eddeos en redes sociales donde se ven cientos de personas cruzando la pista a la carrera mientras soldados estadounidenses hacen disparos de advertencia al aire, una multitud intentando abrirse paso a empujones por la escalerilla de un avi\u00f3n y decenas de personas enganchadas a los laterales de aviones que intentan despegar.<\/p>\n\n\n\n<p>Seg\u00fan ha declarado la autoridad aeroportuaria, se han suspendido todos los vuelos comerciales. El aeropuerto de Kabul estaba abarrotado la noche del domingo, seg\u00fan informes de prensa, con m\u00e1s de dos mil personas intentando salir del pa\u00eds en vuelos comerciales.<\/p>\n\n\n\n<p>De acuerdo con la informaci\u00f3n recibida, al menos cinco personas perdieron la vida en el aeropuerto de Kabul cuando cientos de personas intentaron entrar en los aviones a la fuerza. No est\u00e1 claro si las v\u00edctimas murieron por disparos o en una estampida. Tropas estadounidenses controlan actualmente el aeropuerto y supervisan las actividades en curso para evacuar a nacionales de su pa\u00eds.<\/p>\n","protected":false},"excerpt":{"rendered":"<p>Miles de personas se agolpan en el aeropuerto de Kabul para salir del pa\u00eds, luego de que los talibanes asumieran el gobierno en Afganist\u00e1n. (Foto: Wakil Kohsar \/ AFP v\u00eda &hellip;<\/p>\n<p class=\"read-more\"> <a class=\"\" href=\"https:\/\/amnistia.org.mx\/contenido\/index.php\/afganistan-la-comunidad-internacional-debe-actuar-decisivamente-para-evitar-una-tragedia-mayor\/\"> <span class=\"screen-reader-text\">Afganist\u00e1n: La comunidad internacional debe actuar decisivamente para evitar una tragedia mayor<\/span> Leer m\u00e1s &raquo;<\/a><\/p>\n","protected":false},"author":4,"featured_media":14371,"comment_status":"open","ping_status":"open","sticky":false,"template":"","format":"standard","meta":{"_uf_show_specific_survey":0,"_uf_disable_surveys":false,"site-sidebar-layout":"default","site-content-layout":"default","ast-global-header-display":"","ast-main-header-display":"","ast-hfb-above-header-display":"","ast-hfb-below-header-display":"","ast-hfb-mobile-header-display":"","site-post-title":"","ast-breadcrumbs-content":"","ast-featured-img":"","footer-sml-layout":"","theme-transparent-header-meta":"default","adv-header-id-meta":"","stick-header-meta":"","header-above-stick-meta":"","header-main-stick-meta":"","header-below-stick-meta":""},"categories":[9],"tags":[40],"acf":[],"aioseo_notices":[],"yoast_head":"<!-- This site is optimized with the Yoast SEO plugin v14.5 - https:\/\/yoast.com\/wordpress\/plugins\/seo\/ -->\n<title>Afganist\u00e1n: La comunidad internacional debe actuar decisivamente para evitar una tragedia mayor - amnistia.org.mx<\/title>\n<meta name=\"robots\" content=\"index, follow\" \/>\n<meta name=\"googlebot\" content=\"index, follow, max-snippet:-1, max-image-preview:large, max-video-preview:-1\" \/>\n<meta name=\"bingbot\" content=\"index, follow, max-snippet:-1, max-image-preview:large, max-video-preview:-1\" \/>\n<link rel=\"canonical\" href=\"https:\/\/amnistia.org.mx\/contenido\/index.php\/afganistan-la-comunidad-internacional-debe-actuar-decisivamente-para-evitar-una-tragedia-mayor\/\" \/>\n<meta property=\"og:locale\" content=\"es_MX\" \/>\n<meta property=\"og:type\" content=\"article\" \/>\n<meta property=\"og:title\" content=\"Afganist\u00e1n: La comunidad internacional debe actuar decisivamente para evitar una tragedia mayor - amnistia.org.mx\" \/>\n<meta property=\"og:description\" content=\"Miles de personas se agolpan en el aeropuerto de Kabul para salir del pa\u00eds, luego de que los talibanes asumieran el gobierno en Afganist\u00e1n. (Foto: Wakil Kohsar \/ AFP v\u00eda &hellip; Afganist\u00e1n: La comunidad internacional debe actuar decisivamente para evitar una tragedia mayor Leer m\u00e1s &raquo;\" \/>\n<meta property=\"og:url\" content=\"https:\/\/amnistia.org.mx\/contenido\/index.php\/afganistan-la-comunidad-internacional-debe-actuar-decisivamente-para-evitar-una-tragedia-mayor\/\" \/>\n<meta property=\"og:site_name\" content=\"amnistia.org.mx\" \/>\n<meta property=\"article:published_time\" content=\"2021-08-16T23:34:28+00:00\" \/>\n<meta property=\"article:modified_time\" content=\"2021-08-16T23:34:29+00:00\" \/>\n<meta property=\"og:image\" content=\"https:\/\/amnistia.org.mx\/contenido\/wp-content\/uploads\/2021\/08\/Foto-Afganist\u00e1n-ajustada-278802.jpg\" \/>\n\t<meta property=\"og:image:width\" content=\"650\" \/>\n\t<meta property=\"og:image:height\" content=\"428\" \/>\n<meta name=\"twitter:card\" content=\"summary_large_image\" \/>\n<script type=\"application\/ld+json\" class=\"yoast-schema-graph\">{\"@context\":\"https:\/\/schema.org\",\"@graph\":[{\"@type\":\"WebSite\",\"@id\":\"https:\/\/amnistia.org.mx\/contenido\/#website\",\"url\":\"https:\/\/amnistia.org.mx\/contenido\/\",\"name\":\"amnistia.org.mx\",\"description\":\"Nueva p\\u00e1gina de Amnist\\u00eda\",\"potentialAction\":[{\"@type\":\"SearchAction\",\"target\":\"https:\/\/amnistia.org.mx\/contenido\/?s={search_term_string}\",\"query-input\":\"required name=search_term_string\"}],\"inLanguage\":\"es-MX\"},{\"@type\":\"ImageObject\",\"@id\":\"https:\/\/amnistia.org.mx\/contenido\/index.php\/afganistan-la-comunidad-internacional-debe-actuar-decisivamente-para-evitar-una-tragedia-mayor\/#primaryimage\",\"inLanguage\":\"es-MX\",\"url\":\"https:\/\/amnistia.org.mx\/contenido\/wp-content\/uploads\/2021\/08\/Foto-Afganist\\u00e1n-ajustada-278802.jpg\",\"width\":650,\"height\":428,\"caption\":\"TOPSHOT - Afghan people climb atop a plane as they wait at the Kabul airport in Kabul on August 16, 2021, after a stunningly swift end to Afghanistan's 20-year war, as thousands of people mobbed the city's airport trying to flee the group's feared hardline brand of Islamist rule. (Photo by Wakil Kohsar \/ AFP) (Photo by WAKIL KOHSAR\/AFP via Getty Images)\"},{\"@type\":\"WebPage\",\"@id\":\"https:\/\/amnistia.org.mx\/contenido\/index.php\/afganistan-la-comunidad-internacional-debe-actuar-decisivamente-para-evitar-una-tragedia-mayor\/#webpage\",\"url\":\"https:\/\/amnistia.org.mx\/contenido\/index.php\/afganistan-la-comunidad-internacional-debe-actuar-decisivamente-para-evitar-una-tragedia-mayor\/\",\"name\":\"Afganist\\u00e1n: La comunidad internacional debe actuar decisivamente para evitar una tragedia mayor - amnistia.org.mx\",\"isPartOf\":{\"@id\":\"https:\/\/amnistia.org.mx\/contenido\/#website\"},\"primaryImageOfPage\":{\"@id\":\"https:\/\/amnistia.org.mx\/contenido\/index.php\/afganistan-la-comunidad-internacional-debe-actuar-decisivamente-para-evitar-una-tragedia-mayor\/#primaryimage\"},\"datePublished\":\"2021-08-16T23:34:28+00:00\",\"dateModified\":\"2021-08-16T23:34:29+00:00\",\"author\":{\"@id\":\"https:\/\/amnistia.org.mx\/contenido\/#\/schema\/person\/7db421c495688267ce8ede4625c17fa5\"},\"breadcrumb\":{\"@id\":\"https:\/\/amnistia.org.mx\/contenido\/index.php\/afganistan-la-comunidad-internacional-debe-actuar-decisivamente-para-evitar-una-tragedia-mayor\/#breadcrumb\"},\"inLanguage\":\"es-MX\",\"potentialAction\":[{\"@type\":\"ReadAction\",\"target\":[\"https:\/\/amnistia.org.mx\/contenido\/index.php\/afganistan-la-comunidad-internacional-debe-actuar-decisivamente-para-evitar-una-tragedia-mayor\/\"]}]},{\"@type\":\"BreadcrumbList\",\"@id\":\"https:\/\/amnistia.org.mx\/contenido\/index.php\/afganistan-la-comunidad-internacional-debe-actuar-decisivamente-para-evitar-una-tragedia-mayor\/#breadcrumb\",\"itemListElement\":[{\"@type\":\"ListItem\",\"position\":1,\"item\":{\"@type\":\"WebPage\",\"@id\":\"https:\/\/amnistia.org.mx\/contenido\/\",\"url\":\"https:\/\/amnistia.org.mx\/contenido\/\",\"name\":\"Home\"}},{\"@type\":\"ListItem\",\"position\":2,\"item\":{\"@type\":\"WebPage\",\"@id\":\"https:\/\/amnistia.org.mx\/contenido\/index.php\/afganistan-la-comunidad-internacional-debe-actuar-decisivamente-para-evitar-una-tragedia-mayor\/\",\"url\":\"https:\/\/amnistia.org.mx\/contenido\/index.php\/afganistan-la-comunidad-internacional-debe-actuar-decisivamente-para-evitar-una-tragedia-mayor\/\",\"name\":\"Afganist\\u00e1n: La comunidad internacional debe actuar decisivamente para evitar una tragedia mayor\"}}]},{\"@type\":[\"Person\"],\"@id\":\"https:\/\/amnistia.org.mx\/contenido\/#\/schema\/person\/7db421c495688267ce8ede4625c17fa5\",\"name\":\"Alejandro Ju\\u00e1rez Gamero\",\"image\":{\"@type\":\"ImageObject\",\"@id\":\"https:\/\/amnistia.org.mx\/contenido\/#personlogo\",\"inLanguage\":\"es-MX\",\"url\":\"https:\/\/secure.gravatar.com\/avatar\/e312d5566d1c3ffb56f86415d6f0e606?s=96&d=mm&r=g\",\"caption\":\"Alejandro Ju\\u00e1rez Gamero\"}}]}<\/script>\n<!-- \/ Yoast SEO plugin. -->","_links":{"self":[{"href":"https:\/\/amnistia.org.mx\/contenido\/index.php\/wp-json\/wp\/v2\/posts\/14370"}],"collection":[{"href":"https:\/\/amnistia.org.mx\/contenido\/index.php\/wp-json\/wp\/v2\/posts"}],"about":[{"href":"https:\/\/amnistia.org.mx\/contenido\/index.php\/wp-json\/wp\/v2\/types\/post"}],"author":[{"embeddable":true,"href":"https:\/\/amnistia.org.mx\/contenido\/index.php\/wp-json\/wp\/v2\/users\/4"}],"replies":[{"embeddable":true,"href":"https:\/\/amnistia.org.mx\/contenido\/index.php\/wp-json\/wp\/v2\/comments?post=14370"}],"version-history":[{"count":1,"href":"https:\/\/amnistia.org.mx\/contenido\/index.php\/wp-json\/wp\/v2\/posts\/14370\/revisions"}],"predecessor-version":[{"id":14372,"href":"https:\/\/amnistia.org.mx\/contenido\/index.php\/wp-json\/wp\/v2\/posts\/14370\/revisions\/14372"}],"wp:featuredmedia":[{"embeddable":true,"href":"https:\/\/amnistia.org.mx\/contenido\/index.php\/wp-json\/wp\/v2\/media\/14371"}],"wp:attachment":[{"href":"https:\/\/amnistia.org.mx\/contenido\/index.php\/wp-json\/wp\/v2\/media?parent=14370"}],"wp:term":[{"taxonomy":"category","embeddable":true,"href":"https:\/\/amnistia.org.mx\/contenido\/index.php\/wp-json\/wp\/v2\/categories?post=14370"},{"taxonomy":"post_tag","embeddable":true,"href":"https:\/\/amnistia.org.mx\/contenido\/index.php\/wp-json\/wp\/v2\/tags?post=14370"}],"curies":[{"name":"wp","href":"https:\/\/api.w.org\/{rel}","templated":true}]}}