
{"id":14387,"date":"2021-08-20T18:05:48","date_gmt":"2021-08-20T18:05:48","guid":{"rendered":"https:\/\/amnistia.org.mx\/contenido\/?p=14387"},"modified":"2021-08-20T18:05:49","modified_gmt":"2021-08-20T18:05:49","slug":"rusia-el-aniversario-del-envenenamiento-de-navalny-senala-un-ano-de-vergonzosa-injusticia","status":"publish","type":"post","link":"https:\/\/amnistia.org.mx\/contenido\/index.php\/rusia-el-aniversario-del-envenenamiento-de-navalny-senala-un-ano-de-vergonzosa-injusticia\/","title":{"rendered":"Rusia: El aniversario del envenenamiento de Navalny se\u00f1ala un a\u00f1o de vergonzosa injusticia"},"content":{"rendered":"\n<p class=\"has-text-align-right\">Foto: Olga Maltseva \/AFP v\u00eda Getty Images<\/p>\n\n\n\n<p>El aniversario del envenenamiento e intento de homicidio de Aleksei Navalny se\u00f1ala un a\u00f1o de vergonzosa injusticia, ha afirmado Amnist\u00eda Internacional. La semana pasada, las autoridades rusas endosaron un absurdo cargo m\u00e1s a Navalny, mientras que las peticiones de rendici\u00f3n de cuentas de sus simpatizantes han sido brutalmente reprimidas y los responsables del intento de asesinato gozan de absoluta impunidad.<\/p>\n\n\n\n<p>\u201cHoy se cumple un a\u00f1o del brutal ataque con un arma qu\u00edmica prohibida contra la voz m\u00e1s cr\u00edtica con el Kremlin, un crimen indignante que deber\u00eda haber sido objeto de una investigaci\u00f3n urgente por parte de las autoridades rusas. En cambio, el gobierno ruso decidi\u00f3 poner a Aleksei Navalny entre rejas por motivos falsos \u2014en condiciones que a punto estuvieron de causarle la muerte\u2014 y emprender una implacable campa\u00f1a de represalias contra sus simpatizantes\u201d, ha declarado Agn\u00e8s Callamard, secretaria general de Amnist\u00eda Internacional.<\/p>\n\n\n\n<p>\u201cLa ausencia de investigaci\u00f3n por parte de las autoridades rusas del atentado contra la vida de Navalny es una prueba contundente de su total desprecio por la justicia y por el derecho a la vida. Reiteramos nuestra petici\u00f3n de una investigaci\u00f3n inmediata e imparcial sobre el intento de envenenamiento de Aleksei Navalny, y del fin de la persecuci\u00f3n de Navalny y sus simpatizantes.<\/p>\n\n\n\n<p>\u201cComo medida m\u00e1s urgente, pedimos a las autoridades rusas que pongan en libertad de forma inmediata e incondicional a Aleksei Navalny, que es un preso de conciencia privado de libertad \u00fanicamente por ejercer su derecho a la libertad de expresi\u00f3n; La comunidad internacional debe hacer cuanto est\u00e9 en su poder para garantizar que los responsables del envenenamiento comparecen ante la justicia; para poner fin a la detenci\u00f3n ileg\u00edtima de Aleksei Navalny; y para detener la creciente campa\u00f1a de represi\u00f3n que las autoridades rusas han emprendido contra su poblaci\u00f3n\u201d.<\/p>\n\n\n\n<p><strong>Informaci\u00f3n complementaria<\/strong><\/p>\n\n\n\n<p>Aleksei Navalny, destacado activista opositor ruso y fundador de la Fundaci\u00f3n Anticorrupci\u00f3n, se desmay\u00f3 mientras volaba de Tomsk (Siberia) a Mosc\u00fa el 20 de agosto se 2020. Fue trasladado a Alemania para recibir tratamiento, y en ese pa\u00eds estuvo en coma. Personas expertas internacionales llegaron m\u00e1s tarde a la conclusi\u00f3n de que el pol\u00edtico hab\u00eda sido envenenado con el agente neurot\u00f3xico Novichok, de uso militar, que est\u00e1 prohibido en virtud de la Convenci\u00f3n sobre las Armas Qu\u00edmicas.<\/p>\n\n\n\n<p>Desde entonces, las autoridades rusas no han abierto una investigaci\u00f3n significativa, han bloqueado los intentos de los abogados de Navalny de impugnar su inacci\u00f3n en distintos tribunales, y han ignorado los firmes indicios de que agentes del Servicio Federal de Seguridad ruso estuvieron implicados en el envenenamiento.<\/p>\n\n\n\n<p>Tras su regreso a Mosc\u00fa el 17 de enero de 2021, Aleksei Navalny fue detenido y condenado a cumplir dos a\u00f1os y medio en una colonia penitenciaria por violar la libertad condicional de su condena anterior, impuesta por motivos pol\u00edticos. La Fundaci\u00f3n Anticorrupci\u00f3n y la red de apoyo \u201cOficinas centrales de Navalny\u201d fueron incluidas en la lista de organizaciones \u201cextremistas\u201d y prohibidas. El 11 de agosto de 2021, Navalny fue acusado adem\u00e1s de \u201ccreaci\u00f3n de una organizaci\u00f3n sin \u00e1nimo de lucro que menoscaba los derechos de la ciudadan\u00eda\u201d, en virtud de un art\u00edculo impreciso del C\u00f3digo Penal ruso. En caso de ser declarado culpable, podr\u00edan imponerle una condena adicional de hasta tres a\u00f1os de prisi\u00f3n.<\/p>\n","protected":false},"excerpt":{"rendered":"<p>Foto: Olga Maltseva \/AFP v\u00eda Getty Images El aniversario del envenenamiento e intento de homicidio de Aleksei Navalny se\u00f1ala un a\u00f1o de vergonzosa injusticia, ha afirmado Amnist\u00eda Internacional. La semana &hellip;<\/p>\n<p class=\"read-more\"> <a class=\"\" href=\"https:\/\/amnistia.org.mx\/contenido\/index.php\/rusia-el-aniversario-del-envenenamiento-de-navalny-senala-un-ano-de-vergonzosa-injusticia\/\"> <span class=\"screen-reader-text\">Rusia: El aniversario del envenenamiento de Navalny se\u00f1ala un a\u00f1o de vergonzosa injusticia<\/span> Leer m\u00e1s &raquo;<\/a><\/p>\n","protected":false},"author":4,"featured_media":14389,"comment_status":"open","ping_status":"open","sticky":false,"template":"","format":"standard","meta":{"_uf_show_specific_survey":0,"_uf_disable_surveys":false,"site-sidebar-layout":"default","site-content-layout":"default","ast-global-header-display":"","ast-main-header-display":"","ast-hfb-above-header-display":"","ast-hfb-below-header-display":"","ast-hfb-mobile-header-display":"","site-post-title":"","ast-breadcrumbs-content":"","ast-featured-img":"","footer-sml-layout":"","theme-transparent-header-meta":"default","adv-header-id-meta":"","stick-header-meta":"","header-above-stick-meta":"","header-main-stick-meta":"","header-below-stick-meta":""},"categories":[9,1],"tags":[40],"acf":[],"aioseo_notices":[],"yoast_head":"<!-- This site is optimized with the Yoast SEO plugin v14.5 - https:\/\/yoast.com\/wordpress\/plugins\/seo\/ -->\n<title>Rusia: El aniversario del envenenamiento de Navalny se\u00f1ala un a\u00f1o de vergonzosa injusticia - amnistia.org.mx<\/title>\n<meta name=\"robots\" content=\"index, follow\" \/>\n<meta name=\"googlebot\" content=\"index, follow, max-snippet:-1, max-image-preview:large, max-video-preview:-1\" \/>\n<meta name=\"bingbot\" content=\"index, follow, max-snippet:-1, max-image-preview:large, max-video-preview:-1\" \/>\n<link rel=\"canonical\" href=\"https:\/\/amnistia.org.mx\/contenido\/index.php\/rusia-el-aniversario-del-envenenamiento-de-navalny-senala-un-ano-de-vergonzosa-injusticia\/\" \/>\n<meta property=\"og:locale\" content=\"es_MX\" \/>\n<meta property=\"og:type\" content=\"article\" \/>\n<meta property=\"og:title\" content=\"Rusia: El aniversario del envenenamiento de Navalny se\u00f1ala un a\u00f1o de vergonzosa injusticia - amnistia.org.mx\" \/>\n<meta property=\"og:description\" content=\"Foto: Olga Maltseva \/AFP v\u00eda Getty Images El aniversario del envenenamiento e intento de homicidio de Aleksei Navalny se\u00f1ala un a\u00f1o de vergonzosa injusticia, ha afirmado Amnist\u00eda Internacional. La semana &hellip; Rusia: El aniversario del envenenamiento de Navalny se\u00f1ala un a\u00f1o de vergonzosa injusticia Leer m\u00e1s &raquo;\" \/>\n<meta property=\"og:url\" content=\"https:\/\/amnistia.org.mx\/contenido\/index.php\/rusia-el-aniversario-del-envenenamiento-de-navalny-senala-un-ano-de-vergonzosa-injusticia\/\" \/>\n<meta property=\"og:site_name\" content=\"amnistia.org.mx\" \/>\n<meta property=\"article:published_time\" content=\"2021-08-20T18:05:48+00:00\" \/>\n<meta property=\"article:modified_time\" content=\"2021-08-20T18:05:49+00:00\" \/>\n<meta property=\"og:image\" content=\"https:\/\/amnistia.org.mx\/contenido\/wp-content\/uploads\/2021\/08\/Foto-Navalny.jpg\" \/>\n\t<meta property=\"og:image:width\" content=\"700\" \/>\n\t<meta property=\"og:image:height\" content=\"328\" \/>\n<meta name=\"twitter:card\" content=\"summary_large_image\" \/>\n<script type=\"application\/ld+json\" class=\"yoast-schema-graph\">{\"@context\":\"https:\/\/schema.org\",\"@graph\":[{\"@type\":\"WebSite\",\"@id\":\"https:\/\/amnistia.org.mx\/contenido\/#website\",\"url\":\"https:\/\/amnistia.org.mx\/contenido\/\",\"name\":\"amnistia.org.mx\",\"description\":\"Nueva p\\u00e1gina de Amnist\\u00eda\",\"potentialAction\":[{\"@type\":\"SearchAction\",\"target\":\"https:\/\/amnistia.org.mx\/contenido\/?s={search_term_string}\",\"query-input\":\"required name=search_term_string\"}],\"inLanguage\":\"es-MX\"},{\"@type\":\"ImageObject\",\"@id\":\"https:\/\/amnistia.org.mx\/contenido\/index.php\/rusia-el-aniversario-del-envenenamiento-de-navalny-senala-un-ano-de-vergonzosa-injusticia\/#primaryimage\",\"inLanguage\":\"es-MX\",\"url\":\"https:\/\/amnistia.org.mx\/contenido\/wp-content\/uploads\/2021\/08\/Foto-Navalny.jpg\",\"width\":700,\"height\":328},{\"@type\":\"WebPage\",\"@id\":\"https:\/\/amnistia.org.mx\/contenido\/index.php\/rusia-el-aniversario-del-envenenamiento-de-navalny-senala-un-ano-de-vergonzosa-injusticia\/#webpage\",\"url\":\"https:\/\/amnistia.org.mx\/contenido\/index.php\/rusia-el-aniversario-del-envenenamiento-de-navalny-senala-un-ano-de-vergonzosa-injusticia\/\",\"name\":\"Rusia: El aniversario del envenenamiento de Navalny se\\u00f1ala un a\\u00f1o de vergonzosa injusticia - amnistia.org.mx\",\"isPartOf\":{\"@id\":\"https:\/\/amnistia.org.mx\/contenido\/#website\"},\"primaryImageOfPage\":{\"@id\":\"https:\/\/amnistia.org.mx\/contenido\/index.php\/rusia-el-aniversario-del-envenenamiento-de-navalny-senala-un-ano-de-vergonzosa-injusticia\/#primaryimage\"},\"datePublished\":\"2021-08-20T18:05:48+00:00\",\"dateModified\":\"2021-08-20T18:05:49+00:00\",\"author\":{\"@id\":\"https:\/\/amnistia.org.mx\/contenido\/#\/schema\/person\/7db421c495688267ce8ede4625c17fa5\"},\"breadcrumb\":{\"@id\":\"https:\/\/amnistia.org.mx\/contenido\/index.php\/rusia-el-aniversario-del-envenenamiento-de-navalny-senala-un-ano-de-vergonzosa-injusticia\/#breadcrumb\"},\"inLanguage\":\"es-MX\",\"potentialAction\":[{\"@type\":\"ReadAction\",\"target\":[\"https:\/\/amnistia.org.mx\/contenido\/index.php\/rusia-el-aniversario-del-envenenamiento-de-navalny-senala-un-ano-de-vergonzosa-injusticia\/\"]}]},{\"@type\":\"BreadcrumbList\",\"@id\":\"https:\/\/amnistia.org.mx\/contenido\/index.php\/rusia-el-aniversario-del-envenenamiento-de-navalny-senala-un-ano-de-vergonzosa-injusticia\/#breadcrumb\",\"itemListElement\":[{\"@type\":\"ListItem\",\"position\":1,\"item\":{\"@type\":\"WebPage\",\"@id\":\"https:\/\/amnistia.org.mx\/contenido\/\",\"url\":\"https:\/\/amnistia.org.mx\/contenido\/\",\"name\":\"Home\"}},{\"@type\":\"ListItem\",\"position\":2,\"item\":{\"@type\":\"WebPage\",\"@id\":\"https:\/\/amnistia.org.mx\/contenido\/index.php\/rusia-el-aniversario-del-envenenamiento-de-navalny-senala-un-ano-de-vergonzosa-injusticia\/\",\"url\":\"https:\/\/amnistia.org.mx\/contenido\/index.php\/rusia-el-aniversario-del-envenenamiento-de-navalny-senala-un-ano-de-vergonzosa-injusticia\/\",\"name\":\"Rusia: El aniversario del envenenamiento de Navalny se\\u00f1ala un a\\u00f1o de vergonzosa injusticia\"}}]},{\"@type\":[\"Person\"],\"@id\":\"https:\/\/amnistia.org.mx\/contenido\/#\/schema\/person\/7db421c495688267ce8ede4625c17fa5\",\"name\":\"Alejandro Ju\\u00e1rez Gamero\",\"image\":{\"@type\":\"ImageObject\",\"@id\":\"https:\/\/amnistia.org.mx\/contenido\/#personlogo\",\"inLanguage\":\"es-MX\",\"url\":\"https:\/\/secure.gravatar.com\/avatar\/e312d5566d1c3ffb56f86415d6f0e606?s=96&d=mm&r=g\",\"caption\":\"Alejandro Ju\\u00e1rez Gamero\"}}]}<\/script>\n<!-- \/ Yoast SEO plugin. -->","_links":{"self":[{"href":"https:\/\/amnistia.org.mx\/contenido\/index.php\/wp-json\/wp\/v2\/posts\/14387"}],"collection":[{"href":"https:\/\/amnistia.org.mx\/contenido\/index.php\/wp-json\/wp\/v2\/posts"}],"about":[{"href":"https:\/\/amnistia.org.mx\/contenido\/index.php\/wp-json\/wp\/v2\/types\/post"}],"author":[{"embeddable":true,"href":"https:\/\/amnistia.org.mx\/contenido\/index.php\/wp-json\/wp\/v2\/users\/4"}],"replies":[{"embeddable":true,"href":"https:\/\/amnistia.org.mx\/contenido\/index.php\/wp-json\/wp\/v2\/comments?post=14387"}],"version-history":[{"count":1,"href":"https:\/\/amnistia.org.mx\/contenido\/index.php\/wp-json\/wp\/v2\/posts\/14387\/revisions"}],"predecessor-version":[{"id":14388,"href":"https:\/\/amnistia.org.mx\/contenido\/index.php\/wp-json\/wp\/v2\/posts\/14387\/revisions\/14388"}],"wp:featuredmedia":[{"embeddable":true,"href":"https:\/\/amnistia.org.mx\/contenido\/index.php\/wp-json\/wp\/v2\/media\/14389"}],"wp:attachment":[{"href":"https:\/\/amnistia.org.mx\/contenido\/index.php\/wp-json\/wp\/v2\/media?parent=14387"}],"wp:term":[{"taxonomy":"category","embeddable":true,"href":"https:\/\/amnistia.org.mx\/contenido\/index.php\/wp-json\/wp\/v2\/categories?post=14387"},{"taxonomy":"post_tag","embeddable":true,"href":"https:\/\/amnistia.org.mx\/contenido\/index.php\/wp-json\/wp\/v2\/tags?post=14387"}],"curies":[{"name":"wp","href":"https:\/\/api.w.org\/{rel}","templated":true}]}}