
{"id":14390,"date":"2021-08-23T19:30:22","date_gmt":"2021-08-23T19:30:22","guid":{"rendered":"https:\/\/amnistia.org.mx\/contenido\/?p=14390"},"modified":"2021-08-23T19:30:22","modified_gmt":"2021-08-23T19:30:22","slug":"afganistan-talibanes-responsables-de-brutal-masacre-de-hombres-hazaras-nueva-investigacion","status":"publish","type":"post","link":"https:\/\/amnistia.org.mx\/contenido\/index.php\/afganistan-talibanes-responsables-de-brutal-masacre-de-hombres-hazaras-nueva-investigacion\/","title":{"rendered":"Afganist\u00e1n: Talibanes responsables de brutal masacre de hombres hazaras: nueva investigaci\u00f3n"},"content":{"rendered":"\n<p class=\"has-text-align-left\">Combatientes talibanes permanecen al lado de la carretera en Ghazni, el 12 de agosto de 2021. (Foto: AFP v\u00eda Getty Images)<\/p>\n\n\n\n<p>\u201cLos combatientes talibanes mataron a nueve hombres de la etnia hazara tras tomar el control de la provincia afgana de Ghazni el mes pasado\u201d, ha manifestado hoy Amnist\u00eda Internacional.<\/p>\n\n\n\n<p>Un equipo de investigaci\u00f3n en el terreno habl\u00f3 con testigos presenciales que dieron testimonios desgarradores de los homicidios, perpetrados entre el 4 y el 6 de julio en el pueblo de Mundarakht del distrito de Malistan. Seis de los hombres murieron por disparos y tres, por torturas; a uno de ellos lo estrangularon con su propio pa\u00f1uelo y le hab\u00edan rebanado los m\u00fasculos del brazo.<\/p>\n\n\n\n<p>Es probable que estos brutales asesinatos representen una fracci\u00f3n m\u00ednima del total de muertes infligidas hasta la fecha por los talibanes, que han cortado el servicio de telefon\u00eda m\u00f3vil en muchas de las zonas que han capturado recientemente y controlan las fotograf\u00edas y v\u00eddeos que se divulgan desde estas regiones.<\/p>\n\n\n\n<p>\u201cLa brutalidad y sangre fr\u00eda de estos asesinatos recuerda el historial de los talibanes y es un espantoso indicador de lo que podr\u00eda suceder con el gobierno talib\u00e1n\u201d, declar\u00f3 Agn\u00e8s Callamard, secretaria general de Amnist\u00eda Internacional.<\/p>\n\n\n\n<p>\u201cEstos homicidios selectivos son una prueba de que las minor\u00edas \u00e9tnicas y religiosas siguen corriendo un riesgo especial bajo el gobierno talib\u00e1n en Afganist\u00e1n.<\/p>\n\n\n\n<p>\u201cInstamos al Consejo de Seguridad de la ONU a que adopte una resoluci\u00f3n de emergencia que exija a los talibanes que respeten el derecho internacional de los derechos humanos y garanticen la seguridad de todos los afganos y afganas con independencia de su etnia y de sus creencias religiosas.<\/p>\n\n\n\n<p>\u201cEl Consejo de Derechos Humanos debe establecer un s\u00f3lido mecanismo de investigaci\u00f3n para documentar, recoger y preservar pruebas de los cr\u00edmenes y de los abusos contra los derechos humanos que se est\u00e1n cometiendo en todo Afganist\u00e1n. Eso ser\u00e1 fundamental para garantizar una toma de decisiones informada de la comunidad internacional y luchar contra la impunidad que sigue exacerbando la comisi\u00f3n de cr\u00edmenes graves en el pa\u00eds\u201d.<\/p>\n\n\n\n<p>La tortura y el asesinato en el contexto de un conflicto armado son violaciones de los Convenios de Ginebra y constituyen cr\u00edmenes de guerra en virtud del Estatuto de Roma de la Corte Penal Internacional, que ya est\u00e1 estudiando los cr\u00edmenes cometidos en relaci\u00f3n con el conflicto de Afganist\u00e1n.<\/p>\n\n\n\n<p><strong>Torturados y asesinados<\/strong><\/p>\n\n\n\n<p>Amnist\u00eda Internacional entrevist\u00f3 a testigos presenciales y estudi\u00f3 pruebas fotogr\u00e1ficas de lo que sucedi\u00f3 despu\u00e9s de los asesinatos en el pueblo de Mundarakht.<\/p>\n\n\n\n<p>El 3 de julio de 2021, se intensificaron los combates entre las fuerzas gubernamentales afganas y los talibanes en la provincia de Ghazni. Los lugare\u00f1os dijeron a Amnist\u00eda Internacional que huyeron a las monta\u00f1as, a los tradicionales <em>ilok<\/em>s, sus tierras de pastoreo de verano, donde tienen unos refugios b\u00e1sicos.<\/p>\n\n\n\n<p>Hab\u00eda poca comida para las 30 familias que huyeron. La ma\u00f1ana siguiente, 4 de julio, cinco hombres y cuatro mujeres volvieron al pueblo a recoger provisiones. A su regreso, se encontraron con que hab\u00edan saqueado sus casas y que los combatientes talibanes estaban esper\u00e1ndolos.<\/p>\n\n\n\n<p>Los talibanes sacaron de su casa a Wahed Qaraman, de 45 a\u00f1os, le rompieron brazos y piernas, le dispararon en la pierna derecha, le arrancaron el pelo y le golpearon en la cara con un objeto contundente.<\/p>\n\n\n\n<p>Jaffar Rahimi, de 63 a\u00f1os, sufri\u00f3 una brutal paliza y cuando encontraron dinero en el bolsillo lo acusaron de trabajar para el gobierno afgano. Los talibanes lo estrangularon con su propio pa\u00f1uelo. Tres personas que intervinieron en el entierro de Rahimi dijeron que ten\u00eda el cuerpo lleno de hematomas y que le hab\u00edan rebanado los m\u00fasculos de los brazos.<\/p>\n\n\n\n<p>A Sayed Abdul Hakim, de 40 a\u00f1os, lo sacaron de su casa, lo golpearon con palos y culatas de fusil, le ataron los brazos y le dispararon dos veces en la pierna y dos en el pecho. Luego arrojaron el cuerpo junto a un arroyo pr\u00f3ximo.<\/p>\n\n\n\n<p>Una persona, testigo presencial, que ayud\u00f3 en los entierros, dijo a Amnist\u00eda Internacional: \u201cpreguntamos a los talibanes por qu\u00e9 hac\u00edan esto y nos dijeron: &#8216;Cuando es la hora del conflicto, todo el mundo muere, no importa si tienes armas de fuego o no. Es la hora de la guerra\u2019\u201d.<\/p>\n\n\n\n<p><strong>Ejecuciones crueles<\/strong><\/p>\n\n\n\n<p>Durante los dos d\u00edas del ba\u00f1o de sangre, otros tres hombres \u2014Ali Jan Tata (65 a\u00f1os), Zia Faqeer Shah (de 23) y Ghulam Rasool Reza (de 53)\u2014 fueron v\u00edctimas de emboscadas y ejecutados cuando salieron de los <em>ilok<\/em>s y trataban de atravesar Mundarakht para llegar a su casa, en la cercana aldea de Wuli.<\/p>\n\n\n\n<p>En Mundarakht les dieron el alto en un control talib\u00e1n, donde los ejecutaron. A Ali Jan Tata le dispararon en el pecho y a Rasool, en la nuca. Seg\u00fan testigos, el pecho de Zia Faqeer Shah estaba tan acribillado de balas que lo tuvieron que enterrar en trozos. Sus cad\u00e1veres fueron arrojados al arroyo, junto al de Sayed Abdul Hakim.<\/p>\n\n\n\n<p>Tres hombres m\u00e1s fueron tambi\u00e9n asesinados cruelmente en su pueblo. Testigos presenciales dijeron a Amnist\u00eda Internacional que Sayeed Ahmad, de 75 a\u00f1os, insisti\u00f3 en que los talibanes no le iban a hacer da\u00f1o porque era un anciano y que trataba de volver para dar de comer a su ganado. Lo ejecutaron con dos balas en el pecho y otro en un costado.<\/p>\n\n\n\n<p>Zia Marefat, de 28 a\u00f1os, sufr\u00eda depresi\u00f3n y apenas sal\u00eda de su casa en Mundarakht. Se neg\u00f3 a marcharse cuando los talibanes tomaron el control del pueblo el 3 de julio, pero finalmente lo hizo, despu\u00e9s de que su madre y otras personas le rogaron que huyera por su seguridad. Sin embargo, cuando caminaba solo hacia el <em>ilok<\/em>, los talibanes lo capturaron y lo mataron de un disparo en la sien.<\/p>\n\n\n\n<p>Karim Bakhsh Karimi, de 45 a\u00f1os, que ten\u00eda una enfermedad mental no diagnosticada que hac\u00eda que se comportara de forma imprevisible, no huy\u00f3 con el resto de la poblaci\u00f3n. Tambi\u00e9n lo mataron, al estilo de una ejecuci\u00f3n, de un tiro en la cabeza.<\/p>\n\n\n\n<p><strong>Informaci\u00f3n complementaria<\/strong><\/p>\n\n\n\n<p>Los talibanes han tomado el poder en Afganist\u00e1n en los \u00faltimos d\u00edas, tras el colapso del gobierno. Amnist\u00eda Internacional <a href=\"https:\/\/www.amnesty.org\/es\/latest\/news\/2021\/08\/afghanistan-international-community-must-act-decisively-to-avert-further-tragedy\/y\/\" target=\"_blank\" rel=\"noreferrer noopener\">ha pedido que se proteja<\/a> a los miles de afganos y afganas que corren grave riesgo de sufrir represalias de los talibanes, desde intelectuales y periodistas a activistas de la sociedad civil y defensoras de los derechos humanos.<\/p>\n","protected":false},"excerpt":{"rendered":"<p>Combatientes talibanes permanecen al lado de la carretera en Ghazni, el 12 de agosto de 2021. (Foto: AFP v\u00eda Getty Images) \u201cLos combatientes talibanes mataron a nueve hombres de la &hellip;<\/p>\n<p class=\"read-more\"> <a class=\"\" href=\"https:\/\/amnistia.org.mx\/contenido\/index.php\/afganistan-talibanes-responsables-de-brutal-masacre-de-hombres-hazaras-nueva-investigacion\/\"> <span class=\"screen-reader-text\">Afganist\u00e1n: Talibanes responsables de brutal masacre de hombres hazaras: nueva investigaci\u00f3n<\/span> Leer m\u00e1s &raquo;<\/a><\/p>\n","protected":false},"author":4,"featured_media":14391,"comment_status":"open","ping_status":"open","sticky":false,"template":"","format":"standard","meta":{"_uf_show_specific_survey":0,"_uf_disable_surveys":false,"site-sidebar-layout":"default","site-content-layout":"default","ast-global-header-display":"","ast-main-header-display":"","ast-hfb-above-header-display":"","ast-hfb-below-header-display":"","ast-hfb-mobile-header-display":"","site-post-title":"","ast-breadcrumbs-content":"","ast-featured-img":"","footer-sml-layout":"","theme-transparent-header-meta":"default","adv-header-id-meta":"","stick-header-meta":"","header-above-stick-meta":"","header-main-stick-meta":"","header-below-stick-meta":""},"categories":[9],"tags":[40],"acf":[],"aioseo_notices":[],"yoast_head":"<!-- This site is optimized with the Yoast SEO plugin v14.5 - https:\/\/yoast.com\/wordpress\/plugins\/seo\/ -->\n<title>Afganist\u00e1n: Talibanes responsables de brutal masacre de hombres hazaras: nueva investigaci\u00f3n - amnistia.org.mx<\/title>\n<meta name=\"robots\" content=\"index, follow\" \/>\n<meta name=\"googlebot\" content=\"index, follow, max-snippet:-1, max-image-preview:large, max-video-preview:-1\" \/>\n<meta name=\"bingbot\" content=\"index, follow, max-snippet:-1, max-image-preview:large, max-video-preview:-1\" \/>\n<link rel=\"canonical\" href=\"https:\/\/amnistia.org.mx\/contenido\/index.php\/afganistan-talibanes-responsables-de-brutal-masacre-de-hombres-hazaras-nueva-investigacion\/\" \/>\n<meta property=\"og:locale\" content=\"es_MX\" \/>\n<meta property=\"og:type\" content=\"article\" \/>\n<meta property=\"og:title\" content=\"Afganist\u00e1n: Talibanes responsables de brutal masacre de hombres hazaras: nueva investigaci\u00f3n - amnistia.org.mx\" \/>\n<meta property=\"og:description\" content=\"Combatientes talibanes permanecen al lado de la carretera en Ghazni, el 12 de agosto de 2021. (Foto: AFP v\u00eda Getty Images) \u201cLos combatientes talibanes mataron a nueve hombres de la &hellip; Afganist\u00e1n: Talibanes responsables de brutal masacre de hombres hazaras: nueva investigaci\u00f3n Leer m\u00e1s &raquo;\" \/>\n<meta property=\"og:url\" content=\"https:\/\/amnistia.org.mx\/contenido\/index.php\/afganistan-talibanes-responsables-de-brutal-masacre-de-hombres-hazaras-nueva-investigacion\/\" \/>\n<meta property=\"og:site_name\" content=\"amnistia.org.mx\" \/>\n<meta property=\"article:published_time\" content=\"2021-08-23T19:30:22+00:00\" \/>\n<meta property=\"og:image\" content=\"https:\/\/amnistia.org.mx\/contenido\/wp-content\/uploads\/2021\/08\/Foto-ajustada-para-publicar-23-agosto-21.jpg\" \/>\n\t<meta property=\"og:image:width\" content=\"650\" \/>\n\t<meta property=\"og:image:height\" content=\"433\" \/>\n<meta name=\"twitter:card\" content=\"summary_large_image\" \/>\n<script type=\"application\/ld+json\" class=\"yoast-schema-graph\">{\"@context\":\"https:\/\/schema.org\",\"@graph\":[{\"@type\":\"WebSite\",\"@id\":\"https:\/\/amnistia.org.mx\/contenido\/#website\",\"url\":\"https:\/\/amnistia.org.mx\/contenido\/\",\"name\":\"amnistia.org.mx\",\"description\":\"Nueva p\\u00e1gina de Amnist\\u00eda\",\"potentialAction\":[{\"@type\":\"SearchAction\",\"target\":\"https:\/\/amnistia.org.mx\/contenido\/?s={search_term_string}\",\"query-input\":\"required name=search_term_string\"}],\"inLanguage\":\"es-MX\"},{\"@type\":\"ImageObject\",\"@id\":\"https:\/\/amnistia.org.mx\/contenido\/index.php\/afganistan-talibanes-responsables-de-brutal-masacre-de-hombres-hazaras-nueva-investigacion\/#primaryimage\",\"inLanguage\":\"es-MX\",\"url\":\"https:\/\/amnistia.org.mx\/contenido\/wp-content\/uploads\/2021\/08\/Foto-ajustada-para-publicar-23-agosto-21.jpg\",\"width\":650,\"height\":433,\"caption\":\"Taliban fighters stand along the roadside in Ghazni on August 12, 2021, as Taliban move closer to Afghan capital after taking Ghazni city. (Photo by - \/ AFP) (Photo by -\/AFP via Getty Images)\"},{\"@type\":\"WebPage\",\"@id\":\"https:\/\/amnistia.org.mx\/contenido\/index.php\/afganistan-talibanes-responsables-de-brutal-masacre-de-hombres-hazaras-nueva-investigacion\/#webpage\",\"url\":\"https:\/\/amnistia.org.mx\/contenido\/index.php\/afganistan-talibanes-responsables-de-brutal-masacre-de-hombres-hazaras-nueva-investigacion\/\",\"name\":\"Afganist\\u00e1n: Talibanes responsables de brutal masacre de hombres hazaras: nueva investigaci\\u00f3n - amnistia.org.mx\",\"isPartOf\":{\"@id\":\"https:\/\/amnistia.org.mx\/contenido\/#website\"},\"primaryImageOfPage\":{\"@id\":\"https:\/\/amnistia.org.mx\/contenido\/index.php\/afganistan-talibanes-responsables-de-brutal-masacre-de-hombres-hazaras-nueva-investigacion\/#primaryimage\"},\"datePublished\":\"2021-08-23T19:30:22+00:00\",\"dateModified\":\"2021-08-23T19:30:22+00:00\",\"author\":{\"@id\":\"https:\/\/amnistia.org.mx\/contenido\/#\/schema\/person\/7db421c495688267ce8ede4625c17fa5\"},\"breadcrumb\":{\"@id\":\"https:\/\/amnistia.org.mx\/contenido\/index.php\/afganistan-talibanes-responsables-de-brutal-masacre-de-hombres-hazaras-nueva-investigacion\/#breadcrumb\"},\"inLanguage\":\"es-MX\",\"potentialAction\":[{\"@type\":\"ReadAction\",\"target\":[\"https:\/\/amnistia.org.mx\/contenido\/index.php\/afganistan-talibanes-responsables-de-brutal-masacre-de-hombres-hazaras-nueva-investigacion\/\"]}]},{\"@type\":\"BreadcrumbList\",\"@id\":\"https:\/\/amnistia.org.mx\/contenido\/index.php\/afganistan-talibanes-responsables-de-brutal-masacre-de-hombres-hazaras-nueva-investigacion\/#breadcrumb\",\"itemListElement\":[{\"@type\":\"ListItem\",\"position\":1,\"item\":{\"@type\":\"WebPage\",\"@id\":\"https:\/\/amnistia.org.mx\/contenido\/\",\"url\":\"https:\/\/amnistia.org.mx\/contenido\/\",\"name\":\"Home\"}},{\"@type\":\"ListItem\",\"position\":2,\"item\":{\"@type\":\"WebPage\",\"@id\":\"https:\/\/amnistia.org.mx\/contenido\/index.php\/afganistan-talibanes-responsables-de-brutal-masacre-de-hombres-hazaras-nueva-investigacion\/\",\"url\":\"https:\/\/amnistia.org.mx\/contenido\/index.php\/afganistan-talibanes-responsables-de-brutal-masacre-de-hombres-hazaras-nueva-investigacion\/\",\"name\":\"Afganist\\u00e1n: Talibanes responsables de brutal masacre de hombres hazaras: nueva investigaci\\u00f3n\"}}]},{\"@type\":[\"Person\"],\"@id\":\"https:\/\/amnistia.org.mx\/contenido\/#\/schema\/person\/7db421c495688267ce8ede4625c17fa5\",\"name\":\"Alejandro Ju\\u00e1rez Gamero\",\"image\":{\"@type\":\"ImageObject\",\"@id\":\"https:\/\/amnistia.org.mx\/contenido\/#personlogo\",\"inLanguage\":\"es-MX\",\"url\":\"https:\/\/secure.gravatar.com\/avatar\/e312d5566d1c3ffb56f86415d6f0e606?s=96&d=mm&r=g\",\"caption\":\"Alejandro Ju\\u00e1rez Gamero\"}}]}<\/script>\n<!-- \/ Yoast SEO plugin. -->","_links":{"self":[{"href":"https:\/\/amnistia.org.mx\/contenido\/index.php\/wp-json\/wp\/v2\/posts\/14390"}],"collection":[{"href":"https:\/\/amnistia.org.mx\/contenido\/index.php\/wp-json\/wp\/v2\/posts"}],"about":[{"href":"https:\/\/amnistia.org.mx\/contenido\/index.php\/wp-json\/wp\/v2\/types\/post"}],"author":[{"embeddable":true,"href":"https:\/\/amnistia.org.mx\/contenido\/index.php\/wp-json\/wp\/v2\/users\/4"}],"replies":[{"embeddable":true,"href":"https:\/\/amnistia.org.mx\/contenido\/index.php\/wp-json\/wp\/v2\/comments?post=14390"}],"version-history":[{"count":2,"href":"https:\/\/amnistia.org.mx\/contenido\/index.php\/wp-json\/wp\/v2\/posts\/14390\/revisions"}],"predecessor-version":[{"id":14393,"href":"https:\/\/amnistia.org.mx\/contenido\/index.php\/wp-json\/wp\/v2\/posts\/14390\/revisions\/14393"}],"wp:featuredmedia":[{"embeddable":true,"href":"https:\/\/amnistia.org.mx\/contenido\/index.php\/wp-json\/wp\/v2\/media\/14391"}],"wp:attachment":[{"href":"https:\/\/amnistia.org.mx\/contenido\/index.php\/wp-json\/wp\/v2\/media?parent=14390"}],"wp:term":[{"taxonomy":"category","embeddable":true,"href":"https:\/\/amnistia.org.mx\/contenido\/index.php\/wp-json\/wp\/v2\/categories?post=14390"},{"taxonomy":"post_tag","embeddable":true,"href":"https:\/\/amnistia.org.mx\/contenido\/index.php\/wp-json\/wp\/v2\/tags?post=14390"}],"curies":[{"name":"wp","href":"https:\/\/api.w.org\/{rel}","templated":true}]}}