
{"id":14412,"date":"2021-08-25T17:57:12","date_gmt":"2021-08-25T17:57:12","guid":{"rendered":"https:\/\/amnistia.org.mx\/contenido\/?p=14412"},"modified":"2021-08-25T17:57:14","modified_gmt":"2021-08-25T17:57:14","slug":"afganistan-vergonzosa-inaccion-del-periodo-especial-de-sesiones-del-consejo-de-derechos-humanos-de-la-onu-al-no-abordar-la-creciente-crisis-de-derechos-humanos","status":"publish","type":"post","link":"https:\/\/amnistia.org.mx\/contenido\/index.php\/afganistan-vergonzosa-inaccion-del-periodo-especial-de-sesiones-del-consejo-de-derechos-humanos-de-la-onu-al-no-abordar-la-creciente-crisis-de-derechos-humanos\/","title":{"rendered":"Afganist\u00e1n: Vergonzosa inacci\u00f3n del periodo especial de sesiones del Consejo de Derechos Humanos de la ONU al no abordar la creciente crisis de derechos humanos"},"content":{"rendered":"\n<p>Un combatiente talib\u00e1n pasa por delante de un sal\u00f3n de belleza con im\u00e1genes de mujeres desfiguradas con pintura en aerosol en Shar-e-Naw, Kabul, el 18 de agosto de 2021. (Foto: AFP v\u00eda Getty Images).<\/p>\n\n\n\n<p>\u201cEl Consejo de Derechos Humanos de la ONU ha decepcionado al pueblo de Afganist\u00e1n al no establecer un mecanismo independiente para vigilar los cr\u00edmenes de derecho internacional y las violaciones de derechos humanos y abusos que se est\u00e1n cometiendo\u201d, ha declarado hoy Amnist\u00eda Internacional.<\/p>\n\n\n\n<p>En la inauguraci\u00f3n hoy del <a href=\"https:\/\/hrcmeetings.ohchr.org\/HRCSessions\/RegularSessions\/48session\/Pages\/Statements.aspx?SessionId=46&amp;MeetingDate=24\/08\/2021%2000:00:00\" target=\"_blank\" rel=\"noreferrer noopener\">periodo especial de sesiones del Consejo de Derechos Humanos<\/a>, la Comisi\u00f3n Independiente de Derechos Humanos de Afganist\u00e1n, la alta comisionada para los derechos humanos, los procedimientos especiales de la ONU y gran n\u00famero de otras entidades de la sociedad civil \u2014<a href=\"https:\/\/www.amnesty.org\/en\/documents\/ior40\/4641\/2021\/en\/\" target=\"_blank\" rel=\"noreferrer noopener\">incluida Amnist\u00eda Internacional<\/a>\u2014 pidieron en\u00e9rgicamente la creaci\u00f3n de un mecanismo de investigaci\u00f3n s\u00f3lido. Este mecanismo permitir\u00eda observar las violaciones de derechos humanos y abusos, incluidos los cr\u00edmenes graves de derecho internacional, e informar de ellos, as\u00ed como contribuir a que los presuntos responsables penales respondan ante la justicia en juicios justos.<\/p>\n\n\n\n<p>Sin embargo, los Estados miembros del Consejo ignoraron los llamamientos y adoptaron por consenso una d\u00e9bil resoluci\u00f3n que se limita a pedir m\u00e1s informes y una actualizaci\u00f3n de la alta comisionada de derechos humanos en marzo de 2022, algo que poco a\u00f1ade al proceso de supervisi\u00f3n ya establecido.<\/p>\n\n\n\n<p>\u201cEl periodo especial de sesiones del Consejo de Derechos Humanos de la ONU no ha dado una respuesta cre\u00edble a la creciente crisis de derechos humanos de Afganist\u00e1n. Los Estados miembros han ignorado los llamamientos, claros y constantes, de la sociedad civil y de actores de la ONU en favor de un mecanismo de vigilancia s\u00f3lido\u201d, manifest\u00f3 Agn\u00e8s Callamard, secretaria general de Amnist\u00eda Internacional.<\/p>\n\n\n\n<p>\u201cMuchas personas corren ya un grave riesgo de sufrir ataques de represalia en Afganist\u00e1n. La comunidad internacional no debe traicionarlas, sino aumentar con urgencia los esfuerzos para garantizar la evacuaci\u00f3n sin riesgos de quienes deseen marcharse. Los Estados deben pasar de las palabras a los hechos y adoptar medidas significativas para protegerlas.<\/p>\n\n\n\n<p>\u201cLa reciente investigaci\u00f3n en el terreno de Amnist\u00eda Internacional sobre la masacre de hombres hazaras en la provincia de Ghazni demuestra que la capacidad de los talibanes para el asesinato y la tortura no ha disminuido.<\/p>\n\n\n\n<p>\u201cLos Estados miembros de la ONU deben corregir la inacci\u00f3n de hoy cuando el Consejo de Derechos Humanos vuelva a reunirse dentro de unas semanas. Hace falta con urgencia un mecanismo de investigaci\u00f3n en\u00e9rgico con el mandato de documentar los cr\u00edmenes y las violaciones de derechos humanos que se est\u00e1n cometiendo en todo Afganist\u00e1n, y recoger y preservar las pruebas\u201d.<\/p>\n\n\n\n<p><strong>Informaci\u00f3n complementaria<\/strong><strong><\/strong><\/p>\n\n\n\n<p>Los talibanes han tomado el poder en Afganist\u00e1n en las \u00faltimas semanas, tras el colapso del anterior gobierno. Amnist\u00eda Internacional <a href=\"https:\/\/www.amnesty.org\/en\/latest\/news\/2021\/08\/afghanistan-international-community-must-act-decisively-to-avert-further-tragedy\/\" target=\"_blank\" rel=\"noreferrer noopener\">ha pedido que se proteja<\/a> a los miles de personas que corren grave riesgo de sufrir represalias de los talibanes, desde intelectuales y periodistas a activistas de la sociedad civil y defensoras de los derechos humanos.<\/p>\n\n\n\n<p>La semana pasada, <a href=\"https:\/\/www.amnesty.org\/en\/latest\/news\/2021\/08\/afghanistan-taliban-responsible-for-brutal-massacre-of-hazara-men-new-investigation\/\" target=\"_blank\" rel=\"noreferrer noopener\">Amnist\u00eda Internacional revel\u00f3<\/a> que los talibanes hab\u00edan sido responsables de una masacre de nueve hombres de la etnia hazara tras tomar el control de la provincia de Ghazni en julio de 2021. Es probable que estos brutales asesinatos representen una fracci\u00f3n m\u00ednima del total de muertes infligidas hasta la fecha por los talibanes tras las recientes conquistas territoriales, pues el grupo ha cortado el servicio de telefon\u00eda m\u00f3vil en muchas de las zonas que ha capturado impidiendo que salga informaci\u00f3n de ellas.<\/p>\n","protected":false},"excerpt":{"rendered":"<p>Un combatiente talib\u00e1n pasa por delante de un sal\u00f3n de belleza con im\u00e1genes de mujeres desfiguradas con pintura en aerosol en Shar-e-Naw, Kabul, el 18 de agosto de 2021. (Foto: &hellip;<\/p>\n<p class=\"read-more\"> <a class=\"\" href=\"https:\/\/amnistia.org.mx\/contenido\/index.php\/afganistan-vergonzosa-inaccion-del-periodo-especial-de-sesiones-del-consejo-de-derechos-humanos-de-la-onu-al-no-abordar-la-creciente-crisis-de-derechos-humanos\/\"> <span class=\"screen-reader-text\">Afganist\u00e1n: Vergonzosa inacci\u00f3n del periodo especial de sesiones del Consejo de Derechos Humanos de la ONU al no abordar la creciente crisis de derechos humanos<\/span> Leer m\u00e1s &raquo;<\/a><\/p>\n","protected":false},"author":4,"featured_media":14414,"comment_status":"open","ping_status":"open","sticky":false,"template":"","format":"standard","meta":{"_uf_show_specific_survey":0,"_uf_disable_surveys":false,"site-sidebar-layout":"default","site-content-layout":"default","ast-global-header-display":"","ast-main-header-display":"","ast-hfb-above-header-display":"","ast-hfb-below-header-display":"","ast-hfb-mobile-header-display":"","site-post-title":"","ast-breadcrumbs-content":"","ast-featured-img":"","footer-sml-layout":"","theme-transparent-header-meta":"default","adv-header-id-meta":"","stick-header-meta":"","header-above-stick-meta":"","header-main-stick-meta":"","header-below-stick-meta":""},"categories":[9],"tags":[40],"acf":[],"aioseo_notices":[],"yoast_head":"<!-- This site is optimized with the Yoast SEO plugin v14.5 - https:\/\/yoast.com\/wordpress\/plugins\/seo\/ -->\n<title>Afganist\u00e1n: Vergonzosa inacci\u00f3n del periodo especial de sesiones del Consejo de Derechos Humanos de la ONU al no abordar la creciente crisis de derechos humanos - amnistia.org.mx<\/title>\n<meta name=\"robots\" content=\"index, follow\" \/>\n<meta name=\"googlebot\" content=\"index, follow, max-snippet:-1, max-image-preview:large, max-video-preview:-1\" \/>\n<meta name=\"bingbot\" content=\"index, follow, max-snippet:-1, max-image-preview:large, max-video-preview:-1\" \/>\n<link rel=\"canonical\" href=\"https:\/\/amnistia.org.mx\/contenido\/index.php\/afganistan-vergonzosa-inaccion-del-periodo-especial-de-sesiones-del-consejo-de-derechos-humanos-de-la-onu-al-no-abordar-la-creciente-crisis-de-derechos-humanos\/\" \/>\n<meta property=\"og:locale\" content=\"es_MX\" \/>\n<meta property=\"og:type\" content=\"article\" \/>\n<meta property=\"og:title\" content=\"Afganist\u00e1n: Vergonzosa inacci\u00f3n del periodo especial de sesiones del Consejo de Derechos Humanos de la ONU al no abordar la creciente crisis de derechos humanos - amnistia.org.mx\" \/>\n<meta property=\"og:description\" content=\"Un combatiente talib\u00e1n pasa por delante de un sal\u00f3n de belleza con im\u00e1genes de mujeres desfiguradas con pintura en aerosol en Shar-e-Naw, Kabul, el 18 de agosto de 2021. (Foto: &hellip; Afganist\u00e1n: Vergonzosa inacci\u00f3n del periodo especial de sesiones del Consejo de Derechos Humanos de la ONU al no abordar la creciente crisis de derechos humanos Leer m\u00e1s &raquo;\" \/>\n<meta property=\"og:url\" content=\"https:\/\/amnistia.org.mx\/contenido\/index.php\/afganistan-vergonzosa-inaccion-del-periodo-especial-de-sesiones-del-consejo-de-derechos-humanos-de-la-onu-al-no-abordar-la-creciente-crisis-de-derechos-humanos\/\" \/>\n<meta property=\"og:site_name\" content=\"amnistia.org.mx\" \/>\n<meta property=\"article:published_time\" content=\"2021-08-25T17:57:12+00:00\" \/>\n<meta property=\"article:modified_time\" content=\"2021-08-25T17:57:14+00:00\" \/>\n<meta property=\"og:image\" content=\"https:\/\/amnistia.org.mx\/contenido\/wp-content\/uploads\/2021\/08\/Foto-ajustada-25-agosto-21-1.jpg\" \/>\n\t<meta property=\"og:image:width\" content=\"650\" \/>\n\t<meta property=\"og:image:height\" content=\"433\" \/>\n<meta name=\"twitter:card\" content=\"summary_large_image\" \/>\n<script type=\"application\/ld+json\" class=\"yoast-schema-graph\">{\"@context\":\"https:\/\/schema.org\",\"@graph\":[{\"@type\":\"WebSite\",\"@id\":\"https:\/\/amnistia.org.mx\/contenido\/#website\",\"url\":\"https:\/\/amnistia.org.mx\/contenido\/\",\"name\":\"amnistia.org.mx\",\"description\":\"Nueva p\\u00e1gina de Amnist\\u00eda\",\"potentialAction\":[{\"@type\":\"SearchAction\",\"target\":\"https:\/\/amnistia.org.mx\/contenido\/?s={search_term_string}\",\"query-input\":\"required name=search_term_string\"}],\"inLanguage\":\"es-MX\"},{\"@type\":\"ImageObject\",\"@id\":\"https:\/\/amnistia.org.mx\/contenido\/index.php\/afganistan-vergonzosa-inaccion-del-periodo-especial-de-sesiones-del-consejo-de-derechos-humanos-de-la-onu-al-no-abordar-la-creciente-crisis-de-derechos-humanos\/#primaryimage\",\"inLanguage\":\"es-MX\",\"url\":\"https:\/\/amnistia.org.mx\/contenido\/wp-content\/uploads\/2021\/08\/Foto-ajustada-25-agosto-21-1.jpg\",\"width\":650,\"height\":433,\"caption\":\"TOPSHOT - A Taliban fighter walks past a beauty salon with images of women defaced using spray paint in Shar-e-Naw in Kabul on August 18, 2021. (Photo by Wakil KOHSAR \/ AFP) (Photo by WAKIL KOHSAR\/AFP via Getty Images)\"},{\"@type\":\"WebPage\",\"@id\":\"https:\/\/amnistia.org.mx\/contenido\/index.php\/afganistan-vergonzosa-inaccion-del-periodo-especial-de-sesiones-del-consejo-de-derechos-humanos-de-la-onu-al-no-abordar-la-creciente-crisis-de-derechos-humanos\/#webpage\",\"url\":\"https:\/\/amnistia.org.mx\/contenido\/index.php\/afganistan-vergonzosa-inaccion-del-periodo-especial-de-sesiones-del-consejo-de-derechos-humanos-de-la-onu-al-no-abordar-la-creciente-crisis-de-derechos-humanos\/\",\"name\":\"Afganist\\u00e1n: Vergonzosa inacci\\u00f3n del periodo especial de sesiones del Consejo de Derechos Humanos de la ONU al no abordar la creciente crisis de derechos humanos - amnistia.org.mx\",\"isPartOf\":{\"@id\":\"https:\/\/amnistia.org.mx\/contenido\/#website\"},\"primaryImageOfPage\":{\"@id\":\"https:\/\/amnistia.org.mx\/contenido\/index.php\/afganistan-vergonzosa-inaccion-del-periodo-especial-de-sesiones-del-consejo-de-derechos-humanos-de-la-onu-al-no-abordar-la-creciente-crisis-de-derechos-humanos\/#primaryimage\"},\"datePublished\":\"2021-08-25T17:57:12+00:00\",\"dateModified\":\"2021-08-25T17:57:14+00:00\",\"author\":{\"@id\":\"https:\/\/amnistia.org.mx\/contenido\/#\/schema\/person\/7db421c495688267ce8ede4625c17fa5\"},\"breadcrumb\":{\"@id\":\"https:\/\/amnistia.org.mx\/contenido\/index.php\/afganistan-vergonzosa-inaccion-del-periodo-especial-de-sesiones-del-consejo-de-derechos-humanos-de-la-onu-al-no-abordar-la-creciente-crisis-de-derechos-humanos\/#breadcrumb\"},\"inLanguage\":\"es-MX\",\"potentialAction\":[{\"@type\":\"ReadAction\",\"target\":[\"https:\/\/amnistia.org.mx\/contenido\/index.php\/afganistan-vergonzosa-inaccion-del-periodo-especial-de-sesiones-del-consejo-de-derechos-humanos-de-la-onu-al-no-abordar-la-creciente-crisis-de-derechos-humanos\/\"]}]},{\"@type\":\"BreadcrumbList\",\"@id\":\"https:\/\/amnistia.org.mx\/contenido\/index.php\/afganistan-vergonzosa-inaccion-del-periodo-especial-de-sesiones-del-consejo-de-derechos-humanos-de-la-onu-al-no-abordar-la-creciente-crisis-de-derechos-humanos\/#breadcrumb\",\"itemListElement\":[{\"@type\":\"ListItem\",\"position\":1,\"item\":{\"@type\":\"WebPage\",\"@id\":\"https:\/\/amnistia.org.mx\/contenido\/\",\"url\":\"https:\/\/amnistia.org.mx\/contenido\/\",\"name\":\"Home\"}},{\"@type\":\"ListItem\",\"position\":2,\"item\":{\"@type\":\"WebPage\",\"@id\":\"https:\/\/amnistia.org.mx\/contenido\/index.php\/afganistan-vergonzosa-inaccion-del-periodo-especial-de-sesiones-del-consejo-de-derechos-humanos-de-la-onu-al-no-abordar-la-creciente-crisis-de-derechos-humanos\/\",\"url\":\"https:\/\/amnistia.org.mx\/contenido\/index.php\/afganistan-vergonzosa-inaccion-del-periodo-especial-de-sesiones-del-consejo-de-derechos-humanos-de-la-onu-al-no-abordar-la-creciente-crisis-de-derechos-humanos\/\",\"name\":\"Afganist\\u00e1n: Vergonzosa inacci\\u00f3n del periodo especial de sesiones del Consejo de Derechos Humanos de la ONU al no abordar la creciente crisis de derechos humanos\"}}]},{\"@type\":[\"Person\"],\"@id\":\"https:\/\/amnistia.org.mx\/contenido\/#\/schema\/person\/7db421c495688267ce8ede4625c17fa5\",\"name\":\"Alejandro Ju\\u00e1rez Gamero\",\"image\":{\"@type\":\"ImageObject\",\"@id\":\"https:\/\/amnistia.org.mx\/contenido\/#personlogo\",\"inLanguage\":\"es-MX\",\"url\":\"https:\/\/secure.gravatar.com\/avatar\/e312d5566d1c3ffb56f86415d6f0e606?s=96&d=mm&r=g\",\"caption\":\"Alejandro Ju\\u00e1rez Gamero\"}}]}<\/script>\n<!-- \/ Yoast SEO plugin. -->","_links":{"self":[{"href":"https:\/\/amnistia.org.mx\/contenido\/index.php\/wp-json\/wp\/v2\/posts\/14412"}],"collection":[{"href":"https:\/\/amnistia.org.mx\/contenido\/index.php\/wp-json\/wp\/v2\/posts"}],"about":[{"href":"https:\/\/amnistia.org.mx\/contenido\/index.php\/wp-json\/wp\/v2\/types\/post"}],"author":[{"embeddable":true,"href":"https:\/\/amnistia.org.mx\/contenido\/index.php\/wp-json\/wp\/v2\/users\/4"}],"replies":[{"embeddable":true,"href":"https:\/\/amnistia.org.mx\/contenido\/index.php\/wp-json\/wp\/v2\/comments?post=14412"}],"version-history":[{"count":1,"href":"https:\/\/amnistia.org.mx\/contenido\/index.php\/wp-json\/wp\/v2\/posts\/14412\/revisions"}],"predecessor-version":[{"id":14415,"href":"https:\/\/amnistia.org.mx\/contenido\/index.php\/wp-json\/wp\/v2\/posts\/14412\/revisions\/14415"}],"wp:featuredmedia":[{"embeddable":true,"href":"https:\/\/amnistia.org.mx\/contenido\/index.php\/wp-json\/wp\/v2\/media\/14414"}],"wp:attachment":[{"href":"https:\/\/amnistia.org.mx\/contenido\/index.php\/wp-json\/wp\/v2\/media?parent=14412"}],"wp:term":[{"taxonomy":"category","embeddable":true,"href":"https:\/\/amnistia.org.mx\/contenido\/index.php\/wp-json\/wp\/v2\/categories?post=14412"},{"taxonomy":"post_tag","embeddable":true,"href":"https:\/\/amnistia.org.mx\/contenido\/index.php\/wp-json\/wp\/v2\/tags?post=14412"}],"curies":[{"name":"wp","href":"https:\/\/api.w.org\/{rel}","templated":true}]}}