
{"id":14512,"date":"2021-09-09T15:39:40","date_gmt":"2021-09-09T15:39:40","guid":{"rendered":"https:\/\/amnistia.org.mx\/contenido\/?p=14512"},"modified":"2021-09-09T15:39:41","modified_gmt":"2021-09-09T15:39:41","slug":"llamamiento-abierto-a-los-estados-miembros-de-la-onu-para-que-garanticen-la-adopcion-de-una-resolucion-por-la-que-se-cree-un-mecanismo-de-investigacion-sobre-afganistan-en-el-48o-periodo-de-sesiones-d","status":"publish","type":"post","link":"https:\/\/amnistia.org.mx\/contenido\/index.php\/llamamiento-abierto-a-los-estados-miembros-de-la-onu-para-que-garanticen-la-adopcion-de-una-resolucion-por-la-que-se-cree-un-mecanismo-de-investigacion-sobre-afganistan-en-el-48o-periodo-de-sesiones-d\/","title":{"rendered":"Llamamiento abierto a los Estados miembros de la ONU para que garanticen la adopci\u00f3n de una resoluci\u00f3n por la que se cree un mecanismo de investigaci\u00f3n sobre Afganist\u00e1n en el 48\u00ba periodo de sesiones del Consejo de Derechos Humanos de la ONU"},"content":{"rendered":"\n<p>En este llamamiento abierto a los Estados miembros de la ONU, m\u00e1s de cincuenta organizaciones nacionales, regionales e internacionales piden a los Estados miembros de la ONU que garanticen la adopci\u00f3n de una resoluci\u00f3n s\u00f3lida por la que se establezca una misi\u00f3n de investigaci\u00f3n o un mecanismo de investigaci\u00f3n independiente similar sobre Afganist\u00e1n como cuesti\u00f3n prioritaria en el pr\u00f3ximo 48\u00ba periodo ordinario de sesiones del Consejo de Derechos Humanos de la ONU (13 septiembre \u2013 8 octubre 2021).<\/p>\n\n\n\n<div class=\"is-layout-flex wp-block-buttons aligncenter\">\n<div class=\"wp-block-button\"><a class=\"wp-block-button__link has-text-color has-very-dark-gray-color\" href=\"https:\/\/amnistia.org.mx\/contenido\/wp-content\/uploads\/2021\/09\/IOR4046942021SPANISH.pdf\" target=\"_blank\" rel=\"noreferrer noopener\"><strong>DESCARGAR<\/strong><\/a><\/div>\n<\/div>\n","protected":false},"excerpt":{"rendered":"<p>En este llamamiento abierto a los Estados miembros de la ONU, m\u00e1s de cincuenta organizaciones nacionales, regionales e internacionales piden a los Estados miembros de la ONU que garanticen la &hellip;<\/p>\n<p class=\"read-more\"> <a class=\"\" href=\"https:\/\/amnistia.org.mx\/contenido\/index.php\/llamamiento-abierto-a-los-estados-miembros-de-la-onu-para-que-garanticen-la-adopcion-de-una-resolucion-por-la-que-se-cree-un-mecanismo-de-investigacion-sobre-afganistan-en-el-48o-periodo-de-sesiones-d\/\"> <span class=\"screen-reader-text\">Llamamiento abierto a los Estados miembros de la ONU para que garanticen la adopci\u00f3n de una resoluci\u00f3n por la que se cree un mecanismo de investigaci\u00f3n sobre Afganist\u00e1n en el 48\u00ba periodo de sesiones del Consejo de Derechos Humanos de la ONU<\/span> Leer m\u00e1s &raquo;<\/a><\/p>\n","protected":false},"author":8,"featured_media":14515,"comment_status":"closed","ping_status":"closed","sticky":false,"template":"","format":"standard","meta":{"_uf_show_specific_survey":0,"_uf_disable_surveys":false,"site-sidebar-layout":"default","site-content-layout":"default","ast-global-header-display":"","ast-main-header-display":"","ast-hfb-above-header-display":"","ast-hfb-below-header-display":"","ast-hfb-mobile-header-display":"","site-post-title":"","ast-breadcrumbs-content":"","ast-featured-img":"","footer-sml-layout":"","theme-transparent-header-meta":"default","adv-header-id-meta":"","stick-header-meta":"","header-above-stick-meta":"","header-main-stick-meta":"","header-below-stick-meta":""},"categories":[9,1],"tags":[40],"acf":[],"aioseo_notices":[],"yoast_head":"<!-- This site is optimized with the Yoast SEO plugin v14.5 - https:\/\/yoast.com\/wordpress\/plugins\/seo\/ -->\n<title>Llamamiento abierto a los Estados miembros de la ONU para que garanticen la adopci\u00f3n de una resoluci\u00f3n por la que se cree un mecanismo de investigaci\u00f3n sobre Afganist\u00e1n en el 48\u00ba periodo de sesiones del Consejo de Derechos Humanos de la ONU - amnistia.org.mx<\/title>\n<meta name=\"robots\" content=\"index, follow\" \/>\n<meta name=\"googlebot\" content=\"index, follow, max-snippet:-1, max-image-preview:large, max-video-preview:-1\" \/>\n<meta name=\"bingbot\" content=\"index, follow, max-snippet:-1, max-image-preview:large, max-video-preview:-1\" \/>\n<link rel=\"canonical\" href=\"https:\/\/amnistia.org.mx\/contenido\/index.php\/llamamiento-abierto-a-los-estados-miembros-de-la-onu-para-que-garanticen-la-adopcion-de-una-resolucion-por-la-que-se-cree-un-mecanismo-de-investigacion-sobre-afganistan-en-el-48o-periodo-de-sesiones-d\/\" \/>\n<meta property=\"og:locale\" content=\"es_MX\" \/>\n<meta property=\"og:type\" content=\"article\" \/>\n<meta property=\"og:title\" content=\"Llamamiento abierto a los Estados miembros de la ONU para que garanticen la adopci\u00f3n de una resoluci\u00f3n por la que se cree un mecanismo de investigaci\u00f3n sobre Afganist\u00e1n en el 48\u00ba periodo de sesiones del Consejo de Derechos Humanos de la ONU - amnistia.org.mx\" \/>\n<meta property=\"og:description\" content=\"En este llamamiento abierto a los Estados miembros de la ONU, m\u00e1s de cincuenta organizaciones nacionales, regionales e internacionales piden a los Estados miembros de la ONU que garanticen la &hellip; Llamamiento abierto a los Estados miembros de la ONU para que garanticen la adopci\u00f3n de una resoluci\u00f3n por la que se cree un mecanismo de investigaci\u00f3n sobre Afganist\u00e1n en el 48\u00ba periodo de sesiones del Consejo de Derechos Humanos de la ONU Leer m\u00e1s &raquo;\" \/>\n<meta property=\"og:url\" content=\"https:\/\/amnistia.org.mx\/contenido\/index.php\/llamamiento-abierto-a-los-estados-miembros-de-la-onu-para-que-garanticen-la-adopcion-de-una-resolucion-por-la-que-se-cree-un-mecanismo-de-investigacion-sobre-afganistan-en-el-48o-periodo-de-sesiones-d\/\" \/>\n<meta property=\"og:site_name\" content=\"amnistia.org.mx\" \/>\n<meta property=\"article:published_time\" content=\"2021-09-09T15:39:40+00:00\" \/>\n<meta property=\"article:modified_time\" content=\"2021-09-09T15:39:41+00:00\" \/>\n<meta property=\"og:image\" content=\"https:\/\/amnistia.org.mx\/contenido\/wp-content\/uploads\/2021\/09\/AFP-via-Getty-Images-baja.png\" \/>\n\t<meta property=\"og:image:width\" content=\"1060\" \/>\n\t<meta property=\"og:image:height\" content=\"707\" \/>\n<meta name=\"twitter:card\" content=\"summary_large_image\" \/>\n<script type=\"application\/ld+json\" class=\"yoast-schema-graph\">{\"@context\":\"https:\/\/schema.org\",\"@graph\":[{\"@type\":\"WebSite\",\"@id\":\"https:\/\/amnistia.org.mx\/contenido\/#website\",\"url\":\"https:\/\/amnistia.org.mx\/contenido\/\",\"name\":\"amnistia.org.mx\",\"description\":\"Nueva p\\u00e1gina de Amnist\\u00eda\",\"potentialAction\":[{\"@type\":\"SearchAction\",\"target\":\"https:\/\/amnistia.org.mx\/contenido\/?s={search_term_string}\",\"query-input\":\"required name=search_term_string\"}],\"inLanguage\":\"es-MX\"},{\"@type\":\"ImageObject\",\"@id\":\"https:\/\/amnistia.org.mx\/contenido\/index.php\/llamamiento-abierto-a-los-estados-miembros-de-la-onu-para-que-garanticen-la-adopcion-de-una-resolucion-por-la-que-se-cree-un-mecanismo-de-investigacion-sobre-afganistan-en-el-48o-periodo-de-sesiones-d\/#primaryimage\",\"inLanguage\":\"es-MX\",\"url\":\"https:\/\/amnistia.org.mx\/contenido\/wp-content\/uploads\/2021\/09\/AFP-via-Getty-Images-baja.png\",\"width\":1060,\"height\":707},{\"@type\":\"WebPage\",\"@id\":\"https:\/\/amnistia.org.mx\/contenido\/index.php\/llamamiento-abierto-a-los-estados-miembros-de-la-onu-para-que-garanticen-la-adopcion-de-una-resolucion-por-la-que-se-cree-un-mecanismo-de-investigacion-sobre-afganistan-en-el-48o-periodo-de-sesiones-d\/#webpage\",\"url\":\"https:\/\/amnistia.org.mx\/contenido\/index.php\/llamamiento-abierto-a-los-estados-miembros-de-la-onu-para-que-garanticen-la-adopcion-de-una-resolucion-por-la-que-se-cree-un-mecanismo-de-investigacion-sobre-afganistan-en-el-48o-periodo-de-sesiones-d\/\",\"name\":\"Llamamiento abierto a los Estados miembros de la ONU para que garanticen la adopci\\u00f3n de una resoluci\\u00f3n por la que se cree un mecanismo de investigaci\\u00f3n sobre Afganist\\u00e1n en el 48\\u00ba periodo de sesiones del Consejo de Derechos Humanos de la ONU - amnistia.org.mx\",\"isPartOf\":{\"@id\":\"https:\/\/amnistia.org.mx\/contenido\/#website\"},\"primaryImageOfPage\":{\"@id\":\"https:\/\/amnistia.org.mx\/contenido\/index.php\/llamamiento-abierto-a-los-estados-miembros-de-la-onu-para-que-garanticen-la-adopcion-de-una-resolucion-por-la-que-se-cree-un-mecanismo-de-investigacion-sobre-afganistan-en-el-48o-periodo-de-sesiones-d\/#primaryimage\"},\"datePublished\":\"2021-09-09T15:39:40+00:00\",\"dateModified\":\"2021-09-09T15:39:41+00:00\",\"author\":{\"@id\":\"https:\/\/amnistia.org.mx\/contenido\/#\/schema\/person\/2d2b29996a9513767aea81f8ae57bdeb\"},\"breadcrumb\":{\"@id\":\"https:\/\/amnistia.org.mx\/contenido\/index.php\/llamamiento-abierto-a-los-estados-miembros-de-la-onu-para-que-garanticen-la-adopcion-de-una-resolucion-por-la-que-se-cree-un-mecanismo-de-investigacion-sobre-afganistan-en-el-48o-periodo-de-sesiones-d\/#breadcrumb\"},\"inLanguage\":\"es-MX\",\"potentialAction\":[{\"@type\":\"ReadAction\",\"target\":[\"https:\/\/amnistia.org.mx\/contenido\/index.php\/llamamiento-abierto-a-los-estados-miembros-de-la-onu-para-que-garanticen-la-adopcion-de-una-resolucion-por-la-que-se-cree-un-mecanismo-de-investigacion-sobre-afganistan-en-el-48o-periodo-de-sesiones-d\/\"]}]},{\"@type\":\"BreadcrumbList\",\"@id\":\"https:\/\/amnistia.org.mx\/contenido\/index.php\/llamamiento-abierto-a-los-estados-miembros-de-la-onu-para-que-garanticen-la-adopcion-de-una-resolucion-por-la-que-se-cree-un-mecanismo-de-investigacion-sobre-afganistan-en-el-48o-periodo-de-sesiones-d\/#breadcrumb\",\"itemListElement\":[{\"@type\":\"ListItem\",\"position\":1,\"item\":{\"@type\":\"WebPage\",\"@id\":\"https:\/\/amnistia.org.mx\/contenido\/\",\"url\":\"https:\/\/amnistia.org.mx\/contenido\/\",\"name\":\"Home\"}},{\"@type\":\"ListItem\",\"position\":2,\"item\":{\"@type\":\"WebPage\",\"@id\":\"https:\/\/amnistia.org.mx\/contenido\/index.php\/llamamiento-abierto-a-los-estados-miembros-de-la-onu-para-que-garanticen-la-adopcion-de-una-resolucion-por-la-que-se-cree-un-mecanismo-de-investigacion-sobre-afganistan-en-el-48o-periodo-de-sesiones-d\/\",\"url\":\"https:\/\/amnistia.org.mx\/contenido\/index.php\/llamamiento-abierto-a-los-estados-miembros-de-la-onu-para-que-garanticen-la-adopcion-de-una-resolucion-por-la-que-se-cree-un-mecanismo-de-investigacion-sobre-afganistan-en-el-48o-periodo-de-sesiones-d\/\",\"name\":\"Llamamiento abierto a los Estados miembros de la ONU para que garanticen la adopci\\u00f3n de una resoluci\\u00f3n por la que se cree un mecanismo de investigaci\\u00f3n sobre Afganist\\u00e1n en el 48\\u00ba periodo de sesiones del Consejo de Derechos Humanos de la ONU\"}}]},{\"@type\":[\"Person\"],\"@id\":\"https:\/\/amnistia.org.mx\/contenido\/#\/schema\/person\/2d2b29996a9513767aea81f8ae57bdeb\",\"name\":\"Carolina Flores\",\"image\":{\"@type\":\"ImageObject\",\"@id\":\"https:\/\/amnistia.org.mx\/contenido\/#personlogo\",\"inLanguage\":\"es-MX\",\"url\":\"https:\/\/secure.gravatar.com\/avatar\/e2d29811923c60594035966b365ce272?s=96&d=mm&r=g\",\"caption\":\"Carolina Flores\"}}]}<\/script>\n<!-- \/ Yoast SEO plugin. -->","_links":{"self":[{"href":"https:\/\/amnistia.org.mx\/contenido\/index.php\/wp-json\/wp\/v2\/posts\/14512"}],"collection":[{"href":"https:\/\/amnistia.org.mx\/contenido\/index.php\/wp-json\/wp\/v2\/posts"}],"about":[{"href":"https:\/\/amnistia.org.mx\/contenido\/index.php\/wp-json\/wp\/v2\/types\/post"}],"author":[{"embeddable":true,"href":"https:\/\/amnistia.org.mx\/contenido\/index.php\/wp-json\/wp\/v2\/users\/8"}],"replies":[{"embeddable":true,"href":"https:\/\/amnistia.org.mx\/contenido\/index.php\/wp-json\/wp\/v2\/comments?post=14512"}],"version-history":[{"count":1,"href":"https:\/\/amnistia.org.mx\/contenido\/index.php\/wp-json\/wp\/v2\/posts\/14512\/revisions"}],"predecessor-version":[{"id":14516,"href":"https:\/\/amnistia.org.mx\/contenido\/index.php\/wp-json\/wp\/v2\/posts\/14512\/revisions\/14516"}],"wp:featuredmedia":[{"embeddable":true,"href":"https:\/\/amnistia.org.mx\/contenido\/index.php\/wp-json\/wp\/v2\/media\/14515"}],"wp:attachment":[{"href":"https:\/\/amnistia.org.mx\/contenido\/index.php\/wp-json\/wp\/v2\/media?parent=14512"}],"wp:term":[{"taxonomy":"category","embeddable":true,"href":"https:\/\/amnistia.org.mx\/contenido\/index.php\/wp-json\/wp\/v2\/categories?post=14512"},{"taxonomy":"post_tag","embeddable":true,"href":"https:\/\/amnistia.org.mx\/contenido\/index.php\/wp-json\/wp\/v2\/tags?post=14512"}],"curies":[{"name":"wp","href":"https:\/\/api.w.org\/{rel}","templated":true}]}}