
{"id":14845,"date":"2021-10-18T19:00:00","date_gmt":"2021-10-18T19:00:00","guid":{"rendered":"https:\/\/amnistia.org.mx\/contenido\/?p=14845"},"modified":"2021-10-18T18:18:36","modified_gmt":"2021-10-18T18:18:36","slug":"covid-19-el-ataque-global-a-la-libertad-de-expresion-tiene-un-peligroso-impacto-en-la-crisis-de-salud-publica","status":"publish","type":"post","link":"https:\/\/amnistia.org.mx\/contenido\/index.php\/covid-19-el-ataque-global-a-la-libertad-de-expresion-tiene-un-peligroso-impacto-en-la-crisis-de-salud-publica\/","title":{"rendered":"Covid-19: El ataque global a la libertad de expresi\u00f3n tiene un peligroso impacto en la crisis de salud p\u00fablica"},"content":{"rendered":"\n<p>Los ataques a la libertad de expresi\u00f3n por parte de los gobiernos, combinados con una avalancha de informaci\u00f3n err\u00f3nea en todo el mundo durante la pandemia de Covid-19, han tenido un impacto devastador en la capacidad de las personas para acceder a informaci\u00f3n precisa y oportuna que les ayude a hacer frente a la floreciente crisis sanitaria mundial, ha declarado hoy Amnist\u00eda Internacional en un nuevo informe.<\/p>\n\n\n\n<p><strong><a href=\"https:\/\/amnistia.org.mx\/contenido\/index.php\/silenciamiento-y-desinformacion-la-libertad-de-expresion-en-peligro-durante-la-pandemia-de-covid-19\/\">Silenciados y desinformados: La libertad de expresi\u00f3n en peligro durante Covid-19<\/a> <\/strong>revela c\u00f3mo la confianza de los gobiernos y las autoridades en la censura y el castigo a lo largo de la crisis ha reducido la calidad de la informaci\u00f3n que llega a la gente. La pandemia ha propiciado una peligrosa situaci\u00f3n en la que los gobiernos est\u00e1n utilizando la nueva legislaci\u00f3n para acallar la informaci\u00f3n independiente, as\u00ed como para atacar a las personas que han sido directamente cr\u00edticas o incluso han intentado investigar la respuesta de su gobierno a Covid-19.<\/p>\n\n\n\n<p>&#8220;A lo largo de la pandemia, los gobiernos han lanzado un ataque sin precedentes contra la libertad de expresi\u00f3n, restringiendo gravemente los derechos de las personas. Los canales de comunicaci\u00f3n han sido objeto de ataques, las redes sociales han sido censuradas y los medios de comunicaci\u00f3n han sido clausurados, lo que ha tenido un impacto nefasto en la capacidad del p\u00fablico para acceder a informaci\u00f3n vital sobre c\u00f3mo hacer frente al Covid-19&#8221;, ha declarado el Director General de Investigaci\u00f3n, Promoci\u00f3n y Pol\u00edtica xzde Amnist\u00eda Internacional, Rajat Khosla.<\/p>\n\n\n\n<p>&#8220;En medio de una pandemia, se ha silenciado y encarcelado a periodistas y profesionales de la salud. Como resultado, la gente no ha podido acceder a la informaci\u00f3n sobre el Covid-19, incluyendo c\u00f3mo protegerse a s\u00ed mismos y a sus comunidades. Aproximadamente cinco millones de personas han perdido la vida a causa del Covid-19 y la falta de informaci\u00f3n habr\u00e1 sido probablemente un factor contribuyente\u201d.<\/p>\n\n\n\n<p>El gobierno de China tiene un largo historial de control de la libertad de expresi\u00f3n. Durante los primeros d\u00edas de la pandemia, los trabajadores sanitarios y los periodistas profesionales y ciudadanos intentaron dar la alarma ya en diciembre de 2019. Sin embargo, fueron blanco del gobierno por informar sobre el brote de lo que entonces era una enfermedad desconocida. En febrero de 2020, se hab\u00edan abierto 5.511 investigaciones penales contra personas que publicaron informaci\u00f3n sobre el brote por &#8220;fabricar y difundir deliberadamente informaci\u00f3n falsa y perjudicial&#8221;.<\/p>\n\n\n\n<p>En un caso desgarrador, la periodista ciudadana Zhang Zhan viaj\u00f3 a Wuhan en febrero de 2020 para informar sobre el brote de Covid-19. Desapareci\u00f3 en mayo de 2020 en Wuhan. M\u00e1s tarde se supo que hab\u00eda sido detenida por la polic\u00eda, acusada de &#8220;buscar pelea y provocar problemas&#8221; y condenada a cuatro a\u00f1os de prisi\u00f3n.<\/p>\n\n\n\n<p>Otros numerosos pa\u00edses han puesto en marcha leyes opresivas, restringiendo el derecho a la libertad de expresi\u00f3n y silenciando a los cr\u00edticos bajo el pretexto o en el contexto de la pandemia, entre ellos Tanzania, Rusia y Nicaragua.<\/p>\n\n\n\n<p>En los \u00faltimos a\u00f1os, el gobierno tanzano ha introducido una serie de leyes y las ha utilizado para silenciar a periodistas, defensores de los derechos humanos y miembros de la oposici\u00f3n pol\u00edtica. Bajo la administraci\u00f3n del ex presidente Magufuli, el gobierno tanzano adopt\u00f3 una postura negacionista respecto al COVID-19. Entre marzo y mayo de 2020, las autoridades utilizaron leyes que prohib\u00edan y penalizaban las &#8220;noticias falsas&#8221; y otras medidas para restringir la cobertura medi\u00e1tica de la gesti\u00f3n del gobierno sobre el COVID-19.<\/p>\n\n\n\n<p>Aunque inicialmente intentaron minimizar el impacto de la pandemia e intimidar a quienes planteaban sus preocupaciones, las autoridades nicarag\u00fcenses utilizaron Covid-19 para introducir la &#8220;Ley Especial de Ciberdelitos&#8221; en octubre de 2020. En la pr\u00e1ctica, permite a las autoridades castigar a quienes critican las pol\u00edticas del gobierno y les da amplia discreci\u00f3n para reprimir la libertad de expresi\u00f3n.<\/p>\n\n\n\n<p>En abril de 2020, Rusia ampli\u00f3 su actual legislaci\u00f3n contra las &#8220;fake news&#8221; e introdujo sanciones penales por la &#8220;difusi\u00f3n p\u00fablica de informaci\u00f3n falsa a sabiendas&#8221; en el contexto de las emergencias. Aunque las modificaciones se han descrito como parte de la respuesta de las autoridades a Covid-19, estas medidas seguir\u00e1n en vigor m\u00e1s all\u00e1 de la pandemia.<\/p>\n\n\n\n<p>&#8220;Est\u00e1 claro que las restricciones a la libertad de expresi\u00f3n relacionadas con el Covid-19 no son s\u00f3lo medidas extraordinarias y limitadas en el tiempo para hacer frente a una crisis temporal. Forman parte de un ataque a los derechos humanos que se ha producido en todo el mundo en los \u00faltimos a\u00f1os, y los gobiernos han encontrado otra excusa para intensificar su ataque a la sociedad civil&#8221;, ha declarado Rajat Khosla.<\/p>\n\n\n\n<p>&#8220;Restringir la libertad de expresi\u00f3n es peligroso y no debe convertirse en la nueva normalidad. Los gobiernos deben levantar urgentemente estas restricciones y garantizar la libre circulaci\u00f3n de la informaci\u00f3n para proteger el derecho del p\u00fablico a la salud\u201d.<\/p>\n\n\n\n<p>El informe de Amnist\u00eda destaca el papel de las empresas de medios sociales en la r\u00e1pida difusi\u00f3n de informaci\u00f3n err\u00f3nea en torno a Covid-19. Esto se debe a que las plataformas est\u00e1n dise\u00f1adas para amplificar los contenidos que llaman la atenci\u00f3n para atraer a los usuarios y no han hecho la debida diligencia para evitar la difusi\u00f3n de informaci\u00f3n falsa y enga\u00f1osa.<\/p>\n\n\n\n<p>La avalancha de desinformaci\u00f3n -ya sea a trav\u00e9s de empresas de medios sociales o de personas en posici\u00f3n de poder que buscan difundir la divisi\u00f3n y la confusi\u00f3n para su propio beneficio- est\u00e1 suponiendo una grave amenaza para los derechos a la libertad de expresi\u00f3n y a la salud. Est\u00e1 dificultando cada vez m\u00e1s que las personas tengan una opini\u00f3n plenamente informada y tomen decisiones educadas sobre su salud basadas en los mejores hechos cient\u00edficos disponibles. La variedad de fuentes es fundamental, as\u00ed como la capacidad de cuestionar y debatir la informaci\u00f3n disponible.<\/p>\n\n\n\n<p>&#8220;Al igual que instamos a los gobiernos y a las empresas farmac\u00e9uticas a que garanticen que las vacunas se distribuyan y se pongan a disposici\u00f3n de todo el mundo, los estados y las empresas de medios sociales tambi\u00e9n deben garantizar que el p\u00fablico tenga acceso sin restricciones a informaci\u00f3n precisa, basada en pruebas y oportuna. Este es un paso crucial para minimizar las dudas sobre las vacunas impulsadas por la desinformaci\u00f3n&#8221;, dijo Rajat Khosla.<\/p>\n\n\n\n<p>&#8220;Hasta ahora, se han administrado 6.600 billones de dosis en todo el mundo, pero s\u00f3lo el 2,5% de las personas de los pa\u00edses de bajos ingresos han recibido al menos una dosis. Cuando faltan menos de 75 d\u00edas para que termine el a\u00f1o, pedimos a los Estados y a las empresas farmac\u00e9uticas que cambien dr\u00e1sticamente el rumbo y hagan todo lo necesario para suministrar dos mil millones de vacunas a los pa\u00edses de ingresos bajos y medios bajos a partir de ahora, pero necesitan informaci\u00f3n segura y fiable que les ayude a tomar sus decisiones\u201d.<\/p>\n\n\n\n<p>Amnist\u00eda Internacional pide a los Estados que dejen de utilizar la pandemia como excusa para silenciar la informaci\u00f3n independiente, que levanten todas las restricciones indebidas al derecho a la libertad de expresi\u00f3n y que proporcionen informaci\u00f3n cre\u00edble, fiable y accesible para que el p\u00fablico pueda estar plenamente informado sobre la pandemia. La censura no ayuda a hacer frente a la desinformaci\u00f3n: los medios de comunicaci\u00f3n libres e independientes y una sociedad civil fuerte s\u00ed lo hacen.<\/p>\n\n\n\n<p>Los Estados deben revisar el destructivo modelo de negocio de las grandes empresas tecnol\u00f3gicas, una de las causas fundamentales de la difusi\u00f3n de la desinformaci\u00f3n en Internet. Las empresas de redes sociales tambi\u00e9n deben dejar de esconder la cabeza en la arena y tomar medidas para hacer frente a la propagaci\u00f3n viral de la desinformaci\u00f3n, entre otras cosas garantizando que sus modelos de negocio no pongan en peligro los derechos humanos.<\/p>\n\n\n\n<p>&#8212;&#8212;-<\/p>\n\n\n\n<p>Amnist\u00eda Internacional lanz\u00f3 el 22 de septiembre de 2021 la campa\u00f1a, <a href=\"https:\/\/amnistia.org.mx\/contenido\/index.php\/dosis-doble-de-desigualdad-las-empresas-farmaceuticas-y-la-crisis-de-las-vacunas-contra-la-covid-19\/\">100 d\u00edas de cuenta atr\u00e1s: 2.000 millones de vacunas Covid-19 ya!.<\/a> La organizaci\u00f3n pide a los Estados y a las empresas farmac\u00e9uticas que suministren 2.000 millones de vacunas a quienes las necesitan ahora, para garantizar que se cumple el objetivo de la Organizaci\u00f3n Mundial de la Salud de vacunar al 40% de la poblaci\u00f3n de los pa\u00edses de renta baja y media-baja para finales de a\u00f1o.<\/p>\n\n\n\n<p>Cifra correcta al 14 de octubre de 2021: Vacunas contra el coronavirus (COVID-19) &#8211; Estad\u00edsticas e investigaci\u00f3n &#8211; Nuestro mundo en datos<\/p>\n","protected":false},"excerpt":{"rendered":"<p>Los ataques a la libertad de expresi\u00f3n por parte de los gobiernos, combinados con una avalancha de informaci\u00f3n err\u00f3nea en todo el mundo durante la pandemia de Covid-19, han tenido &hellip;<\/p>\n<p class=\"read-more\"> <a class=\"\" href=\"https:\/\/amnistia.org.mx\/contenido\/index.php\/covid-19-el-ataque-global-a-la-libertad-de-expresion-tiene-un-peligroso-impacto-en-la-crisis-de-salud-publica\/\"> <span class=\"screen-reader-text\">Covid-19: El ataque global a la libertad de expresi\u00f3n tiene un peligroso impacto en la crisis de salud p\u00fablica<\/span> Leer m\u00e1s &raquo;<\/a><\/p>\n","protected":false},"author":4,"featured_media":14848,"comment_status":"closed","ping_status":"closed","sticky":false,"template":"","format":"standard","meta":{"_uf_show_specific_survey":0,"_uf_disable_surveys":false,"site-sidebar-layout":"default","site-content-layout":"default","ast-global-header-display":"","ast-main-header-display":"","ast-hfb-above-header-display":"","ast-hfb-below-header-display":"","ast-hfb-mobile-header-display":"","site-post-title":"","ast-breadcrumbs-content":"","ast-featured-img":"","footer-sml-layout":"","theme-transparent-header-meta":"default","adv-header-id-meta":"","stick-header-meta":"","header-above-stick-meta":"","header-main-stick-meta":"","header-below-stick-meta":""},"categories":[9],"tags":[40],"acf":[],"aioseo_notices":[],"yoast_head":"<!-- This site is optimized with the Yoast SEO plugin v14.5 - https:\/\/yoast.com\/wordpress\/plugins\/seo\/ -->\n<title>Covid-19: El ataque global a la libertad de expresi\u00f3n tiene un peligroso impacto en la crisis de salud p\u00fablica - amnistia.org.mx<\/title>\n<meta name=\"description\" content=\"El informe de Amnist\u00eda destaca el papel de las empresas de medios sociales en la r\u00e1pida difusi\u00f3n de informaci\u00f3n err\u00f3nea en torno a Covid-19.\" \/>\n<meta name=\"robots\" content=\"index, follow\" \/>\n<meta name=\"googlebot\" content=\"index, follow, max-snippet:-1, max-image-preview:large, max-video-preview:-1\" \/>\n<meta name=\"bingbot\" content=\"index, follow, max-snippet:-1, max-image-preview:large, max-video-preview:-1\" \/>\n<link rel=\"canonical\" href=\"https:\/\/amnistia.org.mx\/contenido\/index.php\/covid-19-el-ataque-global-a-la-libertad-de-expresion-tiene-un-peligroso-impacto-en-la-crisis-de-salud-publica\/\" \/>\n<meta property=\"og:locale\" content=\"es_MX\" \/>\n<meta property=\"og:type\" content=\"article\" \/>\n<meta property=\"og:title\" content=\"Covid-19: El ataque global a la libertad de expresi\u00f3n tiene un peligroso impacto en la crisis de salud p\u00fablica - amnistia.org.mx\" \/>\n<meta property=\"og:description\" content=\"El informe de Amnist\u00eda destaca el papel de las empresas de medios sociales en la r\u00e1pida difusi\u00f3n de informaci\u00f3n err\u00f3nea en torno a Covid-19.\" \/>\n<meta property=\"og:url\" content=\"https:\/\/amnistia.org.mx\/contenido\/index.php\/covid-19-el-ataque-global-a-la-libertad-de-expresion-tiene-un-peligroso-impacto-en-la-crisis-de-salud-publica\/\" \/>\n<meta property=\"og:site_name\" content=\"amnistia.org.mx\" \/>\n<meta property=\"article:published_time\" content=\"2021-10-18T19:00:00+00:00\" \/>\n<meta property=\"article:modified_time\" content=\"2021-10-18T18:18:36+00:00\" \/>\n<meta property=\"og:image\" content=\"https:\/\/amnistia.org.mx\/contenido\/wp-content\/uploads\/2021\/10\/Ilustraci\u00f3n-ajustada-18-oct-21-1.jpg\" \/>\n\t<meta property=\"og:image:width\" content=\"390\" \/>\n\t<meta property=\"og:image:height\" content=\"543\" \/>\n<meta name=\"twitter:card\" content=\"summary_large_image\" \/>\n<script type=\"application\/ld+json\" class=\"yoast-schema-graph\">{\"@context\":\"https:\/\/schema.org\",\"@graph\":[{\"@type\":\"WebSite\",\"@id\":\"https:\/\/amnistia.org.mx\/contenido\/#website\",\"url\":\"https:\/\/amnistia.org.mx\/contenido\/\",\"name\":\"amnistia.org.mx\",\"description\":\"Nueva p\\u00e1gina de Amnist\\u00eda\",\"potentialAction\":[{\"@type\":\"SearchAction\",\"target\":\"https:\/\/amnistia.org.mx\/contenido\/?s={search_term_string}\",\"query-input\":\"required name=search_term_string\"}],\"inLanguage\":\"es-MX\"},{\"@type\":\"ImageObject\",\"@id\":\"https:\/\/amnistia.org.mx\/contenido\/index.php\/covid-19-el-ataque-global-a-la-libertad-de-expresion-tiene-un-peligroso-impacto-en-la-crisis-de-salud-publica\/#primaryimage\",\"inLanguage\":\"es-MX\",\"url\":\"https:\/\/amnistia.org.mx\/contenido\/wp-content\/uploads\/2021\/10\/Ilustraci\\u00f3n-ajustada-18-oct-21-1.jpg\",\"width\":390,\"height\":543},{\"@type\":\"WebPage\",\"@id\":\"https:\/\/amnistia.org.mx\/contenido\/index.php\/covid-19-el-ataque-global-a-la-libertad-de-expresion-tiene-un-peligroso-impacto-en-la-crisis-de-salud-publica\/#webpage\",\"url\":\"https:\/\/amnistia.org.mx\/contenido\/index.php\/covid-19-el-ataque-global-a-la-libertad-de-expresion-tiene-un-peligroso-impacto-en-la-crisis-de-salud-publica\/\",\"name\":\"Covid-19: El ataque global a la libertad de expresi\\u00f3n tiene un peligroso impacto en la crisis de salud p\\u00fablica - amnistia.org.mx\",\"isPartOf\":{\"@id\":\"https:\/\/amnistia.org.mx\/contenido\/#website\"},\"primaryImageOfPage\":{\"@id\":\"https:\/\/amnistia.org.mx\/contenido\/index.php\/covid-19-el-ataque-global-a-la-libertad-de-expresion-tiene-un-peligroso-impacto-en-la-crisis-de-salud-publica\/#primaryimage\"},\"datePublished\":\"2021-10-18T19:00:00+00:00\",\"dateModified\":\"2021-10-18T18:18:36+00:00\",\"author\":{\"@id\":\"https:\/\/amnistia.org.mx\/contenido\/#\/schema\/person\/7db421c495688267ce8ede4625c17fa5\"},\"description\":\"El informe de Amnist\\u00eda destaca el papel de las empresas de medios sociales en la r\\u00e1pida difusi\\u00f3n de informaci\\u00f3n err\\u00f3nea en torno a Covid-19.\",\"breadcrumb\":{\"@id\":\"https:\/\/amnistia.org.mx\/contenido\/index.php\/covid-19-el-ataque-global-a-la-libertad-de-expresion-tiene-un-peligroso-impacto-en-la-crisis-de-salud-publica\/#breadcrumb\"},\"inLanguage\":\"es-MX\",\"potentialAction\":[{\"@type\":\"ReadAction\",\"target\":[\"https:\/\/amnistia.org.mx\/contenido\/index.php\/covid-19-el-ataque-global-a-la-libertad-de-expresion-tiene-un-peligroso-impacto-en-la-crisis-de-salud-publica\/\"]}]},{\"@type\":\"BreadcrumbList\",\"@id\":\"https:\/\/amnistia.org.mx\/contenido\/index.php\/covid-19-el-ataque-global-a-la-libertad-de-expresion-tiene-un-peligroso-impacto-en-la-crisis-de-salud-publica\/#breadcrumb\",\"itemListElement\":[{\"@type\":\"ListItem\",\"position\":1,\"item\":{\"@type\":\"WebPage\",\"@id\":\"https:\/\/amnistia.org.mx\/contenido\/\",\"url\":\"https:\/\/amnistia.org.mx\/contenido\/\",\"name\":\"Home\"}},{\"@type\":\"ListItem\",\"position\":2,\"item\":{\"@type\":\"WebPage\",\"@id\":\"https:\/\/amnistia.org.mx\/contenido\/index.php\/covid-19-el-ataque-global-a-la-libertad-de-expresion-tiene-un-peligroso-impacto-en-la-crisis-de-salud-publica\/\",\"url\":\"https:\/\/amnistia.org.mx\/contenido\/index.php\/covid-19-el-ataque-global-a-la-libertad-de-expresion-tiene-un-peligroso-impacto-en-la-crisis-de-salud-publica\/\",\"name\":\"Covid-19: El ataque global a la libertad de expresi\\u00f3n tiene un peligroso impacto en la crisis de salud p\\u00fablica\"}}]},{\"@type\":[\"Person\"],\"@id\":\"https:\/\/amnistia.org.mx\/contenido\/#\/schema\/person\/7db421c495688267ce8ede4625c17fa5\",\"name\":\"Alejandro Ju\\u00e1rez Gamero\",\"image\":{\"@type\":\"ImageObject\",\"@id\":\"https:\/\/amnistia.org.mx\/contenido\/#personlogo\",\"inLanguage\":\"es-MX\",\"url\":\"https:\/\/secure.gravatar.com\/avatar\/e312d5566d1c3ffb56f86415d6f0e606?s=96&d=mm&r=g\",\"caption\":\"Alejandro Ju\\u00e1rez Gamero\"}}]}<\/script>\n<!-- \/ Yoast SEO plugin. -->","_links":{"self":[{"href":"https:\/\/amnistia.org.mx\/contenido\/index.php\/wp-json\/wp\/v2\/posts\/14845"}],"collection":[{"href":"https:\/\/amnistia.org.mx\/contenido\/index.php\/wp-json\/wp\/v2\/posts"}],"about":[{"href":"https:\/\/amnistia.org.mx\/contenido\/index.php\/wp-json\/wp\/v2\/types\/post"}],"author":[{"embeddable":true,"href":"https:\/\/amnistia.org.mx\/contenido\/index.php\/wp-json\/wp\/v2\/users\/4"}],"replies":[{"embeddable":true,"href":"https:\/\/amnistia.org.mx\/contenido\/index.php\/wp-json\/wp\/v2\/comments?post=14845"}],"version-history":[{"count":2,"href":"https:\/\/amnistia.org.mx\/contenido\/index.php\/wp-json\/wp\/v2\/posts\/14845\/revisions"}],"predecessor-version":[{"id":14855,"href":"https:\/\/amnistia.org.mx\/contenido\/index.php\/wp-json\/wp\/v2\/posts\/14845\/revisions\/14855"}],"wp:featuredmedia":[{"embeddable":true,"href":"https:\/\/amnistia.org.mx\/contenido\/index.php\/wp-json\/wp\/v2\/media\/14848"}],"wp:attachment":[{"href":"https:\/\/amnistia.org.mx\/contenido\/index.php\/wp-json\/wp\/v2\/media?parent=14845"}],"wp:term":[{"taxonomy":"category","embeddable":true,"href":"https:\/\/amnistia.org.mx\/contenido\/index.php\/wp-json\/wp\/v2\/categories?post=14845"},{"taxonomy":"post_tag","embeddable":true,"href":"https:\/\/amnistia.org.mx\/contenido\/index.php\/wp-json\/wp\/v2\/tags?post=14845"}],"curies":[{"name":"wp","href":"https:\/\/api.w.org\/{rel}","templated":true}]}}