
{"id":14953,"date":"2021-10-29T15:20:32","date_gmt":"2021-10-29T15:20:32","guid":{"rendered":"https:\/\/amnistia.org.mx\/contenido\/?p=14953"},"modified":"2022-01-25T15:30:37","modified_gmt":"2022-01-25T21:30:37","slug":"ningun-lugar-seguro-las-personas-haitianas-en-movimiento-necesitan-proteccion-internacional","status":"publish","type":"post","link":"https:\/\/amnistia.org.mx\/contenido\/index.php\/ningun-lugar-seguro-las-personas-haitianas-en-movimiento-necesitan-proteccion-internacional\/","title":{"rendered":"Ning\u00fan lugar seguro: las personas haitianas en movimiento necesitan protecci\u00f3n internacional"},"content":{"rendered":"\t\t<div data-elementor-type=\"wp-post\" data-elementor-id=\"14953\" class=\"elementor elementor-14953\">\n\t\t\t\t\t\t\t\t\t<section class=\"elementor-section elementor-top-section elementor-element elementor-element-325d46b3 elementor-section-boxed elementor-section-height-default elementor-section-height-default\" data-id=\"325d46b3\" data-element_type=\"section\">\n\t\t\t\t\t\t<div class=\"elementor-container elementor-column-gap-default\">\n\t\t\t\t\t<div class=\"elementor-column elementor-col-100 elementor-top-column elementor-element elementor-element-741db8c8\" data-id=\"741db8c8\" data-element_type=\"column\">\n\t\t\t<div class=\"elementor-widget-wrap elementor-element-populated\">\n\t\t\t\t\t\t\t\t<div class=\"elementor-element elementor-element-3e9a8662 elementor-widget elementor-widget-text-editor\" data-id=\"3e9a8662\" data-element_type=\"widget\" data-widget_type=\"text-editor.default\">\n\t\t\t\t<div class=\"elementor-widget-container\">\n\t\t\t<style>\/*! elementor - v3.11.5 - 14-03-2023 *\/\n.elementor-widget-text-editor.elementor-drop-cap-view-stacked .elementor-drop-cap{background-color:#69727d;color:#fff}.elementor-widget-text-editor.elementor-drop-cap-view-framed .elementor-drop-cap{color:#69727d;border:3px solid;background-color:transparent}.elementor-widget-text-editor:not(.elementor-drop-cap-view-default) .elementor-drop-cap{margin-top:8px}.elementor-widget-text-editor:not(.elementor-drop-cap-view-default) .elementor-drop-cap-letter{width:1em;height:1em}.elementor-widget-text-editor .elementor-drop-cap{float:left;text-align:center;line-height:1;font-size:50px}.elementor-widget-text-editor .elementor-drop-cap-letter{display:inline-block}<\/style>\t\t\t\t<!-- wp:paragraph -->\n<p>Mientras la situaci\u00f3n pol\u00edtica y econ\u00f3mica sigue deterior\u00e1ndose en <strong>Hait\u00ed<\/strong>, lo que facilita que se cometan <strong>violaciones masivas de derechos humanos<\/strong>, secuestros y actos de violencia generalizada, decenas de miles de personas haitianas atraviesan las <strong>Am\u00e9ricas<\/strong> en busca de seguridad. Sin embargo, los Estados de la regi\u00f3n no la proporcionan.<\/p>\n<!-- \/wp:paragraph -->\n\n<!-- wp:paragraph -->\n<p>Este documento muestra que hay pa\u00edses que est\u00e1n limitando el acceso a la protecci\u00f3n internacional y no est\u00e1n salvaguardando a las personas haitianas de una serie de violaciones de derechos humanos en los pa\u00edses de acogida, como detenciones y devoluciones sumarias ilegales, extorsi\u00f3n, racismo hacia las personas negras, abusos que incluyen la violencia de g\u00e9nero a manos de grupos armados, y desamparo.<\/p>\n<!-- \/wp:paragraph -->\n\n<!-- wp:paragraph -->\n<p>Los Estados deben proporcionar con urgencia<strong> a las personas haitianas medidas de protecci\u00f3n<\/strong> que incluyan el asilo y otras v\u00edas para obtener la residencia legal con el fin de que puedan reconstruir su vida en condiciones de seguridad.<\/p>\n<!-- \/wp:paragraph -->\n\n<!-- wp:paragraph {\"align\":\"center\"} -->\n<p class=\"has-text-align-center\"><strong>\u00a1Lee el informe completo!<\/strong><\/p>\n<!-- \/wp:paragraph -->\n\n<!-- wp:html -->\n<p><iframe loading=\"lazy\" class=\"embed-responsive-item\" src=\"https:\/\/amnistia.org.mx\/informes\/boton33.php\" width=\"200\" height=\"80\" frameborder=\"0\" scrolling=\"NO\" align=\"center\" allowfullscreen=\"allowfullscreen\"><\/iframe><\/p>\n<!-- \/wp:html -->\n\n<!-- wp:paragraph --><!-- \/wp:paragraph -->\n<p>&nbsp;<\/p>\t\t\t\t\t\t<\/div>\n\t\t\t\t<\/div>\n\t\t\t\t\t<\/div>\n\t\t<\/div>\n\t\t\t\t\t\t\t<\/div>\n\t\t<\/section>\n\t\t\t\t\t\t\t<\/div>\n\t\t","protected":false},"excerpt":{"rendered":"<p>Mientras la situaci\u00f3n pol\u00edtica y econ\u00f3mica sigue deterior\u00e1ndose en Hait\u00ed, lo que facilita que se cometan violaciones masivas de derechos humanos, secuestros y actos de violencia generalizada, decenas de miles &hellip;<\/p>\n<p class=\"read-more\"> <a class=\"\" href=\"https:\/\/amnistia.org.mx\/contenido\/index.php\/ningun-lugar-seguro-las-personas-haitianas-en-movimiento-necesitan-proteccion-internacional\/\"> <span class=\"screen-reader-text\">Ning\u00fan lugar seguro: las personas haitianas en movimiento necesitan protecci\u00f3n internacional<\/span> Leer m\u00e1s &raquo;<\/a><\/p>\n","protected":false},"author":8,"featured_media":14955,"comment_status":"closed","ping_status":"closed","sticky":false,"template":"","format":"standard","meta":{"_uf_show_specific_survey":0,"_uf_disable_surveys":false,"site-sidebar-layout":"default","site-content-layout":"default","ast-global-header-display":"","ast-main-header-display":"","ast-hfb-above-header-display":"","ast-hfb-below-header-display":"","ast-hfb-mobile-header-display":"","site-post-title":"","ast-breadcrumbs-content":"","ast-featured-img":"","footer-sml-layout":"","theme-transparent-header-meta":"default","adv-header-id-meta":"","stick-header-meta":"","header-above-stick-meta":"","header-main-stick-meta":"","header-below-stick-meta":""},"categories":[17],"tags":[40,39],"acf":[],"aioseo_notices":[],"yoast_head":"<!-- This site is optimized with the Yoast SEO plugin v14.5 - https:\/\/yoast.com\/wordpress\/plugins\/seo\/ -->\n<title>Ning\u00fan lugar seguro: las personas haitianas en movimiento necesitan protecci\u00f3n internacional - amnistia.org.mx<\/title>\n<meta name=\"robots\" content=\"index, follow\" \/>\n<meta name=\"googlebot\" content=\"index, follow, max-snippet:-1, max-image-preview:large, max-video-preview:-1\" \/>\n<meta name=\"bingbot\" content=\"index, follow, max-snippet:-1, max-image-preview:large, max-video-preview:-1\" \/>\n<link rel=\"canonical\" href=\"https:\/\/amnistia.org.mx\/contenido\/index.php\/ningun-lugar-seguro-las-personas-haitianas-en-movimiento-necesitan-proteccion-internacional\/\" \/>\n<meta property=\"og:locale\" content=\"es_MX\" \/>\n<meta property=\"og:type\" content=\"article\" \/>\n<meta property=\"og:title\" content=\"Ning\u00fan lugar seguro: las personas haitianas en movimiento necesitan protecci\u00f3n internacional - amnistia.org.mx\" \/>\n<meta property=\"og:description\" content=\"Mientras la situaci\u00f3n pol\u00edtica y econ\u00f3mica sigue deterior\u00e1ndose en Hait\u00ed, lo que facilita que se cometan violaciones masivas de derechos humanos, secuestros y actos de violencia generalizada, decenas de miles &hellip; Ning\u00fan lugar seguro: las personas haitianas en movimiento necesitan protecci\u00f3n internacional Leer m\u00e1s &raquo;\" \/>\n<meta property=\"og:url\" content=\"https:\/\/amnistia.org.mx\/contenido\/index.php\/ningun-lugar-seguro-las-personas-haitianas-en-movimiento-necesitan-proteccion-internacional\/\" \/>\n<meta property=\"og:site_name\" content=\"amnistia.org.mx\" \/>\n<meta property=\"article:published_time\" content=\"2021-10-29T15:20:32+00:00\" \/>\n<meta property=\"article:modified_time\" content=\"2022-01-25T21:30:37+00:00\" \/>\n<meta property=\"og:image\" content=\"https:\/\/amnistia.org.mx\/contenido\/wp-content\/uploads\/2021\/10\/NINGUN-LUGAR-SEGURO.png\" \/>\n\t<meta property=\"og:image:width\" content=\"1600\" \/>\n\t<meta property=\"og:image:height\" content=\"900\" \/>\n<meta name=\"twitter:card\" content=\"summary_large_image\" \/>\n<script type=\"application\/ld+json\" class=\"yoast-schema-graph\">{\"@context\":\"https:\/\/schema.org\",\"@graph\":[{\"@type\":\"WebSite\",\"@id\":\"https:\/\/amnistia.org.mx\/contenido\/#website\",\"url\":\"https:\/\/amnistia.org.mx\/contenido\/\",\"name\":\"amnistia.org.mx\",\"description\":\"Nueva p\\u00e1gina de Amnist\\u00eda\",\"potentialAction\":[{\"@type\":\"SearchAction\",\"target\":\"https:\/\/amnistia.org.mx\/contenido\/?s={search_term_string}\",\"query-input\":\"required name=search_term_string\"}],\"inLanguage\":\"es-MX\"},{\"@type\":\"ImageObject\",\"@id\":\"https:\/\/amnistia.org.mx\/contenido\/index.php\/ningun-lugar-seguro-las-personas-haitianas-en-movimiento-necesitan-proteccion-internacional\/#primaryimage\",\"inLanguage\":\"es-MX\",\"url\":\"https:\/\/amnistia.org.mx\/contenido\/wp-content\/uploads\/2021\/10\/NINGUN-LUGAR-SEGURO.png\",\"width\":1600,\"height\":900},{\"@type\":\"WebPage\",\"@id\":\"https:\/\/amnistia.org.mx\/contenido\/index.php\/ningun-lugar-seguro-las-personas-haitianas-en-movimiento-necesitan-proteccion-internacional\/#webpage\",\"url\":\"https:\/\/amnistia.org.mx\/contenido\/index.php\/ningun-lugar-seguro-las-personas-haitianas-en-movimiento-necesitan-proteccion-internacional\/\",\"name\":\"Ning\\u00fan lugar seguro: las personas haitianas en movimiento necesitan protecci\\u00f3n internacional - amnistia.org.mx\",\"isPartOf\":{\"@id\":\"https:\/\/amnistia.org.mx\/contenido\/#website\"},\"primaryImageOfPage\":{\"@id\":\"https:\/\/amnistia.org.mx\/contenido\/index.php\/ningun-lugar-seguro-las-personas-haitianas-en-movimiento-necesitan-proteccion-internacional\/#primaryimage\"},\"datePublished\":\"2021-10-29T15:20:32+00:00\",\"dateModified\":\"2022-01-25T21:30:37+00:00\",\"author\":{\"@id\":\"https:\/\/amnistia.org.mx\/contenido\/#\/schema\/person\/2d2b29996a9513767aea81f8ae57bdeb\"},\"breadcrumb\":{\"@id\":\"https:\/\/amnistia.org.mx\/contenido\/index.php\/ningun-lugar-seguro-las-personas-haitianas-en-movimiento-necesitan-proteccion-internacional\/#breadcrumb\"},\"inLanguage\":\"es-MX\",\"potentialAction\":[{\"@type\":\"ReadAction\",\"target\":[\"https:\/\/amnistia.org.mx\/contenido\/index.php\/ningun-lugar-seguro-las-personas-haitianas-en-movimiento-necesitan-proteccion-internacional\/\"]}]},{\"@type\":\"BreadcrumbList\",\"@id\":\"https:\/\/amnistia.org.mx\/contenido\/index.php\/ningun-lugar-seguro-las-personas-haitianas-en-movimiento-necesitan-proteccion-internacional\/#breadcrumb\",\"itemListElement\":[{\"@type\":\"ListItem\",\"position\":1,\"item\":{\"@type\":\"WebPage\",\"@id\":\"https:\/\/amnistia.org.mx\/contenido\/\",\"url\":\"https:\/\/amnistia.org.mx\/contenido\/\",\"name\":\"Home\"}},{\"@type\":\"ListItem\",\"position\":2,\"item\":{\"@type\":\"WebPage\",\"@id\":\"https:\/\/amnistia.org.mx\/contenido\/index.php\/ningun-lugar-seguro-las-personas-haitianas-en-movimiento-necesitan-proteccion-internacional\/\",\"url\":\"https:\/\/amnistia.org.mx\/contenido\/index.php\/ningun-lugar-seguro-las-personas-haitianas-en-movimiento-necesitan-proteccion-internacional\/\",\"name\":\"Ning\\u00fan lugar seguro: las personas haitianas en movimiento necesitan protecci\\u00f3n internacional\"}}]},{\"@type\":[\"Person\"],\"@id\":\"https:\/\/amnistia.org.mx\/contenido\/#\/schema\/person\/2d2b29996a9513767aea81f8ae57bdeb\",\"name\":\"Carolina Flores\",\"image\":{\"@type\":\"ImageObject\",\"@id\":\"https:\/\/amnistia.org.mx\/contenido\/#personlogo\",\"inLanguage\":\"es-MX\",\"url\":\"https:\/\/secure.gravatar.com\/avatar\/e2d29811923c60594035966b365ce272?s=96&d=mm&r=g\",\"caption\":\"Carolina Flores\"}}]}<\/script>\n<!-- \/ Yoast SEO plugin. -->","_links":{"self":[{"href":"https:\/\/amnistia.org.mx\/contenido\/index.php\/wp-json\/wp\/v2\/posts\/14953"}],"collection":[{"href":"https:\/\/amnistia.org.mx\/contenido\/index.php\/wp-json\/wp\/v2\/posts"}],"about":[{"href":"https:\/\/amnistia.org.mx\/contenido\/index.php\/wp-json\/wp\/v2\/types\/post"}],"author":[{"embeddable":true,"href":"https:\/\/amnistia.org.mx\/contenido\/index.php\/wp-json\/wp\/v2\/users\/8"}],"replies":[{"embeddable":true,"href":"https:\/\/amnistia.org.mx\/contenido\/index.php\/wp-json\/wp\/v2\/comments?post=14953"}],"version-history":[{"count":6,"href":"https:\/\/amnistia.org.mx\/contenido\/index.php\/wp-json\/wp\/v2\/posts\/14953\/revisions"}],"predecessor-version":[{"id":15794,"href":"https:\/\/amnistia.org.mx\/contenido\/index.php\/wp-json\/wp\/v2\/posts\/14953\/revisions\/15794"}],"wp:featuredmedia":[{"embeddable":true,"href":"https:\/\/amnistia.org.mx\/contenido\/index.php\/wp-json\/wp\/v2\/media\/14955"}],"wp:attachment":[{"href":"https:\/\/amnistia.org.mx\/contenido\/index.php\/wp-json\/wp\/v2\/media?parent=14953"}],"wp:term":[{"taxonomy":"category","embeddable":true,"href":"https:\/\/amnistia.org.mx\/contenido\/index.php\/wp-json\/wp\/v2\/categories?post=14953"},{"taxonomy":"post_tag","embeddable":true,"href":"https:\/\/amnistia.org.mx\/contenido\/index.php\/wp-json\/wp\/v2\/tags?post=14953"}],"curies":[{"name":"wp","href":"https:\/\/api.w.org\/{rel}","templated":true}]}}