
{"id":14961,"date":"2021-10-29T16:58:53","date_gmt":"2021-10-29T16:58:53","guid":{"rendered":"https:\/\/amnistia.org.mx\/contenido\/?p=14961"},"modified":"2021-10-29T16:58:54","modified_gmt":"2021-10-29T16:58:54","slug":"amnistia-internacional-anuncia-el-inicio-de-su-campana-insignia-escribe-por-los-derechos-edicion-2021","status":"publish","type":"post","link":"https:\/\/amnistia.org.mx\/contenido\/index.php\/amnistia-internacional-anuncia-el-inicio-de-su-campana-insignia-escribe-por-los-derechos-edicion-2021\/","title":{"rendered":"Amnist\u00eda Internacional anuncia el inicio de su campa\u00f1a insignia Escribe por los derechos, edici\u00f3n 2021"},"content":{"rendered":"\n<ul><li>Incluye el caso de Wendy Galarza, activista feminista quien fue herida de bala por polic\u00edas en 2020, en Canc\u00fan, en una marcha contra la violencia de g\u00e9nero<\/li><\/ul>\n\n\n\n<ul><li>En 2020, se lograron reunir m\u00e1s de 4 millones de <em>peticiones<\/em> dirigidas a diferentes gobiernos, exigiendo respeto a los derechos humanos de personas en riesgo<\/li><\/ul>\n\n\n\n<figure class=\"wp-block-image size-large\"><img decoding=\"async\" loading=\"lazy\" width=\"650\" height=\"339\" src=\"https:\/\/amnistia.org.mx\/contenido\/wp-content\/uploads\/2021\/10\/Foto-ajustada-29-oct-2021.jpg\" alt=\"\" class=\"wp-image-14962\"\/><figcaption>La campa\u00f1a ha permitido dirigir a los gobiernos las peticiones de justicia de millones de personas que se solidarizan con quienes han sido v\u00edctimas de tortura, hostigamiento o el encarcelamiento injusto.<\/figcaption><\/figure>\n\n\n\n<p>Como cada a\u00f1o, Amnist\u00eda Internacional inici\u00f3 hoy la campa\u00f1a global <strong>Escribe por los Derechos<\/strong> en su edici\u00f3n 2021, esta campa\u00f1a es el mayor evento de derechos humanos del mundo, en el que millones de activistas dirigen peticiones a los gobiernos para que se respeten los derechos humanos de personas en situaci\u00f3n de riesgo. La fuerza de la campa\u00f1a est\u00e1 en la palabra y con ella se ha logrado salvar y cambiar vidas.<\/p>\n\n\n\n<p>\u201cEs un enorme gusto llegar al inicio de <strong>Escribe por los derechos<\/strong>, por varios motivos muy importantes, entre ellos porque es la campa\u00f1a emblem\u00e1tica de Amnist\u00eda Internacional, que es impulsada por las personas activistas, que son el pilar fundamental del movimiento\u201d, declar\u00f3 Edith Olivares Ferreto, Directora Ejecutiva de Amnist\u00eda Internacional M\u00e9xico.<\/p>\n\n\n\n<p>Entre los casos que se promueven en esta edici\u00f3n de Escribe por los derechos destacan los de: Wendy Galarza, de M\u00e9xico; Bernardo Caal Xol, de Guatemala; Zhang Zhan, de China, Sphere, de Ucrania y Janna Jihad, de los Territorios Palestinos Ocupados.<\/p>\n\n\n\n<p>Para conocer con m\u00e1s detalle los casos de la campa\u00f1a las personas pueden ingresar al canal de youtube de Amnist\u00eda Internacional M\u00e9xico, en la siguiente liga: <em><a href=\"https:\/\/www.youtube.com\/watch?v=iwZCfdoGqNc&amp;list=PLEHEpx1zFBlrRjyUVf6DtL2ALEQ7gIvNG\"><strong>Ya viene Escribe por los derechos<\/strong><\/a><\/em>, donde encontrar\u00e1n el perfil de cada uno de los casos, as\u00ed como las peticiones dirigidas a las autoridades y las cartas de solidaridad.<\/p>\n\n\n\n<p>El caso de <strong>Wendy Galarza<\/strong>, activista feminista mexicana, ha demostrado c\u00f3mo la justicia mexicana no protege ni defiende los derechos las mujeres. En noviembre de 2020 (9N) fue herida con armas de fuego, utilizadas por polic\u00edas, durante una marcha para exigir Justicia por el feminicidio de Alexis, en Canc\u00fan. Hasta la fecha, no se ha sancionado a ninguna autoridad responsable de estos hechos.<\/p>\n\n\n\n<p>En su caso, se dirige una <em>petici\u00f3n<\/em> al Fiscal General de Quintana Roo para que se investigue y sancione a todas las autoridades responsables de las violaciones a derechos humanos cometidas durante y despu\u00e9s de la protesta del 9N en Canc\u00fan. El caso de Wendy est\u00e1 incluido en el informe <a href=\"M\u00e9xico:%20La%20era%20de%20las%20mujeres.%20Estigma%20y%20violencia%20contra%20mujeres%20que%20protestan\"><strong><em>M\u00e9xico: La era de las mujeres, Estigma y violencia contra mujeres que protestan<\/em><\/strong><\/a>, publicado por Amnist\u00eda Internacional M\u00e9xico en marzo de 2021.<\/p>\n\n\n\n<p>\u201cEl caso de Wendy ha despertado un inter\u00e9s en todo el mundo, por lo que este a\u00f1o ha sido invitada por diferentes secciones europeas de Amnist\u00eda Internacional para exponer su caso y la situaci\u00f3n que viven en M\u00e9xico las mujeres que protestan\u201d, agreg\u00f3 Edith Olivares Ferreto.<\/p>\n\n\n\n<p>Respecto del caso de<strong> Bernardo Caal Xol<\/strong>, \u00e9l ha defendido pac\u00edficamente las tierras y aguas en su pa\u00eds de las centrales hidroel\u00e9ctricas que han explotado su entorno, alterando el Cahab\u00f3n, su r\u00edo sagrado, rompiendo con el paisaje y destruyendo la vida. Ahora, mediante acusaciones sin fundamento, ha sido condenado a m\u00e1s de siete a\u00f1os de c\u00e1rcel por cargos falsos basados en acusaciones sin fundamento.<\/p>\n\n\n\n<p>En este caso la <em>petici\u00f3n<\/em> dirigida al Fiscal General de Guatemala solicita que se retiren todos los cargos a Bernardo Caal y que quede en libertad de inmediato.<\/p>\n\n\n\n<p><strong>La fuerza de la palabra y de la solidaridad<\/strong><\/p>\n\n\n\n<p>La importancia de las <em>peticiones<\/em> radica en la exigencia permanente que debemos tener frente a los gobiernos para denunciar los abusos y presionar para que los derechos de las personas vulneradas sean restituidos.<\/p>\n\n\n\n<p>La campa\u00f1a permite posicionar en las agendas de los gobiernos las <em>peticiones<\/em> y denuncias de millones de personas, que se solidarizan con quienes han visto vulnerados sus derechos humanos.<\/p>\n\n\n\n<p>La otra parte fundamental de <strong>Escribe por los derechos<\/strong> se relaciona con la escritura de mensajes de solidaridad para cada una de las personas cuyos casos est\u00e1n incluidos en la campa\u00f1a. \u00c9stos son enviados por medio de cartas, correos electr\u00f3nicos, tuits, mensajes de Facebook y tarjetas postales.<\/p>\n\n\n\n<p><strong>Esperanza, solidaridad, fuerza<\/strong><\/p>\n\n\n\n<p>Cada palabra de solidaridad enmarcada en esta campa\u00f1a es un basti\u00f3n de esperanza para las personas que han visto vulnerados sus derechos.<\/p>\n\n\n\n<p>La lidereza de la oposici\u00f3n et\u00edope Birtukan Mideska, fue excarcelada en 2010 despu\u00e9s de que su caso fuera incluido en Escribe por los derechos en 2009. Ella declar\u00f3 que las cartas de solidaridad que recibi\u00f3 le ayudaron a mantener \u201cviva la esperanza en las horas sombr\u00edas\u201d.<\/p>\n\n\n\n<p>El caso de Valentina Rosendo Cant\u00fa fue parte de la campa\u00f1a en 2012. El gobierno mexicano acept\u00f3 la responsabilidad de su violaci\u00f3n por unos soldados. \u201cSin sus cartas, sin su acci\u00f3n y su solidaridad, no habr\u00edamos podido llegar a vivir este momento\u201d expres\u00f3 Valentina.<\/p>\n\n\n\n<p>Alberto Woodfox recuper\u00f3 su libertad tras de 44 a\u00f1os en r\u00e9gimen de aislamiento en una c\u00e1rcel de Estados Unidos. Al comentar el apoyo que recibi\u00f3 a trav\u00e9s de la campa\u00f1a Escribe por los derechos declar\u00f3: \u201cnunca insistir\u00e9 lo suficiente en lo importante que es recibir cartas de personas de todo el mundo, me dieron el sentimiento de dignidad\u2026(y) fuerza\u201d.<\/p>\n\n\n\n<p><strong>Antecedentes<\/strong><\/p>\n\n\n\n<p>El antecedente de Escribe por los derechos data del a\u00f1o 2001, cuando un grupo de activistas de Polonia organiz\u00f3 un marat\u00f3n de cartas durante 24 horas, para apoyar a personas que hab\u00edan sufrido violaciones de sus derechos. En ese entonces se recibieron 2 mil 326 cartas.<\/p>\n\n\n\n<p>En la edici\u00f3n 2020 de Escribe por los derechos, se recibieron 4 millones 500 mil peticiones de personas de todo el mundo que alzan la voz para defender los derechos humanos. Su acci\u00f3n conjunta ha contribuido a cambiar la vida de m\u00e1s de 100 personas al liberarlas de la tortura, el hostigamiento o el encarcelamiento injusto.<\/p>\n\n\n\n<p>\u00a1Tu firma puede generar un cambio!<\/p>\n\n\n\n<p><strong>Para m\u00e1s informaci\u00f3n o para concertar una entrevista, contacte a:<\/strong><\/p>\n\n\n\n<p>Alejandro Ju\u00e1rez Gamero<\/p>\n\n\n\n<p>Especialista de Prensa y Relaciones P\u00fablicas<\/p>\n\n\n\n<p>Amnist\u00eda Internacional M\u00e9xico<\/p>\n\n\n\n<p><a href=\"mailto:prensa@amnist\u00eda.org.mx\">prensa@amnist\u00eda.org.mx<\/a><\/p>\n\n\n\n<p>+52 55 2265 4331<\/p>\n","protected":false},"excerpt":{"rendered":"<p>Incluye el caso de Wendy Galarza, activista feminista quien fue herida de bala por polic\u00edas en 2020, en Canc\u00fan, en una marcha contra la violencia de g\u00e9nero En 2020, se &hellip;<\/p>\n<p class=\"read-more\"> <a class=\"\" href=\"https:\/\/amnistia.org.mx\/contenido\/index.php\/amnistia-internacional-anuncia-el-inicio-de-su-campana-insignia-escribe-por-los-derechos-edicion-2021\/\"> <span class=\"screen-reader-text\">Amnist\u00eda Internacional anuncia el inicio de su campa\u00f1a insignia Escribe por los derechos, edici\u00f3n 2021<\/span> Leer m\u00e1s &raquo;<\/a><\/p>\n","protected":false},"author":4,"featured_media":14963,"comment_status":"closed","ping_status":"closed","sticky":false,"template":"","format":"standard","meta":{"_uf_show_specific_survey":0,"_uf_disable_surveys":false,"site-sidebar-layout":"default","site-content-layout":"default","ast-global-header-display":"","ast-main-header-display":"","ast-hfb-above-header-display":"","ast-hfb-below-header-display":"","ast-hfb-mobile-header-display":"","site-post-title":"","ast-breadcrumbs-content":"","ast-featured-img":"","footer-sml-layout":"","theme-transparent-header-meta":"default","adv-header-id-meta":"","stick-header-meta":"","header-above-stick-meta":"","header-main-stick-meta":"","header-below-stick-meta":""},"categories":[20],"tags":[28],"acf":[],"aioseo_notices":[],"yoast_head":"<!-- This site is optimized with the Yoast SEO plugin v14.5 - https:\/\/yoast.com\/wordpress\/plugins\/seo\/ -->\n<title>Amnist\u00eda Internacional anuncia el inicio de su campa\u00f1a insignia Escribe por los derechos, edici\u00f3n 2021 - amnistia.org.mx<\/title>\n<meta name=\"description\" content=\"Amnist\u00eda Internacional anuncia el inicio de su campa\u00f1a insignia Escribe por los derechos 2021.\" \/>\n<meta name=\"robots\" content=\"index, follow\" \/>\n<meta name=\"googlebot\" content=\"index, follow, max-snippet:-1, max-image-preview:large, max-video-preview:-1\" \/>\n<meta name=\"bingbot\" content=\"index, follow, max-snippet:-1, max-image-preview:large, max-video-preview:-1\" \/>\n<link rel=\"canonical\" href=\"https:\/\/amnistia.org.mx\/contenido\/index.php\/amnistia-internacional-anuncia-el-inicio-de-su-campana-insignia-escribe-por-los-derechos-edicion-2021\/\" \/>\n<meta property=\"og:locale\" content=\"es_MX\" \/>\n<meta property=\"og:type\" content=\"article\" \/>\n<meta property=\"og:title\" content=\"Amnist\u00eda Internacional anuncia el inicio de su campa\u00f1a insignia Escribe por los derechos, edici\u00f3n 2021 - amnistia.org.mx\" \/>\n<meta property=\"og:description\" content=\"Amnist\u00eda Internacional anuncia el inicio de su campa\u00f1a insignia Escribe por los derechos 2021.\" \/>\n<meta property=\"og:url\" content=\"https:\/\/amnistia.org.mx\/contenido\/index.php\/amnistia-internacional-anuncia-el-inicio-de-su-campana-insignia-escribe-por-los-derechos-edicion-2021\/\" \/>\n<meta property=\"og:site_name\" content=\"amnistia.org.mx\" \/>\n<meta property=\"article:published_time\" content=\"2021-10-29T16:58:53+00:00\" \/>\n<meta property=\"article:modified_time\" content=\"2021-10-29T16:58:54+00:00\" \/>\n<meta property=\"og:image\" content=\"https:\/\/amnistia.org.mx\/contenido\/wp-content\/uploads\/2021\/10\/Foto-EOF-para-comunicados-ajustada-1.jpg\" \/>\n\t<meta property=\"og:image:width\" content=\"650\" \/>\n\t<meta property=\"og:image:height\" content=\"487\" \/>\n<meta name=\"twitter:card\" content=\"summary_large_image\" \/>\n<script type=\"application\/ld+json\" class=\"yoast-schema-graph\">{\"@context\":\"https:\/\/schema.org\",\"@graph\":[{\"@type\":\"WebSite\",\"@id\":\"https:\/\/amnistia.org.mx\/contenido\/#website\",\"url\":\"https:\/\/amnistia.org.mx\/contenido\/\",\"name\":\"amnistia.org.mx\",\"description\":\"Nueva p\\u00e1gina de Amnist\\u00eda\",\"potentialAction\":[{\"@type\":\"SearchAction\",\"target\":\"https:\/\/amnistia.org.mx\/contenido\/?s={search_term_string}\",\"query-input\":\"required name=search_term_string\"}],\"inLanguage\":\"es-MX\"},{\"@type\":\"ImageObject\",\"@id\":\"https:\/\/amnistia.org.mx\/contenido\/index.php\/amnistia-internacional-anuncia-el-inicio-de-su-campana-insignia-escribe-por-los-derechos-edicion-2021\/#primaryimage\",\"inLanguage\":\"es-MX\",\"url\":\"https:\/\/amnistia.org.mx\/contenido\/wp-content\/uploads\/2021\/10\/Foto-EOF-para-comunicados-ajustada-1.jpg\",\"width\":650,\"height\":487},{\"@type\":\"WebPage\",\"@id\":\"https:\/\/amnistia.org.mx\/contenido\/index.php\/amnistia-internacional-anuncia-el-inicio-de-su-campana-insignia-escribe-por-los-derechos-edicion-2021\/#webpage\",\"url\":\"https:\/\/amnistia.org.mx\/contenido\/index.php\/amnistia-internacional-anuncia-el-inicio-de-su-campana-insignia-escribe-por-los-derechos-edicion-2021\/\",\"name\":\"Amnist\\u00eda Internacional anuncia el inicio de su campa\\u00f1a insignia Escribe por los derechos, edici\\u00f3n 2021 - amnistia.org.mx\",\"isPartOf\":{\"@id\":\"https:\/\/amnistia.org.mx\/contenido\/#website\"},\"primaryImageOfPage\":{\"@id\":\"https:\/\/amnistia.org.mx\/contenido\/index.php\/amnistia-internacional-anuncia-el-inicio-de-su-campana-insignia-escribe-por-los-derechos-edicion-2021\/#primaryimage\"},\"datePublished\":\"2021-10-29T16:58:53+00:00\",\"dateModified\":\"2021-10-29T16:58:54+00:00\",\"author\":{\"@id\":\"https:\/\/amnistia.org.mx\/contenido\/#\/schema\/person\/7db421c495688267ce8ede4625c17fa5\"},\"description\":\"Amnist\\u00eda Internacional anuncia el inicio de su campa\\u00f1a insignia Escribe por los derechos 2021.\",\"breadcrumb\":{\"@id\":\"https:\/\/amnistia.org.mx\/contenido\/index.php\/amnistia-internacional-anuncia-el-inicio-de-su-campana-insignia-escribe-por-los-derechos-edicion-2021\/#breadcrumb\"},\"inLanguage\":\"es-MX\",\"potentialAction\":[{\"@type\":\"ReadAction\",\"target\":[\"https:\/\/amnistia.org.mx\/contenido\/index.php\/amnistia-internacional-anuncia-el-inicio-de-su-campana-insignia-escribe-por-los-derechos-edicion-2021\/\"]}]},{\"@type\":\"BreadcrumbList\",\"@id\":\"https:\/\/amnistia.org.mx\/contenido\/index.php\/amnistia-internacional-anuncia-el-inicio-de-su-campana-insignia-escribe-por-los-derechos-edicion-2021\/#breadcrumb\",\"itemListElement\":[{\"@type\":\"ListItem\",\"position\":1,\"item\":{\"@type\":\"WebPage\",\"@id\":\"https:\/\/amnistia.org.mx\/contenido\/\",\"url\":\"https:\/\/amnistia.org.mx\/contenido\/\",\"name\":\"Home\"}},{\"@type\":\"ListItem\",\"position\":2,\"item\":{\"@type\":\"WebPage\",\"@id\":\"https:\/\/amnistia.org.mx\/contenido\/index.php\/amnistia-internacional-anuncia-el-inicio-de-su-campana-insignia-escribe-por-los-derechos-edicion-2021\/\",\"url\":\"https:\/\/amnistia.org.mx\/contenido\/index.php\/amnistia-internacional-anuncia-el-inicio-de-su-campana-insignia-escribe-por-los-derechos-edicion-2021\/\",\"name\":\"Amnist\\u00eda Internacional anuncia el inicio de su campa\\u00f1a insignia Escribe por los derechos, edici\\u00f3n 2021\"}}]},{\"@type\":[\"Person\"],\"@id\":\"https:\/\/amnistia.org.mx\/contenido\/#\/schema\/person\/7db421c495688267ce8ede4625c17fa5\",\"name\":\"Alejandro Ju\\u00e1rez Gamero\",\"image\":{\"@type\":\"ImageObject\",\"@id\":\"https:\/\/amnistia.org.mx\/contenido\/#personlogo\",\"inLanguage\":\"es-MX\",\"url\":\"https:\/\/secure.gravatar.com\/avatar\/e312d5566d1c3ffb56f86415d6f0e606?s=96&d=mm&r=g\",\"caption\":\"Alejandro Ju\\u00e1rez Gamero\"}}]}<\/script>\n<!-- \/ Yoast SEO plugin. -->","_links":{"self":[{"href":"https:\/\/amnistia.org.mx\/contenido\/index.php\/wp-json\/wp\/v2\/posts\/14961"}],"collection":[{"href":"https:\/\/amnistia.org.mx\/contenido\/index.php\/wp-json\/wp\/v2\/posts"}],"about":[{"href":"https:\/\/amnistia.org.mx\/contenido\/index.php\/wp-json\/wp\/v2\/types\/post"}],"author":[{"embeddable":true,"href":"https:\/\/amnistia.org.mx\/contenido\/index.php\/wp-json\/wp\/v2\/users\/4"}],"replies":[{"embeddable":true,"href":"https:\/\/amnistia.org.mx\/contenido\/index.php\/wp-json\/wp\/v2\/comments?post=14961"}],"version-history":[{"count":4,"href":"https:\/\/amnistia.org.mx\/contenido\/index.php\/wp-json\/wp\/v2\/posts\/14961\/revisions"}],"predecessor-version":[{"id":14967,"href":"https:\/\/amnistia.org.mx\/contenido\/index.php\/wp-json\/wp\/v2\/posts\/14961\/revisions\/14967"}],"wp:featuredmedia":[{"embeddable":true,"href":"https:\/\/amnistia.org.mx\/contenido\/index.php\/wp-json\/wp\/v2\/media\/14963"}],"wp:attachment":[{"href":"https:\/\/amnistia.org.mx\/contenido\/index.php\/wp-json\/wp\/v2\/media?parent=14961"}],"wp:term":[{"taxonomy":"category","embeddable":true,"href":"https:\/\/amnistia.org.mx\/contenido\/index.php\/wp-json\/wp\/v2\/categories?post=14961"},{"taxonomy":"post_tag","embeddable":true,"href":"https:\/\/amnistia.org.mx\/contenido\/index.php\/wp-json\/wp\/v2\/tags?post=14961"}],"curies":[{"name":"wp","href":"https:\/\/api.w.org\/{rel}","templated":true}]}}