
{"id":15176,"date":"2021-12-10T09:00:00","date_gmt":"2021-12-10T15:00:00","guid":{"rendered":"https:\/\/amnistia.org.mx\/contenido\/?p=15176"},"modified":"2021-12-10T10:03:26","modified_gmt":"2021-12-10T16:03:26","slug":"los-fiscales-deben-investigar-casos-de-tortura","status":"publish","type":"post","link":"https:\/\/amnistia.org.mx\/contenido\/index.php\/los-fiscales-deben-investigar-casos-de-tortura\/","title":{"rendered":"Los fiscales deben investigar casos de tortura"},"content":{"rendered":"\n<p>El 3 de agosto, <strong>Jos\u00e9 Eduardo Ravelo<\/strong> muri\u00f3 a causa de m\u00faltiples lesiones internas tras contar a su madre que la polic\u00eda lo hab\u00eda torturado bajo custodia d\u00edas antes en M\u00e9rida, estado de <strong>Yucat\u00e1n<\/strong>. La fiscal\u00eda encargada de investigar la muerte de Jos\u00e9 Eduardo ha declarado p\u00fablicamente que durante su detenci\u00f3n no tuvieron lugar tortura ni malos tratos, pero esta declaraci\u00f3n la ha realizado antes siquiera de concluir la investigaci\u00f3n, lo que suscita serias dudas sobre la seriedad e imparcialidad de los fiscales. Instamos al Fiscal General a garantizar que se lleve a cabo una investigaci\u00f3n independiente y exhaustiva sobre todos los posibles cr\u00edmenes cometidos contra Jos\u00e9 Eduardo, y a garantizar tambi\u00e9n a su madre pleno acceso a la<strong> justicia y la reparaci\u00f3n<\/strong>.<\/p>\n\n\n\n<p><strong>ACT\u00daEN: REDACTEN SU PROPIO LLAMAMIENTO O UTILICEN ESTA CARTA MODELO<\/strong><\/p>\n\n\n\n<p><strong>Alejando Gertz Manero<br>Fiscal General<br>Fiscal\u00eda General de la Rep\u00fablica<\/strong><br>Correo-e: alejandro.gertz@pgr.gob.mx<br>Twitter: @FGRMexico<\/p>\n\n\n\n<p><strong>Se\u00f1or Fiscal General:<\/strong><br>Me preocupan enormemente las declaraciones p\u00fablicas realizadas recientemente por la fiscal\u00eda encargada de la investigaci\u00f3n en curso sobre la presunta tortura infligida a Jos\u00e9 Eduardo Ravelo por agentes de polic\u00eda en M\u00e9rida, estado de Yucat\u00e1n, en julio, y por la subsiguiente muerte de este joven el 3 de agosto.<\/p>\n\n\n\n<p>Jos\u00e9 Eduardo, de 23 a\u00f1os, hab\u00eda viajado de Veracruz a M\u00e9rida para una entrevista de trabajo. Seg\u00fan su madre, el 23 de julio le dijo que la polic\u00eda lo hab\u00eda detenido dos d\u00edas antes y que los agentes lo hab\u00edan golpeado y lo hab\u00edan sometido a abusos sexuales. Muri\u00f3 unos d\u00edas despu\u00e9s a causa de m\u00faltiples lesiones internas.<\/p>\n\n\n\n<p>Seg\u00fan la informaci\u00f3n recibida, la fiscal\u00eda se ha negado a aplicar directrices cruciales para documentar e investigar de forma eficaz se\u00f1ales de tortura (Protocolo de Estambul). A pesar de ello, y de que la investigaci\u00f3n a\u00fan est\u00e1 en curso, el 28 de octubre la Fiscal\u00eda declar\u00f3 p\u00fablicamente que, bas\u00e1ndose en las<br>pruebas recopiladas, Jos\u00e9 Eduardo no hab\u00eda sido torturado ni agredido sexualmente por agentes de polic\u00eda, y no se hab\u00eda violado ninguno de sus derechos. Estas apresuradas conclusiones, y el hecho de que no se haya aplicado el Protocolo de Estambul, amenazan el derecho de la familia de Jos\u00e9 Eduardo a que su muerte y sus posibles tortura o malos tratos bajo custodia policial sean aclarados con la diligencia debida.<\/p>\n\n\n\n<p><strong>Le insto a garantizar de inmediato que se lleva a cabo, de acuerdo con todas las directrices existentes, incluido el Protocolo de Estambul, una investigaci\u00f3n independiente, efectiva e imparcial sobre las denuncias de tortura, agresi\u00f3n sexual y uso excesivo de la fuerza perpetrados contra Jos\u00e9 Eduardo. Deben garantizarse plenamente los derechos de la madre de Jos\u00e9 Eduardo a la justicia y la reparaci\u00f3n.<\/strong><\/p>\n\n\n\n<p><strong>Atentamente,<br>[NOMBRE]<\/strong><\/p>\n\n\n\n<p><\/p>\n\n\n\n<p><strong>INFORMACI\u00d3N COMPLEMENTARIA<\/strong><\/p>\n\n\n\n<p>Unos d\u00edas despu\u00e9s de que la madre de Jos\u00e9 Eduardo hiciera p\u00fablica la historia de su hijo en agosto, un representante del Estado declar\u00f3 p\u00fablicamente que el joven hab\u00eda sido detenido por causar \u201cuna alteraci\u00f3n del orden p\u00fablico\u201d, presuntamente \u201cbajo el efecto de las drogas\u201d.<\/p>\n\n\n\n<p>En agosto, un juez desestim\u00f3 los cargos contra cuatro agentes de la polic\u00eda municipal que hab\u00edan sido acusados inicialmente de homicidio calificado cometido en pandilla, violaci\u00f3n agravada y tortura agravada contra Jos\u00e9 Eduardo, declarando que no hab\u00eda pruebas suficientes para procesarlos.<\/p>\n\n\n\n<p>La Fiscal\u00eda del estado de Yucat\u00e1n se hizo cargo inicialmente de la investigaci\u00f3n, pero el caso pas\u00f3 luego a manos de una unidad de la Fiscal\u00eda General de la Rep\u00fablica (FGR) especializada en investigaciones de tortura. Seg\u00fan la informaci\u00f3n recibida por Amnist\u00eda Internacional, los fiscales que est\u00e1n ahora al cargo se han negado a utilizar el Manual para la Investigaci\u00f3n y Documentaci\u00f3n Eficaces de la Tortura y Otros Tratos o Penas Crueles, Inhumanos o Degradantes (\u201cProtocolo de Estambul\u201d), que contiene directrices esenciales para documentar eficazmente la tortura; alegan que no pueden utilizar este manual para investigar sobre personas fallecidas.<\/p>\n\n\n\n<p>En su declaraci\u00f3n p\u00fablica del 28 de octubre, la FGR mencion\u00f3 tambi\u00e9n que hab\u00eda detectado problemas en investigaciones llevadas a cabo por los fiscales del estado de Yucat\u00e1n que se hab\u00edan encargado anteriormente de la investigaci\u00f3n.<\/p>\n\n\n\n<p>Hasta el momento, no est\u00e1n claras las causas ni las personas responsables de la muerte y presunta tortura de Jos\u00e9 Eduardo, que permanecen impunes.<\/p>\n\n\n\n<p>La Comisi\u00f3n Nacional de los Derechos Humanos abri\u00f3 tambi\u00e9n una investigaci\u00f3n, que a d\u00eda de hoy contin\u00faa pendiente, sobre todas las presuntas violaciones de derechos humanos cometidas por instituciones mexicanas contra Jos\u00e9 Eduardo y su madre.<\/p>\n\n\n\n<p>Amnist\u00eda Internacional lleva mucho tiempo documentando violaciones de derechos humanos cometidas durante detenciones o reclusiones por parte de las fuerzas de seguridad nacionales y estatales en M\u00e9xico, unas violaciones que incluyen detenciones arbitrarias, uso excesivo de la fuerza y tortura. En 2017,  Amnist\u00eda Internacional public\u00f3 el informe Falsas sospechas: Detenciones arbitrarias por la polic\u00eda en M\u00e9xico. La investigaci\u00f3n mostr\u00f3 la manera en que se producen las detenciones efectuadas por las fuerzas policiales en M\u00e9xico y, sobre todo, las de personas, que seg\u00fan la polic\u00eda, fueron halladas en flagrante delito, es decir, en el momento en el que se est\u00e1 cometiendo un delito. Amnist\u00eda Internacional concluy\u00f3 que, en M\u00e9xico, el arresto de personas que supuestamente estaban cometiendo un delito al ser aprehendidas no funciona como una aut\u00e9ntica respuesta a los delitos que se cometen en el pa\u00eds, sino que es utilizado por las autoridades de forma ilegal, principalmente contra aquellas personas que enfrentan situaciones hist\u00f3ricas de discriminaci\u00f3n, y con preocupantes consecuencias para los hombres j\u00f3venes que viven en la pobreza. El informe mostraba tambi\u00e9n que persiste el uso de fuerza indebida durante las detenciones, y que muchas personas detenidas son sometidas a tortura y otros malos tratos.<\/p>\n\n\n\n<p>El 5 de mayo de 2020, Giovanny L\u00f3pez, alba\u00f1il de 30 a\u00f1os, muri\u00f3 despu\u00e9s de ser golpeado por la polic\u00eda tras haber sido detenido en el estado de Jalisco, aparentemente por no llevar tapabocas. En marzo de 2021, varios \u00f3rganos de la ONU y organizaciones de derechos humanos condenaron la muerte de Victoria Salazar, refugiada salvadore\u00f1a, a causa del uso excesivo de la fuerza a que fue sometida mientras estaba bajo custodia a manos de cuatro polic\u00edas en Tulum, estado de Quintana Roo.<\/p>\n\n\n\n<p>Los \u00f3rganos de derechos humanos de las Naciones Unidas tambi\u00e9n han expresado regularmente su preocupaci\u00f3n por el uso generalizado de la tortura y los malos tratos y el uso excesivo de la fuerza por parte de fuerzas policiales, fuerzas armadas y otros agentes p\u00fablicos, especialmente durante el arresto y las primeras etapas de la detenci\u00f3n, y por las graves deficiencias en la investigaci\u00f3n de actos de tortura y malos tratos en M\u00e9xico, as\u00ed como por la persistencia de los altos niveles de impunidad asociados a este tipo de delitos. Asimismo, han formulado recomendaciones a las autoridades mexicanas para poner fin a estas violaciones de derechos humanos.<\/p>\n\n\n\n<p><strong>PUEDEN ESCRIBIR LLAMAMIENTOS EN<\/strong>: Espa\u00f1ol<br>Tambi\u00e9n pueden escribir en su propio idioma.<br><strong>ENV\u00cdEN LLAMAMIENTOS LO ANTES POSIBLE Y NO M\u00c1S TARDE DEL:<\/strong> 31 de enero de 2022<br>Consulten con la oficina de Amnist\u00eda Internacional de su pa\u00eds si desean enviar llamamientos despu\u00e9s de la fecha indicada.<br><strong>NOMBRE Y G\u00c9NERO GRAMATICAL PREFERIDO:<\/strong> Jos\u00e9 Eduardo Ravelo (masculino)<br><strong>ENLACE A LA AU ANTERIOR:<\/strong> No procede.<\/p>\n\n\n\n<p><\/p>\n","protected":false},"excerpt":{"rendered":"<p>El 3 de agosto, Jos\u00e9 Eduardo Ravelo muri\u00f3 a causa de m\u00faltiples lesiones internas tras contar a su madre que la polic\u00eda lo hab\u00eda torturado bajo custodia d\u00edas antes en &hellip;<\/p>\n<p class=\"read-more\"> <a class=\"\" href=\"https:\/\/amnistia.org.mx\/contenido\/index.php\/los-fiscales-deben-investigar-casos-de-tortura\/\"> <span class=\"screen-reader-text\">Los fiscales deben investigar casos de tortura<\/span> Leer m\u00e1s &raquo;<\/a><\/p>\n","protected":false},"author":8,"featured_media":15177,"comment_status":"closed","ping_status":"closed","sticky":false,"template":"","format":"standard","meta":{"_uf_show_specific_survey":0,"_uf_disable_surveys":false,"site-sidebar-layout":"default","site-content-layout":"default","ast-global-header-display":"","ast-main-header-display":"","ast-hfb-above-header-display":"","ast-hfb-below-header-display":"","ast-hfb-mobile-header-display":"","site-post-title":"","ast-breadcrumbs-content":"","ast-featured-img":"","footer-sml-layout":"","theme-transparent-header-meta":"default","adv-header-id-meta":"","stick-header-meta":"","header-above-stick-meta":"","header-main-stick-meta":"","header-below-stick-meta":""},"categories":[9],"tags":[45],"acf":[],"aioseo_notices":[],"yoast_head":"<!-- This site is optimized with the Yoast SEO plugin v14.5 - https:\/\/yoast.com\/wordpress\/plugins\/seo\/ -->\n<title>Los fiscales deben investigar casos de tortura - amnistia.org.mx<\/title>\n<meta name=\"description\" content=\"Instamos al fiscal general a garantizar que se lleva a cabo una investigaci\u00f3n independiente y exhaustiva sobre todos los posibles cr\u00edmenes cometidos contra Jos\u00e9 Eduardo, y a garantizar tambi\u00e9n a su madre pleno acceso a la justicia y la reparaci\u00f3n.\" \/>\n<meta name=\"robots\" content=\"index, follow\" \/>\n<meta name=\"googlebot\" content=\"index, follow, max-snippet:-1, max-image-preview:large, max-video-preview:-1\" \/>\n<meta name=\"bingbot\" content=\"index, follow, max-snippet:-1, max-image-preview:large, max-video-preview:-1\" \/>\n<link rel=\"canonical\" href=\"https:\/\/amnistia.org.mx\/contenido\/index.php\/los-fiscales-deben-investigar-casos-de-tortura\/\" \/>\n<meta property=\"og:locale\" content=\"es_MX\" \/>\n<meta property=\"og:type\" content=\"article\" \/>\n<meta property=\"og:title\" content=\"Los fiscales deben investigar casos de tortura - amnistia.org.mx\" \/>\n<meta property=\"og:description\" content=\"Instamos al fiscal general a garantizar que se lleva a cabo una investigaci\u00f3n independiente y exhaustiva sobre todos los posibles cr\u00edmenes cometidos contra Jos\u00e9 Eduardo, y a garantizar tambi\u00e9n a su madre pleno acceso a la justicia y la reparaci\u00f3n.\" \/>\n<meta property=\"og:url\" content=\"https:\/\/amnistia.org.mx\/contenido\/index.php\/los-fiscales-deben-investigar-casos-de-tortura\/\" \/>\n<meta property=\"og:site_name\" content=\"amnistia.org.mx\" \/>\n<meta property=\"article:published_time\" content=\"2021-12-10T15:00:00+00:00\" \/>\n<meta property=\"article:modified_time\" content=\"2021-12-10T16:03:26+00:00\" \/>\n<meta property=\"og:image\" content=\"https:\/\/amnistia.org.mx\/contenido\/wp-content\/uploads\/2021\/12\/ACCI\u00d3N-URGENTE-AMNIST\u00cdA-INTERNACIONAL.png\" \/>\n\t<meta property=\"og:image:width\" content=\"1600\" \/>\n\t<meta property=\"og:image:height\" content=\"900\" \/>\n<meta name=\"twitter:card\" content=\"summary_large_image\" \/>\n<script type=\"application\/ld+json\" class=\"yoast-schema-graph\">{\"@context\":\"https:\/\/schema.org\",\"@graph\":[{\"@type\":\"WebSite\",\"@id\":\"https:\/\/amnistia.org.mx\/contenido\/#website\",\"url\":\"https:\/\/amnistia.org.mx\/contenido\/\",\"name\":\"amnistia.org.mx\",\"description\":\"Nueva p\\u00e1gina de Amnist\\u00eda\",\"potentialAction\":[{\"@type\":\"SearchAction\",\"target\":\"https:\/\/amnistia.org.mx\/contenido\/?s={search_term_string}\",\"query-input\":\"required name=search_term_string\"}],\"inLanguage\":\"es-MX\"},{\"@type\":\"ImageObject\",\"@id\":\"https:\/\/amnistia.org.mx\/contenido\/index.php\/los-fiscales-deben-investigar-casos-de-tortura\/#primaryimage\",\"inLanguage\":\"es-MX\",\"url\":\"https:\/\/amnistia.org.mx\/contenido\/wp-content\/uploads\/2021\/12\/ACCI\\u00d3N-URGENTE-AMNIST\\u00cdA-INTERNACIONAL.png\",\"width\":1600,\"height\":900},{\"@type\":\"WebPage\",\"@id\":\"https:\/\/amnistia.org.mx\/contenido\/index.php\/los-fiscales-deben-investigar-casos-de-tortura\/#webpage\",\"url\":\"https:\/\/amnistia.org.mx\/contenido\/index.php\/los-fiscales-deben-investigar-casos-de-tortura\/\",\"name\":\"Los fiscales deben investigar casos de tortura - amnistia.org.mx\",\"isPartOf\":{\"@id\":\"https:\/\/amnistia.org.mx\/contenido\/#website\"},\"primaryImageOfPage\":{\"@id\":\"https:\/\/amnistia.org.mx\/contenido\/index.php\/los-fiscales-deben-investigar-casos-de-tortura\/#primaryimage\"},\"datePublished\":\"2021-12-10T15:00:00+00:00\",\"dateModified\":\"2021-12-10T16:03:26+00:00\",\"author\":{\"@id\":\"https:\/\/amnistia.org.mx\/contenido\/#\/schema\/person\/2d2b29996a9513767aea81f8ae57bdeb\"},\"description\":\"Instamos al fiscal general a garantizar que se lleva a cabo una investigaci\\u00f3n independiente y exhaustiva sobre todos los posibles cr\\u00edmenes cometidos contra Jos\\u00e9 Eduardo, y a garantizar tambi\\u00e9n a su madre pleno acceso a la justicia y la reparaci\\u00f3n.\",\"breadcrumb\":{\"@id\":\"https:\/\/amnistia.org.mx\/contenido\/index.php\/los-fiscales-deben-investigar-casos-de-tortura\/#breadcrumb\"},\"inLanguage\":\"es-MX\",\"potentialAction\":[{\"@type\":\"ReadAction\",\"target\":[\"https:\/\/amnistia.org.mx\/contenido\/index.php\/los-fiscales-deben-investigar-casos-de-tortura\/\"]}]},{\"@type\":\"BreadcrumbList\",\"@id\":\"https:\/\/amnistia.org.mx\/contenido\/index.php\/los-fiscales-deben-investigar-casos-de-tortura\/#breadcrumb\",\"itemListElement\":[{\"@type\":\"ListItem\",\"position\":1,\"item\":{\"@type\":\"WebPage\",\"@id\":\"https:\/\/amnistia.org.mx\/contenido\/\",\"url\":\"https:\/\/amnistia.org.mx\/contenido\/\",\"name\":\"Home\"}},{\"@type\":\"ListItem\",\"position\":2,\"item\":{\"@type\":\"WebPage\",\"@id\":\"https:\/\/amnistia.org.mx\/contenido\/index.php\/los-fiscales-deben-investigar-casos-de-tortura\/\",\"url\":\"https:\/\/amnistia.org.mx\/contenido\/index.php\/los-fiscales-deben-investigar-casos-de-tortura\/\",\"name\":\"Los fiscales deben investigar casos de tortura\"}}]},{\"@type\":[\"Person\"],\"@id\":\"https:\/\/amnistia.org.mx\/contenido\/#\/schema\/person\/2d2b29996a9513767aea81f8ae57bdeb\",\"name\":\"Carolina Flores\",\"image\":{\"@type\":\"ImageObject\",\"@id\":\"https:\/\/amnistia.org.mx\/contenido\/#personlogo\",\"inLanguage\":\"es-MX\",\"url\":\"https:\/\/secure.gravatar.com\/avatar\/e2d29811923c60594035966b365ce272?s=96&d=mm&r=g\",\"caption\":\"Carolina Flores\"}}]}<\/script>\n<!-- \/ Yoast SEO plugin. -->","_links":{"self":[{"href":"https:\/\/amnistia.org.mx\/contenido\/index.php\/wp-json\/wp\/v2\/posts\/15176"}],"collection":[{"href":"https:\/\/amnistia.org.mx\/contenido\/index.php\/wp-json\/wp\/v2\/posts"}],"about":[{"href":"https:\/\/amnistia.org.mx\/contenido\/index.php\/wp-json\/wp\/v2\/types\/post"}],"author":[{"embeddable":true,"href":"https:\/\/amnistia.org.mx\/contenido\/index.php\/wp-json\/wp\/v2\/users\/8"}],"replies":[{"embeddable":true,"href":"https:\/\/amnistia.org.mx\/contenido\/index.php\/wp-json\/wp\/v2\/comments?post=15176"}],"version-history":[{"count":4,"href":"https:\/\/amnistia.org.mx\/contenido\/index.php\/wp-json\/wp\/v2\/posts\/15176\/revisions"}],"predecessor-version":[{"id":15190,"href":"https:\/\/amnistia.org.mx\/contenido\/index.php\/wp-json\/wp\/v2\/posts\/15176\/revisions\/15190"}],"wp:featuredmedia":[{"embeddable":true,"href":"https:\/\/amnistia.org.mx\/contenido\/index.php\/wp-json\/wp\/v2\/media\/15177"}],"wp:attachment":[{"href":"https:\/\/amnistia.org.mx\/contenido\/index.php\/wp-json\/wp\/v2\/media?parent=15176"}],"wp:term":[{"taxonomy":"category","embeddable":true,"href":"https:\/\/amnistia.org.mx\/contenido\/index.php\/wp-json\/wp\/v2\/categories?post=15176"},{"taxonomy":"post_tag","embeddable":true,"href":"https:\/\/amnistia.org.mx\/contenido\/index.php\/wp-json\/wp\/v2\/tags?post=15176"}],"curies":[{"name":"wp","href":"https:\/\/api.w.org\/{rel}","templated":true}]}}