
{"id":15305,"date":"2021-12-22T11:01:43","date_gmt":"2021-12-22T17:01:43","guid":{"rendered":"https:\/\/amnistia.org.mx\/contenido\/?p=15305"},"modified":"2023-05-22T17:19:13","modified_gmt":"2023-05-22T22:19:13","slug":"carta-abierta-al-presidente-de-mexico-andres-manuel-lopez-obrador-sobre-proteccion-internacional-de-personas-venezolanas","status":"publish","type":"post","link":"https:\/\/amnistia.org.mx\/contenido\/index.php\/carta-abierta-al-presidente-de-mexico-andres-manuel-lopez-obrador-sobre-proteccion-internacional-de-personas-venezolanas\/","title":{"rendered":"Carta abierta al Presidente de M\u00e9xico Andr\u00e9s Manuel L\u00f3pez Obrador sobre Protecci\u00f3n Internacional de personas venezolanas"},"content":{"rendered":"\n<p class=\"has-text-align-right\">21 de diciembre de 2021<\/p>\n\n\n\n<p><strong>Sr. Andr\u00e9s Manuel L\u00f3pez Obrador<\/strong><\/p>\n\n\n\n<p><strong>Presidente Constitucional de M\u00e9xico<\/strong><\/p>\n\n\n\n<p><strong>PRESENTE<\/strong><\/p>\n\n\n\n<p><strong>Re: Carta abierta al Presidente de M\u00e9xico Andr\u00e9s Manuel L\u00f3pez Obrador sobre Protecci\u00f3n Internacional de personas venezolanas<\/strong><\/p>\n\n\n\n<p>Distinguido Se\u00f1or Presidente,<\/p>\n\n\n\n<p>Reciba un cordial saludo de Amnist\u00eda Internacional.<\/p>\n\n\n\n<p>El pasado 17 de diciembre de 2021 se public\u00f3 en el <a href=\"https:\/\/cofemersimir.gob.mx\/portales\/resumen\/52987\">Diario Oficial de la Federaci\u00f3n<\/a>, el \u201cAcuerdo por el que se da a conocer la aplicaci\u00f3n de visa en pasaportes ordinarios a los nacionales de la Rep\u00fablica Bolivariana de Venezuela en la condici\u00f3n de estancia de visitantes sin permiso para realizar actividades remuneradas.\u201d En Amnist\u00eda Internacional vemos con gran preocupaci\u00f3n que esta decisi\u00f3n del gobierno mexicano puede tener graves repercusiones en la vida de las personas venezolanas que buscan protecci\u00f3n internacional en otros pa\u00edses de la regi\u00f3n, incluyendo M\u00e9xico.<\/p>\n\n\n\n<p>La grave crisis de derechos humanos y el agravamiento de la emergencia humanitaria compleja en Venezuela ha obligado a m\u00e1s de <a href=\"https:\/\/www.r4v.info\/es\/refugiadosymigrantes\">seis millones de personas<\/a> a abandonar el pa\u00eds en los \u00faltimos a\u00f1os. Reiterados <a href=\"https:\/\/www.amnesty.org\/es\/wp-content\/uploads\/sites\/4\/2021\/05\/AMR5302442019SPANISH.pdf\">informes<\/a> de <a href=\"https:\/\/www.amnesty.org\/es\/location\/americas\/south-america\/venezuela\/\">Amnist\u00eda Internacional<\/a> y otras instancias y organismos internacionales como la <a href=\"https:\/\/www.ohchr.org\/Documents\/HRBodies\/HRCouncil\/FFMV\/A.HRC.48.69%20ES.pdf\">Misi\u00f3n Internacional Independiente de Determinaci\u00f3n de los Hechos sobre Venezuela<\/a> de la Organizaci\u00f3n de Naciones Unidas (ONU), as\u00ed como la reciente apertura de una <a href=\"https:\/\/www.icc-cpi.int\/Pages\/item.aspx?name=pr1625&amp;ln=Spanish\">investigaci\u00f3n formal de la Corte Penal Internacional<\/a> por cr\u00edmenes de lesa humanidad, muestran que las masivas violaciones de derechos humanos contin\u00faan afectando gravemente a la mayor\u00eda de la poblaci\u00f3n. Aunado a esto, es probable que las personas no puedan ni siquiera obtener documentos requeridos por el gobierno mexicano para la solicitud de visa.<\/p>\n\n\n\n<p>Cabe mencionar que, de acuerdo con Oficina de la ONU para la Coordinaci\u00f3n de Asuntos Humanitarios, se calcular que m\u00e1s de <a href=\"https:\/\/reliefweb.int\/sites\/reliefweb.int\/files\/resources\/Panorama%20Humanitario%20Global%202022%20%28Informe%20Abreviado%29.pdf\">siete millones de personas en Venezuela necesitan asistencia humanitaria<\/a>, aunque reporta que la cifra puede ascender a 8.4 millones en el 2022. Es dif\u00edcil tener datos precisos sobre la expansi\u00f3n de esta crisis en el pa\u00eds, debido a la opacidad que existe sobre la publicaci\u00f3n de datos estad\u00edsticos oficiales desde hace a\u00f1os.<\/p>\n\n\n\n<p>La mayor\u00eda de las personas venezolanas que huyen del pa\u00eds son personas refugiadas y tienen derecho a protecci\u00f3n internacional, ya sea en virtud de la Convenci\u00f3n de 1951 sobre el Estatuto de los Refugiados, de car\u00e1cter internacional, o de la Declaraci\u00f3n de Cartagena de 1984, de car\u00e1cter regional. Esta \u00faltima tiene sobre todo por objeto responder a los riesgos colectivos, y su definici\u00f3n ampliada de persona refugiada se ha incorporado a la legislaci\u00f3n nacional en muchos pa\u00edses, incluido M\u00e9xico.<\/p>\n\n\n\n<p>Dada la magnitud de la crisis de refugiados, Amnist\u00eda Internacional pide a los gobiernos de la regi\u00f3n que permitan el acceso a procedimientos de solicitud de protecci\u00f3n a todas las personas llegadas de Venezuela. Los pa\u00edses receptores deben aplicar de inmediato medidas efectivas de protecci\u00f3n de esas personas y garantizar que no son devueltas. La imposici\u00f3n de visas de ingreso podr\u00eda poner en riesgo el derecho a solicitar asilo de personas venezolanas.<\/p>\n\n\n\n<p>Desde Amnist\u00eda Internacional le hacemos un llamado a reconsiderar la decisi\u00f3n de requerimiento de visado, as\u00ed como a fortalecer el sistema de asilo para todas las personas que buscan la protecci\u00f3n internacional en territorio mexicano, sin discriminaci\u00f3n y en l\u00ednea con las obligaciones internacionales de M\u00e9xico en materia de derechos humanos.<\/p>\n\n\n\n<p>Sin otro particular, aprovechamos la ocasi\u00f3n para reiterarle las muestras de nuestra consideraci\u00f3n.<\/p>\n\n\n\n<p>Cordialmente,<\/p>\n\n\n\n<figure class=\"wp-block-table\"><table><tbody><tr><td>&nbsp; <strong>Edith Olivares Ferreto<\/strong> <strong>Directora Ejecutiva<\/strong> <strong>Amnist\u00eda Internacional M\u00e9xico<\/strong> &nbsp;<\/td><td>&nbsp;<\/td><td><strong>&nbsp;<\/strong> <strong>Marcos G\u00f3mez,<\/strong> <strong>Director Ejecutivo<\/strong> <strong>Amnist\u00eda Internacional Venezuela<\/strong> &nbsp;<\/td><\/tr><tr><td>&nbsp;<\/td><td>&nbsp; &nbsp;<\/td><td>&nbsp;<\/td><\/tr><tr><td>&nbsp;<\/td><td><strong>Erika Guevara Rosas<\/strong> <strong>Directora para las Am\u00e9ricas de Amnist\u00eda Internacional<\/strong> &nbsp;<\/td><td>&nbsp;<\/td><\/tr><\/tbody><\/table><\/figure>\n","protected":false},"excerpt":{"rendered":"<p>21 de diciembre de 2021 Sr. Andr\u00e9s Manuel L\u00f3pez Obrador Presidente Constitucional de M\u00e9xico PRESENTE Re: Carta abierta al Presidente de M\u00e9xico Andr\u00e9s Manuel L\u00f3pez Obrador sobre Protecci\u00f3n Internacional de &hellip;<\/p>\n<p class=\"read-more\"> <a class=\"\" href=\"https:\/\/amnistia.org.mx\/contenido\/index.php\/carta-abierta-al-presidente-de-mexico-andres-manuel-lopez-obrador-sobre-proteccion-internacional-de-personas-venezolanas\/\"> <span class=\"screen-reader-text\">Carta abierta al Presidente de M\u00e9xico Andr\u00e9s Manuel L\u00f3pez Obrador sobre Protecci\u00f3n Internacional de personas venezolanas<\/span> Leer m\u00e1s &raquo;<\/a><\/p>\n","protected":false},"author":4,"featured_media":14963,"comment_status":"closed","ping_status":"closed","sticky":false,"template":"","format":"standard","meta":{"_uf_show_specific_survey":0,"_uf_disable_surveys":false,"site-sidebar-layout":"default","site-content-layout":"default","ast-global-header-display":"","ast-main-header-display":"","ast-hfb-above-header-display":"","ast-hfb-below-header-display":"","ast-hfb-mobile-header-display":"","site-post-title":"","ast-breadcrumbs-content":"","ast-featured-img":"","footer-sml-layout":"","theme-transparent-header-meta":"","adv-header-id-meta":"","stick-header-meta":"","header-above-stick-meta":"","header-main-stick-meta":"","header-below-stick-meta":""},"categories":[20],"tags":[161],"acf":[],"aioseo_notices":[],"yoast_head":"<!-- This site is optimized with the Yoast SEO plugin v14.5 - https:\/\/yoast.com\/wordpress\/plugins\/seo\/ -->\n<title>Carta abierta al Presidente de M\u00e9xico Andr\u00e9s Manuel L\u00f3pez Obrador sobre Protecci\u00f3n Internacional de personas venezolanas - amnistia.org.mx<\/title>\n<meta name=\"description\" content=\"Tres secciones de Amnist\u00eda Internacional env\u00edan Carta abierta al Presidente de M\u00e9xico para proteger a personas venezolanas\" \/>\n<meta name=\"robots\" content=\"index, follow\" \/>\n<meta name=\"googlebot\" content=\"index, follow, max-snippet:-1, max-image-preview:large, max-video-preview:-1\" \/>\n<meta name=\"bingbot\" content=\"index, follow, max-snippet:-1, max-image-preview:large, max-video-preview:-1\" \/>\n<link rel=\"canonical\" href=\"https:\/\/amnistia.org.mx\/contenido\/index.php\/carta-abierta-al-presidente-de-mexico-andres-manuel-lopez-obrador-sobre-proteccion-internacional-de-personas-venezolanas\/\" \/>\n<meta property=\"og:locale\" content=\"es_MX\" \/>\n<meta property=\"og:type\" content=\"article\" \/>\n<meta property=\"og:title\" content=\"Carta abierta al Presidente de M\u00e9xico Andr\u00e9s Manuel L\u00f3pez Obrador sobre Protecci\u00f3n Internacional de personas venezolanas - amnistia.org.mx\" \/>\n<meta property=\"og:description\" content=\"Tres secciones de Amnist\u00eda Internacional env\u00edan Carta abierta al Presidente de M\u00e9xico para proteger a personas venezolanas\" \/>\n<meta property=\"og:url\" content=\"https:\/\/amnistia.org.mx\/contenido\/index.php\/carta-abierta-al-presidente-de-mexico-andres-manuel-lopez-obrador-sobre-proteccion-internacional-de-personas-venezolanas\/\" \/>\n<meta property=\"og:site_name\" content=\"amnistia.org.mx\" \/>\n<meta property=\"article:published_time\" content=\"2021-12-22T17:01:43+00:00\" \/>\n<meta property=\"article:modified_time\" content=\"2023-05-22T22:19:13+00:00\" \/>\n<meta property=\"og:image\" content=\"https:\/\/amnistia.org.mx\/contenido\/wp-content\/uploads\/2021\/10\/Foto-EOF-para-comunicados-ajustada-1.jpg\" \/>\n\t<meta property=\"og:image:width\" content=\"650\" \/>\n\t<meta property=\"og:image:height\" content=\"487\" \/>\n<meta name=\"twitter:card\" content=\"summary_large_image\" \/>\n<script type=\"application\/ld+json\" class=\"yoast-schema-graph\">{\"@context\":\"https:\/\/schema.org\",\"@graph\":[{\"@type\":\"WebSite\",\"@id\":\"https:\/\/amnistia.org.mx\/contenido\/#website\",\"url\":\"https:\/\/amnistia.org.mx\/contenido\/\",\"name\":\"amnistia.org.mx\",\"description\":\"Nueva p\\u00e1gina de Amnist\\u00eda\",\"potentialAction\":[{\"@type\":\"SearchAction\",\"target\":\"https:\/\/amnistia.org.mx\/contenido\/?s={search_term_string}\",\"query-input\":\"required name=search_term_string\"}],\"inLanguage\":\"es-MX\"},{\"@type\":\"ImageObject\",\"@id\":\"https:\/\/amnistia.org.mx\/contenido\/index.php\/carta-abierta-al-presidente-de-mexico-andres-manuel-lopez-obrador-sobre-proteccion-internacional-de-personas-venezolanas\/#primaryimage\",\"inLanguage\":\"es-MX\",\"url\":\"https:\/\/amnistia.org.mx\/contenido\/wp-content\/uploads\/2021\/10\/Foto-EOF-para-comunicados-ajustada-1.jpg\",\"width\":650,\"height\":487},{\"@type\":\"WebPage\",\"@id\":\"https:\/\/amnistia.org.mx\/contenido\/index.php\/carta-abierta-al-presidente-de-mexico-andres-manuel-lopez-obrador-sobre-proteccion-internacional-de-personas-venezolanas\/#webpage\",\"url\":\"https:\/\/amnistia.org.mx\/contenido\/index.php\/carta-abierta-al-presidente-de-mexico-andres-manuel-lopez-obrador-sobre-proteccion-internacional-de-personas-venezolanas\/\",\"name\":\"Carta abierta al Presidente de M\\u00e9xico Andr\\u00e9s Manuel L\\u00f3pez Obrador sobre Protecci\\u00f3n Internacional de personas venezolanas - amnistia.org.mx\",\"isPartOf\":{\"@id\":\"https:\/\/amnistia.org.mx\/contenido\/#website\"},\"primaryImageOfPage\":{\"@id\":\"https:\/\/amnistia.org.mx\/contenido\/index.php\/carta-abierta-al-presidente-de-mexico-andres-manuel-lopez-obrador-sobre-proteccion-internacional-de-personas-venezolanas\/#primaryimage\"},\"datePublished\":\"2021-12-22T17:01:43+00:00\",\"dateModified\":\"2023-05-22T22:19:13+00:00\",\"author\":{\"@id\":\"https:\/\/amnistia.org.mx\/contenido\/#\/schema\/person\/7db421c495688267ce8ede4625c17fa5\"},\"description\":\"Tres secciones de Amnist\\u00eda Internacional env\\u00edan Carta abierta al Presidente de M\\u00e9xico para proteger a personas venezolanas\",\"breadcrumb\":{\"@id\":\"https:\/\/amnistia.org.mx\/contenido\/index.php\/carta-abierta-al-presidente-de-mexico-andres-manuel-lopez-obrador-sobre-proteccion-internacional-de-personas-venezolanas\/#breadcrumb\"},\"inLanguage\":\"es-MX\",\"potentialAction\":[{\"@type\":\"ReadAction\",\"target\":[\"https:\/\/amnistia.org.mx\/contenido\/index.php\/carta-abierta-al-presidente-de-mexico-andres-manuel-lopez-obrador-sobre-proteccion-internacional-de-personas-venezolanas\/\"]}]},{\"@type\":\"BreadcrumbList\",\"@id\":\"https:\/\/amnistia.org.mx\/contenido\/index.php\/carta-abierta-al-presidente-de-mexico-andres-manuel-lopez-obrador-sobre-proteccion-internacional-de-personas-venezolanas\/#breadcrumb\",\"itemListElement\":[{\"@type\":\"ListItem\",\"position\":1,\"item\":{\"@type\":\"WebPage\",\"@id\":\"https:\/\/amnistia.org.mx\/contenido\/\",\"url\":\"https:\/\/amnistia.org.mx\/contenido\/\",\"name\":\"Home\"}},{\"@type\":\"ListItem\",\"position\":2,\"item\":{\"@type\":\"WebPage\",\"@id\":\"https:\/\/amnistia.org.mx\/contenido\/index.php\/carta-abierta-al-presidente-de-mexico-andres-manuel-lopez-obrador-sobre-proteccion-internacional-de-personas-venezolanas\/\",\"url\":\"https:\/\/amnistia.org.mx\/contenido\/index.php\/carta-abierta-al-presidente-de-mexico-andres-manuel-lopez-obrador-sobre-proteccion-internacional-de-personas-venezolanas\/\",\"name\":\"Carta abierta al Presidente de M\\u00e9xico Andr\\u00e9s Manuel L\\u00f3pez Obrador sobre Protecci\\u00f3n Internacional de personas venezolanas\"}}]},{\"@type\":[\"Person\"],\"@id\":\"https:\/\/amnistia.org.mx\/contenido\/#\/schema\/person\/7db421c495688267ce8ede4625c17fa5\",\"name\":\"Alejandro Ju\\u00e1rez Gamero\",\"image\":{\"@type\":\"ImageObject\",\"@id\":\"https:\/\/amnistia.org.mx\/contenido\/#personlogo\",\"inLanguage\":\"es-MX\",\"url\":\"https:\/\/secure.gravatar.com\/avatar\/e312d5566d1c3ffb56f86415d6f0e606?s=96&d=mm&r=g\",\"caption\":\"Alejandro Ju\\u00e1rez Gamero\"}}]}<\/script>\n<!-- \/ Yoast SEO plugin. -->","_links":{"self":[{"href":"https:\/\/amnistia.org.mx\/contenido\/index.php\/wp-json\/wp\/v2\/posts\/15305"}],"collection":[{"href":"https:\/\/amnistia.org.mx\/contenido\/index.php\/wp-json\/wp\/v2\/posts"}],"about":[{"href":"https:\/\/amnistia.org.mx\/contenido\/index.php\/wp-json\/wp\/v2\/types\/post"}],"author":[{"embeddable":true,"href":"https:\/\/amnistia.org.mx\/contenido\/index.php\/wp-json\/wp\/v2\/users\/4"}],"replies":[{"embeddable":true,"href":"https:\/\/amnistia.org.mx\/contenido\/index.php\/wp-json\/wp\/v2\/comments?post=15305"}],"version-history":[{"count":2,"href":"https:\/\/amnistia.org.mx\/contenido\/index.php\/wp-json\/wp\/v2\/posts\/15305\/revisions"}],"predecessor-version":[{"id":15307,"href":"https:\/\/amnistia.org.mx\/contenido\/index.php\/wp-json\/wp\/v2\/posts\/15305\/revisions\/15307"}],"wp:featuredmedia":[{"embeddable":true,"href":"https:\/\/amnistia.org.mx\/contenido\/index.php\/wp-json\/wp\/v2\/media\/14963"}],"wp:attachment":[{"href":"https:\/\/amnistia.org.mx\/contenido\/index.php\/wp-json\/wp\/v2\/media?parent=15305"}],"wp:term":[{"taxonomy":"category","embeddable":true,"href":"https:\/\/amnistia.org.mx\/contenido\/index.php\/wp-json\/wp\/v2\/categories?post=15305"},{"taxonomy":"post_tag","embeddable":true,"href":"https:\/\/amnistia.org.mx\/contenido\/index.php\/wp-json\/wp\/v2\/tags?post=15305"}],"curies":[{"name":"wp","href":"https:\/\/api.w.org\/{rel}","templated":true}]}}