
{"id":16161,"date":"2022-02-18T09:49:08","date_gmt":"2022-02-18T15:49:08","guid":{"rendered":"https:\/\/amnistia.org.mx\/contenido\/?p=16161"},"modified":"2022-02-18T09:49:09","modified_gmt":"2022-02-18T15:49:09","slug":"rusia-alexei-navalny-podria-ser-condenado-hasta-a-15-anos-de-prision-en-una-nueva-farsa-judicial-representada-en-la-carcel","status":"publish","type":"post","link":"https:\/\/amnistia.org.mx\/contenido\/index.php\/rusia-alexei-navalny-podria-ser-condenado-hasta-a-15-anos-de-prision-en-una-nueva-farsa-judicial-representada-en-la-carcel\/","title":{"rendered":"Rusia: Alexei Navalny podr\u00eda ser condenado hasta a 15 a\u00f1os de prisi\u00f3n en una nueva farsa judicial representada en la c\u00e1rcel"},"content":{"rendered":"\n<p>Ante la noticia de que el l\u00edder pol\u00edtico de oposici\u00f3n pol\u00edtica encarcelado Alexei Navalny se enfrenta a un nuevo juicio penal en prisi\u00f3n, el 15 de febrero, por cargos de malversaci\u00f3n y desacato al tribunal. Marie Struthers, directora de Amnist\u00eda Internacional para Europa Oriental y Asia Central, ha manifestado:<\/p>\n\n\n\n<p>\u201cClaramente insatisfechas con las penas de prisi\u00f3n ya impuestas a Alexei Navalny, las autoridades rusas van a juzgarlo de nuevo tras las vallas electrificadas de una prisi\u00f3n en lo que c\u00ednicamente han llamado \u2018vista judicial abierta\u2019. Esta farsa judicial, a la que asistir\u00e1n guardias penitenciarios en lugar de los medios de comunicaci\u00f3n, incumple el derecho internacional de los derechos humanos y claramente priva a Navalny de su derecho a un juicio justo.<\/p>\n\n\n\n<p>Alexei Navalny fue detenido por cargos de motivaci\u00f3n pol\u00edtica y nunca deber\u00eda haber sido encarcelado. Con este nuevo juicio, es evidente que las autoridades rusas quieren asegurarse de que Navalny no sale de prisi\u00f3n en mucho tiempo. Un juicio a puerta cerrada no hace sino despertar m\u00e1s sospechas sobre nuevas violaciones de derechos humanos que las autoridades rusas intentan ocultar. Las autoridades tienen el deber de garantizar que se respeta el derecho de Navalny a un juicio justo, permitiendo una vista p\u00fablica y haciendo que se celebre conforme al derecho nacional e internacional\u201d.<\/p>\n\n\n\n<p><strong>Informaci\u00f3n complementaria<\/strong><\/p>\n\n\n\n<p>Alexei Navalny ha sido acusado de desacato al tribunal y malversaci\u00f3n de m\u00e1s de 35.000 d\u00f3lares estadounidenses que, seg\u00fan la fiscal\u00eda, desvi\u00f3 de donaciones a organizaciones fundadas por \u00e9l.<\/p>\n\n\n\n<p>La vista se celebrar\u00e1 en la colonia penitenciaria IK-2, situada en Pokrov, unos 100 kil\u00f3metros al este de Mosc\u00fa. El tribunal no aclar\u00f3 por qu\u00e9 el juicio se celebraba en prisi\u00f3n ni c\u00f3mo los testigos, periodistas y el equipo defensor de Navalny pod\u00edan asistir a \u00e9l en una instalaci\u00f3n tan restringida.<\/p>\n\n\n\n<p>Alexei Navalny cumple actualmente una condena de dos a\u00f1os y medio de prisi\u00f3n por cargos falsos de motivaci\u00f3n pol\u00edtica, calificada por el Tribunal Europeo de Derechos Humanos de \u201carbitraria y manifiestamente irrazonable\u201d. Si es declarado culpable de estos nuevos cargos, podr\u00eda ser condenado hasta a 15 a\u00f1os de prisi\u00f3n.<\/p>\n","protected":false},"excerpt":{"rendered":"<p>Ante la noticia de que el l\u00edder pol\u00edtico de oposici\u00f3n pol\u00edtica encarcelado Alexei Navalny se enfrenta a un nuevo juicio penal en prisi\u00f3n, el 15 de febrero, por cargos de &hellip;<\/p>\n<p class=\"read-more\"> <a class=\"\" href=\"https:\/\/amnistia.org.mx\/contenido\/index.php\/rusia-alexei-navalny-podria-ser-condenado-hasta-a-15-anos-de-prision-en-una-nueva-farsa-judicial-representada-en-la-carcel\/\"> <span class=\"screen-reader-text\">Rusia: Alexei Navalny podr\u00eda ser condenado hasta a 15 a\u00f1os de prisi\u00f3n en una nueva farsa judicial representada en la c\u00e1rcel<\/span> Leer m\u00e1s &raquo;<\/a><\/p>\n","protected":false},"author":4,"featured_media":16163,"comment_status":"closed","ping_status":"closed","sticky":false,"template":"","format":"standard","meta":{"_uf_show_specific_survey":0,"_uf_disable_surveys":false,"site-sidebar-layout":"default","site-content-layout":"default","ast-global-header-display":"","ast-main-header-display":"","ast-hfb-above-header-display":"","ast-hfb-below-header-display":"","ast-hfb-mobile-header-display":"","site-post-title":"","ast-breadcrumbs-content":"","ast-featured-img":"","footer-sml-layout":"","theme-transparent-header-meta":"","adv-header-id-meta":"","stick-header-meta":"","header-above-stick-meta":"","header-main-stick-meta":"","header-below-stick-meta":""},"categories":[9],"tags":[40],"acf":[],"aioseo_notices":[],"yoast_head":"<!-- This site is optimized with the Yoast SEO plugin v14.5 - https:\/\/yoast.com\/wordpress\/plugins\/seo\/ -->\n<title>Rusia: Alexei Navalny podr\u00eda ser condenado hasta a 15 a\u00f1os de prisi\u00f3n en una nueva farsa judicial representada en la c\u00e1rcel - amnistia.org.mx<\/title>\n<meta name=\"description\" content=\"Alexei Navalny fue detenido por cargos de motivaci\u00f3n pol\u00edtica y nunca deber\u00eda haber sido encarcelado, declar\u00f3 Amnist\u00eda Internacional.\" \/>\n<meta name=\"robots\" content=\"index, follow\" \/>\n<meta name=\"googlebot\" content=\"index, follow, max-snippet:-1, max-image-preview:large, max-video-preview:-1\" \/>\n<meta name=\"bingbot\" content=\"index, follow, max-snippet:-1, max-image-preview:large, max-video-preview:-1\" \/>\n<link rel=\"canonical\" href=\"https:\/\/amnistia.org.mx\/contenido\/index.php\/rusia-alexei-navalny-podria-ser-condenado-hasta-a-15-anos-de-prision-en-una-nueva-farsa-judicial-representada-en-la-carcel\/\" \/>\n<meta property=\"og:locale\" content=\"es_MX\" \/>\n<meta property=\"og:type\" content=\"article\" \/>\n<meta property=\"og:title\" content=\"Rusia: Alexei Navalny podr\u00eda ser condenado hasta a 15 a\u00f1os de prisi\u00f3n en una nueva farsa judicial representada en la c\u00e1rcel - amnistia.org.mx\" \/>\n<meta property=\"og:description\" content=\"Alexei Navalny fue detenido por cargos de motivaci\u00f3n pol\u00edtica y nunca deber\u00eda haber sido encarcelado, declar\u00f3 Amnist\u00eda Internacional.\" \/>\n<meta property=\"og:url\" content=\"https:\/\/amnistia.org.mx\/contenido\/index.php\/rusia-alexei-navalny-podria-ser-condenado-hasta-a-15-anos-de-prision-en-una-nueva-farsa-judicial-representada-en-la-carcel\/\" \/>\n<meta property=\"og:site_name\" content=\"amnistia.org.mx\" \/>\n<meta property=\"article:published_time\" content=\"2022-02-18T15:49:08+00:00\" \/>\n<meta property=\"article:modified_time\" content=\"2022-02-18T15:49:09+00:00\" \/>\n<meta property=\"og:image\" content=\"https:\/\/amnistia.org.mx\/contenido\/wp-content\/uploads\/2022\/02\/Foto-1.jpg\" \/>\n\t<meta property=\"og:image:width\" content=\"650\" \/>\n\t<meta property=\"og:image:height\" content=\"319\" \/>\n<meta name=\"twitter:card\" content=\"summary_large_image\" \/>\n<script type=\"application\/ld+json\" class=\"yoast-schema-graph\">{\"@context\":\"https:\/\/schema.org\",\"@graph\":[{\"@type\":\"WebSite\",\"@id\":\"https:\/\/amnistia.org.mx\/contenido\/#website\",\"url\":\"https:\/\/amnistia.org.mx\/contenido\/\",\"name\":\"amnistia.org.mx\",\"description\":\"Nueva p\\u00e1gina de Amnist\\u00eda\",\"potentialAction\":[{\"@type\":\"SearchAction\",\"target\":\"https:\/\/amnistia.org.mx\/contenido\/?s={search_term_string}\",\"query-input\":\"required name=search_term_string\"}],\"inLanguage\":\"es-MX\"},{\"@type\":\"ImageObject\",\"@id\":\"https:\/\/amnistia.org.mx\/contenido\/index.php\/rusia-alexei-navalny-podria-ser-condenado-hasta-a-15-anos-de-prision-en-una-nueva-farsa-judicial-representada-en-la-carcel\/#primaryimage\",\"inLanguage\":\"es-MX\",\"url\":\"https:\/\/amnistia.org.mx\/contenido\/wp-content\/uploads\/2022\/02\/Foto-1.jpg\",\"width\":650,\"height\":319},{\"@type\":\"WebPage\",\"@id\":\"https:\/\/amnistia.org.mx\/contenido\/index.php\/rusia-alexei-navalny-podria-ser-condenado-hasta-a-15-anos-de-prision-en-una-nueva-farsa-judicial-representada-en-la-carcel\/#webpage\",\"url\":\"https:\/\/amnistia.org.mx\/contenido\/index.php\/rusia-alexei-navalny-podria-ser-condenado-hasta-a-15-anos-de-prision-en-una-nueva-farsa-judicial-representada-en-la-carcel\/\",\"name\":\"Rusia: Alexei Navalny podr\\u00eda ser condenado hasta a 15 a\\u00f1os de prisi\\u00f3n en una nueva farsa judicial representada en la c\\u00e1rcel - amnistia.org.mx\",\"isPartOf\":{\"@id\":\"https:\/\/amnistia.org.mx\/contenido\/#website\"},\"primaryImageOfPage\":{\"@id\":\"https:\/\/amnistia.org.mx\/contenido\/index.php\/rusia-alexei-navalny-podria-ser-condenado-hasta-a-15-anos-de-prision-en-una-nueva-farsa-judicial-representada-en-la-carcel\/#primaryimage\"},\"datePublished\":\"2022-02-18T15:49:08+00:00\",\"dateModified\":\"2022-02-18T15:49:09+00:00\",\"author\":{\"@id\":\"https:\/\/amnistia.org.mx\/contenido\/#\/schema\/person\/7db421c495688267ce8ede4625c17fa5\"},\"description\":\"Alexei Navalny fue detenido por cargos de motivaci\\u00f3n pol\\u00edtica y nunca deber\\u00eda haber sido encarcelado, declar\\u00f3 Amnist\\u00eda Internacional.\",\"breadcrumb\":{\"@id\":\"https:\/\/amnistia.org.mx\/contenido\/index.php\/rusia-alexei-navalny-podria-ser-condenado-hasta-a-15-anos-de-prision-en-una-nueva-farsa-judicial-representada-en-la-carcel\/#breadcrumb\"},\"inLanguage\":\"es-MX\",\"potentialAction\":[{\"@type\":\"ReadAction\",\"target\":[\"https:\/\/amnistia.org.mx\/contenido\/index.php\/rusia-alexei-navalny-podria-ser-condenado-hasta-a-15-anos-de-prision-en-una-nueva-farsa-judicial-representada-en-la-carcel\/\"]}]},{\"@type\":\"BreadcrumbList\",\"@id\":\"https:\/\/amnistia.org.mx\/contenido\/index.php\/rusia-alexei-navalny-podria-ser-condenado-hasta-a-15-anos-de-prision-en-una-nueva-farsa-judicial-representada-en-la-carcel\/#breadcrumb\",\"itemListElement\":[{\"@type\":\"ListItem\",\"position\":1,\"item\":{\"@type\":\"WebPage\",\"@id\":\"https:\/\/amnistia.org.mx\/contenido\/\",\"url\":\"https:\/\/amnistia.org.mx\/contenido\/\",\"name\":\"Home\"}},{\"@type\":\"ListItem\",\"position\":2,\"item\":{\"@type\":\"WebPage\",\"@id\":\"https:\/\/amnistia.org.mx\/contenido\/index.php\/rusia-alexei-navalny-podria-ser-condenado-hasta-a-15-anos-de-prision-en-una-nueva-farsa-judicial-representada-en-la-carcel\/\",\"url\":\"https:\/\/amnistia.org.mx\/contenido\/index.php\/rusia-alexei-navalny-podria-ser-condenado-hasta-a-15-anos-de-prision-en-una-nueva-farsa-judicial-representada-en-la-carcel\/\",\"name\":\"Rusia: Alexei Navalny podr\\u00eda ser condenado hasta a 15 a\\u00f1os de prisi\\u00f3n en una nueva farsa judicial representada en la c\\u00e1rcel\"}}]},{\"@type\":[\"Person\"],\"@id\":\"https:\/\/amnistia.org.mx\/contenido\/#\/schema\/person\/7db421c495688267ce8ede4625c17fa5\",\"name\":\"Alejandro Ju\\u00e1rez Gamero\",\"image\":{\"@type\":\"ImageObject\",\"@id\":\"https:\/\/amnistia.org.mx\/contenido\/#personlogo\",\"inLanguage\":\"es-MX\",\"url\":\"https:\/\/secure.gravatar.com\/avatar\/e312d5566d1c3ffb56f86415d6f0e606?s=96&d=mm&r=g\",\"caption\":\"Alejandro Ju\\u00e1rez Gamero\"}}]}<\/script>\n<!-- \/ Yoast SEO plugin. -->","_links":{"self":[{"href":"https:\/\/amnistia.org.mx\/contenido\/index.php\/wp-json\/wp\/v2\/posts\/16161"}],"collection":[{"href":"https:\/\/amnistia.org.mx\/contenido\/index.php\/wp-json\/wp\/v2\/posts"}],"about":[{"href":"https:\/\/amnistia.org.mx\/contenido\/index.php\/wp-json\/wp\/v2\/types\/post"}],"author":[{"embeddable":true,"href":"https:\/\/amnistia.org.mx\/contenido\/index.php\/wp-json\/wp\/v2\/users\/4"}],"replies":[{"embeddable":true,"href":"https:\/\/amnistia.org.mx\/contenido\/index.php\/wp-json\/wp\/v2\/comments?post=16161"}],"version-history":[{"count":2,"href":"https:\/\/amnistia.org.mx\/contenido\/index.php\/wp-json\/wp\/v2\/posts\/16161\/revisions"}],"predecessor-version":[{"id":16165,"href":"https:\/\/amnistia.org.mx\/contenido\/index.php\/wp-json\/wp\/v2\/posts\/16161\/revisions\/16165"}],"wp:featuredmedia":[{"embeddable":true,"href":"https:\/\/amnistia.org.mx\/contenido\/index.php\/wp-json\/wp\/v2\/media\/16163"}],"wp:attachment":[{"href":"https:\/\/amnistia.org.mx\/contenido\/index.php\/wp-json\/wp\/v2\/media?parent=16161"}],"wp:term":[{"taxonomy":"category","embeddable":true,"href":"https:\/\/amnistia.org.mx\/contenido\/index.php\/wp-json\/wp\/v2\/categories?post=16161"},{"taxonomy":"post_tag","embeddable":true,"href":"https:\/\/amnistia.org.mx\/contenido\/index.php\/wp-json\/wp\/v2\/tags?post=16161"}],"curies":[{"name":"wp","href":"https:\/\/api.w.org\/{rel}","templated":true}]}}