
{"id":16178,"date":"2022-02-24T09:29:05","date_gmt":"2022-02-24T15:29:05","guid":{"rendered":"https:\/\/amnistia.org.mx\/contenido\/?p=16178"},"modified":"2022-02-24T09:29:06","modified_gmt":"2022-02-24T15:29:06","slug":"la-invasion-rusa-de-ucrania-suscita-una-honda-preocupacion-por-los-derechos-humanos-y-las-vidas-de-las-personas","status":"publish","type":"post","link":"https:\/\/amnistia.org.mx\/contenido\/index.php\/la-invasion-rusa-de-ucrania-suscita-una-honda-preocupacion-por-los-derechos-humanos-y-las-vidas-de-las-personas\/","title":{"rendered":"La invasi\u00f3n rusa de Ucrania suscita una honda preocupaci\u00f3n por los derechos humanos y las vidas de las personas"},"content":{"rendered":"\n<p>Tras el ataque lanzado desde varios flancos por Rusia contra Ucrania esta ma\u00f1ana, Amnist\u00eda Internacional pide un respeto inequ\u00edvoco del derecho internacional humanitario y de los derechos humanos.<\/p>\n\n\n\n<p>\u201cNuestros peores temores se han hecho realidad. Tras semanas de escalada, ha dado comienzo una invasi\u00f3n rusa que probablemente tendr\u00e1 espantosas consecuencias para los derechos humanos y las vidas de las personas\u201d, ha manifestado Agn\u00e8s Callamard, secretaria general de Amnist\u00eda Internacional.<\/p>\n\n\n\n<p>\u201cMientras las bombas y los cohetes caen sobre bases militares ucranianas, y se reciben los primeros informes sobre el uso de armas de efectos indiscriminados por parte del ej\u00e9rcito ruso, Amnist\u00eda Internacional reitera su llamamiento a todas las partes para que respeten estrictamente el derecho internacional humanitario y el derecho internacional de los derechos humanos. Deben protegerse las vidas, las viviendas y las infraestructuras civiles; no deben lanzarse ataques indiscriminados ni deben utilizarse armas prohibidas como las municiones de racimo. Tambi\u00e9n reiteramos nuestro llamamiento para que se permita y facilite el acceso de las agencias humanitarias con el fin de prestar asistencia a la poblaci\u00f3n civil afectada por las hostilidades\u201d.<\/p>\n\n\n\n<p>\u201cAmnist\u00eda Internacional seguir\u00e1 de cerca la situaci\u00f3n para denunciar las violaciones del derecho internacional que cometan todas las partes\u201d.<\/p>\n\n\n\n<p>El conflicto armado cada vez m\u00e1s amplio entre los dos pa\u00edses estall\u00f3 en la madrugada del 24 de febrero, cuando el ej\u00e9rcito ruso lanz\u00f3 contra bases a\u00e9reas y militares ucranianas fuertes ataques con bombas, artiller\u00eda de cohetes y misiles. Mientras tanto, columnas de tanques invadieron el territorio de Ucrania a todo lo largo de la frontera.<\/p>\n\n\n\n<p><strong>Informaci\u00f3n complementaria<\/strong><\/p>\n\n\n\n<p>En la madrugada del 24 de febrero, Rusia se lanz\u00f3 a la invasi\u00f3n de Ucrania: se ha informado de que sus tropas han cruzado la frontera en el norte y el sur, y de que ha habido explosiones en m\u00faltiples ciudades, incluida la capital, Kiev. Al menos en una ocasi\u00f3n, en J\u00e1rkov, las im\u00e1genes de v\u00eddeo muestran la secci\u00f3n de cola de un cohete, disparado desde un lanzacohetes m\u00faltiple pesado Smerch, asomando del pavimento. Los ataques deliberados contra personas y bienes civiles, y los ataques indiscriminados que matan o hieren a civiles, constituyen cr\u00edmenes de guerra.<\/p>\n\n\n\n<p>Amnist\u00eda Internacional ha <a href=\"https:\/\/www.amnesty.org\/es\/latest\/news\/2022\/01\/further-armed-conflict-in-ukraine-would-have-devastating-consequences-for-the-human-rights-of-millions\/\" target=\"_blank\" rel=\"noreferrer noopener\">advertido<\/a> previamente de los devastadores riesgos para los derechos humanos de un nuevo conflicto armado entre Rusia y Ucrania, entre ellos las amenazas para las vidas, los medios de sustento y las infraestructuras civiles, la posible escasez aguda de alimentos y el desplazamiento masivo. La organizaci\u00f3n ha documentado el alto precio que supuso para los derechos humanos el conflicto de 2014-2015 en el este de Ucrania, en el que se cometieron cr\u00edmenes de guerra y cr\u00edmenes de lesa humanidad.<\/p>\n","protected":false},"excerpt":{"rendered":"<p>Tras el ataque lanzado desde varios flancos por Rusia contra Ucrania esta ma\u00f1ana, Amnist\u00eda Internacional pide un respeto inequ\u00edvoco del derecho internacional humanitario y de los derechos humanos. \u201cNuestros peores &hellip;<\/p>\n<p class=\"read-more\"> <a class=\"\" href=\"https:\/\/amnistia.org.mx\/contenido\/index.php\/la-invasion-rusa-de-ucrania-suscita-una-honda-preocupacion-por-los-derechos-humanos-y-las-vidas-de-las-personas\/\"> <span class=\"screen-reader-text\">La invasi\u00f3n rusa de Ucrania suscita una honda preocupaci\u00f3n por los derechos humanos y las vidas de las personas<\/span> Leer m\u00e1s &raquo;<\/a><\/p>\n","protected":false},"author":4,"featured_media":16179,"comment_status":"closed","ping_status":"closed","sticky":false,"template":"","format":"standard","meta":{"_uf_show_specific_survey":0,"_uf_disable_surveys":false,"site-sidebar-layout":"default","site-content-layout":"default","ast-global-header-display":"","ast-main-header-display":"","ast-hfb-above-header-display":"","ast-hfb-below-header-display":"","ast-hfb-mobile-header-display":"","site-post-title":"","ast-breadcrumbs-content":"","ast-featured-img":"","footer-sml-layout":"","theme-transparent-header-meta":"","adv-header-id-meta":"","stick-header-meta":"","header-above-stick-meta":"","header-main-stick-meta":"","header-below-stick-meta":""},"categories":[9],"tags":[40],"acf":[],"aioseo_notices":[],"yoast_head":"<!-- This site is optimized with the Yoast SEO plugin v14.5 - https:\/\/yoast.com\/wordpress\/plugins\/seo\/ -->\n<title>La invasi\u00f3n rusa de Ucrania suscita una honda preocupaci\u00f3n por los derechos humanos y las vidas de las personas - amnistia.org.mx<\/title>\n<meta name=\"description\" content=\"Amnist\u00eda Internacional pide un respeto inequ\u00edvoco del derecho internacional humanitario y de los derechos humanos, tras el ataque lanzado desde varios flancos por Rusia contra Ucrania este 24 de febrero.\" \/>\n<meta name=\"robots\" content=\"index, follow\" \/>\n<meta name=\"googlebot\" content=\"index, follow, max-snippet:-1, max-image-preview:large, max-video-preview:-1\" \/>\n<meta name=\"bingbot\" content=\"index, follow, max-snippet:-1, max-image-preview:large, max-video-preview:-1\" \/>\n<link rel=\"canonical\" href=\"https:\/\/amnistia.org.mx\/contenido\/index.php\/la-invasion-rusa-de-ucrania-suscita-una-honda-preocupacion-por-los-derechos-humanos-y-las-vidas-de-las-personas\/\" \/>\n<meta property=\"og:locale\" content=\"es_MX\" \/>\n<meta property=\"og:type\" content=\"article\" \/>\n<meta property=\"og:title\" content=\"La invasi\u00f3n rusa de Ucrania suscita una honda preocupaci\u00f3n por los derechos humanos y las vidas de las personas - amnistia.org.mx\" \/>\n<meta property=\"og:description\" content=\"Amnist\u00eda Internacional pide un respeto inequ\u00edvoco del derecho internacional humanitario y de los derechos humanos, tras el ataque lanzado desde varios flancos por Rusia contra Ucrania este 24 de febrero.\" \/>\n<meta property=\"og:url\" content=\"https:\/\/amnistia.org.mx\/contenido\/index.php\/la-invasion-rusa-de-ucrania-suscita-una-honda-preocupacion-por-los-derechos-humanos-y-las-vidas-de-las-personas\/\" \/>\n<meta property=\"og:site_name\" content=\"amnistia.org.mx\" \/>\n<meta property=\"article:published_time\" content=\"2022-02-24T15:29:05+00:00\" \/>\n<meta property=\"article:modified_time\" content=\"2022-02-24T15:29:06+00:00\" \/>\n<meta property=\"og:image\" content=\"https:\/\/amnistia.org.mx\/contenido\/wp-content\/uploads\/2022\/02\/foto-y-cr\u00e9dito.jpg\" \/>\n\t<meta property=\"og:image:width\" content=\"650\" \/>\n\t<meta property=\"og:image:height\" content=\"318\" \/>\n<meta name=\"twitter:card\" content=\"summary_large_image\" \/>\n<script type=\"application\/ld+json\" class=\"yoast-schema-graph\">{\"@context\":\"https:\/\/schema.org\",\"@graph\":[{\"@type\":\"WebSite\",\"@id\":\"https:\/\/amnistia.org.mx\/contenido\/#website\",\"url\":\"https:\/\/amnistia.org.mx\/contenido\/\",\"name\":\"amnistia.org.mx\",\"description\":\"Nueva p\\u00e1gina de Amnist\\u00eda\",\"potentialAction\":[{\"@type\":\"SearchAction\",\"target\":\"https:\/\/amnistia.org.mx\/contenido\/?s={search_term_string}\",\"query-input\":\"required name=search_term_string\"}],\"inLanguage\":\"es-MX\"},{\"@type\":\"ImageObject\",\"@id\":\"https:\/\/amnistia.org.mx\/contenido\/index.php\/la-invasion-rusa-de-ucrania-suscita-una-honda-preocupacion-por-los-derechos-humanos-y-las-vidas-de-las-personas\/#primaryimage\",\"inLanguage\":\"es-MX\",\"url\":\"https:\/\/amnistia.org.mx\/contenido\/wp-content\/uploads\/2022\/02\/foto-y-cr\\u00e9dito.jpg\",\"width\":650,\"height\":318},{\"@type\":\"WebPage\",\"@id\":\"https:\/\/amnistia.org.mx\/contenido\/index.php\/la-invasion-rusa-de-ucrania-suscita-una-honda-preocupacion-por-los-derechos-humanos-y-las-vidas-de-las-personas\/#webpage\",\"url\":\"https:\/\/amnistia.org.mx\/contenido\/index.php\/la-invasion-rusa-de-ucrania-suscita-una-honda-preocupacion-por-los-derechos-humanos-y-las-vidas-de-las-personas\/\",\"name\":\"La invasi\\u00f3n rusa de Ucrania suscita una honda preocupaci\\u00f3n por los derechos humanos y las vidas de las personas - amnistia.org.mx\",\"isPartOf\":{\"@id\":\"https:\/\/amnistia.org.mx\/contenido\/#website\"},\"primaryImageOfPage\":{\"@id\":\"https:\/\/amnistia.org.mx\/contenido\/index.php\/la-invasion-rusa-de-ucrania-suscita-una-honda-preocupacion-por-los-derechos-humanos-y-las-vidas-de-las-personas\/#primaryimage\"},\"datePublished\":\"2022-02-24T15:29:05+00:00\",\"dateModified\":\"2022-02-24T15:29:06+00:00\",\"author\":{\"@id\":\"https:\/\/amnistia.org.mx\/contenido\/#\/schema\/person\/7db421c495688267ce8ede4625c17fa5\"},\"description\":\"Amnist\\u00eda Internacional pide un respeto inequ\\u00edvoco del derecho internacional humanitario y de los derechos humanos, tras el ataque lanzado desde varios flancos por Rusia contra Ucrania este 24 de febrero.\",\"breadcrumb\":{\"@id\":\"https:\/\/amnistia.org.mx\/contenido\/index.php\/la-invasion-rusa-de-ucrania-suscita-una-honda-preocupacion-por-los-derechos-humanos-y-las-vidas-de-las-personas\/#breadcrumb\"},\"inLanguage\":\"es-MX\",\"potentialAction\":[{\"@type\":\"ReadAction\",\"target\":[\"https:\/\/amnistia.org.mx\/contenido\/index.php\/la-invasion-rusa-de-ucrania-suscita-una-honda-preocupacion-por-los-derechos-humanos-y-las-vidas-de-las-personas\/\"]}]},{\"@type\":\"BreadcrumbList\",\"@id\":\"https:\/\/amnistia.org.mx\/contenido\/index.php\/la-invasion-rusa-de-ucrania-suscita-una-honda-preocupacion-por-los-derechos-humanos-y-las-vidas-de-las-personas\/#breadcrumb\",\"itemListElement\":[{\"@type\":\"ListItem\",\"position\":1,\"item\":{\"@type\":\"WebPage\",\"@id\":\"https:\/\/amnistia.org.mx\/contenido\/\",\"url\":\"https:\/\/amnistia.org.mx\/contenido\/\",\"name\":\"Home\"}},{\"@type\":\"ListItem\",\"position\":2,\"item\":{\"@type\":\"WebPage\",\"@id\":\"https:\/\/amnistia.org.mx\/contenido\/index.php\/la-invasion-rusa-de-ucrania-suscita-una-honda-preocupacion-por-los-derechos-humanos-y-las-vidas-de-las-personas\/\",\"url\":\"https:\/\/amnistia.org.mx\/contenido\/index.php\/la-invasion-rusa-de-ucrania-suscita-una-honda-preocupacion-por-los-derechos-humanos-y-las-vidas-de-las-personas\/\",\"name\":\"La invasi\\u00f3n rusa de Ucrania suscita una honda preocupaci\\u00f3n por los derechos humanos y las vidas de las personas\"}}]},{\"@type\":[\"Person\"],\"@id\":\"https:\/\/amnistia.org.mx\/contenido\/#\/schema\/person\/7db421c495688267ce8ede4625c17fa5\",\"name\":\"Alejandro Ju\\u00e1rez Gamero\",\"image\":{\"@type\":\"ImageObject\",\"@id\":\"https:\/\/amnistia.org.mx\/contenido\/#personlogo\",\"inLanguage\":\"es-MX\",\"url\":\"https:\/\/secure.gravatar.com\/avatar\/e312d5566d1c3ffb56f86415d6f0e606?s=96&d=mm&r=g\",\"caption\":\"Alejandro Ju\\u00e1rez Gamero\"}}]}<\/script>\n<!-- \/ Yoast SEO plugin. -->","_links":{"self":[{"href":"https:\/\/amnistia.org.mx\/contenido\/index.php\/wp-json\/wp\/v2\/posts\/16178"}],"collection":[{"href":"https:\/\/amnistia.org.mx\/contenido\/index.php\/wp-json\/wp\/v2\/posts"}],"about":[{"href":"https:\/\/amnistia.org.mx\/contenido\/index.php\/wp-json\/wp\/v2\/types\/post"}],"author":[{"embeddable":true,"href":"https:\/\/amnistia.org.mx\/contenido\/index.php\/wp-json\/wp\/v2\/users\/4"}],"replies":[{"embeddable":true,"href":"https:\/\/amnistia.org.mx\/contenido\/index.php\/wp-json\/wp\/v2\/comments?post=16178"}],"version-history":[{"count":3,"href":"https:\/\/amnistia.org.mx\/contenido\/index.php\/wp-json\/wp\/v2\/posts\/16178\/revisions"}],"predecessor-version":[{"id":16182,"href":"https:\/\/amnistia.org.mx\/contenido\/index.php\/wp-json\/wp\/v2\/posts\/16178\/revisions\/16182"}],"wp:featuredmedia":[{"embeddable":true,"href":"https:\/\/amnistia.org.mx\/contenido\/index.php\/wp-json\/wp\/v2\/media\/16179"}],"wp:attachment":[{"href":"https:\/\/amnistia.org.mx\/contenido\/index.php\/wp-json\/wp\/v2\/media?parent=16178"}],"wp:term":[{"taxonomy":"category","embeddable":true,"href":"https:\/\/amnistia.org.mx\/contenido\/index.php\/wp-json\/wp\/v2\/categories?post=16178"},{"taxonomy":"post_tag","embeddable":true,"href":"https:\/\/amnistia.org.mx\/contenido\/index.php\/wp-json\/wp\/v2\/tags?post=16178"}],"curies":[{"name":"wp","href":"https:\/\/api.w.org\/{rel}","templated":true}]}}