
{"id":16188,"date":"2022-02-24T10:15:40","date_gmt":"2022-02-24T16:15:40","guid":{"rendered":"https:\/\/amnistia.org.mx\/contenido\/?p=16188"},"modified":"2022-02-24T10:25:19","modified_gmt":"2022-02-24T16:25:19","slug":"fgr-atrae-el-caso-del-feminicidio-de-karla-pontigo","status":"publish","type":"post","link":"https:\/\/amnistia.org.mx\/contenido\/index.php\/fgr-atrae-el-caso-del-feminicidio-de-karla-pontigo\/","title":{"rendered":"FGR atrae el caso del feminicidio de Karla Pontigo"},"content":{"rendered":"\n<figure class=\"wp-block-image size-large\"><img decoding=\"async\" loading=\"lazy\" width=\"700\" height=\"102\" src=\"https:\/\/amnistia.org.mx\/contenido\/wp-content\/uploads\/2022\/02\/Comunicado-FGR-atrae-caso-Karla-Pontigo-24-feb-22-1.jpg\" alt=\"\" class=\"wp-image-16192\"\/><\/figure>\n\n\n\n<p class=\"has-text-align-right\">Comunicado de medios<\/p>\n\n\n\n<p>Cinco meses despu\u00e9s de que el Juzgado Primero de Distrito en San Luis Potos\u00ed se pronunciara por la existencia de <strong>conflicto de inter\u00e9s, <\/strong>por parte de la <strong>Fiscal\u00eda General del Estado de San Luis Potos\u00ed (FGESLP) para investigar y traer justicia en el caso de feminicidio de Karla Pontigo Lucciotto <\/strong>\u2013ocurrido en octubre de 2012\u2013<strong>, <\/strong>la <strong>Fiscal\u00eda General de la Rep\u00fablica (FGR) <\/strong>ejerci\u00f3 su facultad de atracci\u00f3n y retomar\u00e1 las investigaciones de este crimen.<\/p>\n\n\n\n<p>El conflicto de inter\u00e9s se basa, de acuerdo con el Juzgado, en que el <strong>ahora titular de la FGESLP <\/strong>\u201c<strong>Jos\u00e9 Luis Ruiz Contreras, <\/strong>se desempe\u00f1\u00f3 como Secretario Particular del entonces Procurador General de Justicia del Estado\u201d. Adem\u00e1s de que el juez que determin\u00f3 que se trataba de un homicidio por culpa (sin intenci\u00f3n o por accidente) \u201ces <strong>Juli\u00e1n Ruiz Contreras <\/strong>[hermano del ahora fiscal]\u201d. Esos hechos son suficientes para concluir que \u201cs\u00ed puede tener un inter\u00e9s personal el asunto, pues cabe recordar que uno de los efectos de la concesi\u00f3n de amparo establecido por la Primera Sala del M\u00e1s Alto Tribunal, consiste en que <strong>se inicien los procedimientos necesarios para sancionar administrativa o, incluso, penalmente a las autoridades intervinientes por su actividad irregular<\/strong>\u201d.<\/p>\n\n\n\n<p>La FGR, a trav\u00e9s de la Fiscal\u00eda Especial para los Delitos de Violencia contra las Mujeres y Trata de Personas (FEVIMTRA), <strong>resolvi\u00f3 \u201casumir la competencia para seguir conociendo las investigaciones <\/strong>relacionadas con los hechos en los que perdiera la vida <strong>Karla del Carmen Pontigo Lucciotto, <\/strong>as\u00ed como <strong>el actuar indebido e irregular en el que pudieron incurrir las personas que tuvieron intervenci\u00f3n en la carpeta en el ejercicio del servicio p\u00fablico\u201d.<\/strong><\/p>\n\n\n\n<p>Adem\u00e1s, determin\u00f3 que seguir\u00e1 conociendo de la investigaci\u00f3n, bajo \u201clos lineamientos contenidos en el Protocolo de Investigaci\u00f3n Ministerial, Policial y Pericial con Perspectiva de G\u00e9nero para el delito de Feminicidio de la entonces Procuradur\u00eda General de la Rep\u00fablica (PGR), as\u00ed como en lo establecido por la <strong>Corte Interamericana de Derechos Humanos <\/strong>en la Sentencia del caso Gonz\u00e1lez y otras vs M\u00e9xico (campo Algodonero) y los que de \u00e9sta estableci\u00f3 la Primera Sala de la Suprema Corte de Justicia de la Naci\u00f3n en el Amparo en Revisi\u00f3n 554\/2013 sobre la investigaci\u00f3n de los hechos en los que perdiera la vida Mariana Lima Buend\u00eda y en atenci\u00f3n a la sentencia dictada por la Suprema Corte de Justicia en el Amparo en Revisi\u00f3n 1284\/2015\u201d.<\/p>\n\n\n\n<p>Lo anterior significa que la <strong>FGR deber\u00e1 realizar una investigaci\u00f3n diligente, exhaustiva, imparcial y con perspectiva de g\u00e9nero<\/strong>, como lo determin\u00f3 la <strong>Suprema Corte de Justicia de la Naci\u00f3n (SCJN)<\/strong>, en noviembre de 2019, en su sentencia 1284\/2015, en la que confirm\u00f3 que el feminicidio de Karla Pontigo \u201cestuvo rodeado de circunstancias de violencia, basada en g\u00e9nero\u201d.<\/p>\n\n\n\n<p>Con esta atracci\u00f3n, en un caso donde se ha determinado que existe un conflicto de inter\u00e9s en el \u00e1mbito local, se est\u00e1 sentado un <strong>precedente important\u00edsimo <\/strong>en la lucha de las familias potosinas y de las de todo el pa\u00eds, hacia <strong>investigaciones que cuenten con mayor condiciones de independencia<\/strong>. Como lo ha se\u00f1alado Esperanza Lucciotto, madre de Karla: <strong>\u201cEs una luz y otro camino que se abre para que podamos saber qu\u00e9 fue lo que pas\u00f3, para que podamos tener justicia\u201d.<\/strong><\/p>\n\n\n\n<p>Es importante resaltar que, a\u00fan cuando la FGR atrae la investigaci\u00f3n del feminicidio de Karla Pontigo, esto no exime la responsabilidad de la <strong>FGESLP <\/strong>de seguir fortaleciendo la <strong>Unidad Especializada Multidisciplinaria e Itinerante en Materia de G\u00e9nero<\/strong>, para que pueda investigarse y traer justicia y verdad a otras mujeres v\u00edctimas de feminicidio y a sus familias, <strong>otorg\u00e1ndole los recursos materiales, humanos y financieros b\u00e1sicos para su debido funcionamiento, para que pueda conocer de otros casos de muertes violentas contra mujeres.<\/strong><\/p>\n\n\n\n<p>La creaci\u00f3n de esta Unidad Especializada se debi\u00f3 justamente a la sentencia de la SCJN en el caso de Karla Pontigo, que se\u00f1ala que si bien busca subsanar las violaciones cometidas durante la investigaci\u00f3n de la muerte de Karla Pontigo, \u201c<strong>su efecto se extiende a la sociedad en general<\/strong>, pues adem\u00e1s de que se deber\u00e1n iniciar los procedimientos necesarios para sancionar administrativa o, incluso, penalmente a las autoridades intervinientes por su actividad irregular, el ordenar la reposici\u00f3n de la investigaci\u00f3n <strong>busca disuadir a las autoridades de llevar a cabo investigaciones sin sujetarse a las disposiciones constitucionales<\/strong>\u201d, lo cual implica una protecci\u00f3n expl\u00edcita para otros casos de feminicidio, que deben ser investigados bajo los mismos par\u00e1metros ya establecidos por la Corte.<\/p>\n\n\n\n<p><strong>Tres municipios potosinos <\/strong>(San Luis Potos\u00ed, Rioverde y Soledad de Graciano S\u00e1nchez) se encuentran <strong>entre los 100 m\u00e1s peligrosos para las mujeres <\/strong>del pa\u00eds, de acuerdo con el <a href=\"https:\/\/drive.google.com\/file\/d\/1btj0rWQjIn3mlUKXcKrAxhSHPoOe58T6\/view\" target=\"_blank\" aria-label=\"undefined (abre en una nueva pesta\u00f1a)\" rel=\"noreferrer noopener\">Secretariado Ejecutivo del Sistema Nacional de Seguridad P\u00fablica (SESNSP)<\/a>. En 2021, el estado de San Luis Potos\u00ed cerr\u00f3 el a\u00f1o con un total de<a href=\"https:\/\/drive.google.com\/file\/d\/17pQlTfXt9-ufVXljOg4cKVjpHs2wuVZA\/view\" target=\"_blank\" aria-label=\"undefined (abre en una nueva pesta\u00f1a)\" rel=\"noreferrer noopener\"> <strong>24 feminicidios<\/strong><\/a>, de acuerdo con el mismo SESNSP (sin considerar aquellas muertes violentas de mujeres que no fueron tipificadas como feminicidio).<\/p>\n\n\n\n<p>Ante el fortalecimiento de acciones realizadas para garantizar el acceso a la justicia de la familia Lucciotto, llamamos al <strong>Mecanismo de Protecci\u00f3n para Personas Defensoras de Derechos Humanos y Periodistas <\/strong>de la <strong>Secretar\u00eda de Gobernaci\u00f3n <\/strong>a que garantice la implementaci\u00f3n total de las medidas de protecci\u00f3n en favor <strong>de la familia Pontigo Lucciotto <\/strong>y recordamos al <strong>Gobierno del Estado de San Luis Potos\u00ed <\/strong>que es su obligaci\u00f3n salvaguardar la vida e integridad de la familia Lucciotto.<\/p>\n\n\n\n<p>Finalmente, recordemos que en 2015, la <strong>Comisi\u00f3n Nacional de Derechos Humanos (CNDH) <\/strong>emiti\u00f3 la <strong><a href=\"http:\/\/chrome-extension:\/\/efaidnbmnnnibpcajpcglclefindmkaj\/viewer.html?pdfurl=https%3A%2F%2Fwww.cndh.org.mx%2Fsites%2Fdefault%2Ffiles%2Fdoc%2FRecomendaciones%2F2015%2FRec_2015_055.pdf&amp;clen=417079&amp;chunk=true\" target=\"_blank\" aria-label=\"undefined (abre en una nueva pesta\u00f1a)\" rel=\"noreferrer noopener\">Recomendaci\u00f3n 55\/2015<\/a><\/strong>, por las graves violaciones a derechos humanos cometidas, <strong>ordenando la reparaci\u00f3n integral del da\u00f1o a la familia de Karla Pontigo, <\/strong>reparaci\u00f3n que no ha tenido avances sustanciales y que a\u00fan cuando se ha solicitado al actual Gobernador de San Luis Potos\u00ed, <strong>Ricardo Gallardo, <\/strong>a tomar la <strong>deuda hist\u00f3rica que tiene con las v\u00edctimas de feminicidio y, en particular, con Karla Pontigo, <\/strong>no ha mostrado inter\u00e9s alguno para que dichas v\u00edctimas obtengan justicia, verdad y reparaci\u00f3n, a las que tienen derecho.<\/p>\n\n\n\n<p><strong>Contactos de medios:<\/strong><\/p>\n\n\n\n<p><strong>Gabriela Guti\u00e9rrez<\/strong><\/p>\n\n\n\n<p>Fundaci\u00f3n para la Justicia (FJEDD) +52 55 1068-6799 comunicacion@fundacionjusticia.org<\/p>\n\n\n\n<p><strong>Alejandro Ju\u00e1rez Gamero<\/strong><\/p>\n\n\n\n<p>Amnist\u00eda Internacional M\u00e9xico: +52 55 2265-4331 prensa@amnistia.org.mx<\/p>\n\n\n\n<p><\/p>\n","protected":false},"excerpt":{"rendered":"<p>Comunicado de medios Cinco meses despu\u00e9s de que el Juzgado Primero de Distrito en San Luis Potos\u00ed se pronunciara por la existencia de conflicto de inter\u00e9s, por parte de la &hellip;<\/p>\n<p class=\"read-more\"> <a class=\"\" href=\"https:\/\/amnistia.org.mx\/contenido\/index.php\/fgr-atrae-el-caso-del-feminicidio-de-karla-pontigo\/\"> <span class=\"screen-reader-text\">FGR atrae el caso del feminicidio de Karla Pontigo<\/span> Leer m\u00e1s &raquo;<\/a><\/p>\n","protected":false},"author":8,"featured_media":16189,"comment_status":"closed","ping_status":"closed","sticky":false,"template":"","format":"standard","meta":{"_uf_show_specific_survey":0,"_uf_disable_surveys":false,"site-sidebar-layout":"default","site-content-layout":"default","ast-global-header-display":"","ast-main-header-display":"","ast-hfb-above-header-display":"","ast-hfb-below-header-display":"","ast-hfb-mobile-header-display":"","site-post-title":"","ast-breadcrumbs-content":"","ast-featured-img":"","footer-sml-layout":"","theme-transparent-header-meta":"","adv-header-id-meta":"","stick-header-meta":"","header-above-stick-meta":"","header-main-stick-meta":"","header-below-stick-meta":""},"categories":[20],"tags":[28],"acf":[],"aioseo_notices":[],"yoast_head":"<!-- This site is optimized with the Yoast SEO plugin v14.5 - https:\/\/yoast.com\/wordpress\/plugins\/seo\/ -->\n<title>FGR atrae el caso del feminicidio de Karla Pontigo - amnistia.org.mx<\/title>\n<meta name=\"description\" content=\"La FGR, a trav\u00e9s de la FEVIMTRA, resolvi\u00f3 \u201casumir la competencia para seguir conociendo las investigaciones relacionadas con los hechos en los que perdiera la vida Karla Pontigo.\" \/>\n<meta name=\"robots\" content=\"index, follow\" \/>\n<meta name=\"googlebot\" content=\"index, follow, max-snippet:-1, max-image-preview:large, max-video-preview:-1\" \/>\n<meta name=\"bingbot\" content=\"index, follow, max-snippet:-1, max-image-preview:large, max-video-preview:-1\" \/>\n<link rel=\"canonical\" href=\"https:\/\/amnistia.org.mx\/contenido\/index.php\/fgr-atrae-el-caso-del-feminicidio-de-karla-pontigo\/\" \/>\n<meta property=\"og:locale\" content=\"es_MX\" \/>\n<meta property=\"og:type\" content=\"article\" \/>\n<meta property=\"og:title\" content=\"FGR atrae el caso del feminicidio de Karla Pontigo - amnistia.org.mx\" \/>\n<meta property=\"og:description\" content=\"La FGR, a trav\u00e9s de la FEVIMTRA, resolvi\u00f3 \u201casumir la competencia para seguir conociendo las investigaciones relacionadas con los hechos en los que perdiera la vida Karla Pontigo.\" \/>\n<meta property=\"og:url\" content=\"https:\/\/amnistia.org.mx\/contenido\/index.php\/fgr-atrae-el-caso-del-feminicidio-de-karla-pontigo\/\" \/>\n<meta property=\"og:site_name\" content=\"amnistia.org.mx\" \/>\n<meta property=\"article:published_time\" content=\"2022-02-24T16:15:40+00:00\" \/>\n<meta property=\"article:modified_time\" content=\"2022-02-24T16:25:19+00:00\" \/>\n<meta property=\"og:image\" content=\"https:\/\/amnistia.org.mx\/contenido\/wp-content\/uploads\/2022\/02\/Comunicados-Amnist\u00eda-Internacional.jpg\" \/>\n\t<meta property=\"og:image:width\" content=\"1280\" \/>\n\t<meta property=\"og:image:height\" content=\"960\" \/>\n<meta name=\"twitter:card\" content=\"summary_large_image\" \/>\n<script type=\"application\/ld+json\" class=\"yoast-schema-graph\">{\"@context\":\"https:\/\/schema.org\",\"@graph\":[{\"@type\":\"WebSite\",\"@id\":\"https:\/\/amnistia.org.mx\/contenido\/#website\",\"url\":\"https:\/\/amnistia.org.mx\/contenido\/\",\"name\":\"amnistia.org.mx\",\"description\":\"Nueva p\\u00e1gina de Amnist\\u00eda\",\"potentialAction\":[{\"@type\":\"SearchAction\",\"target\":\"https:\/\/amnistia.org.mx\/contenido\/?s={search_term_string}\",\"query-input\":\"required name=search_term_string\"}],\"inLanguage\":\"es-MX\"},{\"@type\":\"ImageObject\",\"@id\":\"https:\/\/amnistia.org.mx\/contenido\/index.php\/fgr-atrae-el-caso-del-feminicidio-de-karla-pontigo\/#primaryimage\",\"inLanguage\":\"es-MX\",\"url\":\"https:\/\/amnistia.org.mx\/contenido\/wp-content\/uploads\/2022\/02\/Comunicados-Amnist\\u00eda-Internacional.jpg\",\"width\":1280,\"height\":960},{\"@type\":\"WebPage\",\"@id\":\"https:\/\/amnistia.org.mx\/contenido\/index.php\/fgr-atrae-el-caso-del-feminicidio-de-karla-pontigo\/#webpage\",\"url\":\"https:\/\/amnistia.org.mx\/contenido\/index.php\/fgr-atrae-el-caso-del-feminicidio-de-karla-pontigo\/\",\"name\":\"FGR atrae el caso del feminicidio de Karla Pontigo - amnistia.org.mx\",\"isPartOf\":{\"@id\":\"https:\/\/amnistia.org.mx\/contenido\/#website\"},\"primaryImageOfPage\":{\"@id\":\"https:\/\/amnistia.org.mx\/contenido\/index.php\/fgr-atrae-el-caso-del-feminicidio-de-karla-pontigo\/#primaryimage\"},\"datePublished\":\"2022-02-24T16:15:40+00:00\",\"dateModified\":\"2022-02-24T16:25:19+00:00\",\"author\":{\"@id\":\"https:\/\/amnistia.org.mx\/contenido\/#\/schema\/person\/2d2b29996a9513767aea81f8ae57bdeb\"},\"description\":\"La FGR, a trav\\u00e9s de la FEVIMTRA, resolvi\\u00f3 \\u201casumir la competencia para seguir conociendo las investigaciones relacionadas con los hechos en los que perdiera la vida Karla Pontigo.\",\"breadcrumb\":{\"@id\":\"https:\/\/amnistia.org.mx\/contenido\/index.php\/fgr-atrae-el-caso-del-feminicidio-de-karla-pontigo\/#breadcrumb\"},\"inLanguage\":\"es-MX\",\"potentialAction\":[{\"@type\":\"ReadAction\",\"target\":[\"https:\/\/amnistia.org.mx\/contenido\/index.php\/fgr-atrae-el-caso-del-feminicidio-de-karla-pontigo\/\"]}]},{\"@type\":\"BreadcrumbList\",\"@id\":\"https:\/\/amnistia.org.mx\/contenido\/index.php\/fgr-atrae-el-caso-del-feminicidio-de-karla-pontigo\/#breadcrumb\",\"itemListElement\":[{\"@type\":\"ListItem\",\"position\":1,\"item\":{\"@type\":\"WebPage\",\"@id\":\"https:\/\/amnistia.org.mx\/contenido\/\",\"url\":\"https:\/\/amnistia.org.mx\/contenido\/\",\"name\":\"Home\"}},{\"@type\":\"ListItem\",\"position\":2,\"item\":{\"@type\":\"WebPage\",\"@id\":\"https:\/\/amnistia.org.mx\/contenido\/index.php\/fgr-atrae-el-caso-del-feminicidio-de-karla-pontigo\/\",\"url\":\"https:\/\/amnistia.org.mx\/contenido\/index.php\/fgr-atrae-el-caso-del-feminicidio-de-karla-pontigo\/\",\"name\":\"FGR atrae el caso del feminicidio de Karla Pontigo\"}}]},{\"@type\":[\"Person\"],\"@id\":\"https:\/\/amnistia.org.mx\/contenido\/#\/schema\/person\/2d2b29996a9513767aea81f8ae57bdeb\",\"name\":\"Carolina Flores\",\"image\":{\"@type\":\"ImageObject\",\"@id\":\"https:\/\/amnistia.org.mx\/contenido\/#personlogo\",\"inLanguage\":\"es-MX\",\"url\":\"https:\/\/secure.gravatar.com\/avatar\/e2d29811923c60594035966b365ce272?s=96&d=mm&r=g\",\"caption\":\"Carolina Flores\"}}]}<\/script>\n<!-- \/ Yoast SEO plugin. -->","_links":{"self":[{"href":"https:\/\/amnistia.org.mx\/contenido\/index.php\/wp-json\/wp\/v2\/posts\/16188"}],"collection":[{"href":"https:\/\/amnistia.org.mx\/contenido\/index.php\/wp-json\/wp\/v2\/posts"}],"about":[{"href":"https:\/\/amnistia.org.mx\/contenido\/index.php\/wp-json\/wp\/v2\/types\/post"}],"author":[{"embeddable":true,"href":"https:\/\/amnistia.org.mx\/contenido\/index.php\/wp-json\/wp\/v2\/users\/8"}],"replies":[{"embeddable":true,"href":"https:\/\/amnistia.org.mx\/contenido\/index.php\/wp-json\/wp\/v2\/comments?post=16188"}],"version-history":[{"count":4,"href":"https:\/\/amnistia.org.mx\/contenido\/index.php\/wp-json\/wp\/v2\/posts\/16188\/revisions"}],"predecessor-version":[{"id":16195,"href":"https:\/\/amnistia.org.mx\/contenido\/index.php\/wp-json\/wp\/v2\/posts\/16188\/revisions\/16195"}],"wp:featuredmedia":[{"embeddable":true,"href":"https:\/\/amnistia.org.mx\/contenido\/index.php\/wp-json\/wp\/v2\/media\/16189"}],"wp:attachment":[{"href":"https:\/\/amnistia.org.mx\/contenido\/index.php\/wp-json\/wp\/v2\/media?parent=16188"}],"wp:term":[{"taxonomy":"category","embeddable":true,"href":"https:\/\/amnistia.org.mx\/contenido\/index.php\/wp-json\/wp\/v2\/categories?post=16188"},{"taxonomy":"post_tag","embeddable":true,"href":"https:\/\/amnistia.org.mx\/contenido\/index.php\/wp-json\/wp\/v2\/tags?post=16188"}],"curies":[{"name":"wp","href":"https:\/\/api.w.org\/{rel}","templated":true}]}}