
{"id":16208,"date":"2022-02-25T19:14:30","date_gmt":"2022-02-26T01:14:30","guid":{"rendered":"https:\/\/amnistia.org.mx\/contenido\/?p=16208"},"modified":"2022-02-25T19:14:30","modified_gmt":"2022-02-26T01:14:30","slug":"el-ejercito-ruso-lanza-ataques-indiscriminados-durante-la-invasion-de-ucrania","status":"publish","type":"post","link":"https:\/\/amnistia.org.mx\/contenido\/index.php\/el-ejercito-ruso-lanza-ataques-indiscriminados-durante-la-invasion-de-ucrania\/","title":{"rendered":"El ej\u00e9rcito ruso lanza ataques indiscriminados durante la invasi\u00f3n de Ucrania"},"content":{"rendered":"\n<p>Un hombre se sienta fuera de su edificio destruido durante los ataques a\u00e9reos sobre la ciudad de Chuguiv, en el este de Ucrania, el 24 de febrero de 2022. (Foto de ARIS MESSINIS\/AFP v\u00eda Getty Images).<\/p>\n\n\n\n<p><strong>\u2022 La investigaci\u00f3n llevada a cabo por Amnist\u00eda Internacional verifica violaciones del derecho internacional humanitario<\/strong><\/p>\n\n\n\n<p><strong>\u2022 Los ataques rusos podr\u00edan constituir cr\u00edmenes de guerra<\/strong><\/p>\n\n\n\n<p><strong>\u2022 Las afirmaciones rusas de que utiliza armamento de precisi\u00f3n son manifiestamente falsas<\/strong><\/p>\n\n\n\n<p>La invasi\u00f3n rusa de Ucrania se ha caracterizado por los ataques indiscriminados en zonas civiles y los bombardeos contra objetos protegidos tales como hospitales. As\u00ed lo ha manifestado Amnist\u00eda Internacional hoy, tras documentar tres incidentes que, seg\u00fan cree, han matado al menos a seis civiles y han herido al menos a otros 12. Los ataques indiscriminados violan el derecho internacional humanitario (las leyes de la guerra) y pueden constituir cr\u00edmenes de guerra.<\/p>\n\n\n\n<p>\u201cEl ej\u00e9rcito ruso ha mostrado un flagrante desprecio por las vidas civiles al utilizar misiles bal\u00edsticos y otras armas explosivas con efectos en una amplia superficie en zonas densamente pobladas. Algunos de estos ataques pueden ser cr\u00edmenes de guerra. El gobierno ruso, que afirma falsamente que s\u00f3lo usa armamento de precisi\u00f3n, debe asumir la responsabilidad de estos actos\u201d, ha declarado Agn\u00e8s Callamard, secretaria general de Amnist\u00eda Internacional.<\/p>\n\n\n\n<p>\u201cLas tropas rusas deben dejar inmediatamente de lanzar ataques indiscriminados contrarios a las leyes de la guerra. El constante uso de misiles bal\u00edsticos y otras armas explosivas de poca precisi\u00f3n que causan muertes y heridas de civiles es inexcusable\u201d.<\/p>\n\n\n\n<p><strong>Ataques indiscriminados<\/strong><\/p>\n\n\n\n<p>El Evidence Lab, del Programa de Respuesta a las Crisis de Amnist\u00eda Internacional, analiz\u00f3 datos digitales \u2014incluidas fotos e im\u00e1genes de v\u00eddeo y de sat\u00e9lite\u2014 de tres de esos ataques lanzados en las primeras horas de la invasi\u00f3n rusa de Ucrania el 24 de febrero. Los ataques tuvieron lugar en Vuhledar, J\u00e1rkov y Uman.<\/p>\n\n\n\n<p>En el ataque m\u00e1s mort\u00edfero documentado por Amnist\u00eda Internacional, lanzado aproximadamente a las 10:30 de la ma\u00f1ana, hora local, un misil bal\u00edstico cay\u00f3 cerca de un hospital en Vuhledar, regi\u00f3n de Donetsk, en el este de Ucrania. Mat\u00f3 a cuatro civiles e hiri\u00f3 a otros diez. Seg\u00fan una fuente local que habl\u00f3 con el equipo de investigaci\u00f3n de Amnist\u00eda Internacional, murieron dos mujeres y dos hombres, y entre las personas heridas hab\u00eda seis miembros del personal sanitario. Al analizar las fotos de los restos del proyectil vinculado al incidente, el investigador de armas de Amnist\u00eda Internacional determin\u00f3 que en el ataque se hab\u00eda utilizado un misil bal\u00edstico 9M79 Tochka. Estas armas son extremadamente imprecisas, y habitualmente fallan su objetivo por medio kil\u00f3metro o m\u00e1s; nunca deben utilizarse en zonas pobladas.<\/p>\n\n\n\n<p>Otro de los ataques se llev\u00f3 a cabo aproximadamente a las 8 de la ma\u00f1ana, hora local, en la regi\u00f3n de J\u00e1rkov, noreste de Ucrania. El objetivo probable era la cercana base a\u00e9rea de Chuhuiv pero, en lugar de la base, el proyectil ruso alcanz\u00f3 un edificio residencial: caus\u00f3 grandes da\u00f1os por fuego y, al parecer, mat\u00f3 al menos a un civil e hiri\u00f3 al menos a dos mujeres, tambi\u00e9n civiles. El \u00fanico cr\u00e1ter que dej\u00f3 en el suelo entre los edificios de apartamentos indica que el proyectil era muy probablemente un \u00fanico cohete o misil de gran tama\u00f1o.<\/p>\n\n\n\n<p>En otro ataque ocurrido a las 7 de la ma\u00f1ana del 24 de febrero en Uman, regi\u00f3n de Cherkasy, parece que un civil muri\u00f3 por un bombardeo que da\u00f1\u00f3 tambi\u00e9n un restaurante cercano.<\/p>\n\n\n\n<p><strong>La Asamblea General de la ONU debe celebrar una reuni\u00f3n de emergencia<\/strong><\/p>\n\n\n\n<p>La verificaci\u00f3n realizada por Amnist\u00eda Internacional del uso de ataques indiscriminados por parte de las fuerzas rusas en sus operaciones militares en Ucrania proporciona pruebas irrefutables de violaciones del derecho internacional humanitario y el derecho internacional de los derechos humanos.<\/p>\n\n\n\n<p>Est\u00e1 previsto que el Consejo de Seguridad de las Naciones Unidas se re\u00fana hoy para debatir la situaci\u00f3n, y lo m\u00e1s probable es que Rusia vete cualquier resoluci\u00f3n presentada por otros Estados miembros. Por ello, Amnist\u00eda Internacional pide que se celebre una reuni\u00f3n de emergencia de la Asamblea General de la ONU.<\/p>\n\n\n\n<p>\u201cSi el Consejo de Seguridad queda paralizado por el veto, es el momento de que intervengan todos los miembros de la ONU\u201d, ha manifestado Agn\u00e8s Callamard.<\/p>\n\n\n\n<p>\u201cPedimos a la Asamblea General de la ONU que se re\u00fana en una sesi\u00f3n de emergencia y adopte una resoluci\u00f3n en la que denuncie el ataque ilegal de Rusia y pida el fin de todas las violaciones de derechos humanos y del derecho humanitario. Est\u00e1n en juego la vida, la seguridad y el bienestar de millones de civiles\u201d.<\/p>\n\n\n\n<p><strong>Para m\u00e1s informaci\u00f3n, p\u00f3nganse en contacto con<\/strong><\/p>\n\n\n\n<p>Oficina de Prensa<\/p>\n\n\n\n<p>Amnist\u00eda Internacional, correo-e: <a href=\"mailto:press@amnesty.org\" target=\"_blank\" rel=\"noreferrer noopener\">press@amnesty.org<\/a><\/p>\n\n\n\n<p>Tel.: +44 (0) 20 7413 5566<\/p>\n","protected":false},"excerpt":{"rendered":"<p>Un hombre se sienta fuera de su edificio destruido durante los ataques a\u00e9reos sobre la ciudad de Chuguiv, en el este de Ucrania, el 24 de febrero de 2022. (Foto &hellip;<\/p>\n<p class=\"read-more\"> <a class=\"\" href=\"https:\/\/amnistia.org.mx\/contenido\/index.php\/el-ejercito-ruso-lanza-ataques-indiscriminados-durante-la-invasion-de-ucrania\/\"> <span class=\"screen-reader-text\">El ej\u00e9rcito ruso lanza ataques indiscriminados durante la invasi\u00f3n de Ucrania<\/span> Leer m\u00e1s &raquo;<\/a><\/p>\n","protected":false},"author":4,"featured_media":16209,"comment_status":"closed","ping_status":"closed","sticky":false,"template":"","format":"standard","meta":{"_uf_show_specific_survey":0,"_uf_disable_surveys":false,"site-sidebar-layout":"default","site-content-layout":"default","ast-global-header-display":"","ast-main-header-display":"","ast-hfb-above-header-display":"","ast-hfb-below-header-display":"","ast-hfb-mobile-header-display":"","site-post-title":"","ast-breadcrumbs-content":"","ast-featured-img":"","footer-sml-layout":"","theme-transparent-header-meta":"","adv-header-id-meta":"","stick-header-meta":"","header-above-stick-meta":"","header-main-stick-meta":"","header-below-stick-meta":""},"categories":[9],"tags":[40],"acf":[],"aioseo_notices":[],"yoast_head":"<!-- This site is optimized with the Yoast SEO plugin v14.5 - https:\/\/yoast.com\/wordpress\/plugins\/seo\/ -->\n<title>El ej\u00e9rcito ruso lanza ataques indiscriminados durante la invasi\u00f3n de Ucrania - amnistia.org.mx<\/title>\n<meta name=\"description\" content=\"Amnist\u00eda Internacional verifica violaciones del derecho internacional humanitario en la guerra en Ucrania.\" \/>\n<meta name=\"robots\" content=\"index, follow\" \/>\n<meta name=\"googlebot\" content=\"index, follow, max-snippet:-1, max-image-preview:large, max-video-preview:-1\" \/>\n<meta name=\"bingbot\" content=\"index, follow, max-snippet:-1, max-image-preview:large, max-video-preview:-1\" \/>\n<link rel=\"canonical\" href=\"https:\/\/amnistia.org.mx\/contenido\/index.php\/el-ejercito-ruso-lanza-ataques-indiscriminados-durante-la-invasion-de-ucrania\/\" \/>\n<meta property=\"og:locale\" content=\"es_MX\" \/>\n<meta property=\"og:type\" content=\"article\" \/>\n<meta property=\"og:title\" content=\"El ej\u00e9rcito ruso lanza ataques indiscriminados durante la invasi\u00f3n de Ucrania - amnistia.org.mx\" \/>\n<meta property=\"og:description\" content=\"Amnist\u00eda Internacional verifica violaciones del derecho internacional humanitario en la guerra en Ucrania.\" \/>\n<meta property=\"og:url\" content=\"https:\/\/amnistia.org.mx\/contenido\/index.php\/el-ejercito-ruso-lanza-ataques-indiscriminados-durante-la-invasion-de-ucrania\/\" \/>\n<meta property=\"og:site_name\" content=\"amnistia.org.mx\" \/>\n<meta property=\"article:published_time\" content=\"2022-02-26T01:14:30+00:00\" \/>\n<meta property=\"og:image\" content=\"https:\/\/amnistia.org.mx\/contenido\/wp-content\/uploads\/2022\/02\/Foto-ajustada-Ucrania-guerra-25-feb-22.jpg\" \/>\n\t<meta property=\"og:image:width\" content=\"650\" \/>\n\t<meta property=\"og:image:height\" content=\"433\" \/>\n<meta name=\"twitter:card\" content=\"summary_large_image\" \/>\n<script type=\"application\/ld+json\" class=\"yoast-schema-graph\">{\"@context\":\"https:\/\/schema.org\",\"@graph\":[{\"@type\":\"WebSite\",\"@id\":\"https:\/\/amnistia.org.mx\/contenido\/#website\",\"url\":\"https:\/\/amnistia.org.mx\/contenido\/\",\"name\":\"amnistia.org.mx\",\"description\":\"Nueva p\\u00e1gina de Amnist\\u00eda\",\"potentialAction\":[{\"@type\":\"SearchAction\",\"target\":\"https:\/\/amnistia.org.mx\/contenido\/?s={search_term_string}\",\"query-input\":\"required name=search_term_string\"}],\"inLanguage\":\"es-MX\"},{\"@type\":\"ImageObject\",\"@id\":\"https:\/\/amnistia.org.mx\/contenido\/index.php\/el-ejercito-ruso-lanza-ataques-indiscriminados-durante-la-invasion-de-ucrania\/#primaryimage\",\"inLanguage\":\"es-MX\",\"url\":\"https:\/\/amnistia.org.mx\/contenido\/wp-content\/uploads\/2022\/02\/Foto-ajustada-Ucrania-guerra-25-feb-22.jpg\",\"width\":650,\"height\":433,\"caption\":\"TOPSHOT - A man sits outside his destroyed building after airstrikes on the Eastern Ukraine town of Chuguiv on February 24, 2022, as Russian armed forces are trying to invade Ukraine from several directions, using rocket systems and helicopters to attack Ukrainian position in the south, the border guard service said. - Russia's ground forces today crossed into Ukraine from several directions, Ukraine's border guard service said, hours after President Vladimir Putin announced the launch of a major offensive. Russian tanks and other heavy equipment crossed the frontier in several northern regions, as well as from the Kremlin-annexed peninsula of Crimea in the south, the agency said. (Photo by Aris Messinis \/ AFP) (Photo by ARIS MESSINIS\/AFP via Getty Images)\"},{\"@type\":\"WebPage\",\"@id\":\"https:\/\/amnistia.org.mx\/contenido\/index.php\/el-ejercito-ruso-lanza-ataques-indiscriminados-durante-la-invasion-de-ucrania\/#webpage\",\"url\":\"https:\/\/amnistia.org.mx\/contenido\/index.php\/el-ejercito-ruso-lanza-ataques-indiscriminados-durante-la-invasion-de-ucrania\/\",\"name\":\"El ej\\u00e9rcito ruso lanza ataques indiscriminados durante la invasi\\u00f3n de Ucrania - amnistia.org.mx\",\"isPartOf\":{\"@id\":\"https:\/\/amnistia.org.mx\/contenido\/#website\"},\"primaryImageOfPage\":{\"@id\":\"https:\/\/amnistia.org.mx\/contenido\/index.php\/el-ejercito-ruso-lanza-ataques-indiscriminados-durante-la-invasion-de-ucrania\/#primaryimage\"},\"datePublished\":\"2022-02-26T01:14:30+00:00\",\"dateModified\":\"2022-02-26T01:14:30+00:00\",\"author\":{\"@id\":\"https:\/\/amnistia.org.mx\/contenido\/#\/schema\/person\/7db421c495688267ce8ede4625c17fa5\"},\"description\":\"Amnist\\u00eda Internacional verifica violaciones del derecho internacional humanitario en la guerra en Ucrania.\",\"breadcrumb\":{\"@id\":\"https:\/\/amnistia.org.mx\/contenido\/index.php\/el-ejercito-ruso-lanza-ataques-indiscriminados-durante-la-invasion-de-ucrania\/#breadcrumb\"},\"inLanguage\":\"es-MX\",\"potentialAction\":[{\"@type\":\"ReadAction\",\"target\":[\"https:\/\/amnistia.org.mx\/contenido\/index.php\/el-ejercito-ruso-lanza-ataques-indiscriminados-durante-la-invasion-de-ucrania\/\"]}]},{\"@type\":\"BreadcrumbList\",\"@id\":\"https:\/\/amnistia.org.mx\/contenido\/index.php\/el-ejercito-ruso-lanza-ataques-indiscriminados-durante-la-invasion-de-ucrania\/#breadcrumb\",\"itemListElement\":[{\"@type\":\"ListItem\",\"position\":1,\"item\":{\"@type\":\"WebPage\",\"@id\":\"https:\/\/amnistia.org.mx\/contenido\/\",\"url\":\"https:\/\/amnistia.org.mx\/contenido\/\",\"name\":\"Home\"}},{\"@type\":\"ListItem\",\"position\":2,\"item\":{\"@type\":\"WebPage\",\"@id\":\"https:\/\/amnistia.org.mx\/contenido\/index.php\/el-ejercito-ruso-lanza-ataques-indiscriminados-durante-la-invasion-de-ucrania\/\",\"url\":\"https:\/\/amnistia.org.mx\/contenido\/index.php\/el-ejercito-ruso-lanza-ataques-indiscriminados-durante-la-invasion-de-ucrania\/\",\"name\":\"El ej\\u00e9rcito ruso lanza ataques indiscriminados durante la invasi\\u00f3n de Ucrania\"}}]},{\"@type\":[\"Person\"],\"@id\":\"https:\/\/amnistia.org.mx\/contenido\/#\/schema\/person\/7db421c495688267ce8ede4625c17fa5\",\"name\":\"Alejandro Ju\\u00e1rez Gamero\",\"image\":{\"@type\":\"ImageObject\",\"@id\":\"https:\/\/amnistia.org.mx\/contenido\/#personlogo\",\"inLanguage\":\"es-MX\",\"url\":\"https:\/\/secure.gravatar.com\/avatar\/e312d5566d1c3ffb56f86415d6f0e606?s=96&d=mm&r=g\",\"caption\":\"Alejandro Ju\\u00e1rez Gamero\"}}]}<\/script>\n<!-- \/ Yoast SEO plugin. -->","_links":{"self":[{"href":"https:\/\/amnistia.org.mx\/contenido\/index.php\/wp-json\/wp\/v2\/posts\/16208"}],"collection":[{"href":"https:\/\/amnistia.org.mx\/contenido\/index.php\/wp-json\/wp\/v2\/posts"}],"about":[{"href":"https:\/\/amnistia.org.mx\/contenido\/index.php\/wp-json\/wp\/v2\/types\/post"}],"author":[{"embeddable":true,"href":"https:\/\/amnistia.org.mx\/contenido\/index.php\/wp-json\/wp\/v2\/users\/4"}],"replies":[{"embeddable":true,"href":"https:\/\/amnistia.org.mx\/contenido\/index.php\/wp-json\/wp\/v2\/comments?post=16208"}],"version-history":[{"count":3,"href":"https:\/\/amnistia.org.mx\/contenido\/index.php\/wp-json\/wp\/v2\/posts\/16208\/revisions"}],"predecessor-version":[{"id":16212,"href":"https:\/\/amnistia.org.mx\/contenido\/index.php\/wp-json\/wp\/v2\/posts\/16208\/revisions\/16212"}],"wp:featuredmedia":[{"embeddable":true,"href":"https:\/\/amnistia.org.mx\/contenido\/index.php\/wp-json\/wp\/v2\/media\/16209"}],"wp:attachment":[{"href":"https:\/\/amnistia.org.mx\/contenido\/index.php\/wp-json\/wp\/v2\/media?parent=16208"}],"wp:term":[{"taxonomy":"category","embeddable":true,"href":"https:\/\/amnistia.org.mx\/contenido\/index.php\/wp-json\/wp\/v2\/categories?post=16208"},{"taxonomy":"post_tag","embeddable":true,"href":"https:\/\/amnistia.org.mx\/contenido\/index.php\/wp-json\/wp\/v2\/tags?post=16208"}],"curies":[{"name":"wp","href":"https:\/\/api.w.org\/{rel}","templated":true}]}}