
{"id":16271,"date":"2022-03-08T14:54:12","date_gmt":"2022-03-08T20:54:12","guid":{"rendered":"https:\/\/amnistia.org.mx\/contenido\/?p=16271"},"modified":"2022-03-08T14:54:13","modified_gmt":"2022-03-08T20:54:13","slug":"dia-internacional-de-la-mujer-hay-que-revocar-con-firmeza-el-enorme-deterioro-del-respeto-a-los-derechos-de-las-mujeres-y-la-igualdad-de-genero","status":"publish","type":"post","link":"https:\/\/amnistia.org.mx\/contenido\/index.php\/dia-internacional-de-la-mujer-hay-que-revocar-con-firmeza-el-enorme-deterioro-del-respeto-a-los-derechos-de-las-mujeres-y-la-igualdad-de-genero\/","title":{"rendered":"D\u00eda Internacional de la Mujer: Hay que revocar con firmeza el enorme deterioro del respeto a los derechos de las mujeres y la igualdad de g\u00e9nero"},"content":{"rendered":"\n<p class=\"has-text-align-right\">Foto: Wakil Kohsar \/ AFP v\u00eda Getty Images<\/p>\n\n\n\n<p>\u00b7&nbsp;&nbsp;&nbsp;&nbsp;&nbsp;&nbsp;&nbsp;Ataques alarmantes contra los derechos de las mujeres en todo el mundo en 2021-2022.<\/p>\n\n\n\n<p>\u00b7&nbsp;&nbsp;&nbsp;&nbsp;&nbsp;&nbsp;&nbsp;Salvaguardias legales desmanteladas, las defensoras de los derechos humanos corren ahora un riesgo sin precedentes.<\/p>\n\n\n\n<p>\u00b7&nbsp;&nbsp;&nbsp;&nbsp;&nbsp;&nbsp;&nbsp;La protecci\u00f3n y promoci\u00f3n de los derechos de las mujeres y las ni\u00f1as y el apoyo a las defensoras de los derechos humanos es crucial, incluso para la recuperaci\u00f3n de la COVID-19.<\/p>\n\n\n\n<p>\u00b7&nbsp;&nbsp;&nbsp;&nbsp;&nbsp;&nbsp;&nbsp;Los gobiernos deben actuar con firmeza para revocar los retrocesos y defender los derechos humanos de las mujeres y las ni\u00f1as.<\/p>\n\n\n\n<p>\u201cLos catastr\u00f3ficos ataques contra los derechos humanos y la igualdad de g\u00e9nero de los \u00faltimos doce meses han reducido la protecci\u00f3n para las mujeres y las ni\u00f1as y aumentado las amenazas contra ellas en todo el mundo\u201d, ha declarado hoy Amnist\u00eda Internacional.<\/p>\n\n\n\n<p>En el D\u00eda Internacional de la Mujer, la organizaci\u00f3n pide una actuaci\u00f3n audaz para contrarrestar la erosi\u00f3n de los derechos humanos para las mujeres y las ni\u00f1as.<\/p>\n\n\n\n<p>\u201cLos hechos acaecidos en 2021 y en los primeros meses de 2022 se han confabulado para aplastar los derechos y la dignidad de millones de mujeres y ni\u00f1as. Las crisis del mundo no afectan por igual a toda la poblaci\u00f3n, mucho menos de forma justa. El desproporcionado impacto para los derechos de las mujeres y las ni\u00f1as est\u00e1 bien documentado y, aun as\u00ed, es desatendido cuando no directamente ignorado. Pero los hechos son claros. La pandemia de COVID-19, el enorme retroceso de los derechos de las mujeres en Afganist\u00e1n, la violencia sexual generalizada que caracteriza el conflicto de Etiop\u00eda, los ataques contra el acceso al aborto en Estados Unidos y la retirada de Turqu\u00eda del hist\u00f3rico Convenio de Estambul sobre prevenci\u00f3n y lucha contra la violencia contra las mujeres y la violencia dom\u00e9stica: todos y cada uno de estos hechos son en s\u00ed mismos una grave erosi\u00f3n de los derechos, pero \u00bftomados en su conjunto? Debemos alzarnos y mirar cara a cara este asalto global contra la dignidad de las mujeres y las ni\u00f1as\u201d, afirm\u00f3 Agn\u00e8s Callamard, secretaria general de Amnist\u00eda.<\/p>\n\n\n\n<p>Los \u00faltimos dos a\u00f1os \u2014dominados por la pandemia de COVID-19\u2014 han tenido un impacto desproporcionado en las mujeres y las ni\u00f1as. Ha aumentado la violencia de g\u00e9nero en el \u00e1mbito familiar, ha empeorado la inseguridad laboral para las mujeres, se ha erosionado el acceso a servicios de salud sexual y reproductiva, la presencia de las ni\u00f1as en las escuelas se ha reducido de forma espectacular en muchos lugares. Quienes ya eran las m\u00e1s marginadas han sufrido las peores consecuencias. Deben revocarse las decisiones adoptadas por gobiernos y autoridades que han empeorado la situaci\u00f3n de las mujeres y las ni\u00f1as.<\/p>\n\n\n\n<p><strong>La crisis de Ucrania<\/strong><\/p>\n\n\n\n<p>El D\u00eda Internacional de la Mujer de este a\u00f1o llega mientras el conflicto armado en Europa lanza al mundo a una nueva crisis. Las im\u00e1genes de mujeres dando a luz refugiadas de los bombardeos, de mujeres huyendo de las bombas con ni\u00f1os y ni\u00f1as en brazos, de madres desconsoladas, de ni\u00f1os y ni\u00f1as que acaban de quedarse hu\u00e9rfanos hacen hincapi\u00e9 precisamente en lo que representa el conflicto y la crisis humanitaria para las mujeres y los ni\u00f1os y ni\u00f1as. Las mujeres y las ni\u00f1as atrapadas en el conflicto en Ucrania se suman ahora a los millones que sufren el inexorable coste humano del conflicto armado desde Siria hasta Yemen, pasando por Afganist\u00e1n y mucho m\u00e1s all\u00e1.<\/p>\n\n\n\n<p>El aumento de la militarizaci\u00f3n de la vida diaria mientras proliferan las armas, la violencia se intensifica y se redirigen los recursos p\u00fablicos a apoyar el gasto militar: todo esto se cobra un precio elevado e insostenible en la vida cotidiana de las mujeres y las ni\u00f1as. Hoy, en toda Ucrania y en la regi\u00f3n en general, las mujeres y las ni\u00f1as corren, una vez m\u00e1s, un grave peligro. Amnist\u00eda Internacional ya ha documentado que, en los \u00faltimos a\u00f1os, la militarizaci\u00f3n de las regiones orientales de Ucrania afectadas por el conflicto ha provocado el aumento de la violencia de g\u00e9nero y reducido el acceso a servicios esenciales. Es una constante que ahora se extiende a todo el pa\u00eds.<\/p>\n\n\n\n<p><strong>Imposici\u00f3n de restricciones masivas a los derechos de las mujeres y las ni\u00f1as en Afganist\u00e1n<\/strong><\/p>\n\n\n\n<p>Desde la captura de Kabul en agosto de 2021, los talibanes han impuesto enormes restricciones a los derechos de las mujeres y las ni\u00f1as en todo Afganist\u00e1n. A las mujeres se les ha dicho que no pueden volver a su lugar de trabajo ni viajar en p\u00fablico si no van acompa\u00f1adas de un tutor var\u00f3n. Las ni\u00f1as mayores de 12 a\u00f1os ya no tienen acceso a la educaci\u00f3n. Se est\u00e1 destruyendo un sistema que, si bien era imperfecto, fue trabajosamente negociado para mejorar la protecci\u00f3n de las mujeres frente a la violencia de g\u00e9nero. Y ahora, abogados y abogadas, miembros de la judicatura, el personal de los refugios y otras personas que han trabajado a\u00f1os para permitir que ese sistema funcionara efectivamente corren, a su vez,&nbsp;<a href=\"https:\/\/www.amnesty.org\/es\/latest\/news\/2022\/03\/international-womens-day-dramatic-deterioration-in-respect-for-womens-rights-and-gender-equality-must-be-decisively-reversed\/blank\" rel=\"noreferrer noopener\" target=\"_blank\"><strong>peligro<\/strong><\/a>.<\/p>\n\n\n\n<p>\u201cLas leyes, pol\u00edticas y pr\u00e1cticas de los talibanes est\u00e1n sirviendo para deshacer los logros en materia de derechos humanos por los que el pueblo de Afganist\u00e1n ha luchado durante d\u00e9cadas. Pese a las valientes protestas de mujeres en todo el pa\u00eds, los talibanes siguen empe\u00f1ados en construir una sociedad en la que las mujeres sean ciudadanas de segunda clase. \u00bfCon restricciones a la libertad de circulaci\u00f3n, privadas de educaci\u00f3n, sin oportunidades para trabajar y obtener ingresos, y sin protecci\u00f3n frente a la violencia de g\u00e9nero? Eso es intolerable. Es una verg\u00fcenza para todos los responsables y tambi\u00e9n para todos los que guardan silencio ante ello\u201d, prosigui\u00f3 Agn\u00e8s Callamard.<\/p>\n\n\n\n<p>\u201cLos gobiernos del mundo deben poner los derechos de las mujeres y de las ni\u00f1as en el mism\u00edsimo centro de su pol\u00edtica exterior para Afganist\u00e1n. Deben seguir el ejemplo de los defensores y las defensoras afganos de los derechos de las mujeres e insistir, por ejemplo, en la igualdad de acceso de las mujeres y ni\u00f1as a la educaci\u00f3n, al empleo y a servicios esenciales, sin discriminaci\u00f3n.\u201d<\/p>\n\n\n\n<p><strong>Violencia de g\u00e9nero en Etiop\u00eda<\/strong><\/p>\n\n\n\n<p>La violencia de g\u00e9nero viene siendo una caracter\u00edstica persistente de los conflictos armados que han continuado y se han extendido en los \u00faltimos doce meses. En Etiop\u00eda, Amnist\u00eda Internacional ha denunciado actos generalizados de violencia sexual perpetrados en la regi\u00f3n de Tigr\u00e9 por fuerzas et\u00edopes y eritreas, y en la regi\u00f3n de Amhara por fuerzas de Tigr\u00e9. Estos ataques constituyen cr\u00edmenes de guerra y pueden constituir cr\u00edmenes de lesa humanidad. Muchos de los ataques documentados por Amnist\u00eda Internacional \u2014como las violaciones en grupo\u2014 fueron cometidos por m\u00faltiples perpetradores delante de familiares de la v\u00edctima. En algunos casos, las agresiones incluyeron actos de mutilaci\u00f3n sexual o fueron acompa\u00f1adas de comentarios ofensivos sobre la etnia y amenazas.<\/p>\n\n\n\n<p><strong>Desmantelamiento de salvaguardias legales<\/strong><\/p>\n\n\n\n<p>En los \u00faltimos doce meses tambi\u00e9n se han producido da\u00f1os significativos en el marco jur\u00eddico internacional de los derechos humanos que existe para combatir la violencia de g\u00e9nero.<\/p>\n\n\n\n<p>El 1 de julio de 2021, Turqu\u00eda se retir\u00f3 del hist\u00f3rico Convenio de Estambul, un marco pionero e integral para combatir la violencia de g\u00e9nero y garantizar los derechos de las sobrevivientes en Europa. La decisi\u00f3n representa un enorme retroceso para los derechos humanos de las mujeres y las ni\u00f1as en Turqu\u00eda y tambi\u00e9n ha envalentonado a quienes est\u00e1n en contra de estos derechos en otros pa\u00edses de la regi\u00f3n.<\/p>\n\n\n\n<p>Los derechos sexuales y reproductivos tambi\u00e9n se han visto afectados. En Estados Unidos ha habido un ataque en toda regla contra el derecho al aborto en el que algunos gobiernos de los estados han introducido m\u00e1s restricciones al aborto en 2021 que en ning\u00fan otro a\u00f1o. En Texas, se promulg\u00f3 una prohibici\u00f3n casi total, cuya entrada en vigor permiti\u00f3 posteriormente la Corte Suprema, que criminaliza el aborto a partir de las seis semanas de embarazo: antes de que la mayor\u00eda de las mujeres sepan siquiera que est\u00e1n embarazadas. Esta prohibici\u00f3n niega a millones de mujeres el derecho a acceder a un aborto sin riesgos y legal. El futuro de la protecci\u00f3n constitucional del aborto sin riesgos y legal en el pa\u00eds tambi\u00e9n corre grave peligro, pues ser\u00e1 debatido por la Corte Suprema en junio de 2022.<\/p>\n\n\n\n<p>Estos ataques contra las salvaguardias legales de los derechos de las mujeres y de las ni\u00f1as son especialmente devastadores en el contexto de la pandemia de COVID-19, en la que ha habido un considerable aumento de la violencia de g\u00e9nero y se han denunciado en todo el mundo m\u00e1s ataques contra los derechos sexuales y reproductivos.<\/p>\n\n\n\n<p><strong>Las defensoras de los derechos humanos impulsan la resistencia y el cambio positivo<\/strong><\/p>\n\n\n\n<p>Incluso en medio de estos reveses, los esfuerzos incansables de las defensoras de los derechos humanos han dado su fruto. La defensa de los derechos humanos, las actividades de campa\u00f1a y la movilizaci\u00f3n desembocaron en victorias clave para el derecho al aborto en Colombia, M\u00e9xico y San Marino. Y mientras Turqu\u00eda se retiraba del Convenio de Estambul, otros dos Estados \u2014Moldavia y Liechtenstein\u2014 lo han ratificado.<\/p>\n\n\n\n<p>Activistas de los derechos de las mujeres de Eslovenia lograron que se reformase la ley sobre la violaci\u00f3n para que fuera acorde con las normas internacionales tras cambios positivos similares en Dinamarca, Malta, Croacia, Grecia, Islandia y Suecia, mientras las reformas est\u00e1n en curso en Pa\u00edses Bajos, Espa\u00f1a y Suiza.<\/p>\n\n\n\n<p>Las activistas y las defensoras de los derechos humanos tambi\u00e9n est\u00e1n en la vanguardia de la resistencia y las protestas en favor los derechos humanos en otros pa\u00edses, como Ucrania, Polonia, Bielorrusia, Rusia, Estados Unidos y Afganist\u00e1n. En muchos casos, lo hacen incluso ante amenazas de muerte contra ellas y sus familias o amenazas de prisi\u00f3n y de lesiones corporales. Merecen el apoyo mundial.<\/p>\n\n\n\n<p>\u201cLos gobiernos saben bien qu\u00e9 hace falta para defender los derechos humanos de las mujeres y de las ni\u00f1as. Quienes los respaldan, incluidos donantes e inversores, deben insistir en que las autoridades pertinentes act\u00faen ya y de forma resuelta: deben derogar las leyes regresivas. Deben proporcionar servicios esenciales. Las ni\u00f1as y las mujeres deben tener igualdad de acceso a la educaci\u00f3n y al empleo. La violencia de g\u00e9nero debe ser condenada y las protecciones frente a ella deben reforzarse, no debilitarse. Deben cesar los ataques contra defensoras de los derechos humanos. Ninguna sociedad puede permitirse ni debe tolerar nunca esta erosi\u00f3n de la dignidad de m\u00e1s de la mitad de su poblaci\u00f3n. No puede haber excusas para no gobernar con justicia e imparcialidad para las mujeres y las ni\u00f1as\u201d, concluy\u00f3 Agn\u00e8s Callamard.<\/p>\n","protected":false},"excerpt":{"rendered":"<p>Foto: Wakil Kohsar \/ AFP v\u00eda Getty Images \u00b7&nbsp;&nbsp;&nbsp;&nbsp;&nbsp;&nbsp;&nbsp;Ataques alarmantes contra los derechos de las mujeres en todo el mundo en 2021-2022. \u00b7&nbsp;&nbsp;&nbsp;&nbsp;&nbsp;&nbsp;&nbsp;Salvaguardias legales desmanteladas, las defensoras de los derechos &hellip;<\/p>\n<p class=\"read-more\"> <a class=\"\" href=\"https:\/\/amnistia.org.mx\/contenido\/index.php\/dia-internacional-de-la-mujer-hay-que-revocar-con-firmeza-el-enorme-deterioro-del-respeto-a-los-derechos-de-las-mujeres-y-la-igualdad-de-genero\/\"> <span class=\"screen-reader-text\">D\u00eda Internacional de la Mujer: Hay que revocar con firmeza el enorme deterioro del respeto a los derechos de las mujeres y la igualdad de g\u00e9nero<\/span> Leer m\u00e1s &raquo;<\/a><\/p>\n","protected":false},"author":4,"featured_media":16272,"comment_status":"closed","ping_status":"closed","sticky":false,"template":"","format":"standard","meta":{"_uf_show_specific_survey":0,"_uf_disable_surveys":false,"site-sidebar-layout":"default","site-content-layout":"default","ast-global-header-display":"","ast-main-header-display":"","ast-hfb-above-header-display":"","ast-hfb-below-header-display":"","ast-hfb-mobile-header-display":"","site-post-title":"","ast-breadcrumbs-content":"","ast-featured-img":"","footer-sml-layout":"","theme-transparent-header-meta":"","adv-header-id-meta":"","stick-header-meta":"","header-above-stick-meta":"","header-main-stick-meta":"","header-below-stick-meta":""},"categories":[9],"tags":[40],"acf":[],"aioseo_notices":[],"yoast_head":"<!-- This site is optimized with the Yoast SEO plugin v14.5 - https:\/\/yoast.com\/wordpress\/plugins\/seo\/ -->\n<title>D\u00eda Internacional de la Mujer: Hay que revocar con firmeza el enorme deterioro del respeto a los derechos de las mujeres y la igualdad de g\u00e9nero - amnistia.org.mx<\/title>\n<meta name=\"description\" content=\"Amnist\u00eda Internacional advierte sobre la necesidad de actuar con firmeza para defender los derechos de las mujeres y la igualdad de g\u00e9nero.\" \/>\n<meta name=\"robots\" content=\"index, follow\" \/>\n<meta name=\"googlebot\" content=\"index, follow, max-snippet:-1, max-image-preview:large, max-video-preview:-1\" \/>\n<meta name=\"bingbot\" content=\"index, follow, max-snippet:-1, max-image-preview:large, max-video-preview:-1\" \/>\n<link rel=\"canonical\" href=\"https:\/\/amnistia.org.mx\/contenido\/index.php\/dia-internacional-de-la-mujer-hay-que-revocar-con-firmeza-el-enorme-deterioro-del-respeto-a-los-derechos-de-las-mujeres-y-la-igualdad-de-genero\/\" \/>\n<meta property=\"og:locale\" content=\"es_MX\" \/>\n<meta property=\"og:type\" content=\"article\" \/>\n<meta property=\"og:title\" content=\"D\u00eda Internacional de la Mujer: Hay que revocar con firmeza el enorme deterioro del respeto a los derechos de las mujeres y la igualdad de g\u00e9nero - amnistia.org.mx\" \/>\n<meta property=\"og:description\" content=\"Amnist\u00eda Internacional advierte sobre la necesidad de actuar con firmeza para defender los derechos de las mujeres y la igualdad de g\u00e9nero.\" \/>\n<meta property=\"og:url\" content=\"https:\/\/amnistia.org.mx\/contenido\/index.php\/dia-internacional-de-la-mujer-hay-que-revocar-con-firmeza-el-enorme-deterioro-del-respeto-a-los-derechos-de-las-mujeres-y-la-igualdad-de-genero\/\" \/>\n<meta property=\"og:site_name\" content=\"amnistia.org.mx\" \/>\n<meta property=\"article:published_time\" content=\"2022-03-08T20:54:12+00:00\" \/>\n<meta property=\"article:modified_time\" content=\"2022-03-08T20:54:13+00:00\" \/>\n<meta property=\"og:image\" content=\"https:\/\/amnistia.org.mx\/contenido\/wp-content\/uploads\/2022\/03\/AfghanistanIWD2022.jpeg\" \/>\n\t<meta property=\"og:image:width\" content=\"1024\" \/>\n\t<meta property=\"og:image:height\" content=\"683\" \/>\n<meta name=\"twitter:card\" content=\"summary_large_image\" \/>\n<script type=\"application\/ld+json\" class=\"yoast-schema-graph\">{\"@context\":\"https:\/\/schema.org\",\"@graph\":[{\"@type\":\"WebSite\",\"@id\":\"https:\/\/amnistia.org.mx\/contenido\/#website\",\"url\":\"https:\/\/amnistia.org.mx\/contenido\/\",\"name\":\"amnistia.org.mx\",\"description\":\"Nueva p\\u00e1gina de Amnist\\u00eda\",\"potentialAction\":[{\"@type\":\"SearchAction\",\"target\":\"https:\/\/amnistia.org.mx\/contenido\/?s={search_term_string}\",\"query-input\":\"required name=search_term_string\"}],\"inLanguage\":\"es-MX\"},{\"@type\":\"ImageObject\",\"@id\":\"https:\/\/amnistia.org.mx\/contenido\/index.php\/dia-internacional-de-la-mujer-hay-que-revocar-con-firmeza-el-enorme-deterioro-del-respeto-a-los-derechos-de-las-mujeres-y-la-igualdad-de-genero\/#primaryimage\",\"inLanguage\":\"es-MX\",\"url\":\"https:\/\/amnistia.org.mx\/contenido\/wp-content\/uploads\/2022\/03\/AfghanistanIWD2022.jpeg\",\"width\":1024,\"height\":683},{\"@type\":\"WebPage\",\"@id\":\"https:\/\/amnistia.org.mx\/contenido\/index.php\/dia-internacional-de-la-mujer-hay-que-revocar-con-firmeza-el-enorme-deterioro-del-respeto-a-los-derechos-de-las-mujeres-y-la-igualdad-de-genero\/#webpage\",\"url\":\"https:\/\/amnistia.org.mx\/contenido\/index.php\/dia-internacional-de-la-mujer-hay-que-revocar-con-firmeza-el-enorme-deterioro-del-respeto-a-los-derechos-de-las-mujeres-y-la-igualdad-de-genero\/\",\"name\":\"D\\u00eda Internacional de la Mujer: Hay que revocar con firmeza el enorme deterioro del respeto a los derechos de las mujeres y la igualdad de g\\u00e9nero - amnistia.org.mx\",\"isPartOf\":{\"@id\":\"https:\/\/amnistia.org.mx\/contenido\/#website\"},\"primaryImageOfPage\":{\"@id\":\"https:\/\/amnistia.org.mx\/contenido\/index.php\/dia-internacional-de-la-mujer-hay-que-revocar-con-firmeza-el-enorme-deterioro-del-respeto-a-los-derechos-de-las-mujeres-y-la-igualdad-de-genero\/#primaryimage\"},\"datePublished\":\"2022-03-08T20:54:12+00:00\",\"dateModified\":\"2022-03-08T20:54:13+00:00\",\"author\":{\"@id\":\"https:\/\/amnistia.org.mx\/contenido\/#\/schema\/person\/7db421c495688267ce8ede4625c17fa5\"},\"description\":\"Amnist\\u00eda Internacional advierte sobre la necesidad de actuar con firmeza para defender los derechos de las mujeres y la igualdad de g\\u00e9nero.\",\"breadcrumb\":{\"@id\":\"https:\/\/amnistia.org.mx\/contenido\/index.php\/dia-internacional-de-la-mujer-hay-que-revocar-con-firmeza-el-enorme-deterioro-del-respeto-a-los-derechos-de-las-mujeres-y-la-igualdad-de-genero\/#breadcrumb\"},\"inLanguage\":\"es-MX\",\"potentialAction\":[{\"@type\":\"ReadAction\",\"target\":[\"https:\/\/amnistia.org.mx\/contenido\/index.php\/dia-internacional-de-la-mujer-hay-que-revocar-con-firmeza-el-enorme-deterioro-del-respeto-a-los-derechos-de-las-mujeres-y-la-igualdad-de-genero\/\"]}]},{\"@type\":\"BreadcrumbList\",\"@id\":\"https:\/\/amnistia.org.mx\/contenido\/index.php\/dia-internacional-de-la-mujer-hay-que-revocar-con-firmeza-el-enorme-deterioro-del-respeto-a-los-derechos-de-las-mujeres-y-la-igualdad-de-genero\/#breadcrumb\",\"itemListElement\":[{\"@type\":\"ListItem\",\"position\":1,\"item\":{\"@type\":\"WebPage\",\"@id\":\"https:\/\/amnistia.org.mx\/contenido\/\",\"url\":\"https:\/\/amnistia.org.mx\/contenido\/\",\"name\":\"Home\"}},{\"@type\":\"ListItem\",\"position\":2,\"item\":{\"@type\":\"WebPage\",\"@id\":\"https:\/\/amnistia.org.mx\/contenido\/index.php\/dia-internacional-de-la-mujer-hay-que-revocar-con-firmeza-el-enorme-deterioro-del-respeto-a-los-derechos-de-las-mujeres-y-la-igualdad-de-genero\/\",\"url\":\"https:\/\/amnistia.org.mx\/contenido\/index.php\/dia-internacional-de-la-mujer-hay-que-revocar-con-firmeza-el-enorme-deterioro-del-respeto-a-los-derechos-de-las-mujeres-y-la-igualdad-de-genero\/\",\"name\":\"D\\u00eda Internacional de la Mujer: Hay que revocar con firmeza el enorme deterioro del respeto a los derechos de las mujeres y la igualdad de g\\u00e9nero\"}}]},{\"@type\":[\"Person\"],\"@id\":\"https:\/\/amnistia.org.mx\/contenido\/#\/schema\/person\/7db421c495688267ce8ede4625c17fa5\",\"name\":\"Alejandro Ju\\u00e1rez Gamero\",\"image\":{\"@type\":\"ImageObject\",\"@id\":\"https:\/\/amnistia.org.mx\/contenido\/#personlogo\",\"inLanguage\":\"es-MX\",\"url\":\"https:\/\/secure.gravatar.com\/avatar\/e312d5566d1c3ffb56f86415d6f0e606?s=96&d=mm&r=g\",\"caption\":\"Alejandro Ju\\u00e1rez Gamero\"}}]}<\/script>\n<!-- \/ Yoast SEO plugin. -->","_links":{"self":[{"href":"https:\/\/amnistia.org.mx\/contenido\/index.php\/wp-json\/wp\/v2\/posts\/16271"}],"collection":[{"href":"https:\/\/amnistia.org.mx\/contenido\/index.php\/wp-json\/wp\/v2\/posts"}],"about":[{"href":"https:\/\/amnistia.org.mx\/contenido\/index.php\/wp-json\/wp\/v2\/types\/post"}],"author":[{"embeddable":true,"href":"https:\/\/amnistia.org.mx\/contenido\/index.php\/wp-json\/wp\/v2\/users\/4"}],"replies":[{"embeddable":true,"href":"https:\/\/amnistia.org.mx\/contenido\/index.php\/wp-json\/wp\/v2\/comments?post=16271"}],"version-history":[{"count":7,"href":"https:\/\/amnistia.org.mx\/contenido\/index.php\/wp-json\/wp\/v2\/posts\/16271\/revisions"}],"predecessor-version":[{"id":16279,"href":"https:\/\/amnistia.org.mx\/contenido\/index.php\/wp-json\/wp\/v2\/posts\/16271\/revisions\/16279"}],"wp:featuredmedia":[{"embeddable":true,"href":"https:\/\/amnistia.org.mx\/contenido\/index.php\/wp-json\/wp\/v2\/media\/16272"}],"wp:attachment":[{"href":"https:\/\/amnistia.org.mx\/contenido\/index.php\/wp-json\/wp\/v2\/media?parent=16271"}],"wp:term":[{"taxonomy":"category","embeddable":true,"href":"https:\/\/amnistia.org.mx\/contenido\/index.php\/wp-json\/wp\/v2\/categories?post=16271"},{"taxonomy":"post_tag","embeddable":true,"href":"https:\/\/amnistia.org.mx\/contenido\/index.php\/wp-json\/wp\/v2\/tags?post=16271"}],"curies":[{"name":"wp","href":"https:\/\/api.w.org\/{rel}","templated":true}]}}