
{"id":16280,"date":"2022-03-09T12:15:48","date_gmt":"2022-03-09T18:15:48","guid":{"rendered":"https:\/\/amnistia.org.mx\/contenido\/?p=16280"},"modified":"2022-03-09T12:15:49","modified_gmt":"2022-03-09T18:15:49","slug":"ucrania-ataque-aereo-ruso-con-bombas-no-guiadas-mato-a-civiles-en-chernigov-nueva-investigacion-y-testimonios","status":"publish","type":"post","link":"https:\/\/amnistia.org.mx\/contenido\/index.php\/ucrania-ataque-aereo-ruso-con-bombas-no-guiadas-mato-a-civiles-en-chernigov-nueva-investigacion-y-testimonios\/","title":{"rendered":"Ucrania: Ataque a\u00e9reo ruso con bombas no guiadas mat\u00f3 a civiles en Chern\u00edgov. Nueva investigaci\u00f3n y testimonios"},"content":{"rendered":"\n<p>Un hombre camina frente a un edificio residencial da\u00f1ado luego de un bombardeo contra la ciudad de Chernihiv. Las fuerzas rusas atacaron zonas residenciales, incluyendo escuelas y un edificio de apartamentos, en esa localidad, al norte de Ucrania, informaron las autoridades. (Foto Dimitar Dilkoff \/ AFP via Getty Images).<\/p>\n\n\n\n<ul><li>El ataque perpetrado el 3 de marzo mat\u00f3 a personas que hac\u00edan cola para comprar el pan.<\/li><\/ul>\n\n\n\n<ul><li>El mort\u00edfero ataque a\u00e9reo puede constituir un crimen de guerra.<\/li><\/ul>\n\n\n\n<p>El ataque a\u00e9reo ruso que, seg\u00fan informes, mat\u00f3 a 47 civiles en la ciudad ucraniana de Chern\u00edgov puede constituir un crimen de guerra; as\u00ed lo ha afirmado hoy Amnist\u00eda Internacional tras una investigaci\u00f3n de los hechos.<\/p>\n\n\n\n<p>Hacia las 12:15 del mediod\u00eda del jueves 3 de marzo, una peque\u00f1a plaza p\u00fablica de Chern\u00edgov, formada por las calles de Viacheslava Chornovola y Kruhova, fue alcanzada por m\u00faltiples bombas que mataron a civiles y causaron graves destrozos en los edificios circundantes.<\/p>\n\n\n\n<p>Bas\u00e1ndose en nuevas entrevistas y en la verificaci\u00f3n y an\u00e1lisis de im\u00e1genes de v\u00eddeo, el Equipo de Respuesta a las Crisis de Amnist\u00eda Internacional concluye que el ataque fue con toda probabilidad un ataque a\u00e9reo ruso en el que se utilizaron al menos ocho bombas a\u00e9reas no guiadas.<\/p>\n\n\n\n<p>\u201cEl ataque a\u00e9reo que alcanz\u00f3 las calles de Chern\u00edgov sacude la conciencia. Fue un ataque despiadado e indiscriminado contra la poblaci\u00f3n que estaba dedicada a sus quehaceres diarios en viviendas, calles y tiendas\u201d, afirma Joanne Mariner, directora del Programa de Respuesta a las Crisis de Amnist\u00eda Internacional.<\/p>\n\n\n\n<p>\u201cEste escandaloso ataque es uno de los m\u00e1s letales que ha sufrido hasta ahora la poblaci\u00f3n ucraniana. La Fiscal\u00eda de la Corte Penal Internacional deber\u00eda investigar este ataque a\u00e9reo como un crimen de guerra. Los responsables deben ser llevados ante la justicia y debe ofrecerse una reparaci\u00f3n plena a las v\u00edctimas y sus familias\u201d.<\/p>\n\n\n\n<p>El gobierno regional de Chern\u00edgov inform\u00f3 de que 47 personas \u201438 hombres y 9 mujeres\u2014 hab\u00edan perdido la vida en el ataque. Im\u00e1genes verificadas del ataque muestran el lanzamiento de ocho proyectiles en r\u00e1pida sucesi\u00f3n que caen en l\u00ednea, t\u00edpico de un bombardeo desde el aire.<\/p>\n\n\n\n<p>Amnist\u00eda Internacional no pudo identificar un solo objetivo militar leg\u00edtimo en el lugar del ataque ni en sus inmediaciones. Im\u00e1genes de sat\u00e9lite del 28 de febrero muestran una cola de personas en el exterior de un edificio alcanzado por el ataque. Bas\u00e1ndose en estas im\u00e1genes y en testimonios de testigos, Amnist\u00eda Internacional cree que la mayor\u00eda de las v\u00edctimas estaban haciendo cola para conseguir alimentos cuando cayeron las bombas.<\/p>\n\n\n\n<p>Alina, estudiante de 21 a\u00f1os, estaba con su familia en su casa, en la cercana calle de Ivana Bohuna cuando cayeron las bombas.<\/p>\n\n\n\n<p>As\u00ed se lo cont\u00f3 a Amnist\u00eda Internacional: \u201co\u00ed un zumbido muy, muy fuerte y not\u00e9 que el edificio temblaba. Era como si nuestro piso fuera a reventar [\u2026] Luego, pasados dos segundos, o\u00ed que estallaban los cristales de las ventanas y ca\u00edan al patio. Nuestro edificio tembl\u00f3 mucho; pens\u00e9 que no quedar\u00eda una sola pared en pie.<\/p>\n\n\n\n<p>Al o\u00edr el zumbido, llam\u00e9 a mi abuela para que se refugiara conmigo en el pasillo. Nos tumbamos en el suelo y seguramente eso fue lo que nos salv\u00f3\u201d.<\/p>\n\n\n\n<p>El padre y la madre de Alina estaban en la calle cuando tuvo lugar la explosi\u00f3n, y sobrevivieron al ataque. A\u00f1adi\u00f3: \u201cEn un edificio amarillo [cercano] estaban haciendo cola para comprar el pan, y all\u00ed era adonde pensaban ir [\u2026] No recuerdo si fue mi padre o mi madre quien dijo: \u2018No, hay demasiada cola. V\u00e1monos de aqu\u00ed\u2019. Y se marcharon. Los que estaban haciendo esa cola ya no viven\u201d.<\/p>\n\n\n\n<p>Yulia Matvienko, de 33 a\u00f1os, estaba en su casa \u2014tambi\u00e9n en la calle Ivana Bohuna\u2014 con sus tres hijos cuando sucedi\u00f3 el ataque.<\/p>\n\n\n\n<p>Ella sufri\u00f3 un traumatismo craneal. As\u00ed se lo cont\u00f3 a Amnist\u00eda Internacional: \u201cyo iba por el pasillo y cuando estaba llegando a la cocina de repente me qued\u00e9 sorda. No entend\u00eda lo que estaba pasando.<\/p>\n\n\n\n<p>De pronto, todo empez\u00f3 a desmoronarse y a caer. Los ni\u00f1os gritaban. Durante varios segundos fue como si se hiciera el silencio y se detuviera el tiempo. Saqu\u00e9 a rastras a mis hijos de debajo de los escombros. Los saqu\u00e9 de all\u00ed como pude mientras chorreaba sangre.<\/p>\n\n\n\n<p>Estaba todo destrozado, y la puerta [del edificio] se hab\u00eda desplomado. No quedaba un solo cristal en las ventanas, y algunos balcones hab\u00edan sido completamente destruidos. Nos ni\u00f1os no sufrieron ni un rasgu\u00f1o. Fue un milagro [\u2026] s\u00f3lo les hab\u00eda salpicado mi sangre\u201d.<\/p>\n\n\n\n<p>En im\u00e1genes del ataque tomadas con dashcam (c\u00e1mara embarcada) se ven municiones cayendo y se oye lo que parecen aviones volando bajo a gran velocidad, todo ello compatible con la t\u00e1ctica propia de un ataque de este tipo. Lanzar bombas no guiadas en zonas pobladas incumple la prohibici\u00f3n de llevar a cabo ataques indiscriminados. Son bombas con efecto en amplias superficies y mucho menos precisas que la munici\u00f3n guiada de precisi\u00f3n.<\/p>\n\n\n\n<p><strong>Verificaci\u00f3n del Evidence Lab, del Programa de Respuesta a las Crisis<\/strong><strong><\/strong><\/p>\n\n\n\n<p>El Evidence Lab, del Programa de Respuesta a las Crisis de Amnist\u00eda Internacional, verific\u00f3 im\u00e1genes tras el ataque que revelaban destrozos en edificios y cad\u00e1veres en las calles. Las im\u00e1genes de los servicios de emergencia del Estado ucraniano tambi\u00e9n mostraban da\u00f1os y medidas de rescate.<\/p>\n\n\n\n<p>Otros v\u00eddeos verificados que se grabaron en los momentos posteriores muestran al menos el cr\u00e1ter inequ\u00edvoco de una bomba cuyo tama\u00f1o era compatible con munici\u00f3n de unos 500 kilos.<\/p>\n\n\n\n<p>En im\u00e1genes verificadas sobre otro ataque a\u00e9reo en Ucrania se ve c\u00f3mo las fuerzas de defensa civil retiran del terreno munici\u00f3n no guiada FAB-500 M62 sin estallar. Adem\u00e1s, en un v\u00eddeo oficial publicado por las fuerzas armadas rusas el 6 de marzo se ve el despegue de aviones Su-34 Fullback cargados con ocho bombas FAB-500, la t\u00edpica carga de combate en las operaciones rusas actuales.<\/p>\n\n\n\n<p>\u201cTodos los Estados deben cooperar con la Corte Penal Internacional y la nueva comisi\u00f3n de investigaci\u00f3n establecida por el Consejo de Derechos Humanos de la ONU para ayudar a garantizar rendici\u00f3n de cuentas por los graves cr\u00edmenes y violaciones de derechos humanos cometidos, como este ataque. Las v\u00edctimas de este conflicto deben obtener justicia\u201d, ha manifestado Joanne Mariner.<\/p>\n\n\n\n<p>Amnist\u00eda Internacional ya ha pedido <a href=\"https:\/\/www.amnesty.org\/es\/latest\/news\/2022\/02\/russia-ukraine-amnesty-international-calls-for-respect-for-international-humanitarian-and-human-rights-law-as-prospect-for-expanded-armed-conflict-escalates\/\" target=\"_blank\" rel=\"noreferrer noopener\"><strong>que todas las partes enfrentadas respeten el derecho internacional humanitario y de los derechos humanos<\/strong><\/a> ante la continuaci\u00f3n del conflicto en Ucrania.<\/p>\n","protected":false},"excerpt":{"rendered":"<p>Un hombre camina frente a un edificio residencial da\u00f1ado luego de un bombardeo contra la ciudad de Chernihiv. Las fuerzas rusas atacaron zonas residenciales, incluyendo escuelas y un edificio de &hellip;<\/p>\n<p class=\"read-more\"> <a class=\"\" href=\"https:\/\/amnistia.org.mx\/contenido\/index.php\/ucrania-ataque-aereo-ruso-con-bombas-no-guiadas-mato-a-civiles-en-chernigov-nueva-investigacion-y-testimonios\/\"> <span class=\"screen-reader-text\">Ucrania: Ataque a\u00e9reo ruso con bombas no guiadas mat\u00f3 a civiles en Chern\u00edgov. Nueva investigaci\u00f3n y testimonios<\/span> Leer m\u00e1s &raquo;<\/a><\/p>\n","protected":false},"author":4,"featured_media":16281,"comment_status":"closed","ping_status":"closed","sticky":false,"template":"","format":"standard","meta":{"_uf_show_specific_survey":0,"_uf_disable_surveys":false,"site-sidebar-layout":"default","site-content-layout":"default","ast-global-header-display":"","ast-main-header-display":"","ast-hfb-above-header-display":"","ast-hfb-below-header-display":"","ast-hfb-mobile-header-display":"","site-post-title":"","ast-breadcrumbs-content":"","ast-featured-img":"","footer-sml-layout":"","theme-transparent-header-meta":"","adv-header-id-meta":"","stick-header-meta":"","header-above-stick-meta":"","header-main-stick-meta":"","header-below-stick-meta":""},"categories":[9],"tags":[40],"acf":[],"aioseo_notices":[],"yoast_head":"<!-- This site is optimized with the Yoast SEO plugin v14.5 - https:\/\/yoast.com\/wordpress\/plugins\/seo\/ -->\n<title>Ucrania: Ataque a\u00e9reo ruso con bombas no guiadas mat\u00f3 a civiles en Chern\u00edgov. Nueva investigaci\u00f3n y testimonios - amnistia.org.mx<\/title>\n<meta name=\"description\" content=\"Amnist\u00eda Internacional denunci\u00f3 ataque a\u00e9reo ruso con bombas no guiadas en zona residencial de Chern\u00edgov, al norte de Ucrania.\" \/>\n<meta name=\"robots\" content=\"index, follow\" \/>\n<meta name=\"googlebot\" content=\"index, follow, max-snippet:-1, max-image-preview:large, max-video-preview:-1\" \/>\n<meta name=\"bingbot\" content=\"index, follow, max-snippet:-1, max-image-preview:large, max-video-preview:-1\" \/>\n<link rel=\"canonical\" href=\"https:\/\/amnistia.org.mx\/contenido\/index.php\/ucrania-ataque-aereo-ruso-con-bombas-no-guiadas-mato-a-civiles-en-chernigov-nueva-investigacion-y-testimonios\/\" \/>\n<meta property=\"og:locale\" content=\"es_MX\" \/>\n<meta property=\"og:type\" content=\"article\" \/>\n<meta property=\"og:title\" content=\"Ucrania: Ataque a\u00e9reo ruso con bombas no guiadas mat\u00f3 a civiles en Chern\u00edgov. Nueva investigaci\u00f3n y testimonios - amnistia.org.mx\" \/>\n<meta property=\"og:description\" content=\"Amnist\u00eda Internacional denunci\u00f3 ataque a\u00e9reo ruso con bombas no guiadas en zona residencial de Chern\u00edgov, al norte de Ucrania.\" \/>\n<meta property=\"og:url\" content=\"https:\/\/amnistia.org.mx\/contenido\/index.php\/ucrania-ataque-aereo-ruso-con-bombas-no-guiadas-mato-a-civiles-en-chernigov-nueva-investigacion-y-testimonios\/\" \/>\n<meta property=\"og:site_name\" content=\"amnistia.org.mx\" \/>\n<meta property=\"article:published_time\" content=\"2022-03-09T18:15:48+00:00\" \/>\n<meta property=\"article:modified_time\" content=\"2022-03-09T18:15:49+00:00\" \/>\n<meta property=\"og:image\" content=\"https:\/\/amnistia.org.mx\/contenido\/wp-content\/uploads\/2022\/03\/Foto-ajustada-2.jpg\" \/>\n\t<meta property=\"og:image:width\" content=\"700\" \/>\n\t<meta property=\"og:image:height\" content=\"466\" \/>\n<meta name=\"twitter:card\" content=\"summary_large_image\" \/>\n<script type=\"application\/ld+json\" class=\"yoast-schema-graph\">{\"@context\":\"https:\/\/schema.org\",\"@graph\":[{\"@type\":\"WebSite\",\"@id\":\"https:\/\/amnistia.org.mx\/contenido\/#website\",\"url\":\"https:\/\/amnistia.org.mx\/contenido\/\",\"name\":\"amnistia.org.mx\",\"description\":\"Nueva p\\u00e1gina de Amnist\\u00eda\",\"potentialAction\":[{\"@type\":\"SearchAction\",\"target\":\"https:\/\/amnistia.org.mx\/contenido\/?s={search_term_string}\",\"query-input\":\"required name=search_term_string\"}],\"inLanguage\":\"es-MX\"},{\"@type\":\"ImageObject\",\"@id\":\"https:\/\/amnistia.org.mx\/contenido\/index.php\/ucrania-ataque-aereo-ruso-con-bombas-no-guiadas-mato-a-civiles-en-chernigov-nueva-investigacion-y-testimonios\/#primaryimage\",\"inLanguage\":\"es-MX\",\"url\":\"https:\/\/amnistia.org.mx\/contenido\/wp-content\/uploads\/2022\/03\/Foto-ajustada-2.jpg\",\"width\":700,\"height\":466,\"caption\":\"TOPSHOT - A man stands in front of a residential building damaged in yesterday's shelling in the city of Chernihiv on March 4, 2022. - Fourty-seven people died on March 3 when Russian forces hit residential areas, including schools and a high-rise apartment building, in the northern Ukrainian city of Chernihiv, officials said. (Photo by Dimitar DILKOFF \/ AFP) (Photo by DIMITAR DILKOFF\/AFP via Getty Images)\"},{\"@type\":\"WebPage\",\"@id\":\"https:\/\/amnistia.org.mx\/contenido\/index.php\/ucrania-ataque-aereo-ruso-con-bombas-no-guiadas-mato-a-civiles-en-chernigov-nueva-investigacion-y-testimonios\/#webpage\",\"url\":\"https:\/\/amnistia.org.mx\/contenido\/index.php\/ucrania-ataque-aereo-ruso-con-bombas-no-guiadas-mato-a-civiles-en-chernigov-nueva-investigacion-y-testimonios\/\",\"name\":\"Ucrania: Ataque a\\u00e9reo ruso con bombas no guiadas mat\\u00f3 a civiles en Chern\\u00edgov. Nueva investigaci\\u00f3n y testimonios - amnistia.org.mx\",\"isPartOf\":{\"@id\":\"https:\/\/amnistia.org.mx\/contenido\/#website\"},\"primaryImageOfPage\":{\"@id\":\"https:\/\/amnistia.org.mx\/contenido\/index.php\/ucrania-ataque-aereo-ruso-con-bombas-no-guiadas-mato-a-civiles-en-chernigov-nueva-investigacion-y-testimonios\/#primaryimage\"},\"datePublished\":\"2022-03-09T18:15:48+00:00\",\"dateModified\":\"2022-03-09T18:15:49+00:00\",\"author\":{\"@id\":\"https:\/\/amnistia.org.mx\/contenido\/#\/schema\/person\/7db421c495688267ce8ede4625c17fa5\"},\"description\":\"Amnist\\u00eda Internacional denunci\\u00f3 ataque a\\u00e9reo ruso con bombas no guiadas en zona residencial de Chern\\u00edgov, al norte de Ucrania.\",\"breadcrumb\":{\"@id\":\"https:\/\/amnistia.org.mx\/contenido\/index.php\/ucrania-ataque-aereo-ruso-con-bombas-no-guiadas-mato-a-civiles-en-chernigov-nueva-investigacion-y-testimonios\/#breadcrumb\"},\"inLanguage\":\"es-MX\",\"potentialAction\":[{\"@type\":\"ReadAction\",\"target\":[\"https:\/\/amnistia.org.mx\/contenido\/index.php\/ucrania-ataque-aereo-ruso-con-bombas-no-guiadas-mato-a-civiles-en-chernigov-nueva-investigacion-y-testimonios\/\"]}]},{\"@type\":\"BreadcrumbList\",\"@id\":\"https:\/\/amnistia.org.mx\/contenido\/index.php\/ucrania-ataque-aereo-ruso-con-bombas-no-guiadas-mato-a-civiles-en-chernigov-nueva-investigacion-y-testimonios\/#breadcrumb\",\"itemListElement\":[{\"@type\":\"ListItem\",\"position\":1,\"item\":{\"@type\":\"WebPage\",\"@id\":\"https:\/\/amnistia.org.mx\/contenido\/\",\"url\":\"https:\/\/amnistia.org.mx\/contenido\/\",\"name\":\"Home\"}},{\"@type\":\"ListItem\",\"position\":2,\"item\":{\"@type\":\"WebPage\",\"@id\":\"https:\/\/amnistia.org.mx\/contenido\/index.php\/ucrania-ataque-aereo-ruso-con-bombas-no-guiadas-mato-a-civiles-en-chernigov-nueva-investigacion-y-testimonios\/\",\"url\":\"https:\/\/amnistia.org.mx\/contenido\/index.php\/ucrania-ataque-aereo-ruso-con-bombas-no-guiadas-mato-a-civiles-en-chernigov-nueva-investigacion-y-testimonios\/\",\"name\":\"Ucrania: Ataque a\\u00e9reo ruso con bombas no guiadas mat\\u00f3 a civiles en Chern\\u00edgov. Nueva investigaci\\u00f3n y testimonios\"}}]},{\"@type\":[\"Person\"],\"@id\":\"https:\/\/amnistia.org.mx\/contenido\/#\/schema\/person\/7db421c495688267ce8ede4625c17fa5\",\"name\":\"Alejandro Ju\\u00e1rez Gamero\",\"image\":{\"@type\":\"ImageObject\",\"@id\":\"https:\/\/amnistia.org.mx\/contenido\/#personlogo\",\"inLanguage\":\"es-MX\",\"url\":\"https:\/\/secure.gravatar.com\/avatar\/e312d5566d1c3ffb56f86415d6f0e606?s=96&d=mm&r=g\",\"caption\":\"Alejandro Ju\\u00e1rez Gamero\"}}]}<\/script>\n<!-- \/ Yoast SEO plugin. -->","_links":{"self":[{"href":"https:\/\/amnistia.org.mx\/contenido\/index.php\/wp-json\/wp\/v2\/posts\/16280"}],"collection":[{"href":"https:\/\/amnistia.org.mx\/contenido\/index.php\/wp-json\/wp\/v2\/posts"}],"about":[{"href":"https:\/\/amnistia.org.mx\/contenido\/index.php\/wp-json\/wp\/v2\/types\/post"}],"author":[{"embeddable":true,"href":"https:\/\/amnistia.org.mx\/contenido\/index.php\/wp-json\/wp\/v2\/users\/4"}],"replies":[{"embeddable":true,"href":"https:\/\/amnistia.org.mx\/contenido\/index.php\/wp-json\/wp\/v2\/comments?post=16280"}],"version-history":[{"count":3,"href":"https:\/\/amnistia.org.mx\/contenido\/index.php\/wp-json\/wp\/v2\/posts\/16280\/revisions"}],"predecessor-version":[{"id":16284,"href":"https:\/\/amnistia.org.mx\/contenido\/index.php\/wp-json\/wp\/v2\/posts\/16280\/revisions\/16284"}],"wp:featuredmedia":[{"embeddable":true,"href":"https:\/\/amnistia.org.mx\/contenido\/index.php\/wp-json\/wp\/v2\/media\/16281"}],"wp:attachment":[{"href":"https:\/\/amnistia.org.mx\/contenido\/index.php\/wp-json\/wp\/v2\/media?parent=16280"}],"wp:term":[{"taxonomy":"category","embeddable":true,"href":"https:\/\/amnistia.org.mx\/contenido\/index.php\/wp-json\/wp\/v2\/categories?post=16280"},{"taxonomy":"post_tag","embeddable":true,"href":"https:\/\/amnistia.org.mx\/contenido\/index.php\/wp-json\/wp\/v2\/tags?post=16280"}],"curies":[{"name":"wp","href":"https:\/\/api.w.org\/{rel}","templated":true}]}}