
{"id":16461,"date":"2022-03-23T11:54:34","date_gmt":"2022-03-23T17:54:34","guid":{"rendered":"https:\/\/amnistia.org.mx\/contenido\/?p=16461"},"modified":"2022-03-23T11:54:35","modified_gmt":"2022-03-23T17:54:35","slug":"rusia-el-lider-de-la-oposicion-aleksei-navalny-condenado-a-nueve-anos-de-carcel-en-una-cinica-privacion-de-sus-derechos-humanos","status":"publish","type":"post","link":"https:\/\/amnistia.org.mx\/contenido\/index.php\/rusia-el-lider-de-la-oposicion-aleksei-navalny-condenado-a-nueve-anos-de-carcel-en-una-cinica-privacion-de-sus-derechos-humanos\/","title":{"rendered":"Rusia: El l\u00edder de la oposici\u00f3n Aleksei Navalny, condenado a nueve a\u00f1os de c\u00e1rcel en una c\u00ednica privaci\u00f3n de sus derechos humanos"},"content":{"rendered":"\n<p>El l\u00edder opositor ruso Alexei Navalny, su esposa Yulia, la pol\u00edtica opositora Lyubov Sobol y otras personas manifestantes, durante una marcha efectuada el 29 de febrero de 2020, en el centro de Mosc\u00fa, en memoria del cr\u00edtico del Kremlin asesinado Boris Nemtsov. (Foto de KIRILL KUDRYAVTSEV\/AFP v\u00eda Getty Images)<\/p>\n\n\n\n<p>Ante la noticia de que el l\u00edder ruso de la oposici\u00f3n y preso de conciencia Aleksei Navalny ha sido condenado a nueve a\u00f1os de c\u00e1rcel por su cr\u00edtica abierta a Vladimir Putin y su activismo pac\u00edfico, Marie Struthers, directora de Amnist\u00eda Internacional para Europa Oriental y Asia Central, declar\u00f3 lo siguiente:<\/p>\n\n\n\n<p>\u201cNavalny afronta nueve a\u00f1os de prisi\u00f3n por denunciar la corrupci\u00f3n y el abuso de poder de la \u00e9lite rusa. Aunque predecible, esta pena ha sido impactante. El mundo no debe pasar por alto ni la condena, ni su importancia, en el contexto de las terribles violaciones de derechos humanos que estamos presenciando como consecuencia de la agresi\u00f3n de Rusia contra Ucrania.<\/p>\n\n\n\n<p>\u201cTras sobrevivir a un intento de asesinato, Navalny fue encarcelado r\u00e1pidamente y su organizaci\u00f3n, declarada extremista en una farsa de justicia. Sobre el trasfondo del flagrante desprecio de las autoridades rusas hacia sus propias leyes y hacia las leyes internacionales y las europeas, muchas personas m\u00e1s podr\u00edan sufrir injusticias similares.<\/p>\n\n\n\n<p>\u201cAplaudo el compromiso de Navalny de cuestionar la corrupci\u00f3n y otros abusos incluso frente a a\u00f1os de c\u00e1rcel. Utiliz\u00f3 la sala del tribunal para hablar en contra de la agresi\u00f3n de Rusia en Ucrania, por lo que es probable que se formulen cargos adicionales contra \u00e9l\u201d.<\/p>\n\n\n\n<p><strong>Informaci\u00f3n complementaria<\/strong><\/p>\n\n\n\n<p>El 22 de marzo, el Tribunal de Distrito de Lefortovo, Mosc\u00fa, dio a conocer su sentencia en una vista celebrada en la colonia penal IK-2, en Pokrov, regi\u00f3n de Vladimir, donde Aleksei Navalny cumple la arbitraria condena impuesta con anterioridad de 2,5 a\u00f1os de prisi\u00f3n. El Tribunal lo declar\u00f3 culpable de \u201cfraude en una escala especialmente grande\u201d y de \u201cdesacato al tribunal\u201d. El pol\u00edtico estaba acusado de haber sustra\u00eddo aproximadamente 25 mil d\u00f3lares estadounidenses de donativos a organizaciones que hab\u00eda fundado.<\/p>\n\n\n\n<p>Amnist\u00eda Internacional <a href=\"https:\/\/www.amnesty.org\/en\/wp-content\/uploads\/2022\/03\/EUR4653292022ENGLISH.pdf\" target=\"_blank\" rel=\"noreferrer noopener\">analiz\u00f3<\/a> su caso y concluy\u00f3 que este enjuiciamiento hab\u00eda respondido a intereses pol\u00edticos y se basaba en la aplicaci\u00f3n arbitraria de la ley que criminalizaba injustamente a Navalny.<\/p>\n\n\n\n<p>Aleksei Navalny afronta m\u00e1s represalias del Estado ruso. En septiembre de 2021, las autoridades incoaron una nueva causa penal contra \u00e9l y las personas asociadas a \u00e9l, acusados del cargo falso de crear una \u201casociaci\u00f3n extremista\u201d. La Fundaci\u00f3n Anticorrupci\u00f3n y la Fundaci\u00f3n para la Protecci\u00f3n de los Derechos Ciudadanos, fundados ambos por Navalny, fueron etiquetados oficialmente de forma arbitraria de \u201cextremistas\u201d y <a href=\"https:\/\/www.amnesty.org\/es\/latest\/news\/2021\/06\/russia-aleksei-navalnys-ngos-banned-as-extremist-depriving-thousands-of-their-rights-2\/\" target=\"_blank\" rel=\"noreferrer noopener\">prohibidas<\/a> en junio de 2021.<\/p>\n","protected":false},"excerpt":{"rendered":"<p>El l\u00edder opositor ruso Alexei Navalny, su esposa Yulia, la pol\u00edtica opositora Lyubov Sobol y otras personas manifestantes, durante una marcha efectuada el 29 de febrero de 2020, en el &hellip;<\/p>\n<p class=\"read-more\"> <a class=\"\" href=\"https:\/\/amnistia.org.mx\/contenido\/index.php\/rusia-el-lider-de-la-oposicion-aleksei-navalny-condenado-a-nueve-anos-de-carcel-en-una-cinica-privacion-de-sus-derechos-humanos\/\"> <span class=\"screen-reader-text\">Rusia: El l\u00edder de la oposici\u00f3n Aleksei Navalny, condenado a nueve a\u00f1os de c\u00e1rcel en una c\u00ednica privaci\u00f3n de sus derechos humanos<\/span> Leer m\u00e1s &raquo;<\/a><\/p>\n","protected":false},"author":4,"featured_media":16463,"comment_status":"closed","ping_status":"closed","sticky":false,"template":"","format":"standard","meta":{"_uf_show_specific_survey":0,"_uf_disable_surveys":false,"site-sidebar-layout":"default","site-content-layout":"default","ast-global-header-display":"","ast-main-header-display":"","ast-hfb-above-header-display":"","ast-hfb-below-header-display":"","ast-hfb-mobile-header-display":"","site-post-title":"","ast-breadcrumbs-content":"","ast-featured-img":"","footer-sml-layout":"","theme-transparent-header-meta":"","adv-header-id-meta":"","stick-header-meta":"","header-above-stick-meta":"","header-main-stick-meta":"","header-below-stick-meta":""},"categories":[9],"tags":[],"acf":[],"aioseo_notices":[],"yoast_head":"<!-- This site is optimized with the Yoast SEO plugin v14.5 - https:\/\/yoast.com\/wordpress\/plugins\/seo\/ -->\n<title>Rusia: El l\u00edder de la oposici\u00f3n Aleksei Navalny, condenado a nueve a\u00f1os de c\u00e1rcel en una c\u00ednica privaci\u00f3n de sus derechos humanos - amnistia.org.mx<\/title>\n<meta name=\"description\" content=\"Amnist\u00eda Internacional cuestiona la condena de nueve a\u00f1os de c\u00e1rcel contra el preso de conciencia, Alexei Navalni, por su cr\u00edtica abierta a Vladimir Putin.\" \/>\n<meta name=\"robots\" content=\"index, follow\" \/>\n<meta name=\"googlebot\" content=\"index, follow, max-snippet:-1, max-image-preview:large, max-video-preview:-1\" \/>\n<meta name=\"bingbot\" content=\"index, follow, max-snippet:-1, max-image-preview:large, max-video-preview:-1\" \/>\n<link rel=\"canonical\" href=\"https:\/\/amnistia.org.mx\/contenido\/index.php\/rusia-el-lider-de-la-oposicion-aleksei-navalny-condenado-a-nueve-anos-de-carcel-en-una-cinica-privacion-de-sus-derechos-humanos\/\" \/>\n<meta property=\"og:locale\" content=\"es_MX\" \/>\n<meta property=\"og:type\" content=\"article\" \/>\n<meta property=\"og:title\" content=\"Rusia: El l\u00edder de la oposici\u00f3n Aleksei Navalny, condenado a nueve a\u00f1os de c\u00e1rcel en una c\u00ednica privaci\u00f3n de sus derechos humanos - amnistia.org.mx\" \/>\n<meta property=\"og:description\" content=\"Amnist\u00eda Internacional cuestiona la condena de nueve a\u00f1os de c\u00e1rcel contra el preso de conciencia, Alexei Navalni, por su cr\u00edtica abierta a Vladimir Putin.\" \/>\n<meta property=\"og:url\" content=\"https:\/\/amnistia.org.mx\/contenido\/index.php\/rusia-el-lider-de-la-oposicion-aleksei-navalny-condenado-a-nueve-anos-de-carcel-en-una-cinica-privacion-de-sus-derechos-humanos\/\" \/>\n<meta property=\"og:site_name\" content=\"amnistia.org.mx\" \/>\n<meta property=\"article:published_time\" content=\"2022-03-23T17:54:34+00:00\" \/>\n<meta property=\"article:modified_time\" content=\"2022-03-23T17:54:35+00:00\" \/>\n<meta property=\"og:image\" content=\"https:\/\/amnistia.org.mx\/contenido\/wp-content\/uploads\/2022\/03\/Foto-ajustada-6.jpg\" \/>\n\t<meta property=\"og:image:width\" content=\"700\" \/>\n\t<meta property=\"og:image:height\" content=\"504\" \/>\n<meta name=\"twitter:card\" content=\"summary_large_image\" \/>\n<script type=\"application\/ld+json\" class=\"yoast-schema-graph\">{\"@context\":\"https:\/\/schema.org\",\"@graph\":[{\"@type\":\"WebSite\",\"@id\":\"https:\/\/amnistia.org.mx\/contenido\/#website\",\"url\":\"https:\/\/amnistia.org.mx\/contenido\/\",\"name\":\"amnistia.org.mx\",\"description\":\"Nueva p\\u00e1gina de Amnist\\u00eda\",\"potentialAction\":[{\"@type\":\"SearchAction\",\"target\":\"https:\/\/amnistia.org.mx\/contenido\/?s={search_term_string}\",\"query-input\":\"required name=search_term_string\"}],\"inLanguage\":\"es-MX\"},{\"@type\":\"ImageObject\",\"@id\":\"https:\/\/amnistia.org.mx\/contenido\/index.php\/rusia-el-lider-de-la-oposicion-aleksei-navalny-condenado-a-nueve-anos-de-carcel-en-una-cinica-privacion-de-sus-derechos-humanos\/#primaryimage\",\"inLanguage\":\"es-MX\",\"url\":\"https:\/\/amnistia.org.mx\/contenido\/wp-content\/uploads\/2022\/03\/Foto-ajustada-6.jpg\",\"width\":700,\"height\":504,\"caption\":\"Russian opposition leader Alexei Navalny, his wife Yulia, opposition politician Lyubov Sobol and other demonstrators take part in a march in memory of murdered Kremlin critic Boris Nemtsov in downtown Moscow on February 29, 2020. (Photo by Kirill KUDRYAVTSEV \/ AFP) (Photo by KIRILL KUDRYAVTSEV\/AFP via Getty Images)\"},{\"@type\":\"WebPage\",\"@id\":\"https:\/\/amnistia.org.mx\/contenido\/index.php\/rusia-el-lider-de-la-oposicion-aleksei-navalny-condenado-a-nueve-anos-de-carcel-en-una-cinica-privacion-de-sus-derechos-humanos\/#webpage\",\"url\":\"https:\/\/amnistia.org.mx\/contenido\/index.php\/rusia-el-lider-de-la-oposicion-aleksei-navalny-condenado-a-nueve-anos-de-carcel-en-una-cinica-privacion-de-sus-derechos-humanos\/\",\"name\":\"Rusia: El l\\u00edder de la oposici\\u00f3n Aleksei Navalny, condenado a nueve a\\u00f1os de c\\u00e1rcel en una c\\u00ednica privaci\\u00f3n de sus derechos humanos - amnistia.org.mx\",\"isPartOf\":{\"@id\":\"https:\/\/amnistia.org.mx\/contenido\/#website\"},\"primaryImageOfPage\":{\"@id\":\"https:\/\/amnistia.org.mx\/contenido\/index.php\/rusia-el-lider-de-la-oposicion-aleksei-navalny-condenado-a-nueve-anos-de-carcel-en-una-cinica-privacion-de-sus-derechos-humanos\/#primaryimage\"},\"datePublished\":\"2022-03-23T17:54:34+00:00\",\"dateModified\":\"2022-03-23T17:54:35+00:00\",\"author\":{\"@id\":\"https:\/\/amnistia.org.mx\/contenido\/#\/schema\/person\/7db421c495688267ce8ede4625c17fa5\"},\"description\":\"Amnist\\u00eda Internacional cuestiona la condena de nueve a\\u00f1os de c\\u00e1rcel contra el preso de conciencia, Alexei Navalni, por su cr\\u00edtica abierta a Vladimir Putin.\",\"breadcrumb\":{\"@id\":\"https:\/\/amnistia.org.mx\/contenido\/index.php\/rusia-el-lider-de-la-oposicion-aleksei-navalny-condenado-a-nueve-anos-de-carcel-en-una-cinica-privacion-de-sus-derechos-humanos\/#breadcrumb\"},\"inLanguage\":\"es-MX\",\"potentialAction\":[{\"@type\":\"ReadAction\",\"target\":[\"https:\/\/amnistia.org.mx\/contenido\/index.php\/rusia-el-lider-de-la-oposicion-aleksei-navalny-condenado-a-nueve-anos-de-carcel-en-una-cinica-privacion-de-sus-derechos-humanos\/\"]}]},{\"@type\":\"BreadcrumbList\",\"@id\":\"https:\/\/amnistia.org.mx\/contenido\/index.php\/rusia-el-lider-de-la-oposicion-aleksei-navalny-condenado-a-nueve-anos-de-carcel-en-una-cinica-privacion-de-sus-derechos-humanos\/#breadcrumb\",\"itemListElement\":[{\"@type\":\"ListItem\",\"position\":1,\"item\":{\"@type\":\"WebPage\",\"@id\":\"https:\/\/amnistia.org.mx\/contenido\/\",\"url\":\"https:\/\/amnistia.org.mx\/contenido\/\",\"name\":\"Home\"}},{\"@type\":\"ListItem\",\"position\":2,\"item\":{\"@type\":\"WebPage\",\"@id\":\"https:\/\/amnistia.org.mx\/contenido\/index.php\/rusia-el-lider-de-la-oposicion-aleksei-navalny-condenado-a-nueve-anos-de-carcel-en-una-cinica-privacion-de-sus-derechos-humanos\/\",\"url\":\"https:\/\/amnistia.org.mx\/contenido\/index.php\/rusia-el-lider-de-la-oposicion-aleksei-navalny-condenado-a-nueve-anos-de-carcel-en-una-cinica-privacion-de-sus-derechos-humanos\/\",\"name\":\"Rusia: El l\\u00edder de la oposici\\u00f3n Aleksei Navalny, condenado a nueve a\\u00f1os de c\\u00e1rcel en una c\\u00ednica privaci\\u00f3n de sus derechos humanos\"}}]},{\"@type\":[\"Person\"],\"@id\":\"https:\/\/amnistia.org.mx\/contenido\/#\/schema\/person\/7db421c495688267ce8ede4625c17fa5\",\"name\":\"Alejandro Ju\\u00e1rez Gamero\",\"image\":{\"@type\":\"ImageObject\",\"@id\":\"https:\/\/amnistia.org.mx\/contenido\/#personlogo\",\"inLanguage\":\"es-MX\",\"url\":\"https:\/\/secure.gravatar.com\/avatar\/e312d5566d1c3ffb56f86415d6f0e606?s=96&d=mm&r=g\",\"caption\":\"Alejandro Ju\\u00e1rez Gamero\"}}]}<\/script>\n<!-- \/ Yoast SEO plugin. -->","_links":{"self":[{"href":"https:\/\/amnistia.org.mx\/contenido\/index.php\/wp-json\/wp\/v2\/posts\/16461"}],"collection":[{"href":"https:\/\/amnistia.org.mx\/contenido\/index.php\/wp-json\/wp\/v2\/posts"}],"about":[{"href":"https:\/\/amnistia.org.mx\/contenido\/index.php\/wp-json\/wp\/v2\/types\/post"}],"author":[{"embeddable":true,"href":"https:\/\/amnistia.org.mx\/contenido\/index.php\/wp-json\/wp\/v2\/users\/4"}],"replies":[{"embeddable":true,"href":"https:\/\/amnistia.org.mx\/contenido\/index.php\/wp-json\/wp\/v2\/comments?post=16461"}],"version-history":[{"count":5,"href":"https:\/\/amnistia.org.mx\/contenido\/index.php\/wp-json\/wp\/v2\/posts\/16461\/revisions"}],"predecessor-version":[{"id":16468,"href":"https:\/\/amnistia.org.mx\/contenido\/index.php\/wp-json\/wp\/v2\/posts\/16461\/revisions\/16468"}],"wp:featuredmedia":[{"embeddable":true,"href":"https:\/\/amnistia.org.mx\/contenido\/index.php\/wp-json\/wp\/v2\/media\/16463"}],"wp:attachment":[{"href":"https:\/\/amnistia.org.mx\/contenido\/index.php\/wp-json\/wp\/v2\/media?parent=16461"}],"wp:term":[{"taxonomy":"category","embeddable":true,"href":"https:\/\/amnistia.org.mx\/contenido\/index.php\/wp-json\/wp\/v2\/categories?post=16461"},{"taxonomy":"post_tag","embeddable":true,"href":"https:\/\/amnistia.org.mx\/contenido\/index.php\/wp-json\/wp\/v2\/tags?post=16461"}],"curies":[{"name":"wp","href":"https:\/\/api.w.org\/{rel}","templated":true}]}}